{"id":1100,"date":"2017-03-31T08:40:53","date_gmt":"2017-03-31T11:40:53","guid":{"rendered":"http:\/\/cfcontabil.com\/cf\/?p=1100"},"modified":"2017-03-31T08:40:53","modified_gmt":"2017-03-31T11:40:53","slug":"correcao-da-tabela-do-imposto-de-renda-a-partir-do-proximo-ano-ainda-nao-foi-decidida","status":"publish","type":"post","link":"https:\/\/cfcontabil.com\/cf\/correcao-da-tabela-do-imposto-de-renda-a-partir-do-proximo-ano-ainda-nao-foi-decidida\/","title":{"rendered":"Corre\u00e7\u00e3o da tabela do Imposto de Renda a partir do pr\u00f3ximo ano ainda n\u00e3o foi decidida"},"content":{"rendered":"<p>Inicialmente prevista para ser anunciada no fim deste m\u00eas, a corre\u00e7\u00e3o da tabela do Imposto de Renda a partir do pr\u00f3ximo ano ainda n\u00e3o foi decidida pela equipe econ\u00f4mica, disse nesta quinta-feira (29) o ministro da Fazenda, Henrique Meirelles. Segundo ele, o governo n\u00e3o tem mais previs\u00e3o para reajustar a tabela de 2018, que incidir\u00e1 sobre o ano-base 2017.<\/p>\n<p>\u201cNo momento, n\u00e3o temos nenhuma decis\u00e3o a esse respeito. N\u00e3o foi corrigida a tabela do Imposto de Renda para 2018, referente ao ano-base 2017. Se em algum momento tomarmos a decis\u00e3o, vamos avisar\u201d, disse o ministro.<\/p>\n<p><!--more--><br \/>\nPIS\/COFINS<\/p>\n<p>Em rela\u00e7\u00e3o \u00e0 exclus\u00e3o do Imposto sobre Circula\u00e7\u00e3o de Mercadorias e Servi\u00e7os (ICMS) da base de c\u00e1lculo do Programa de Integra\u00e7\u00e3o Social (PIS) e da Contribui\u00e7\u00e3o para o Financiamento da Seguridade Social (Cofins), Meirelles disse que a perda, estimada em R$ 20 bilh\u00f5es por ano, ainda n\u00e3o foi incorporada \u00e0s estimativas porque o governo pretende recorrer ao Supremo Tribunal Federal para que a decis\u00e3o s\u00f3 entre em vigor a partir do pr\u00f3ximo ano.<\/p>\n<p>\u201cEm primeiro lugar haver\u00e1 um recurso da Uni\u00e3o. Vamos ter de esperar o resultado da decis\u00e3o final para que o processo transite em julgado [n\u00e3o haja mais possibilidade de recurso]. Isso demanda um bom tempo. Temos ainda o recurso da chamada modula\u00e7\u00e3o, que tamb\u00e9m ser\u00e1 objeto de recursos judiciais\u201d, declarou.<\/p>\n<p>O ministro n\u00e3o descartou a possibilidade de editar uma medida provis\u00f3ria para aumentar a al\u00edquota do PIS\/Cofins de 9,25% para 11,75%, como ocorreu com os produtos importados quando o ICMS foi retirado da base de c\u00e1lculo dos dois tributos. Meirelles, no entanto, evitou comprometer-se com a decis\u00e3o.<\/p>\n<p>\u201c\u00c9 uma hip\u00f3tese. Se a base arrecadat\u00f3ria cai para um valor menor, podemos aumentar a al\u00edquota de forma que o valor ao final seja igual. N\u00e3o haveria um aumento de tributa\u00e7\u00e3o. O resultado tribut\u00e1rio [carga tribut\u00e1ria] ficaria o mesmo. N\u00e3o estou dizendo que essa decis\u00e3o ser\u00e1 tomada. Apenas que existem diversas solu\u00e7\u00f5es e estamos trabalhando com hip\u00f3teses\u201d, disse o ministro.<\/p>\n<p>Repatria\u00e7\u00e3o<\/p>\n<p>As proje\u00e7\u00f5es para o Or\u00e7amento, esclareceu Meirelles, foram atualizadas com a previs\u00e3o de arrecadar R$ 8 bilh\u00f5es com a renegocia\u00e7\u00e3o de d\u00edvidas de contribuintes com a Uni\u00e3o e R$ 13 bilh\u00f5es com o novo programa de regulariza\u00e7\u00e3o de ativos no exterior, tamb\u00e9m conhecido como repatria\u00e7\u00e3o. O ministro, no entanto, disse que as estimativas ainda n\u00e3o preveem a possibilidade de que parentes de pol\u00edticos possam regularizar a situa\u00e7\u00e3o fiscal.<\/p>\n<p>\u201cExiste uma liminar concedida pela Justi\u00e7a neste momento. Se prevalecer a decis\u00e3o de que parentes de pol\u00edticos podem repatriar recursos, isso certamente vai gerar receita adicional\u201d, declarou.<\/p>\n<p>&nbsp;<\/p>\n<p>Fonte:\u00a0<b>Ag\u00eancia Brasil de 29.03.2017<\/b><\/p>\n","protected":false},"excerpt":{"rendered":"<p>Inicialmente prevista para ser anunciada no fim deste m\u00eas, a corre\u00e7\u00e3o da tabela do Imposto de Renda a partir do pr\u00f3ximo ano ainda n\u00e3o foi decidida pela equipe econ\u00f4mica, disse nesta quinta-feira (29) o ministro da Fazenda, Henrique Meirelles. Segundo ele, o governo n\u00e3o tem mais previs\u00e3o para reajustar a tabela de 2018, que incidir\u00e1 [&hellip;]<\/p>\n","protected":false},"author":3,"featured_media":1495,"comment_status":"open","ping_status":"open","sticky":false,"template":"","format":"standard","meta":{"jetpack_post_was_ever_published":false,"_jetpack_newsletter_access":"","_jetpack_dont_email_post_to_subs":false,"_jetpack_newsletter_tier_id":0,"_jetpack_memberships_contains_paywalled_content":false,"_jetpack_memberships_contains_paid_content":false,"footnotes":"","jetpack_publicize_message":"","jetpack_publicize_feature_enabled":true,"jetpack_social_post_already_shared":true,"jetpack_social_options":{"image_generator_settings":{"template":"highway","default_image_id":0,"font":"","enabled":false},"version":2}},"categories":[46],"tags":[247,108,229,115,111,478],"class_list":["post-1100","post","type-post","status-publish","format-standard","has-post-thumbnail","hentry","category-df","tag-contribuinte","tag-imposto","tag-ir","tag-irpf","tag-renda","tag-tabela"],"jetpack_publicize_connections":[],"jetpack_featured_media_url":"https:\/\/i0.wp.com\/cfcontabil.com\/cf\/wp-content\/uploads\/2017\/02\/receita-federal-1-1.png?fit=702%2C325&ssl=1","jetpack_sharing_enabled":true,"jetpack_shortlink":"https:\/\/wp.me\/p2wklX-hK","jetpack-related-posts":[{"id":2117,"url":"https:\/\/cfcontabil.com\/cf\/tabela-do-irpf-sem-correcao-aumenta-o-imposto\/","url_meta":{"origin":1100,"position":0},"title":"Tabela do IRPF sem corre\u00e7\u00e3o aumenta o imposto?","author":"Ab\u00edlio Gon\u00e7alves","date":"21 de fevereiro de 2020","format":false,"excerpt":"O an\u00fancio da Receita Federal sobre o Imposto de Renda Pessoa F\u00edsica deste ano confirmou que a tabela continua sem nenhuma corre\u00e7\u00e3o, pois o \u00faltimo reajuste ocorreu no ano de 2015. https:\/\/www.youtube.com\/watch?v=M3-acy47EXQ Em quatro anos consecutivos, a tabela do Imposto de Renda das Pessoas F\u00edsicas n\u00e3o sofreu corre\u00e7\u00e3o sequer pelo\u2026","rel":"","context":"Em &quot;Departamento Fiscal&quot;","block_context":{"text":"Departamento Fiscal","link":"https:\/\/cfcontabil.com\/cf\/category\/df\/"},"img":{"alt_text":"","src":"https:\/\/i0.wp.com\/cfcontabil.com\/cf\/wp-content\/uploads\/2020\/02\/IRPF-antecipa%C3%A7%C3%A3o-restitui%C3%A7%C3%A3o-ajustado.jpeg?fit=1200%2C675&ssl=1&resize=350%2C200","width":350,"height":200,"srcset":"https:\/\/i0.wp.com\/cfcontabil.com\/cf\/wp-content\/uploads\/2020\/02\/IRPF-antecipa%C3%A7%C3%A3o-restitui%C3%A7%C3%A3o-ajustado.jpeg?fit=1200%2C675&ssl=1&resize=350%2C200 1x, https:\/\/i0.wp.com\/cfcontabil.com\/cf\/wp-content\/uploads\/2020\/02\/IRPF-antecipa%C3%A7%C3%A3o-restitui%C3%A7%C3%A3o-ajustado.jpeg?fit=1200%2C675&ssl=1&resize=525%2C300 1.5x, https:\/\/i0.wp.com\/cfcontabil.com\/cf\/wp-content\/uploads\/2020\/02\/IRPF-antecipa%C3%A7%C3%A3o-restitui%C3%A7%C3%A3o-ajustado.jpeg?fit=1200%2C675&ssl=1&resize=700%2C400 2x, https:\/\/i0.wp.com\/cfcontabil.com\/cf\/wp-content\/uploads\/2020\/02\/IRPF-antecipa%C3%A7%C3%A3o-restitui%C3%A7%C3%A3o-ajustado.jpeg?fit=1200%2C675&ssl=1&resize=1050%2C600 3x"},"classes":[]},{"id":883,"url":"https:\/\/cfcontabil.com\/cf\/oab-pede-a-temer-correcao-da-tabela-de-imposto-de-renda\/","url_meta":{"origin":1100,"position":1},"title":"OAB pede a Temer corre\u00e7\u00e3o da tabela de imposto de renda","author":"Ab\u00edlio Gon\u00e7alves","date":"27 de janeiro de 2017","format":false,"excerpt":"A Ordem dos Advogados do Brasil (OAB) enviou ao presidente Michel Temer of\u00edcio em que pede a corre\u00e7\u00e3o integral da tabela do Imposto de Renda da Pessoa F\u00edsica (IRPF) de acordo com a infla\u00e7\u00e3o. A entidade quer a revis\u00e3o dos valores do IR para evitar que contribuintes isentos passem a\u2026","rel":"","context":"Em &quot;Geral&quot;","block_context":{"text":"Geral","link":"https:\/\/cfcontabil.com\/cf\/category\/geral\/"},"img":{"alt_text":"","src":"https:\/\/i0.wp.com\/s2.glbimg.com\/N18qqXSH8-irSpA9gyCSvQD-7Fo%3D\/560x350\/e.glbimg.com\/og\/ed\/f\/original\/2016\/02\/11\/predio-da-oab.jpg?resize=350%2C200","width":350,"height":200,"srcset":"https:\/\/i0.wp.com\/s2.glbimg.com\/N18qqXSH8-irSpA9gyCSvQD-7Fo%3D\/560x350\/e.glbimg.com\/og\/ed\/f\/original\/2016\/02\/11\/predio-da-oab.jpg?resize=350%2C200 1x, https:\/\/i0.wp.com\/s2.glbimg.com\/N18qqXSH8-irSpA9gyCSvQD-7Fo%3D\/560x350\/e.glbimg.com\/og\/ed\/f\/original\/2016\/02\/11\/predio-da-oab.jpg?resize=525%2C300 1.5x"},"classes":[]},{"id":802,"url":"https:\/\/cfcontabil.com\/cf\/divulgado-o-cronograma-do-irpf-2017-pela-receita-federal\/","url_meta":{"origin":1100,"position":2},"title":"Divulgado o cronograma do IRPF 2017 pela Receita Federal","author":"Ab\u00edlio Gon\u00e7alves","date":"9 de janeiro de 2017","format":false,"excerpt":"\u00c9 importante saber que al\u00e9m da \u00a0Declara\u00e7\u00e3o de Ajuste Anual da Pessoa F\u00edsica, v\u00e1rios programas e aplicativos auxiliares que visam facilitar o cumprimento das obriga\u00e7\u00f5es tribut\u00e1rias por parte dos contribuintes. Fique atento as datas e n\u00e3o perca os prazos, na d\u00favida, busque um contador para ajudar: A Secretaria da Receita\u2026","rel":"","context":"Em &quot;Geral&quot;","block_context":{"text":"Geral","link":"https:\/\/cfcontabil.com\/cf\/category\/geral\/"},"img":{"alt_text":"","src":"https:\/\/i0.wp.com\/cfcontabil.com\/cf\/wp-content\/uploads\/2017\/01\/leao-imposto-renda-original1-1.jpeg?fit=620%2C349&ssl=1&resize=350%2C200","width":350,"height":200,"srcset":"https:\/\/i0.wp.com\/cfcontabil.com\/cf\/wp-content\/uploads\/2017\/01\/leao-imposto-renda-original1-1.jpeg?fit=620%2C349&ssl=1&resize=350%2C200 1x, https:\/\/i0.wp.com\/cfcontabil.com\/cf\/wp-content\/uploads\/2017\/01\/leao-imposto-renda-original1-1.jpeg?fit=620%2C349&ssl=1&resize=525%2C300 1.5x"},"classes":[]},{"id":3466,"url":"https:\/\/cfcontabil.com\/cf\/irpf-2026-isencao-de-r-5mil-nova-tabela\/","url_meta":{"origin":1100,"position":3},"title":"IR 2026: Isen\u00e7\u00e3o de R$ 5mil &#8211; Nova Tabela!","author":"Ab\u00edlio Gon\u00e7alves","date":"16 de janeiro de 2026","format":false,"excerpt":"Guia Completo da CF Cont\u00e1bil 1.0 Introdu\u00e7\u00e3o: Voc\u00ea Est\u00e1 Deixando Dinheiro na Mesa?Voc\u00ea sabe se tem direito \u00e0 isen\u00e7\u00e3o total do Imposto de Renda ou se est\u00e1 pagando um imposto que poderia economizar? A resposta pode definir se voc\u00ea receber\u00e1 uma restitui\u00e7\u00e3o maior ou se deixar\u00e1 um dinheiro valioso para\u2026","rel":"","context":"Em &quot;Imposto de Renda&quot;","block_context":{"text":"Imposto de Renda","link":"https:\/\/cfcontabil.com\/cf\/category\/imposto-de-renda\/"},"img":{"alt_text":"","src":"https:\/\/i0.wp.com\/cfcontabil.com\/cf\/wp-content\/uploads\/2026\/01\/IRPF26-NOVA-TABELA-scaled.png?fit=1200%2C670&ssl=1&resize=350%2C200","width":350,"height":200,"srcset":"https:\/\/i0.wp.com\/cfcontabil.com\/cf\/wp-content\/uploads\/2026\/01\/IRPF26-NOVA-TABELA-scaled.png?fit=1200%2C670&ssl=1&resize=350%2C200 1x, https:\/\/i0.wp.com\/cfcontabil.com\/cf\/wp-content\/uploads\/2026\/01\/IRPF26-NOVA-TABELA-scaled.png?fit=1200%2C670&ssl=1&resize=525%2C300 1.5x, https:\/\/i0.wp.com\/cfcontabil.com\/cf\/wp-content\/uploads\/2026\/01\/IRPF26-NOVA-TABELA-scaled.png?fit=1200%2C670&ssl=1&resize=700%2C400 2x, https:\/\/i0.wp.com\/cfcontabil.com\/cf\/wp-content\/uploads\/2026\/01\/IRPF26-NOVA-TABELA-scaled.png?fit=1200%2C670&ssl=1&resize=1050%2C600 3x"},"classes":[]},{"id":1948,"url":"https:\/\/cfcontabil.com\/cf\/tributar-dividendo-e-peca-fundamental-na-reforma-do-imposto-de-renda\/","url_meta":{"origin":1100,"position":4},"title":"Tributar dividendo \u00e9 pe\u00e7a fundamental na reforma do Imposto de Renda","author":"Ab\u00edlio Gon\u00e7alves","date":"26 de novembro de 2019","format":false,"excerpt":"Entre os itens que podem ser alterados no Importo de Renda est\u00e3o as dedu\u00e7\u00f5es de despesas com sa\u00fade e educa\u00e7\u00e3o A cobran\u00e7a de imposto sobre dividendos, hoje isentos, \u00e9 pe\u00e7a fundamental no projeto do governo federal de\u00a0aliviar a carga tribut\u00e1ria sobre empresas e tornar o Imposto de Renda\u00a0das pessoas f\u00edsicas\u2026","rel":"","context":"Em &quot;Departamento Fiscal&quot;","block_context":{"text":"Departamento Fiscal","link":"https:\/\/cfcontabil.com\/cf\/category\/df\/"},"img":{"alt_text":"","src":"https:\/\/i0.wp.com\/cfcontabil.com\/cf\/wp-content\/uploads\/2019\/11\/Receita-Federal.jpg?fit=1200%2C675&ssl=1&resize=350%2C200","width":350,"height":200,"srcset":"https:\/\/i0.wp.com\/cfcontabil.com\/cf\/wp-content\/uploads\/2019\/11\/Receita-Federal.jpg?fit=1200%2C675&ssl=1&resize=350%2C200 1x, https:\/\/i0.wp.com\/cfcontabil.com\/cf\/wp-content\/uploads\/2019\/11\/Receita-Federal.jpg?fit=1200%2C675&ssl=1&resize=525%2C300 1.5x, https:\/\/i0.wp.com\/cfcontabil.com\/cf\/wp-content\/uploads\/2019\/11\/Receita-Federal.jpg?fit=1200%2C675&ssl=1&resize=700%2C400 2x, https:\/\/i0.wp.com\/cfcontabil.com\/cf\/wp-content\/uploads\/2019\/11\/Receita-Federal.jpg?fit=1200%2C675&ssl=1&resize=1050%2C600 3x"},"classes":[]},{"id":694,"url":"https:\/\/cfcontabil.com\/cf\/novo-imposto-de-renda-sobre-ganhos-de-capital-so-valera-a-partir-de-2017\/","url_meta":{"origin":1100,"position":5},"title":"Novo Imposto de Renda sobre ganhos de capital s\u00f3 valer\u00e1 a partir de 2017","author":"Ab\u00edlio Gon\u00e7alves","date":"22 de mar\u00e7o de 2016","format":false,"excerpt":"As novas al\u00edquotas de Imposto de Renda (IR) sobre ganhos na venda de bens e direitos s\u00f3 valer\u00e3o a partir de 2017, informou hoje (18) o Minist\u00e9rio da Fazenda. Por causa do princ\u00edpio da anualidade, estabelecido pela Constitui\u00e7\u00e3o, altera\u00e7\u00f5es no Imposto de Renda s\u00f3 podem valer para fatos geradores a\u2026","rel":"","context":"Em &quot;Consultoria Empresarial&quot;","block_context":{"text":"Consultoria Empresarial","link":"https:\/\/cfcontabil.com\/cf\/category\/consultoria\/"},"img":{"alt_text":"","src":"https:\/\/i0.wp.com\/cfcontabil.com\/cf\/wp-content\/uploads\/2016\/03\/dinheiro-1.jpg?fit=661%2C351&ssl=1&resize=350%2C200","width":350,"height":200,"srcset":"https:\/\/i0.wp.com\/cfcontabil.com\/cf\/wp-content\/uploads\/2016\/03\/dinheiro-1.jpg?fit=661%2C351&ssl=1&resize=350%2C200 1x, https:\/\/i0.wp.com\/cfcontabil.com\/cf\/wp-content\/uploads\/2016\/03\/dinheiro-1.jpg?fit=661%2C351&ssl=1&resize=525%2C300 1.5x"},"classes":[]}],"jetpack_likes_enabled":true,"_links":{"self":[{"href":"https:\/\/cfcontabil.com\/cf\/wp-json\/wp\/v2\/posts\/1100","targetHints":{"allow":["GET"]}}],"collection":[{"href":"https:\/\/cfcontabil.com\/cf\/wp-json\/wp\/v2\/posts"}],"about":[{"href":"https:\/\/cfcontabil.com\/cf\/wp-json\/wp\/v2\/types\/post"}],"author":[{"embeddable":true,"href":"https:\/\/cfcontabil.com\/cf\/wp-json\/wp\/v2\/users\/3"}],"replies":[{"embeddable":true,"href":"https:\/\/cfcontabil.com\/cf\/wp-json\/wp\/v2\/comments?post=1100"}],"version-history":[{"count":0,"href":"https:\/\/cfcontabil.com\/cf\/wp-json\/wp\/v2\/posts\/1100\/revisions"}],"wp:featuredmedia":[{"embeddable":true,"href":"https:\/\/cfcontabil.com\/cf\/wp-json\/wp\/v2\/media\/1495"}],"wp:attachment":[{"href":"https:\/\/cfcontabil.com\/cf\/wp-json\/wp\/v2\/media?parent=1100"}],"wp:term":[{"taxonomy":"category","embeddable":true,"href":"https:\/\/cfcontabil.com\/cf\/wp-json\/wp\/v2\/categories?post=1100"},{"taxonomy":"post_tag","embeddable":true,"href":"https:\/\/cfcontabil.com\/cf\/wp-json\/wp\/v2\/tags?post=1100"}],"curies":[{"name":"wp","href":"https:\/\/api.w.org\/{rel}","templated":true}]}}