{"id":1103,"date":"2017-04-03T16:26:02","date_gmt":"2017-04-03T19:26:02","guid":{"rendered":"http:\/\/cfcontabil.com\/cf\/?p=1103"},"modified":"2017-04-03T16:26:02","modified_gmt":"2017-04-03T19:26:02","slug":"irpf-brasileiros-fora-do-pais-por-mais-de-um-ano-nao-precisam-fazer-declaracao","status":"publish","type":"post","link":"https:\/\/cfcontabil.com\/cf\/irpf-brasileiros-fora-do-pais-por-mais-de-um-ano-nao-precisam-fazer-declaracao\/","title":{"rendered":"IRPF: brasileiros fora do pa\u00eds por mais de um ano n\u00e3o precisam fazer declara\u00e7\u00e3o"},"content":{"rendered":"<p><strong>J\u00e1 os estrangeiros no Brasil h\u00e1 mais de 183 dias devem prestar informa\u00e7\u00f5es \u00e0 Receita<\/strong><\/p>\n<p>Contribuintes brasileiros que moram fora do pa\u00eds por mais de 12 meses n\u00e3o precisam fazer a Declara\u00e7\u00e3o de Imposto de Renda, desde que tenham feito a Declara\u00e7\u00e3o de Sa\u00edda Definitiva do pa\u00eds. Se tiverem investimentos no Brasil, embora n\u00e3o tenham que declarar, dever\u00e3o notificar as institui\u00e7\u00f5es financeiras sobre sua condi\u00e7\u00e3o de n\u00e3o residente no pa\u00eds.<\/p>\n<p>Os rendimentos auferidos no exterior estar\u00e3o sujeitos \u00e0 tributa\u00e7\u00e3o pela Receita Federal se n\u00e3o houver a entrega da Declara\u00e7\u00e3o de Sa\u00edda Definitiva.<\/p>\n<p>Caso o contribuinte seja um residente tempor\u00e1rio no exterior e permane\u00e7a fora do Brasil por menos de um ano, n\u00e3o dever\u00e1 apresentar o processo de encerramento fiscal. Assim, durante esse per\u00edodo, todo o rendimento que tiver deve ser tributado no Brasil, atrav\u00e9s do c\u00e1lculo e recolhimento do carn\u00ea le\u00e3o.<\/p>\n<p><strong>Estrangeiros<\/strong><\/p>\n<p>Um estrangeiro residente no Brasil h\u00e1 mais de 183 dias, com visto tempor\u00e1rio e mesmo sem v\u00ednculo empregat\u00edcio, precisa declarar Imposto de Renda.<\/p>\n<p>O mesmo acontece para estrangeiros com visto permanente ou tempor\u00e1rio de trabalho, desde a data em que foi oficializada sua entrada no Brasil.<\/p>\n<p>Estrangeiros rec\u00e9m-chegados devem cumprir tamb\u00e9m com as exig\u00eancias da Receita Federal, como, por exemplo, com rela\u00e7\u00e3o a bens e direitos possu\u00eddos antes de sua chegada, que devem ser informados na declara\u00e7\u00e3o, e os rendimentos recebidos antes da chegada, embora n\u00e3o sejam tributados aqui, tamb\u00e9m devem ser declarados.<\/p>\n<p>O prazo de entrega da declara\u00e7\u00e3o come\u00e7ou no dia 2 de mar\u00e7o e vai at\u00e9 28 de abril.<\/p>\n<p>Fonte: Portal Brasil<\/p>\n","protected":false},"excerpt":{"rendered":"<p>J\u00e1 os estrangeiros no Brasil h\u00e1 mais de 183 dias devem prestar informa\u00e7\u00f5es \u00e0 Receita Contribuintes brasileiros que moram fora do pa\u00eds por mais de 12 meses n\u00e3o precisam fazer a Declara\u00e7\u00e3o de Imposto de Renda, desde que tenham feito a Declara\u00e7\u00e3o de Sa\u00edda Definitiva do pa\u00eds. Se tiverem investimentos no Brasil, embora n\u00e3o tenham [&hellip;]<\/p>\n","protected":false},"author":3,"featured_media":1494,"comment_status":"open","ping_status":"open","sticky":false,"template":"","format":"standard","meta":{"jetpack_post_was_ever_published":false,"_jetpack_newsletter_access":"","_jetpack_dont_email_post_to_subs":false,"_jetpack_newsletter_tier_id":0,"_jetpack_memberships_contains_paywalled_content":false,"_jetpack_memberships_contains_paid_content":false,"footnotes":"","jetpack_publicize_message":"","jetpack_publicize_feature_enabled":true,"jetpack_social_post_already_shared":true,"jetpack_social_options":{"image_generator_settings":{"template":"highway","default_image_id":0,"font":"","enabled":false},"version":2}},"categories":[46],"tags":[479,106,480,107,108,229,115,110,111],"class_list":["post-1103","post","type-post","status-publish","format-standard","has-post-thumbnail","hentry","category-df","tag-brasileiro","tag-declaracao","tag-estrangeiro","tag-fisica","tag-imposto","tag-ir","tag-irpf","tag-pessoa","tag-renda"],"jetpack_publicize_connections":[],"jetpack_featured_media_url":"https:\/\/i0.wp.com\/cfcontabil.com\/cf\/wp-content\/uploads\/2017\/02\/irpfrfb-1.jpg?fit=640%2C340&ssl=1","jetpack_sharing_enabled":true,"jetpack_shortlink":"https:\/\/wp.me\/p2wklX-hN","jetpack-related-posts":[{"id":2748,"url":"https:\/\/cfcontabil.com\/cf\/imposto-de-renda-2022-prepare-seus-documentos-esta-semana\/","url_meta":{"origin":1103,"position":0},"title":"Imposto de Renda 2022: prepare seus documentos esta semana!","author":"Ab\u00edlio Gon\u00e7alves","date":"23 de fevereiro de 2022","format":false,"excerpt":"Separe seus documentos para fazer a declara\u00e7\u00e3o a partir de 2 de mar\u00e7o.","rel":"","context":"Em &quot;Imposto de Renda&quot;","block_context":{"text":"Imposto de Renda","link":"https:\/\/cfcontabil.com\/cf\/category\/imposto-de-renda\/"},"img":{"alt_text":"","src":"https:\/\/i0.wp.com\/cfcontabil.com\/cf\/wp-content\/uploads\/2022\/02\/Banner-na-imposto-de-renda-Miniatura-do-YouTube.png?fit=1200%2C675&ssl=1&resize=350%2C200","width":350,"height":200,"srcset":"https:\/\/i0.wp.com\/cfcontabil.com\/cf\/wp-content\/uploads\/2022\/02\/Banner-na-imposto-de-renda-Miniatura-do-YouTube.png?fit=1200%2C675&ssl=1&resize=350%2C200 1x, https:\/\/i0.wp.com\/cfcontabil.com\/cf\/wp-content\/uploads\/2022\/02\/Banner-na-imposto-de-renda-Miniatura-do-YouTube.png?fit=1200%2C675&ssl=1&resize=525%2C300 1.5x, https:\/\/i0.wp.com\/cfcontabil.com\/cf\/wp-content\/uploads\/2022\/02\/Banner-na-imposto-de-renda-Miniatura-do-YouTube.png?fit=1200%2C675&ssl=1&resize=700%2C400 2x, https:\/\/i0.wp.com\/cfcontabil.com\/cf\/wp-content\/uploads\/2022\/02\/Banner-na-imposto-de-renda-Miniatura-do-YouTube.png?fit=1200%2C675&ssl=1&resize=1050%2C600 3x"},"classes":[]},{"id":2951,"url":"https:\/\/cfcontabil.com\/cf\/guia-completo-do-irpf-2024-documentos-e-dicas-essenciais\/","url_meta":{"origin":1103,"position":1},"title":"GUIA COMPLETO DO IRPF 2024: Documentos e Dicas Essenciais","author":"Ab\u00edlio Gon\u00e7alves","date":"8 de fevereiro de 2024","format":false,"excerpt":"Estamos entrando na temporada de acerto de contas com o Le\u00e3o, e para tornar esse processo o mais tranquilo poss\u00edvel, preparamos um guia completo para voc\u00ea entender tudo sobre o Imposto de Renda Pessoa F\u00edsica (IRPF) 2024. O Que \u00c9 o IRPF? O Imposto de Renda Pessoa F\u00edsica \u00e9 uma\u2026","rel":"","context":"Em &quot;Geral&quot;","block_context":{"text":"Geral","link":"https:\/\/cfcontabil.com\/cf\/category\/geral\/"},"img":{"alt_text":"","src":"https:\/\/i0.wp.com\/cfcontabil.com\/cf\/wp-content\/uploads\/2024\/02\/cfcontabil-blog-irpf-2024-2.png?fit=1200%2C675&ssl=1&resize=350%2C200","width":350,"height":200,"srcset":"https:\/\/i0.wp.com\/cfcontabil.com\/cf\/wp-content\/uploads\/2024\/02\/cfcontabil-blog-irpf-2024-2.png?fit=1200%2C675&ssl=1&resize=350%2C200 1x, https:\/\/i0.wp.com\/cfcontabil.com\/cf\/wp-content\/uploads\/2024\/02\/cfcontabil-blog-irpf-2024-2.png?fit=1200%2C675&ssl=1&resize=525%2C300 1.5x, https:\/\/i0.wp.com\/cfcontabil.com\/cf\/wp-content\/uploads\/2024\/02\/cfcontabil-blog-irpf-2024-2.png?fit=1200%2C675&ssl=1&resize=700%2C400 2x, https:\/\/i0.wp.com\/cfcontabil.com\/cf\/wp-content\/uploads\/2024\/02\/cfcontabil-blog-irpf-2024-2.png?fit=1200%2C675&ssl=1&resize=1050%2C600 3x"},"classes":[]},{"id":2112,"url":"https:\/\/cfcontabil.com\/cf\/contribuintes-podem-baixar-programa-do-imposto-de-renda-2020-nesta-quinta-feira-20\/","url_meta":{"origin":1103,"position":2},"title":"Contribuintes podem baixar programa do Imposto de Renda 2020 nesta quinta-feira (20)","author":"Ab\u00edlio Gon\u00e7alves","date":"20 de fevereiro de 2020","format":false,"excerpt":"Receita Federal espera receber 32 milh\u00f5es de declara\u00e7\u00f5es de pessoas f\u00edsicas https:\/\/www.youtube.com\/watch?v=UpwbSoIuHaA&feature=youtu.be Contribuinte que atrasar a entrega do IRPF 2020 pagar\u00e1 multa de 1% sobre o imposto devido ao m\u00eas. O valor m\u00ednimo \u00e9 de R$ 165,74. - Foto: Secom\/PR Apartir das 8h desta quinta-feira (20), contribuintes poder\u00e3o baixar o\u2026","rel":"","context":"Em &quot;Departamento Fiscal&quot;","block_context":{"text":"Departamento Fiscal","link":"https:\/\/cfcontabil.com\/cf\/category\/df\/"},"img":{"alt_text":"","src":"https:\/\/i0.wp.com\/cfcontabil.com\/cf\/wp-content\/uploads\/2020\/02\/IRPF-regras-youtube.jpeg?fit=1200%2C675&ssl=1&resize=350%2C200","width":350,"height":200,"srcset":"https:\/\/i0.wp.com\/cfcontabil.com\/cf\/wp-content\/uploads\/2020\/02\/IRPF-regras-youtube.jpeg?fit=1200%2C675&ssl=1&resize=350%2C200 1x, https:\/\/i0.wp.com\/cfcontabil.com\/cf\/wp-content\/uploads\/2020\/02\/IRPF-regras-youtube.jpeg?fit=1200%2C675&ssl=1&resize=525%2C300 1.5x, https:\/\/i0.wp.com\/cfcontabil.com\/cf\/wp-content\/uploads\/2020\/02\/IRPF-regras-youtube.jpeg?fit=1200%2C675&ssl=1&resize=700%2C400 2x, https:\/\/i0.wp.com\/cfcontabil.com\/cf\/wp-content\/uploads\/2020\/02\/IRPF-regras-youtube.jpeg?fit=1200%2C675&ssl=1&resize=1050%2C600 3x"},"classes":[]},{"id":1218,"url":"https:\/\/cfcontabil.com\/cf\/instrucoes-normativas-sobre-imposto-de-renda\/","url_meta":{"origin":1103,"position":3},"title":"Instru\u00e7\u00f5es Normativas sobre Imposto de Renda","author":"Ab\u00edlio Gon\u00e7alves","date":"22 de fevereiro de 2017","format":false,"excerpt":"A Receita Federal publicou hoje (22.02) v\u00e1rias Instru\u00e7\u00f5es Normativas com regras sobre o imposto de renda, para o exerc\u00edcio de 2017: Instru\u00e7\u00e3o Normativa 1696 - programa multiplataforma da Declara\u00e7\u00e3o de Ajuste Anual do Imposto sobre a Renda da Pessoa F\u00edsica, da Declara\u00e7\u00e3o Final de Esp\u00f3lio e da Declara\u00e7\u00e3o de Sa\u00edda\u2026","rel":"","context":"Em &quot;Departamento Fiscal&quot;","block_context":{"text":"Departamento Fiscal","link":"https:\/\/cfcontabil.com\/cf\/category\/df\/"},"img":{"alt_text":"","src":"","width":0,"height":0},"classes":[]},{"id":1458,"url":"https:\/\/cfcontabil.com\/cf\/irpf-2019-regras-liberadas-mas-contribuintes-terao-uma-semana-a-menos-para-entrega\/","url_meta":{"origin":1103,"position":4},"title":"IRPF 2019 &#8211; Regras liberadas, mas contribuintes ter\u00e3o uma semana a menos para entrega","author":"Ab\u00edlio Gon\u00e7alves","date":"22 de fevereiro de 2019","format":false,"excerpt":"Em 2018, estavam obrigados a acertar as contas com o le\u00e3o todos os contribuintes que receberam mais de R$ 28.559,70 no ano anterior. Publicadas as regras hoje (22.02) no Di\u00e1rio Oficial da Uni\u00e3o. Quem ganhou mais de R$ 28.559,70 em 2018 \u00e9 obrigado a fazer a declara\u00e7\u00e3o do Imposto de\u2026","rel":"","context":"Em &quot;Geral&quot;","block_context":{"text":"Geral","link":"https:\/\/cfcontabil.com\/cf\/category\/geral\/"},"img":{"alt_text":"","src":"https:\/\/i0.wp.com\/cfcontabil.com\/cf\/wp-content\/uploads\/2017\/02\/irpfrfb-1.jpg?fit=640%2C340&ssl=1&resize=350%2C200","width":350,"height":200,"srcset":"https:\/\/i0.wp.com\/cfcontabil.com\/cf\/wp-content\/uploads\/2017\/02\/irpfrfb-1.jpg?fit=640%2C340&ssl=1&resize=350%2C200 1x, https:\/\/i0.wp.com\/cfcontabil.com\/cf\/wp-content\/uploads\/2017\/02\/irpfrfb-1.jpg?fit=640%2C340&ssl=1&resize=525%2C300 1.5x"},"classes":[]},{"id":1138,"url":"https:\/\/cfcontabil.com\/cf\/mais-de-7-milhoes-de-contribuintes-deixam-o-ir-para-a-ultima-hora\/","url_meta":{"origin":1103,"position":5},"title":"Mais de 7 milh\u00f5es de contribuintes deixam o IR para a \u00faltima hora","author":"Ab\u00edlio Gon\u00e7alves","date":"26 de abril de 2017","format":false,"excerpt":"A Receita Federal informou que at\u00e9 o fim dessa quarta-feira, dia 26, recebeu cerca de 20,89 milh\u00f5es de declara\u00e7\u00f5es do Imposto de Renda da Pessoa F\u00edsica (IRPF) 2017. O que significa que quase 8 milh\u00f5es de contribuintes est\u00e3o deixando para os \u00faltimos momentos, pois s\u00e3o esperados 28,3 milh\u00f5es de documentos.\u2026","rel":"","context":"Em &quot;Departamento Fiscal&quot;","block_context":{"text":"Departamento Fiscal","link":"https:\/\/cfcontabil.com\/cf\/category\/df\/"},"img":{"alt_text":"","src":"","width":0,"height":0},"classes":[]}],"jetpack_likes_enabled":true,"_links":{"self":[{"href":"https:\/\/cfcontabil.com\/cf\/wp-json\/wp\/v2\/posts\/1103","targetHints":{"allow":["GET"]}}],"collection":[{"href":"https:\/\/cfcontabil.com\/cf\/wp-json\/wp\/v2\/posts"}],"about":[{"href":"https:\/\/cfcontabil.com\/cf\/wp-json\/wp\/v2\/types\/post"}],"author":[{"embeddable":true,"href":"https:\/\/cfcontabil.com\/cf\/wp-json\/wp\/v2\/users\/3"}],"replies":[{"embeddable":true,"href":"https:\/\/cfcontabil.com\/cf\/wp-json\/wp\/v2\/comments?post=1103"}],"version-history":[{"count":0,"href":"https:\/\/cfcontabil.com\/cf\/wp-json\/wp\/v2\/posts\/1103\/revisions"}],"wp:featuredmedia":[{"embeddable":true,"href":"https:\/\/cfcontabil.com\/cf\/wp-json\/wp\/v2\/media\/1494"}],"wp:attachment":[{"href":"https:\/\/cfcontabil.com\/cf\/wp-json\/wp\/v2\/media?parent=1103"}],"wp:term":[{"taxonomy":"category","embeddable":true,"href":"https:\/\/cfcontabil.com\/cf\/wp-json\/wp\/v2\/categories?post=1103"},{"taxonomy":"post_tag","embeddable":true,"href":"https:\/\/cfcontabil.com\/cf\/wp-json\/wp\/v2\/tags?post=1103"}],"curies":[{"name":"wp","href":"https:\/\/api.w.org\/{rel}","templated":true}]}}