{"id":1105,"date":"2017-04-04T05:00:41","date_gmt":"2017-04-04T08:00:41","guid":{"rendered":"http:\/\/cfcontabil.com\/cf\/?p=1105"},"modified":"2017-04-04T05:00:41","modified_gmt":"2017-04-04T08:00:41","slug":"sancionada-lei-que-estende-prazo-para-repatriacao-de-recursos","status":"publish","type":"post","link":"https:\/\/cfcontabil.com\/cf\/sancionada-lei-que-estende-prazo-para-repatriacao-de-recursos\/","title":{"rendered":"Sancionada lei que estende prazo para repatria\u00e7\u00e3o de recursos"},"content":{"rendered":"<p>Foi sancionada sem vetos a lei que reabre o prazo para repatria\u00e7\u00e3o e regulariza\u00e7\u00e3o de ativos (bens, valores, cr\u00e9ditos e direitos) mantidos no exterior e n\u00e3o declarados. A Lei 13.428\/2017 foi sancionada na quinta-feira (30) pelo presidente Michel Temer e publicada nesta sexta-feira (31) no Di\u00e1rio Oficial da Uni\u00e3o.<\/p>\n<p>A lei \u00e9 decorrente do substitutivo ao Projeto de Lei do Senado (PLS) 405\/2016. O projeto foi primeiramente aprovado no Senado, em novembro de 2016, depois votado na C\u00e2mara com altera\u00e7\u00f5es (SCD 1\/2017) em fevereiro deste ano. O Senado ent\u00e3o aprovou o substitutivo da C\u00e2mara em vota\u00e7\u00e3o simb\u00f3lica no \u00faltimo dia 14. Falta agora a regulamenta\u00e7\u00e3o da mat\u00e9ria pela Receita Federal, o que necessita ocorrer em at\u00e9 30 dias.<\/p>\n<p>Com a nova lei, o prazo para a repatria\u00e7\u00e3o passou de 38 para 120 dias, que ser\u00e3o contados a partir da data de regulamenta\u00e7\u00e3o da Receita Federal. O patrim\u00f4nio a ser declarado ser\u00e1 aquele em posse do declarante em 30 de junho de 2016. As mudan\u00e7as ser\u00e3o feitas na Lei 13.254\/2016.<\/p>\n<p>A tributa\u00e7\u00e3o total tamb\u00e9m mudou. <!--more-->O texto estabelece 15% de Imposto de Renda e 20,25% de multa. Dos valores arrecadados com a multa, 46% ser\u00e3o repartidos com os estados e os munic\u00edpios por meio dos fundos de participa\u00e7\u00e3o (FPE e FPM).<\/p>\n<p>Para o contribuinte que aderiu ao programa de regulariza\u00e7\u00e3o at\u00e9 31 de outubro do ano passado, o texto permite complementar a declara\u00e7\u00e3o, pagando os novos tributos sobre o valor adicional e convertendo os valores dos bens pela cota\u00e7\u00e3o do d\u00f3lar do \u00faltimo dia de junho de 2016.<\/p>\n<p>O projeto interessa ao governo federal, aos governos estaduais e \u00e0s prefeituras, porque ajuda no equil\u00edbrio das contas p\u00fablicas com o refor\u00e7o na arrecada\u00e7\u00e3o. Na edi\u00e7\u00e3o anterior do programa, no ano passado, o governo federal arrecadou R$ 46,8 bilh\u00f5es.<\/p>\n<p>Parentes<\/p>\n<p>Um dos pontos mais pol\u00eamicos do PLS era a autoriza\u00e7\u00e3o para que c\u00f4njuges e parentes de pol\u00edticos com mandatos aderissem ao programa. A lei que valeu para a repatria\u00e7\u00e3o no ano passado, sancionada pela ent\u00e3o presidente Dilma Rousseff, proibiu a ades\u00e3o por parte de detentores de cargos, empregos e fun\u00e7\u00f5es p\u00fablicas de dire\u00e7\u00e3o ou eletivas, bem como a de seus c\u00f4njuges e parentes at\u00e9 segundo grau. Ao aprovar a segunda edi\u00e7\u00e3o do programa, o Senado alterou esse trecho, detalhando os cargos eletivos \u2014 presidente da Rep\u00fablica, senador, deputados federal, estadual e distrital, governador, prefeito e vereador \u2014 e os agentes p\u00fablicos atingidos pela veda\u00e7\u00e3o, mas retirando do texto a proibi\u00e7\u00e3o a c\u00f4njuges e parentes.<\/p>\n<p>Na C\u00e2mara, o relator, deputado Alexandre Baldy (PTN-GO), manteve a reda\u00e7\u00e3o dada pelos senadores e acrescentou um trecho para convalidar a permiss\u00e3o de ades\u00e3o por parte de c\u00f4njuges e parentes. Na vota\u00e7\u00e3o em Plen\u00e1rio, os deputados decidiram retirar do texto as altera\u00e7\u00f5es feitas pelo Senado e pelo relator para manter intacto o artigo da lei que pro\u00edbe a ades\u00e3o tanto por parte de mandat\u00e1rios e agentes p\u00fablicos quanto por parte dos respectivos c\u00f4njuges e parentes at\u00e9 segundo grau.<\/p>\n<p>Assim, permanece proibida a possibilidade de parentes de mandat\u00e1rios e agentes p\u00fablicos regularizarem ativos mantidos no exterior.<\/p>\n<p>Baldy tamb\u00e9m incluiu trecho no substitutivo para impedir que declara\u00e7\u00e3o incorreta em rela\u00e7\u00e3o ao valor dos ativos implique a exclus\u00e3o do regime de regulariza\u00e7\u00e3o, permitindo \u00e0 Fazenda exigir complementa\u00e7\u00e3o de pagamento por meio do lan\u00e7amento do tributo em auto de infra\u00e7\u00e3o.<\/p>\n<p>A extin\u00e7\u00e3o da punibilidade dos crimes, entretanto, ocorrer\u00e1 apenas com o pagamento integral dos tributos e dos acr\u00e9scimos lan\u00e7ados.<\/p>\n<p>Ao aderir ao regime, o contribuinte ser\u00e1 anistiado de v\u00e1rios crimes tribut\u00e1rios relacionados aos valores declarados, como sonega\u00e7\u00e3o fiscal ou descaminho, e de outros listados em leis espec\u00edficas, a exemplo da lei sobre lavagem de dinheiro e evas\u00e3o de divisas.<\/p>\n<p>N\u00e3o residentes<\/p>\n<p>Os n\u00e3o residentes no Brasil em 30 de junho de 2016 n\u00e3o poder\u00e3o aderir ao programa. O l\u00edder do governo no Senado, senador Romero Juc\u00e1 (PMDB-RR), disse que a quest\u00e3o poder\u00e1 ser analisada e regulamentada pela Receita Federal futuramente.<\/p>\n<p>Fonte: Ag\u00eancia Senado<\/p>\n","protected":false},"excerpt":{"rendered":"<p>Foi sancionada sem vetos a lei que reabre o prazo para repatria\u00e7\u00e3o e regulariza\u00e7\u00e3o de ativos (bens, valores, cr\u00e9ditos e direitos) mantidos no exterior e n\u00e3o declarados. A Lei 13.428\/2017 foi sancionada na quinta-feira (30) pelo presidente Michel Temer e publicada nesta sexta-feira (31) no Di\u00e1rio Oficial da Uni\u00e3o. A lei \u00e9 decorrente do substitutivo [&hellip;]<\/p>\n","protected":false},"author":3,"featured_media":1495,"comment_status":"open","ping_status":"open","sticky":false,"template":"","format":"standard","meta":{"jetpack_post_was_ever_published":false,"_jetpack_newsletter_access":"","_jetpack_dont_email_post_to_subs":false,"_jetpack_newsletter_tier_id":0,"_jetpack_memberships_contains_paywalled_content":false,"_jetpack_memberships_contains_paid_content":false,"footnotes":"","jetpack_publicize_message":"","jetpack_publicize_feature_enabled":true,"jetpack_social_post_already_shared":true,"jetpack_social_options":{"image_generator_settings":{"template":"highway","default_image_id":0,"font":"","enabled":false},"version":2}},"categories":[46],"tags":[247,108,428,111,481,131],"class_list":["post-1105","post","type-post","status-publish","format-standard","has-post-thumbnail","hentry","category-df","tag-contribuinte","tag-imposto","tag-recursos","tag-renda","tag-repatriacao","tag-tributacao"],"jetpack_publicize_connections":[],"jetpack_featured_media_url":"https:\/\/i0.wp.com\/cfcontabil.com\/cf\/wp-content\/uploads\/2017\/02\/receita-federal-1-1.png?fit=702%2C325&ssl=1","jetpack_sharing_enabled":true,"jetpack_shortlink":"https:\/\/wp.me\/p2wklX-hP","jetpack-related-posts":[{"id":2211,"url":"https:\/\/cfcontabil.com\/cf\/senado-aprova-extensao-de-auxilio-de-r-600-a-mais-de-30-categorias\/","url_meta":{"origin":1105,"position":0},"title":"Senado aprova extens\u00e3o de aux\u00edlio de R$ 600 a mais de 30 categorias","author":"Ab\u00edlio Gon\u00e7alves","date":"1 de abril de 2020","format":false,"excerpt":"Projeto conhecido como \"coronavoucher\" segue para vota\u00e7\u00e3o na C\u00e2mara O Senado aprovou na tarde de hoje (1\u00ba) um Projeto de Lei (PL) que acrescenta dezenas de categorias entre as eleg\u00edveis a receber o aux\u00edlio de R$ 600 mensais, conhecido como \"coronavoucher\", pelo per\u00edodo de tr\u00eas meses. A aprova\u00e7\u00e3o ocorreu por\u2026","rel":"","context":"Em &quot;Geral&quot;","block_context":{"text":"Geral","link":"https:\/\/cfcontabil.com\/cf\/category\/geral\/"},"img":{"alt_text":"","src":"https:\/\/i0.wp.com\/cfcontabil.com\/cf\/wp-content\/uploads\/2020\/04\/coronavoucher.jpg?fit=785%2C442&ssl=1&resize=350%2C200","width":350,"height":200,"srcset":"https:\/\/i0.wp.com\/cfcontabil.com\/cf\/wp-content\/uploads\/2020\/04\/coronavoucher.jpg?fit=785%2C442&ssl=1&resize=350%2C200 1x, https:\/\/i0.wp.com\/cfcontabil.com\/cf\/wp-content\/uploads\/2020\/04\/coronavoucher.jpg?fit=785%2C442&ssl=1&resize=525%2C300 1.5x, https:\/\/i0.wp.com\/cfcontabil.com\/cf\/wp-content\/uploads\/2020\/04\/coronavoucher.jpg?fit=785%2C442&ssl=1&resize=700%2C400 2x"},"classes":[]},{"id":1239,"url":"https:\/\/cfcontabil.com\/cf\/lei-autoriza-diferenciacao-de-preco-para-compras-em-dinheiro-e-cartao\/","url_meta":{"origin":1105,"position":1},"title":"Lei autoriza diferencia\u00e7\u00e3o de pre\u00e7o para compras em dinheiro e cart\u00e3o","author":"Ab\u00edlio Gon\u00e7alves","date":"27 de junho de 2017","format":false,"excerpt":"A partir desta ter\u00e7a-feira (27), comerciantes est\u00e3o autorizados a oferecer pre\u00e7os diferenciados para pagamentos em dinheiro ou cart\u00e3o de cr\u00e9dito ou d\u00e9bito. O texto foi sancionado sem vetos nesta segunda-feira (26) em cerim\u00f4nia no Pal\u00e1cio do Planalto pelo presidente da Rep\u00fablica, Michel Temer, e vai entrar em vigor amanh\u00e3, com\u2026","rel":"","context":"Em &quot;Geral&quot;","block_context":{"text":"Geral","link":"https:\/\/cfcontabil.com\/cf\/category\/geral\/"},"img":{"alt_text":"","src":"https:\/\/i0.wp.com\/cfcontabil.com\/cf\/wp-content\/uploads\/2017\/01\/Moedas-1-real-1.jpg?fit=810%2C455&ssl=1&resize=350%2C200","width":350,"height":200,"srcset":"https:\/\/i0.wp.com\/cfcontabil.com\/cf\/wp-content\/uploads\/2017\/01\/Moedas-1-real-1.jpg?fit=810%2C455&ssl=1&resize=350%2C200 1x, https:\/\/i0.wp.com\/cfcontabil.com\/cf\/wp-content\/uploads\/2017\/01\/Moedas-1-real-1.jpg?fit=810%2C455&ssl=1&resize=525%2C300 1.5x, https:\/\/i0.wp.com\/cfcontabil.com\/cf\/wp-content\/uploads\/2017\/01\/Moedas-1-real-1.jpg?fit=810%2C455&ssl=1&resize=700%2C400 2x"},"classes":[]},{"id":1427,"url":"https:\/\/cfcontabil.com\/cf\/sancionada-a-lei-de-convalidacao-de-beneficios-fiscais-no-df\/","url_meta":{"origin":1105,"position":2},"title":"Sancionada a lei de convalida\u00e7\u00e3o de benef\u00edcios fiscais no DF","author":"Ab\u00edlio Gon\u00e7alves","date":"20 de novembro de 2018","format":false,"excerpt":"Assinatura ocorreu nesta segunda (19), no Buriti. Norma permite que o Distrito Federal conceda vantagens em condi\u00e7\u00e3o de igualdade com estados do Centro-Oeste MARYNA LACERDA, DA AG\u00caNCIA BRAS\u00cdLIA A economia do Distrito Federal fica mais competitiva com a san\u00e7\u00e3o do\u00a0Projeto de Lei n\u00ba 2.063, de 2018. A norma trata da\u00a0convalida\u00e7\u00e3o\u2026","rel":"","context":"Em &quot;Consultoria Empresarial&quot;","block_context":{"text":"Consultoria Empresarial","link":"https:\/\/cfcontabil.com\/cf\/category\/consultoria\/"},"img":{"alt_text":"","src":"https:\/\/i0.wp.com\/cfcontabil.com\/cf\/wp-content\/uploads\/2016\/04\/notebook-1.jpg?fit=627%2C400&ssl=1&resize=350%2C200","width":350,"height":200,"srcset":"https:\/\/i0.wp.com\/cfcontabil.com\/cf\/wp-content\/uploads\/2016\/04\/notebook-1.jpg?fit=627%2C400&ssl=1&resize=350%2C200 1x, https:\/\/i0.wp.com\/cfcontabil.com\/cf\/wp-content\/uploads\/2016\/04\/notebook-1.jpg?fit=627%2C400&ssl=1&resize=525%2C300 1.5x"},"classes":[]},{"id":2361,"url":"https:\/\/cfcontabil.com\/cf\/ibaneis-sanciona-novo-refis-para-ajudar-no-resgate-da-economia-do-distrito-federal\/","url_meta":{"origin":1105,"position":3},"title":"Ibaneis sanciona novo Refis para ajudar no resgate da economia do Distrito Federal","author":"Ab\u00edlio Gon\u00e7alves","date":"9 de novembro de 2020","format":false,"excerpt":"Foi sancionada\u00a0 nesta segunda-feira (9), pelo governador Ibaneis Rocha, a lei do novo Programa de Incentivo \u00e0 Regulariza\u00e7\u00e3o Fiscal (Refis 2020). A medida, aprovada\u00a0 pela C\u00e2mara Legislativa, tem como objetivo, segundo o chefe do Executivo local, de resgatar a economia do DF. O governador disse que\u00a0 o novo refis era\u2026","rel":"","context":"Em &quot;Departamento Fiscal&quot;","block_context":{"text":"Departamento Fiscal","link":"https:\/\/cfcontabil.com\/cf\/category\/df\/"},"img":{"alt_text":"","src":"https:\/\/i0.wp.com\/cfcontabil.com\/cf\/wp-content\/uploads\/2020\/11\/ibaneis-refis.jpg?fit=971%2C533&ssl=1&resize=350%2C200","width":350,"height":200,"srcset":"https:\/\/i0.wp.com\/cfcontabil.com\/cf\/wp-content\/uploads\/2020\/11\/ibaneis-refis.jpg?fit=971%2C533&ssl=1&resize=350%2C200 1x, https:\/\/i0.wp.com\/cfcontabil.com\/cf\/wp-content\/uploads\/2020\/11\/ibaneis-refis.jpg?fit=971%2C533&ssl=1&resize=525%2C300 1.5x, https:\/\/i0.wp.com\/cfcontabil.com\/cf\/wp-content\/uploads\/2020\/11\/ibaneis-refis.jpg?fit=971%2C533&ssl=1&resize=700%2C400 2x"},"classes":[]},{"id":694,"url":"https:\/\/cfcontabil.com\/cf\/novo-imposto-de-renda-sobre-ganhos-de-capital-so-valera-a-partir-de-2017\/","url_meta":{"origin":1105,"position":4},"title":"Novo Imposto de Renda sobre ganhos de capital s\u00f3 valer\u00e1 a partir de 2017","author":"Ab\u00edlio Gon\u00e7alves","date":"22 de mar\u00e7o de 2016","format":false,"excerpt":"As novas al\u00edquotas de Imposto de Renda (IR) sobre ganhos na venda de bens e direitos s\u00f3 valer\u00e3o a partir de 2017, informou hoje (18) o Minist\u00e9rio da Fazenda. Por causa do princ\u00edpio da anualidade, estabelecido pela Constitui\u00e7\u00e3o, altera\u00e7\u00f5es no Imposto de Renda s\u00f3 podem valer para fatos geradores a\u2026","rel":"","context":"Em &quot;Consultoria Empresarial&quot;","block_context":{"text":"Consultoria Empresarial","link":"https:\/\/cfcontabil.com\/cf\/category\/consultoria\/"},"img":{"alt_text":"","src":"https:\/\/i0.wp.com\/cfcontabil.com\/cf\/wp-content\/uploads\/2016\/03\/dinheiro-1.jpg?fit=661%2C351&ssl=1&resize=350%2C200","width":350,"height":200,"srcset":"https:\/\/i0.wp.com\/cfcontabil.com\/cf\/wp-content\/uploads\/2016\/03\/dinheiro-1.jpg?fit=661%2C351&ssl=1&resize=350%2C200 1x, https:\/\/i0.wp.com\/cfcontabil.com\/cf\/wp-content\/uploads\/2016\/03\/dinheiro-1.jpg?fit=661%2C351&ssl=1&resize=525%2C300 1.5x"},"classes":[]},{"id":1064,"url":"https:\/\/cfcontabil.com\/cf\/receita-federal-regulamenta-transmissao-de-informacoes-relativas-ao-rerct\/","url_meta":{"origin":1105,"position":5},"title":"Receita Federal regulamenta transmiss\u00e3o de informa\u00e7\u00f5es relativas ao RERCT","author":"Ab\u00edlio Gon\u00e7alves","date":"15 de mar\u00e7o de 2017","format":false,"excerpt":"Receita Federal lan\u00e7a Instru\u00e7\u00e3o Normativa (IN) RFB n\u00b0 1699\/2017 que disp\u00f5e sobre a obrigatoriedade de presta\u00e7\u00e3o de informa\u00e7\u00f5es na e-Financeira. Foi publicada dia 10.03\u00a0no Di\u00e1rio Oficial da Uni\u00e3o a IN RFB n\u00b0 1699\/2017, que trata de informa\u00e7\u00f5es da e-Financeira referentes ao Regime Especial de Regulariza\u00e7\u00e3o Cambial e Tribut\u00e1ria (RERCT). A\u2026","rel":"","context":"Em &quot;Departamento Fiscal&quot;","block_context":{"text":"Departamento Fiscal","link":"https:\/\/cfcontabil.com\/cf\/category\/df\/"},"img":{"alt_text":"","src":"https:\/\/i0.wp.com\/cfcontabil.com\/cf\/wp-content\/uploads\/2016\/03\/fiscaliza%C3%A7%C3%A3o-8-1.jpg?fit=825%2C367&ssl=1&resize=350%2C200","width":350,"height":200,"srcset":"https:\/\/i0.wp.com\/cfcontabil.com\/cf\/wp-content\/uploads\/2016\/03\/fiscaliza%C3%A7%C3%A3o-8-1.jpg?fit=825%2C367&ssl=1&resize=350%2C200 1x, https:\/\/i0.wp.com\/cfcontabil.com\/cf\/wp-content\/uploads\/2016\/03\/fiscaliza%C3%A7%C3%A3o-8-1.jpg?fit=825%2C367&ssl=1&resize=525%2C300 1.5x, https:\/\/i0.wp.com\/cfcontabil.com\/cf\/wp-content\/uploads\/2016\/03\/fiscaliza%C3%A7%C3%A3o-8-1.jpg?fit=825%2C367&ssl=1&resize=700%2C400 2x"},"classes":[]}],"jetpack_likes_enabled":true,"_links":{"self":[{"href":"https:\/\/cfcontabil.com\/cf\/wp-json\/wp\/v2\/posts\/1105","targetHints":{"allow":["GET"]}}],"collection":[{"href":"https:\/\/cfcontabil.com\/cf\/wp-json\/wp\/v2\/posts"}],"about":[{"href":"https:\/\/cfcontabil.com\/cf\/wp-json\/wp\/v2\/types\/post"}],"author":[{"embeddable":true,"href":"https:\/\/cfcontabil.com\/cf\/wp-json\/wp\/v2\/users\/3"}],"replies":[{"embeddable":true,"href":"https:\/\/cfcontabil.com\/cf\/wp-json\/wp\/v2\/comments?post=1105"}],"version-history":[{"count":0,"href":"https:\/\/cfcontabil.com\/cf\/wp-json\/wp\/v2\/posts\/1105\/revisions"}],"wp:featuredmedia":[{"embeddable":true,"href":"https:\/\/cfcontabil.com\/cf\/wp-json\/wp\/v2\/media\/1495"}],"wp:attachment":[{"href":"https:\/\/cfcontabil.com\/cf\/wp-json\/wp\/v2\/media?parent=1105"}],"wp:term":[{"taxonomy":"category","embeddable":true,"href":"https:\/\/cfcontabil.com\/cf\/wp-json\/wp\/v2\/categories?post=1105"},{"taxonomy":"post_tag","embeddable":true,"href":"https:\/\/cfcontabil.com\/cf\/wp-json\/wp\/v2\/tags?post=1105"}],"curies":[{"name":"wp","href":"https:\/\/api.w.org\/{rel}","templated":true}]}}