{"id":1109,"date":"2017-04-06T05:00:30","date_gmt":"2017-04-06T08:00:30","guid":{"rendered":"http:\/\/cfcontabil.com\/cf\/?p=1109"},"modified":"2017-04-06T05:00:30","modified_gmt":"2017-04-06T08:00:30","slug":"receita-federal-e-fiscos-estaduais-iniciam-fiscalizacao-conjunta","status":"publish","type":"post","link":"https:\/\/cfcontabil.com\/cf\/receita-federal-e-fiscos-estaduais-iniciam-fiscalizacao-conjunta\/","title":{"rendered":"Receita Federal e Fiscos Estaduais iniciam fiscaliza\u00e7\u00e3o conjunta"},"content":{"rendered":"<p><strong>A a\u00e7\u00e3o ter\u00e1 foco nas empresas notificadas pelo Alerta do Simples Nacional 3 de 2016. <\/strong><\/p>\n<p>Expectativa \u00e9 de uma recupera\u00e7\u00e3o de R$ 130 milh\u00f5es em tributos sonegados.<\/p>\n<p>A Receita Federal, em conjunto com as Secretarias de Fazenda dos Estados do Tocantins, Piau\u00ed, Alagoas, Rio Grande do Norte, Sergipe, Minas Gerais, Esp\u00edrito Santo, S\u00e3o Paulo, Paran\u00e1 e Para, est\u00e1 iniciando nesta semana os procedimentos de fiscaliza\u00e7\u00e3o junto a contribuintes optantes do Simples Nacional, que n\u00e3o efetuaram a autorregulariza\u00e7\u00e3o das diverg\u00eancias identificadas no Alerta do Simples Nacional 3.<\/p>\n<p>Foram foco desta edi\u00e7\u00e3o do Alerta SN as diverg\u00eancias entre o total anual de receita bruta informada no Programa Gerador do Documento de Arrecada\u00e7\u00e3o do Simples Nacional &#8211; Declarat\u00f3rio (PGDAS-D) e os valores das notas fiscais eletr\u00f4nicas (NFe) de vendas emitidas, expurgadas das NFe de entrada de devolu\u00e7\u00f5es.<\/p>\n<p>Os comunicados foram disponibilizados aos contribuintes no Portal do Simples Nacional de fevereiro a abril de 2016, momento em que tiveram a oportunidade de conhecer as diverg\u00eancias detectadas e promover a retifica\u00e7\u00e3o de suas declara\u00e7\u00f5es, sem a aplica\u00e7\u00e3o de multa de of\u00edcio.<!--more--><br \/>\nDurante o per\u00edodo de autorregulariza\u00e7\u00e3o, 2.622 empresas optantes do Simples Nacional promoveram a retifica\u00e7\u00e3o do PGDAS. Somadas, essas autorregulariza\u00e7\u00f5es significaram acr\u00e9scimo de R$ 1 bilh\u00e3o na receita bruta declarada pelos contribuintes, base de c\u00e1lculo para apura\u00e7\u00e3o dos tributos que comp\u00f5em o Simples Nacional.<\/p>\n<p>Vencida a etapa de autorregulariza\u00e7\u00e3o, os dados foram reprocessados para confirma\u00e7\u00e3o de ind\u00edcios e foram selecionados cerca de 1.500 contribuintes que ser\u00e3o submetidos a procedimentos de fiscaliza\u00e7\u00e3o.<\/p>\n<p>As a\u00e7\u00f5es de fiscaliza\u00e7\u00e3o contar\u00e3o com a participa\u00e7\u00e3o de Auditores-Fiscais da Receita Federal e dos Fiscos Estaduais.<\/p>\n<p>Saiba mais sobre o Alerta do Simples Nacional<\/p>\n<p>O Alerta do Simples Nacional (Alerta SN) objetiva aumentar a percep\u00e7\u00e3o de risco das empresas optantes pelo Simples Nacional, promovendo, simultaneamente, a concorr\u00eancia leal, o equil\u00edbrio de mercado e a melhoria do ambiente de neg\u00f3cios no pa\u00eds por meio da atua\u00e7\u00e3o integrada dos Fiscos. Aos optantes pelo Simples Nacional se confere a oportunidade de regularizar diverg\u00eancias detectadas a partir de comunicados disponibilizados no Portal do Simples Nacional, canal de uso obrigat\u00f3rio para gera\u00e7\u00e3o da guia de pagamento do regime simplificado.<\/p>\n<p>O assunto foi objeto do X Encontro Nacional de Administradores Tribut\u00e1rios (Enat), realizado no per\u00edodo de 20 a 23 de outubro de 2015. S\u00e3o signat\u00e1rios do X Enat, Protocolo n\u00b0 8\/2015, o Fisco federal, 17 Fiscos estaduais\/distrital (Alagoas, Distrito Federal, Esp\u00edrito Santo, Goi\u00e1s, Maranh\u00e3o, Mato Grosso, Mato Grosso do Sul, Minas Gerais, Paran\u00e1, Pernambuco, Piau\u00ed, Rio de Janeiro, Rio Grande do Norte, Rio Grande do Sul, S\u00e3o Paulo, Sergipe e Tocantins) e os Fiscos municipais por meio da Associa\u00e7\u00e3o Brasileira das Secretarias de Finan\u00e7as dos Munic\u00edpios das Capitais (Abrasf) e da Confedera\u00e7\u00e3o Nacional de Munic\u00edpios (CNM). Ainda n\u00e3o formalizaram a participa\u00e7\u00e3o no Alerta SN, os seguintes Fiscos estaduais: Acre, Amap\u00e1, Amazonas, Bahia, Cear\u00e1, Par\u00e1, Para\u00edba, Rond\u00f4nia, Roraima e Santa Catarina.<\/p>\n<p>Fonte: RFB<\/p>\n","protected":false},"excerpt":{"rendered":"<p>A a\u00e7\u00e3o ter\u00e1 foco nas empresas notificadas pelo Alerta do Simples Nacional 3 de 2016. Expectativa \u00e9 de uma recupera\u00e7\u00e3o de R$ 130 milh\u00f5es em tributos sonegados. A Receita Federal, em conjunto com as Secretarias de Fazenda dos Estados do Tocantins, Piau\u00ed, Alagoas, Rio Grande do Norte, Sergipe, Minas Gerais, Esp\u00edrito Santo, S\u00e3o Paulo, Paran\u00e1 [&hellip;]<\/p>\n","protected":false},"author":3,"featured_media":862,"comment_status":"open","ping_status":"open","sticky":false,"template":"","format":"standard","meta":{"jetpack_post_was_ever_published":false,"_jetpack_newsletter_access":"","_jetpack_dont_email_post_to_subs":false,"_jetpack_newsletter_tier_id":0,"_jetpack_memberships_contains_paywalled_content":false,"_jetpack_memberships_contains_paid_content":false,"footnotes":"","jetpack_publicize_message":"","jetpack_publicize_feature_enabled":true,"jetpack_social_post_already_shared":true,"jetpack_social_options":{"image_generator_settings":{"template":"highway","default_image_id":0,"font":"","enabled":false},"version":2}},"categories":[46],"tags":[247,303,195,211,482,483,213],"class_list":["post-1109","post","type-post","status-publish","format-standard","has-post-thumbnail","hentry","category-df","tag-contribuinte","tag-empresa","tag-fiscalizacao","tag-nacional","tag-recuperacao","tag-secretaria","tag-simples"],"jetpack_publicize_connections":[],"jetpack_featured_media_url":"https:\/\/i0.wp.com\/cfcontabil.com\/cf\/wp-content\/uploads\/2017\/01\/simples-1.jpg?fit=520%2C271&ssl=1","jetpack_sharing_enabled":true,"jetpack_shortlink":"https:\/\/wp.me\/p2wklX-hT","jetpack-related-posts":[{"id":680,"url":"https:\/\/cfcontabil.com\/cf\/novas-ferramentas-utilizadas-pela-receita-federal-em-2016-na-fiscalizacao\/","url_meta":{"origin":1109,"position":0},"title":"Novas ferramentas utilizadas pela Receita Federal em 2016 na fiscaliza\u00e7\u00e3o","author":"Ab\u00edlio Gon\u00e7alves","date":"18 de mar\u00e7o de 2016","format":false,"excerpt":"O\u00a0Plano Anual da Fiscaliza\u00e7\u00e3o\u00a0da Secretaria da Receita Federal do Brasil para o ano-calend\u00e1rio de 2016 listou as novas estrat\u00e9gias de fiscaliza\u00e7\u00e3o que ser\u00e3o utilizadas em 2016. De acordo com o relat\u00f3rio, a Receita espera autuar em 2016 algo em torno de R$ 155,4 bilh\u00f5es e tem em vista 20 mil\u2026","rel":"","context":"Em &quot;Consultoria Empresarial&quot;","block_context":{"text":"Consultoria Empresarial","link":"https:\/\/cfcontabil.com\/cf\/category\/consultoria\/"},"img":{"alt_text":"","src":"https:\/\/i0.wp.com\/cfcontabil.com\/cf\/wp-content\/uploads\/2016\/03\/Receita-Federal-9-1.png?fit=825%2C367&ssl=1&resize=350%2C200","width":350,"height":200,"srcset":"https:\/\/i0.wp.com\/cfcontabil.com\/cf\/wp-content\/uploads\/2016\/03\/Receita-Federal-9-1.png?fit=825%2C367&ssl=1&resize=350%2C200 1x, https:\/\/i0.wp.com\/cfcontabil.com\/cf\/wp-content\/uploads\/2016\/03\/Receita-Federal-9-1.png?fit=825%2C367&ssl=1&resize=525%2C300 1.5x, https:\/\/i0.wp.com\/cfcontabil.com\/cf\/wp-content\/uploads\/2016\/03\/Receita-Federal-9-1.png?fit=825%2C367&ssl=1&resize=700%2C400 2x"},"classes":[]},{"id":1950,"url":"https:\/\/cfcontabil.com\/cf\/pequenos-devem-regularizar-debitos-com-a-receita\/","url_meta":{"origin":1109,"position":1},"title":"Pequenos devem regularizar d\u00e9bitos com a Receita","author":"Ab\u00edlio Gon\u00e7alves","date":"27 de novembro de 2019","format":false,"excerpt":"Empresas optantes pelo Simples Nacional com irregularidades t\u00eam at\u00e9 30 dias para quitar d\u00edvidas. Exclus\u00e3o ter\u00e1 efeitos a partir de 2020 A Receita Federal notifica micro e pequenas empresas optantes pelo Simples Nacional com d\u00e9bitos junto \u00e0 Secretaria Especial da Receita Federal ou \u00e0 Procuradoria-Geral da Fazenda Nacional. Ap\u00f3s conhecimento\u2026","rel":"","context":"Em &quot;Departamento Fiscal&quot;","block_context":{"text":"Departamento Fiscal","link":"https:\/\/cfcontabil.com\/cf\/category\/df\/"},"img":{"alt_text":"","src":"https:\/\/i0.wp.com\/cfcontabil.com\/cf\/wp-content\/uploads\/2019\/11\/simples-nacional-empresa.jpg?fit=660%2C350&ssl=1&resize=350%2C200","width":350,"height":200,"srcset":"https:\/\/i0.wp.com\/cfcontabil.com\/cf\/wp-content\/uploads\/2019\/11\/simples-nacional-empresa.jpg?fit=660%2C350&ssl=1&resize=350%2C200 1x, https:\/\/i0.wp.com\/cfcontabil.com\/cf\/wp-content\/uploads\/2019\/11\/simples-nacional-empresa.jpg?fit=660%2C350&ssl=1&resize=525%2C300 1.5x"},"classes":[]},{"id":2047,"url":"https:\/\/cfcontabil.com\/cf\/empresas-que-nao-regularizaram-pendencias-sao-excluidas-do-simples\/","url_meta":{"origin":1109,"position":2},"title":"Empresas que n\u00e3o regularizaram pend\u00eancias s\u00e3o exclu\u00eddas do Simples","author":"Ab\u00edlio Gon\u00e7alves","date":"14 de janeiro de 2020","format":false,"excerpt":"Contribuinte que resolver situa\u00e7\u00e3o poder\u00e1 pedir reinclus\u00e3o no regime As micro e pequenas empresas que n\u00e3o regularizaram as pend\u00eancias com o Simples Nacional \u2013 regime tribut\u00e1rio especial para pequenos neg\u00f3cios \u2013 foram exclu\u00eddas do programa no in\u00edcio de 2020 (dia 1\u00ba). Elas ter\u00e3o at\u00e9 31 de janeiro para resolverem a\u2026","rel":"","context":"Em \"Exclus\u00e3o\"","block_context":{"text":"Exclus\u00e3o","link":"https:\/\/cfcontabil.com\/cf\/tag\/exclusao\/"},"img":{"alt_text":"","src":"https:\/\/i0.wp.com\/cfcontabil.com\/cf\/wp-content\/uploads\/2020\/01\/exclusao-simples-nacional.jpg?fit=600%2C310&ssl=1&resize=350%2C200","width":350,"height":200,"srcset":"https:\/\/i0.wp.com\/cfcontabil.com\/cf\/wp-content\/uploads\/2020\/01\/exclusao-simples-nacional.jpg?fit=600%2C310&ssl=1&resize=350%2C200 1x, https:\/\/i0.wp.com\/cfcontabil.com\/cf\/wp-content\/uploads\/2020\/01\/exclusao-simples-nacional.jpg?fit=600%2C310&ssl=1&resize=525%2C300 1.5x"},"classes":[]},{"id":1232,"url":"https:\/\/cfcontabil.com\/cf\/receita-vai-fiscalizar-143-mil-contribuintes-e-espera-recuperar-r-143-bilhoes\/","url_meta":{"origin":1109,"position":3},"title":"Receita vai fiscalizar 14,3 mil contribuintes e espera recuperar R$ 143 bilh\u00f5es","author":"Ab\u00edlio Gon\u00e7alves","date":"6 de mar\u00e7o de 2017","format":false,"excerpt":"Mais de 14,3 mil contribuintes est\u00e3o na mira da fiscaliza\u00e7\u00e3o da Receita Federal este ano. A expectativa do Fisco \u00e9 a recupera\u00e7\u00e3o de R$ 143,4 bilh\u00f5es referente a impostos, multas e juros. Em 2016, a Receita autuou contribuintes que passaram a dever R$ 121,6 bilh\u00f5es, abaixo da expectativa de R$\u2026","rel":"","context":"Em &quot;Departamento Fiscal&quot;","block_context":{"text":"Departamento Fiscal","link":"https:\/\/cfcontabil.com\/cf\/category\/df\/"},"img":{"alt_text":"","src":"https:\/\/i0.wp.com\/cfcontabil.com\/cf\/wp-content\/uploads\/2016\/04\/notebook-1.jpg?fit=627%2C400&ssl=1&resize=350%2C200","width":350,"height":200,"srcset":"https:\/\/i0.wp.com\/cfcontabil.com\/cf\/wp-content\/uploads\/2016\/04\/notebook-1.jpg?fit=627%2C400&ssl=1&resize=350%2C200 1x, https:\/\/i0.wp.com\/cfcontabil.com\/cf\/wp-content\/uploads\/2016\/04\/notebook-1.jpg?fit=627%2C400&ssl=1&resize=525%2C300 1.5x"},"classes":[]},{"id":412,"url":"https:\/\/cfcontabil.com\/cf\/agendamento-da-opcao-pelo-simples-nacional-2014\/","url_meta":{"origin":1109,"position":4},"title":"Agendamento da Op\u00e7\u00e3o pelo Simples Nacional 2014","author":"Vin\u00edcius Moizinho","date":"4 de dezembro de 2013","format":false,"excerpt":"Bom dia, prezados! O recado hoje \u00e9 bem r\u00e1pido. Gostar\u00edamos de lembr\u00e1-los que j\u00e1\u00a0est\u00e1 dispon\u00edvel o servi\u00e7o de agendamento da op\u00e7\u00e3o pelo Simples Nacional para o ano-calend\u00e1rio 2014.\u00a0 \u00a0 Confira maiores detalhes! Agendamento para o ano-calend\u00e1rio 2014 Conforme \u00e9 explicado pela Receita Federal, esse servi\u00e7o objetiva facilitar o processo de\u2026","rel":"","context":"Em &quot;Contabilidade em geral&quot;","block_context":{"text":"Contabilidade em geral","link":"https:\/\/cfcontabil.com\/cf\/category\/contabilidade-2\/"},"img":{"alt_text":"","src":"https:\/\/i0.wp.com\/www.mauronegruni.com.br\/wp-content\/uploads\/2013\/09\/simplesNacional2192-300x3001.jpg?resize=350%2C200","width":350,"height":200},"classes":[]},{"id":1215,"url":"https:\/\/cfcontabil.com\/cf\/receita-federal-vai-notificar-14-mil-empresas-suspeitas-de-sonegacao\/","url_meta":{"origin":1109,"position":5},"title":"Receita Federal vai notificar 14 mil empresas suspeitas de sonega\u00e7\u00e3o","author":"Ab\u00edlio Gon\u00e7alves","date":"17 de fevereiro de 2017","format":false,"excerpt":"Contribuintes prestaram informa\u00e7\u00f5es incorretas para n\u00e3o pagar al\u00edquota de 20% da contribui\u00e7\u00e3o patronal BRAS\u00cdLIA - A Receita Federal come\u00e7ou, nesta quarta-feira, a notificar 14 mil empresas que foram inclu\u00eddas na malha fina das pessoas jur\u00eddicas por suspeita de sonega\u00e7\u00e3o. De acordo com o Fisco, essa \u00e9 a primeira etapa de\u2026","rel":"","context":"Em &quot;Departamento Fiscal&quot;","block_context":{"text":"Departamento Fiscal","link":"https:\/\/cfcontabil.com\/cf\/category\/df\/"},"img":{"alt_text":"","src":"https:\/\/i0.wp.com\/ogimg.infoglobo.com.br\/economia\/19926885-a76-0ae\/FT1086A\/420\/dinheiro5.jpg?resize=350%2C200&ssl=1","width":350,"height":200,"srcset":"https:\/\/i0.wp.com\/ogimg.infoglobo.com.br\/economia\/19926885-a76-0ae\/FT1086A\/420\/dinheiro5.jpg?resize=350%2C200&ssl=1 1x, https:\/\/i0.wp.com\/ogimg.infoglobo.com.br\/economia\/19926885-a76-0ae\/FT1086A\/420\/dinheiro5.jpg?resize=525%2C300&ssl=1 1.5x"},"classes":[]}],"jetpack_likes_enabled":true,"_links":{"self":[{"href":"https:\/\/cfcontabil.com\/cf\/wp-json\/wp\/v2\/posts\/1109","targetHints":{"allow":["GET"]}}],"collection":[{"href":"https:\/\/cfcontabil.com\/cf\/wp-json\/wp\/v2\/posts"}],"about":[{"href":"https:\/\/cfcontabil.com\/cf\/wp-json\/wp\/v2\/types\/post"}],"author":[{"embeddable":true,"href":"https:\/\/cfcontabil.com\/cf\/wp-json\/wp\/v2\/users\/3"}],"replies":[{"embeddable":true,"href":"https:\/\/cfcontabil.com\/cf\/wp-json\/wp\/v2\/comments?post=1109"}],"version-history":[{"count":0,"href":"https:\/\/cfcontabil.com\/cf\/wp-json\/wp\/v2\/posts\/1109\/revisions"}],"wp:featuredmedia":[{"embeddable":true,"href":"https:\/\/cfcontabil.com\/cf\/wp-json\/wp\/v2\/media\/862"}],"wp:attachment":[{"href":"https:\/\/cfcontabil.com\/cf\/wp-json\/wp\/v2\/media?parent=1109"}],"wp:term":[{"taxonomy":"category","embeddable":true,"href":"https:\/\/cfcontabil.com\/cf\/wp-json\/wp\/v2\/categories?post=1109"},{"taxonomy":"post_tag","embeddable":true,"href":"https:\/\/cfcontabil.com\/cf\/wp-json\/wp\/v2\/tags?post=1109"}],"curies":[{"name":"wp","href":"https:\/\/api.w.org\/{rel}","templated":true}]}}