{"id":1111,"date":"2017-04-06T12:00:46","date_gmt":"2017-04-06T15:00:46","guid":{"rendered":"http:\/\/cfcontabil.com\/cf\/?p=1111"},"modified":"2017-04-06T12:00:46","modified_gmt":"2017-04-06T15:00:46","slug":"empresas-ganharao-com-nova-regra-de-eireli","status":"publish","type":"post","link":"https:\/\/cfcontabil.com\/cf\/empresas-ganharao-com-nova-regra-de-eireli\/","title":{"rendered":"Empresas ganhar\u00e3o com nova regra de Eireli"},"content":{"rendered":"<p>Especialistas apontam que companhias perder\u00e3o menos tempo gra\u00e7as ao fim da inseguran\u00e7a que permeava a cria\u00e7\u00e3o por pessoa jur\u00eddica de categoria empresarial constitu\u00edda de apenas um s\u00f3cio<\/p>\n<p>S\u00e3o Paulo &#8211; Gra\u00e7as a uma mudan\u00e7a no regramento, as companhias poder\u00e3o abrir Empresa Individual de Responsabilidade Limitada (Eireli). A novidade resultar\u00e1 em expressivo ganho de tempo, de acordo com especialistas ouvidos pelo DCI.<\/p>\n<p>Segundo o s\u00f3cio-fundador do escrit\u00f3rio que leva o seu nome, F\u00e1bio Ulhoa Coelho, a mudan\u00e7a nas regras realizada pelo Departamento de Registro Empresarial e Integra\u00e7\u00e3o (DREI) &#8211; \u00f3rg\u00e3o subordinado \u00e0 Secretaria Especial da Micro e Pequena Empresa &#8211; \u00e9 um importante passo em dire\u00e7\u00e3o \u00e0 redu\u00e7\u00e3o da burocracia.<\/p>\n<p>&#8220;As regras ficam mais claras para as empresas, o que contribui para barateamento e agilidade. Vai haver uma relevante economia em tempo&#8221;, avalia o advogado.<\/p>\n<p><!--more--><br \/>\nAntes da mudan\u00e7a promovida pela DREI, apenas pessoas f\u00edsicas poderiam constituir Eireli, o que levava a muitas a\u00e7\u00f5es na Justi\u00e7a por parte de empresas que tamb\u00e9m queriam ter esse direito. &#8220;Era uma irregularidade por parte do \u00f3rg\u00e3o. Se uma empresa tentasse fazer o registro, ela n\u00e3o conseguiria a menos que houvesse a\u00e7\u00e3o judicial&#8221;, observa a especialista em Direito Empresarial do Barbero Advogados, Camila de Godoy.<\/p>\n<p>A advogada ressalta que as companhias sofriam com a inseguran\u00e7a jur\u00eddica que pairava em torno do tema antes da altera\u00e7\u00e3o. Ela lembra que muitos empres\u00e1rios n\u00e3o sabiam se era uma boa ideia ou n\u00e3o tentar o registro, j\u00e1 que a Lei 12.441, respons\u00e1vel pela regulamenta\u00e7\u00e3o das Eireli n\u00e3o fazia qualquer tipo de distin\u00e7\u00e3o entre pessoas f\u00edsicas e jur\u00eddicas, ao mesmo tempo em que a norma da DREI era bastante inflex\u00edvel nesse assunto.<\/p>\n<p>&#8220;Foi uma decis\u00e3o muito oportuna do \u00f3rg\u00e3o. Tratava-se de um erro o que essa instru\u00e7\u00e3o normativa fazia quando n\u00e3o permitia a constitui\u00e7\u00e3o de Eireli por empresas&#8221;, comenta o s\u00f3cio do F\u00e1bio Ulhoa Coelho Advogados Associados.<\/p>\n<p>Para o advogado, havia uma vis\u00e3o equivocada por parte do governo de que se fosse poss\u00edvel a cria\u00e7\u00e3o de Empresa Individual por pessoa jur\u00eddica, haveria um risco maior de fraude, o que nunca foi provado. &#8220;A verdade \u00e9 que n\u00e3o existe fraude que s\u00f3 seja poss\u00edvel por esse instrumento&#8221; , comenta.<\/p>\n<p>A Eireli \u00e9 uma categoria de empresa criada em 2011, que pode ser constitu\u00edda por apenas um s\u00f3cio. Na opini\u00e3o de Ulhoa Coelho, fazer uma Eireli \u00e9 uma vantagem muito interessante para as empresas, que podem separar opera\u00e7\u00f5es e diversificar riscos. &#8220;Se o grupo empresarial colocasse todas as suas atividades em uma pessoa jur\u00eddica s\u00f3, uma atividade lucrativa poderia ser impactada negativamente por outra que est\u00e3o indo mal&#8221;, expressa.<\/p>\n<p>Atalhos<\/p>\n<p>Coelho lembra que a DREI n\u00e3o permitia a cria\u00e7\u00e3o de Eireli por empresas, as companhias quando n\u00e3o entravam com a\u00e7\u00f5es judiciais, causando ainda mais press\u00e3o sobre um Judici\u00e1rio que j\u00e1 est\u00e1 sobrecarregado de processos, encontravam atalhos. Um deles era a cria\u00e7\u00e3o de sociedades limitadas dentro do pr\u00f3prio grupo, muitas vezes com o uso da figura conhecida como &#8220;s\u00f3cio fict\u00edcio&#8221;, o que s\u00f3 piorava a imagem do ambiente de neg\u00f3cios brasileiro. &#8220;Com a situa\u00e7\u00e3o anterior, ficava uma impress\u00e3o de que as leis brasileiras eram atrasadas e estimulavam situa\u00e7\u00f5es irregulares&#8221;, conta o especialista.<\/p>\n<p>Apesar dos avan\u00e7os, Camila acredita que ainda h\u00e1 alguns pontos que podem ser melhor explicados em instru\u00e7\u00f5es normativas futuras. Um deles \u00e9 a falta de previs\u00e3o para a possibilidade de uma pessoa jur\u00eddica possuir mais do que uma Eireli. &#8220;Uma pessoa f\u00edsica s\u00f3 pode ter uma Eireli, mas se for uma pessoa jur\u00eddica, s\u00f3cios diferentes podem ter diferentes Eirelis? Os mesmos s\u00f3cios podem ser donos de mais de uma? Isso n\u00e3o ficou claro&#8221;, avalia a especialista.<\/p>\n<p>Camila defende que se aproveite esse momento para que o \u00f3rg\u00e3o regulador pense melhor nos pormenores das suas normas. E ela v\u00ea a a\u00e7\u00e3o das empresas como fundamental. &#8220;Os mandados de seguran\u00e7a motivaram a primeira mudan\u00e7a. A cria\u00e7\u00e3o de lit\u00edgios pode resultar no aprimoramento da reda\u00e7\u00e3o das novas regras.&#8221;<\/p>\n<p>Fonte: FENACON<\/p>\n","protected":false},"excerpt":{"rendered":"<p>Especialistas apontam que companhias perder\u00e3o menos tempo gra\u00e7as ao fim da inseguran\u00e7a que permeava a cria\u00e7\u00e3o por pessoa jur\u00eddica de categoria empresarial constitu\u00edda de apenas um s\u00f3cio S\u00e3o Paulo &#8211; Gra\u00e7as a uma mudan\u00e7a no regramento, as companhias poder\u00e3o abrir Empresa Individual de Responsabilidade Limitada (Eireli). A novidade resultar\u00e1 em expressivo ganho de tempo, de [&hellip;]<\/p>\n","protected":false},"author":3,"featured_media":1112,"comment_status":"open","ping_status":"open","sticky":false,"template":"","format":"standard","meta":{"jetpack_post_was_ever_published":false,"_jetpack_newsletter_access":"","_jetpack_dont_email_post_to_subs":false,"_jetpack_newsletter_tier_id":0,"_jetpack_memberships_contains_paywalled_content":false,"_jetpack_memberships_contains_paid_content":false,"footnotes":"","jetpack_publicize_message":"","jetpack_publicize_feature_enabled":true,"jetpack_social_post_already_shared":true,"jetpack_social_options":{"image_generator_settings":{"template":"highway","default_image_id":0,"font":"","enabled":false},"version":2}},"categories":[60],"tags":[484,485,303,169,107,256,288,110,486],"class_list":["post-1111","post","type-post","status-publish","format-standard","has-post-thumbnail","hentry","category-consultoria","tag-drei","tag-eireli","tag-empresa","tag-empresario","tag-fisica","tag-individual","tag-juridica","tag-pessoa","tag-socio"],"jetpack_publicize_connections":[],"jetpack_featured_media_url":"https:\/\/i0.wp.com\/cfcontabil.com\/cf\/wp-content\/uploads\/2017\/04\/EIRELI-930x304-1.png?fit=930%2C304&ssl=1","jetpack_sharing_enabled":true,"jetpack_shortlink":"https:\/\/wp.me\/p2wklX-hV","jetpack-related-posts":[{"id":2125,"url":"https:\/\/cfcontabil.com\/cf\/mudanca-na-assinatura-digital-na-junta-comercial-drei-n-075-2020\/","url_meta":{"origin":1111,"position":0},"title":"MUDAN\u00c7A NA ASSINATURA DIGITAL NA JUNTA COMERCIAL &#8211; DREI N\u00b0 075\/2020","author":"Ab\u00edlio Gon\u00e7alves","date":"27 de fevereiro de 2020","format":false,"excerpt":"ASSINATURA DIGITAL DE ATOS E DOCUMENTOS LEVADOS A REGISTRO NA JUNTA COMERCIAL - DREI N\u00b0 075\/2020 Foi publicada no D.O.U (19.02.2020) a Instru\u00e7\u00e3o Normativa DREI n\u00b0 75\/2020\u00a0que trata sobre a assinatura digital de atos e documentos levados a registro na Junta Comercial, onde,\u00a0a partir de 02.03.2020, passa a ser aceita\u2026","rel":"","context":"Em &quot;Consultoria Empresarial&quot;","block_context":{"text":"Consultoria Empresarial","link":"https:\/\/cfcontabil.com\/cf\/category\/consultoria\/"},"img":{"alt_text":"","src":"https:\/\/i0.wp.com\/cfcontabil.com\/cf\/wp-content\/uploads\/2020\/02\/Assinatura-digital-Junta-Comercial-2.jpeg?fit=1080%2C1080&ssl=1&resize=350%2C200","width":350,"height":200,"srcset":"https:\/\/i0.wp.com\/cfcontabil.com\/cf\/wp-content\/uploads\/2020\/02\/Assinatura-digital-Junta-Comercial-2.jpeg?fit=1080%2C1080&ssl=1&resize=350%2C200 1x, https:\/\/i0.wp.com\/cfcontabil.com\/cf\/wp-content\/uploads\/2020\/02\/Assinatura-digital-Junta-Comercial-2.jpeg?fit=1080%2C1080&ssl=1&resize=525%2C300 1.5x, https:\/\/i0.wp.com\/cfcontabil.com\/cf\/wp-content\/uploads\/2020\/02\/Assinatura-digital-Junta-Comercial-2.jpeg?fit=1080%2C1080&ssl=1&resize=700%2C400 2x, https:\/\/i0.wp.com\/cfcontabil.com\/cf\/wp-content\/uploads\/2020\/02\/Assinatura-digital-Junta-Comercial-2.jpeg?fit=1080%2C1080&ssl=1&resize=1050%2C600 3x"},"classes":[]},{"id":1864,"url":"https:\/\/cfcontabil.com\/cf\/empresas-poderao-abrir-filiais-em-outros-estados-instantaneamente\/","url_meta":{"origin":1111,"position":1},"title":"Empresas poder\u00e3o abrir filiais em outros estados instantaneamente","author":"Ab\u00edlio Gon\u00e7alves","date":"8 de novembro de 2019","format":false,"excerpt":"Altera\u00e7\u00f5es, transfer\u00eancias e extin\u00e7\u00f5es tamb\u00e9m ficam mais r\u00e1pidas. At\u00e9 recentemente, a abertura de filiais em outros estados demorava v\u00e1rias semanas. A abertura de filiais de empresas em estados fora da sede passou a ser instant\u00e2nea. Por meio da integra\u00e7\u00e3o digital das juntas comerciais, o registro de outras unidades em outros\u2026","rel":"","context":"Em &quot;Consultoria Empresarial&quot;","block_context":{"text":"Consultoria Empresarial","link":"https:\/\/cfcontabil.com\/cf\/category\/consultoria\/"},"img":{"alt_text":"","src":"https:\/\/i0.wp.com\/cfcontabil.com\/cf\/wp-content\/uploads\/2019\/11\/filial-filiais.jpg?fit=600%2C340&ssl=1&resize=350%2C200","width":350,"height":200,"srcset":"https:\/\/i0.wp.com\/cfcontabil.com\/cf\/wp-content\/uploads\/2019\/11\/filial-filiais.jpg?fit=600%2C340&ssl=1&resize=350%2C200 1x, https:\/\/i0.wp.com\/cfcontabil.com\/cf\/wp-content\/uploads\/2019\/11\/filial-filiais.jpg?fit=600%2C340&ssl=1&resize=525%2C300 1.5x"},"classes":[]},{"id":1135,"url":"https:\/\/cfcontabil.com\/cf\/microempreendedor-individual-tambem-precisa-declarar-ir\/","url_meta":{"origin":1111,"position":2},"title":"Microempreendedor individual tamb\u00e9m precisa declarar IR","author":"Ab\u00edlio Gon\u00e7alves","date":"26 de abril de 2017","format":false,"excerpt":"Mesmo que n\u00e3o tenha emitido nota fiscal, profissional enquadrado como MEI tamb\u00e9m deve prestar contas Com o crescente saldo negativo de postos de trabalho, a sa\u00edda para muitos brasileiros foi virar um Microempreendedor Individual, o MEI. At\u00e9 a \u00faltima semana, o Pa\u00eds tinha 6,8 milh\u00f5es de pessoas registradas com atividade\u2026","rel":"","context":"Em &quot;Departamento Fiscal&quot;","block_context":{"text":"Departamento Fiscal","link":"https:\/\/cfcontabil.com\/cf\/category\/df\/"},"img":{"alt_text":"","src":"https:\/\/i0.wp.com\/cfcontabil.com\/cf\/wp-content\/uploads\/2017\/03\/mei-micro-empreendedor-individual-696x287-1.jpg?fit=696%2C287&ssl=1&resize=350%2C200","width":350,"height":200,"srcset":"https:\/\/i0.wp.com\/cfcontabil.com\/cf\/wp-content\/uploads\/2017\/03\/mei-micro-empreendedor-individual-696x287-1.jpg?fit=696%2C287&ssl=1&resize=350%2C200 1x, https:\/\/i0.wp.com\/cfcontabil.com\/cf\/wp-content\/uploads\/2017\/03\/mei-micro-empreendedor-individual-696x287-1.jpg?fit=696%2C287&ssl=1&resize=525%2C300 1.5x"},"classes":[]},{"id":2044,"url":"https:\/\/cfcontabil.com\/cf\/decreto-facilita-combate-a-fraude-em-abertura-de-empresas\/","url_meta":{"origin":1111,"position":3},"title":"Decreto facilita combate \u00e0 fraude em abertura de empresas","author":"Ab\u00edlio Gon\u00e7alves","date":"6 de janeiro de 2020","format":false,"excerpt":"DESBUROCRATIZA\u00c7\u00c3O Novas regras simplificam a identifica\u00e7\u00e3o de falsifica\u00e7\u00f5es e melhora ambiente de neg\u00f3cios no pa\u00eds O\u00a0Decreto n\u00ba 10.173, de 16 de dezembro de 2019, tem o objetivo de simplificar a vida das pessoas que foram v\u00edtimas de falsifica\u00e7\u00f5es de documentos durante a abertura ou outros atos relacionados a empresas no\u2026","rel":"","context":"Em &quot;Geral&quot;","block_context":{"text":"Geral","link":"https:\/\/cfcontabil.com\/cf\/category\/geral\/"},"img":{"alt_text":"","src":"https:\/\/i0.wp.com\/cfcontabil.com\/cf\/wp-content\/uploads\/2020\/01\/desburocratizacao.jpg?fit=606%2C454&ssl=1&resize=350%2C200","width":350,"height":200,"srcset":"https:\/\/i0.wp.com\/cfcontabil.com\/cf\/wp-content\/uploads\/2020\/01\/desburocratizacao.jpg?fit=606%2C454&ssl=1&resize=350%2C200 1x, https:\/\/i0.wp.com\/cfcontabil.com\/cf\/wp-content\/uploads\/2020\/01\/desburocratizacao.jpg?fit=606%2C454&ssl=1&resize=525%2C300 1.5x"},"classes":[]},{"id":844,"url":"https:\/\/cfcontabil.com\/cf\/entrega-da-rais-2016-sera-ate-dia-17-de-marco\/","url_meta":{"origin":1111,"position":4},"title":"Entrega da RAIS 2016 ser\u00e1 at\u00e9 dia 17 de mar\u00e7o","author":"Ab\u00edlio Gon\u00e7alves","date":"23 de janeiro de 2017","format":false,"excerpt":"Quem n\u00e3o cumprir o prazo pagar\u00e1 multa que pode chegar a R$ 42.641,00 O per\u00edodo para entrega da declara\u00e7\u00e3o da Rela\u00e7\u00e3o Anual de Informa\u00e7\u00f5es Sociais (RAIS) de 2016 iniciou no\u00a0dia 17 de janeiro e se estende at\u00e9 17 de mar\u00e7o. S\u00e3o obrigadas a preencher o documento todas as pessoas jur\u00eddicas\u2026","rel":"","context":"Em &quot;Departamento Pessoal&quot;","block_context":{"text":"Departamento Pessoal","link":"https:\/\/cfcontabil.com\/cf\/category\/dp\/"},"img":{"alt_text":"","src":"https:\/\/i0.wp.com\/cfcontabil.com\/cf\/wp-content\/uploads\/2017\/01\/rais-1280x720-1.jpg?fit=1200%2C675&ssl=1&resize=350%2C200","width":350,"height":200,"srcset":"https:\/\/i0.wp.com\/cfcontabil.com\/cf\/wp-content\/uploads\/2017\/01\/rais-1280x720-1.jpg?fit=1200%2C675&ssl=1&resize=350%2C200 1x, https:\/\/i0.wp.com\/cfcontabil.com\/cf\/wp-content\/uploads\/2017\/01\/rais-1280x720-1.jpg?fit=1200%2C675&ssl=1&resize=525%2C300 1.5x, https:\/\/i0.wp.com\/cfcontabil.com\/cf\/wp-content\/uploads\/2017\/01\/rais-1280x720-1.jpg?fit=1200%2C675&ssl=1&resize=700%2C400 2x, https:\/\/i0.wp.com\/cfcontabil.com\/cf\/wp-content\/uploads\/2017\/01\/rais-1280x720-1.jpg?fit=1200%2C675&ssl=1&resize=1050%2C600 3x"},"classes":[]},{"id":2664,"url":"https:\/\/cfcontabil.com\/cf\/mei-confira-quais-profissionais-nao-podem-abrir-registro-na-categoria\/","url_meta":{"origin":1111,"position":5},"title":"MEI: confira quais profissionais n\u00e3o podem abrir registro na categoria","author":"Ab\u00edlio Gon\u00e7alves","date":"19 de novembro de 2021","format":false,"excerpt":"A categoria est\u00e1 em evid\u00eancia e cerca de 80% das empresas abertas em 2021 foram como Microempreendedor Individual, mas nem todos podem aderir ao regime. O Microempreendedor Individual\u00a0(MEI)\u00a0\u00e9 um regime tribut\u00e1rio que permite que o pequeno empres\u00e1rio formalize seu neg\u00f3cio e usufrua de diversos benef\u00edcios e direitos contribuindo mensalmente com\u2026","rel":"","context":"Em &quot;Departamento Fiscal&quot;","block_context":{"text":"Departamento Fiscal","link":"https:\/\/cfcontabil.com\/cf\/category\/df\/"},"img":{"alt_text":"","src":"https:\/\/i0.wp.com\/cfcontabil.com\/cf\/wp-content\/uploads\/2019\/12\/mei.jpg?fit=600%2C310&ssl=1&resize=350%2C200","width":350,"height":200,"srcset":"https:\/\/i0.wp.com\/cfcontabil.com\/cf\/wp-content\/uploads\/2019\/12\/mei.jpg?fit=600%2C310&ssl=1&resize=350%2C200 1x, https:\/\/i0.wp.com\/cfcontabil.com\/cf\/wp-content\/uploads\/2019\/12\/mei.jpg?fit=600%2C310&ssl=1&resize=525%2C300 1.5x"},"classes":[]}],"jetpack_likes_enabled":true,"_links":{"self":[{"href":"https:\/\/cfcontabil.com\/cf\/wp-json\/wp\/v2\/posts\/1111","targetHints":{"allow":["GET"]}}],"collection":[{"href":"https:\/\/cfcontabil.com\/cf\/wp-json\/wp\/v2\/posts"}],"about":[{"href":"https:\/\/cfcontabil.com\/cf\/wp-json\/wp\/v2\/types\/post"}],"author":[{"embeddable":true,"href":"https:\/\/cfcontabil.com\/cf\/wp-json\/wp\/v2\/users\/3"}],"replies":[{"embeddable":true,"href":"https:\/\/cfcontabil.com\/cf\/wp-json\/wp\/v2\/comments?post=1111"}],"version-history":[{"count":0,"href":"https:\/\/cfcontabil.com\/cf\/wp-json\/wp\/v2\/posts\/1111\/revisions"}],"wp:featuredmedia":[{"embeddable":true,"href":"https:\/\/cfcontabil.com\/cf\/wp-json\/wp\/v2\/media\/1112"}],"wp:attachment":[{"href":"https:\/\/cfcontabil.com\/cf\/wp-json\/wp\/v2\/media?parent=1111"}],"wp:term":[{"taxonomy":"category","embeddable":true,"href":"https:\/\/cfcontabil.com\/cf\/wp-json\/wp\/v2\/categories?post=1111"},{"taxonomy":"post_tag","embeddable":true,"href":"https:\/\/cfcontabil.com\/cf\/wp-json\/wp\/v2\/tags?post=1111"}],"curies":[{"name":"wp","href":"https:\/\/api.w.org\/{rel}","templated":true}]}}