{"id":1120,"date":"2017-04-12T07:47:45","date_gmt":"2017-04-12T10:47:45","guid":{"rendered":"http:\/\/cfcontabil.com\/cf\/?p=1120"},"modified":"2017-04-12T07:47:45","modified_gmt":"2017-04-12T10:47:45","slug":"mercado-financeiro-volta-a-reduzir-projecao-da-selic","status":"publish","type":"post","link":"https:\/\/cfcontabil.com\/cf\/mercado-financeiro-volta-a-reduzir-projecao-da-selic\/","title":{"rendered":"Mercado financeiro volta a reduzir proje\u00e7\u00e3o da Selic"},"content":{"rendered":"<p>Publica\u00e7\u00e3o divulgada pelo Banco Central revela que economistas passam a ver cen\u00e1rio de juros e infla\u00e7\u00e3o ainda menor para este ano.<\/p>\n<p>Diante da queda dos pre\u00e7os e do otimismo com a economia, os analistas do mercado financeiro reduziram mais uma vez a previs\u00e3o de juros neste ano. A aposta dos economistas \u00e9 de que a taxa b\u00e1sica de juros, a Selic, encerre o ano em 8,50%. Semana passada, essa mesma proje\u00e7\u00e3o era de 8,75%.<\/p>\n<p>As informa\u00e7\u00f5es fazem parte do Boletim Focus, uma publica\u00e7\u00e3o semanal que re\u00fane as proje\u00e7\u00f5es de cerca de 100 analistas. O Banco Central \u00e9 o respons\u00e1vel por coletar os dados e divulg\u00e1-los.<\/p>\n<p>Nesta semana, o Comit\u00ea de Pol\u00edtica Monet\u00e1ria (Copom) volta a se reunir para decidir o novo patamar da Selic, que valer\u00e1 pelos pr\u00f3ximos 45 dias. Na \u00faltima reuni\u00e3o, a diretoria do Banco Central reduziu a taxa de juros de de 13% ao ano para 12,25%.<\/p>\n<p>Diante dessa redu\u00e7\u00e3o, o mercado financeiro voltou a projetar um cen\u00e1rio melhor para o custo de vida dos brasileiros, pela quinta semana consecutiva. Em 2017, a estimativa dos analistas \u00e9 de que a infla\u00e7\u00e3o encerre o ano em 4,09%, dentro da meta perseguida pelo Banco Central, fixada em 4,5% (podendo variar 1,5 ponto percentual para cima ou para baixo). H\u00e1 uma semana, essa mesma proje\u00e7\u00e3o era de 4,10%.<\/p>\n<p>Para 2018, os analistas acreditam que o \u00cdndice de Pre\u00e7os ao Consumidor Amplo (IPCA), indicador da infla\u00e7\u00e3o oficial, fique um pouco abaixo da meta seguida pelo BC, em 4,46%.<\/p>\n<p>Com esse panorama, os analistas mantiveram a expectativa para o crescimento da economia em 2018. Os economistas acreditam que o Produto Interno Bruto (PIB) crescer\u00e1 2,50% no pr\u00f3ximo ano.<\/p>\n","protected":false},"excerpt":{"rendered":"<p>Publica\u00e7\u00e3o divulgada pelo Banco Central revela que economistas passam a ver cen\u00e1rio de juros e infla\u00e7\u00e3o ainda menor para este ano. Diante da queda dos pre\u00e7os e do otimismo com a economia, os analistas do mercado financeiro reduziram mais uma vez a previs\u00e3o de juros neste ano. A aposta dos economistas \u00e9 de que a [&hellip;]<\/p>\n","protected":false},"author":3,"featured_media":850,"comment_status":"open","ping_status":"open","sticky":false,"template":"","format":"standard","meta":{"jetpack_post_was_ever_published":false,"_jetpack_newsletter_access":"","_jetpack_dont_email_post_to_subs":false,"_jetpack_newsletter_tier_id":0,"_jetpack_memberships_contains_paywalled_content":false,"_jetpack_memberships_contains_paid_content":false,"footnotes":"","jetpack_publicize_message":"Diante da queda dos pre\u00e7os e do otimismo com a economia, os analistas do mercado financeiro reduziram mais uma vez a previs\u00e3o de juros neste ano. A aposta dos economistas \u00e9 de que a taxa b\u00e1sica de juros, a Selic, encerre o ano em 8,50%. Semana passada, essa mesma proje\u00e7\u00e3o era de 8,75%.","jetpack_publicize_feature_enabled":true,"jetpack_social_post_already_shared":true,"jetpack_social_options":{"image_generator_settings":{"template":"highway","default_image_id":0,"font":"","enabled":false},"version":2}},"categories":[22],"tags":[341,487,488,489],"class_list":["post-1120","post","type-post","status-publish","format-standard","has-post-thumbnail","hentry","category-geral","tag-economia","tag-juros","tag-selic","tag-taxa"],"jetpack_publicize_connections":[],"jetpack_featured_media_url":"https:\/\/i0.wp.com\/cfcontabil.com\/cf\/wp-content\/uploads\/2017\/01\/Moedas-1-real-1.jpg?fit=810%2C455&ssl=1","jetpack_sharing_enabled":true,"jetpack_shortlink":"https:\/\/wp.me\/p2wklX-i4","jetpack-related-posts":[{"id":2133,"url":"https:\/\/cfcontabil.com\/cf\/antecipacao-de-irpf-ofertas-dos-bancos-atraem-contribuintes-atencao-as-regras\/","url_meta":{"origin":1120,"position":0},"title":"Antecipa\u00e7\u00e3o de IRPF: ofertas dos Bancos atraem contribuintes, aten\u00e7\u00e3o as regras!","author":"Ab\u00edlio Gon\u00e7alves","date":"6 de mar\u00e7o de 2020","format":false,"excerpt":"Com juros mais baixos que o normal,\u00a0 muitos contribuintes contratam empr\u00e9stimo para antecipar a devolu\u00e7\u00e3o do IR. Sem planejamento e estudo, na maioria dos casos n\u00e3o \u00e9 muito vantajoso. No geral, s\u00f3 vale a pena se houver urg\u00eancia para receber o dinheiro. Os principais bancos em opera\u00e7\u00e3o no Brasil anunciaram\u2026","rel":"","context":"Em &quot;Departamento Fiscal&quot;","block_context":{"text":"Departamento Fiscal","link":"https:\/\/cfcontabil.com\/cf\/category\/df\/"},"img":{"alt_text":"","src":"https:\/\/i0.wp.com\/cfcontabil.com\/cf\/wp-content\/uploads\/2020\/03\/IRPF-ANTECIPA%C3%87%C3%83O-RESTITUI%C3%87%C3%83O.jpeg?fit=1200%2C675&ssl=1&resize=350%2C200","width":350,"height":200,"srcset":"https:\/\/i0.wp.com\/cfcontabil.com\/cf\/wp-content\/uploads\/2020\/03\/IRPF-ANTECIPA%C3%87%C3%83O-RESTITUI%C3%87%C3%83O.jpeg?fit=1200%2C675&ssl=1&resize=350%2C200 1x, https:\/\/i0.wp.com\/cfcontabil.com\/cf\/wp-content\/uploads\/2020\/03\/IRPF-ANTECIPA%C3%87%C3%83O-RESTITUI%C3%87%C3%83O.jpeg?fit=1200%2C675&ssl=1&resize=525%2C300 1.5x, https:\/\/i0.wp.com\/cfcontabil.com\/cf\/wp-content\/uploads\/2020\/03\/IRPF-ANTECIPA%C3%87%C3%83O-RESTITUI%C3%87%C3%83O.jpeg?fit=1200%2C675&ssl=1&resize=700%2C400 2x, https:\/\/i0.wp.com\/cfcontabil.com\/cf\/wp-content\/uploads\/2020\/03\/IRPF-ANTECIPA%C3%87%C3%83O-RESTITUI%C3%87%C3%83O.jpeg?fit=1200%2C675&ssl=1&resize=1050%2C600 3x"},"classes":[]},{"id":1939,"url":"https:\/\/cfcontabil.com\/cf\/dolar-acima-de-r-420-pressiona-custos-e-preocupa-empresarios\/","url_meta":{"origin":1120,"position":1},"title":"D\u00f3lar acima de R$ 4,20 pressiona custos e preocupa empres\u00e1rios","author":"Ab\u00edlio Gon\u00e7alves","date":"21 de novembro de 2019","format":false,"excerpt":"Cota\u00e7\u00e3o recorde da moeda americana j\u00e1 encarece os combust\u00edveis, afeta compra de produtos no varejo e reacende temor da alta da infla\u00e7\u00e3o A Petrobras anunciou nesta ter\u00e7a-feira (19\/11) o reajuste de 2,8% no pre\u00e7o da gasolina nas refinarias, um dia depois de o\u00a0d\u00f3lar\u00a0alcan\u00e7ar sua\u00a0maior cota\u00e7\u00e3o nominal\u00a0da hist\u00f3ria e bater R$\u2026","rel":"","context":"Em &quot;Geral&quot;","block_context":{"text":"Geral","link":"https:\/\/cfcontabil.com\/cf\/category\/geral\/"},"img":{"alt_text":"","src":"https:\/\/i0.wp.com\/cfcontabil.com\/cf\/wp-content\/uploads\/2019\/11\/dolar-notas.jpg?fit=704%2C435&ssl=1&resize=350%2C200","width":350,"height":200,"srcset":"https:\/\/i0.wp.com\/cfcontabil.com\/cf\/wp-content\/uploads\/2019\/11\/dolar-notas.jpg?fit=704%2C435&ssl=1&resize=350%2C200 1x, https:\/\/i0.wp.com\/cfcontabil.com\/cf\/wp-content\/uploads\/2019\/11\/dolar-notas.jpg?fit=704%2C435&ssl=1&resize=525%2C300 1.5x, https:\/\/i0.wp.com\/cfcontabil.com\/cf\/wp-content\/uploads\/2019\/11\/dolar-notas.jpg?fit=704%2C435&ssl=1&resize=700%2C400 2x"},"classes":[]},{"id":2625,"url":"https:\/\/cfcontabil.com\/cf\/sistema-bancario-aberto-deve-reduzir-custo-do-credito\/","url_meta":{"origin":1120,"position":2},"title":"Sistema banc\u00e1rio aberto deve reduzir custo do cr\u00e9dito","author":"Ab\u00edlio Gon\u00e7alves","date":"13 de agosto de 2021","format":false,"excerpt":"A partir desta sexta-feira (13), a rela\u00e7\u00e3o dos brasileiros com os bancos vai come\u00e7ar a mudar, com a entrada em vigor do Open Banking. A partir desta sexta-feira (13), a rela\u00e7\u00e3o dos brasileiros com os bancos vai come\u00e7ar a mudar, com a entrada em vigor do sistema banc\u00e1rio aberto. Um\u2026","rel":"","context":"Em &quot;Geral&quot;","block_context":{"text":"Geral","link":"https:\/\/cfcontabil.com\/cf\/category\/geral\/"},"img":{"alt_text":"","src":"https:\/\/i0.wp.com\/cfcontabil.com\/cf\/wp-content\/uploads\/2020\/03\/dinheiro-caneta.jpg?fit=600%2C310&ssl=1&resize=350%2C200","width":350,"height":200,"srcset":"https:\/\/i0.wp.com\/cfcontabil.com\/cf\/wp-content\/uploads\/2020\/03\/dinheiro-caneta.jpg?fit=600%2C310&ssl=1&resize=350%2C200 1x, https:\/\/i0.wp.com\/cfcontabil.com\/cf\/wp-content\/uploads\/2020\/03\/dinheiro-caneta.jpg?fit=600%2C310&ssl=1&resize=525%2C300 1.5x"},"classes":[]},{"id":1164,"url":"https:\/\/cfcontabil.com\/cf\/receita-paga-hoje-restituicao-residual-do-imposto-de-renda-pessoa-fisica\/","url_meta":{"origin":1120,"position":3},"title":"Receita paga hoje restitui\u00e7\u00e3o residual do Imposto de Renda Pessoa F\u00edsica","author":"Ab\u00edlio Gon\u00e7alves","date":"16 de maio de 2017","format":false,"excerpt":"A Receita Federal paga hoje (15) restitui\u00e7\u00e3o residual do Imposto de Renda da Pessoa F\u00edsica (IRPF), referente aos exerc\u00edcios de 2008 a 2016. O cr\u00e9dito banc\u00e1rio para 128.232 contribuintes totaliza R$ 213,4 milh\u00f5es, dos quais R$ 74,7 milh\u00f5es se referem aos contribuintes com direito a prioridade no recebimento: 22.107 idosos\u2026","rel":"","context":"Em &quot;Departamento Fiscal&quot;","block_context":{"text":"Departamento Fiscal","link":"https:\/\/cfcontabil.com\/cf\/category\/df\/"},"img":{"alt_text":"","src":"https:\/\/i0.wp.com\/cfcontabil.com\/cf\/wp-content\/uploads\/2017\/02\/irpfrfb-1.jpg?fit=640%2C340&ssl=1&resize=350%2C200","width":350,"height":200,"srcset":"https:\/\/i0.wp.com\/cfcontabil.com\/cf\/wp-content\/uploads\/2017\/02\/irpfrfb-1.jpg?fit=640%2C340&ssl=1&resize=350%2C200 1x, https:\/\/i0.wp.com\/cfcontabil.com\/cf\/wp-content\/uploads\/2017\/02\/irpfrfb-1.jpg?fit=640%2C340&ssl=1&resize=525%2C300 1.5x"},"classes":[]},{"id":1927,"url":"https:\/\/cfcontabil.com\/cf\/caixa-oferece-taxas-diferentes-para-incentivar-empreendedorismo-feminino\/","url_meta":{"origin":1120,"position":4},"title":"Caixa oferece taxas diferentes para incentivar empreendedorismo feminino","author":"Ab\u00edlio Gon\u00e7alves","date":"20 de novembro de 2019","format":false,"excerpt":"Para celebrar o\u00a0Dia Mundial do Empreendedorismo Feminino, comemorado nesta ter\u00e7a-feira (dia 19), e tamb\u00e9m para incentivar mais mulheres \u00e0 frente dos neg\u00f3cios, a Caixa Econ\u00f4mica Federal lan\u00e7ou um pacote de vantagens que abrange\u00a0de\u00a0taxas no capital de giro\u00a0\u2014 modalidade de cr\u00e9dito destinada \u00e0s microempreendedoras \u2014\u00a0at\u00e9 cart\u00e3o de cr\u00e9dito com design especial\u2026","rel":"","context":"Em &quot;Consultoria Empresarial&quot;","block_context":{"text":"Consultoria Empresarial","link":"https:\/\/cfcontabil.com\/cf\/category\/consultoria\/"},"img":{"alt_text":"","src":"https:\/\/i0.wp.com\/cfcontabil.com\/cf\/wp-content\/uploads\/2019\/11\/empresaria-produtiva.jpg?fit=622%2C380&ssl=1&resize=350%2C200","width":350,"height":200,"srcset":"https:\/\/i0.wp.com\/cfcontabil.com\/cf\/wp-content\/uploads\/2019\/11\/empresaria-produtiva.jpg?fit=622%2C380&ssl=1&resize=350%2C200 1x, https:\/\/i0.wp.com\/cfcontabil.com\/cf\/wp-content\/uploads\/2019\/11\/empresaria-produtiva.jpg?fit=622%2C380&ssl=1&resize=525%2C300 1.5x"},"classes":[]},{"id":2370,"url":"https:\/\/cfcontabil.com\/cf\/proposta-institui-programa-de-regularizacao-tributaria-em-razao-da-pandemia\/","url_meta":{"origin":1120,"position":5},"title":"Proposta institui programa de regulariza\u00e7\u00e3o tribut\u00e1ria em raz\u00e3o da pandemia","author":"Ab\u00edlio Gon\u00e7alves","date":"10 de novembro de 2020","format":false,"excerpt":"Empresas optantes pelo Simples poder\u00e3o pagar impostos em at\u00e9 180 parcelas O Projeto de Lei Complementar (PLP) 130\/20 institui, para as micro e pequenas empresas optantes pelo Simples Nacional, o Programa Especial de Regulariza\u00e7\u00e3o Tribut\u00e1ria em raz\u00e3o da Covid-19 (PertCovid). Em mar\u00e7o, o Congresso Nacional reconheceu estado de calamidade p\u00fablica\u2026","rel":"","context":"Em &quot;Departamento Fiscal&quot;","block_context":{"text":"Departamento Fiscal","link":"https:\/\/cfcontabil.com\/cf\/category\/df\/"},"img":{"alt_text":"","src":"https:\/\/i0.wp.com\/cfcontabil.com\/cf\/wp-content\/uploads\/2020\/03\/dinheiro-caneta.jpg?fit=600%2C310&ssl=1&resize=350%2C200","width":350,"height":200,"srcset":"https:\/\/i0.wp.com\/cfcontabil.com\/cf\/wp-content\/uploads\/2020\/03\/dinheiro-caneta.jpg?fit=600%2C310&ssl=1&resize=350%2C200 1x, https:\/\/i0.wp.com\/cfcontabil.com\/cf\/wp-content\/uploads\/2020\/03\/dinheiro-caneta.jpg?fit=600%2C310&ssl=1&resize=525%2C300 1.5x"},"classes":[]}],"jetpack_likes_enabled":true,"_links":{"self":[{"href":"https:\/\/cfcontabil.com\/cf\/wp-json\/wp\/v2\/posts\/1120","targetHints":{"allow":["GET"]}}],"collection":[{"href":"https:\/\/cfcontabil.com\/cf\/wp-json\/wp\/v2\/posts"}],"about":[{"href":"https:\/\/cfcontabil.com\/cf\/wp-json\/wp\/v2\/types\/post"}],"author":[{"embeddable":true,"href":"https:\/\/cfcontabil.com\/cf\/wp-json\/wp\/v2\/users\/3"}],"replies":[{"embeddable":true,"href":"https:\/\/cfcontabil.com\/cf\/wp-json\/wp\/v2\/comments?post=1120"}],"version-history":[{"count":0,"href":"https:\/\/cfcontabil.com\/cf\/wp-json\/wp\/v2\/posts\/1120\/revisions"}],"wp:featuredmedia":[{"embeddable":true,"href":"https:\/\/cfcontabil.com\/cf\/wp-json\/wp\/v2\/media\/850"}],"wp:attachment":[{"href":"https:\/\/cfcontabil.com\/cf\/wp-json\/wp\/v2\/media?parent=1120"}],"wp:term":[{"taxonomy":"category","embeddable":true,"href":"https:\/\/cfcontabil.com\/cf\/wp-json\/wp\/v2\/categories?post=1120"},{"taxonomy":"post_tag","embeddable":true,"href":"https:\/\/cfcontabil.com\/cf\/wp-json\/wp\/v2\/tags?post=1120"}],"curies":[{"name":"wp","href":"https:\/\/api.w.org\/{rel}","templated":true}]}}