{"id":1122,"date":"2017-04-13T07:00:26","date_gmt":"2017-04-13T10:00:26","guid":{"rendered":"http:\/\/cfcontabil.com\/cf\/?p=1122"},"modified":"2017-04-13T07:00:26","modified_gmt":"2017-04-13T10:00:26","slug":"tributacao-dos-saloes-de-beleza-no-simples-nacional","status":"publish","type":"post","link":"https:\/\/cfcontabil.com\/cf\/tributacao-dos-saloes-de-beleza-no-simples-nacional\/","title":{"rendered":"Tributa\u00e7\u00e3o dos sal\u00f5es de beleza no Simples Nacional"},"content":{"rendered":"<p>Tendo em vista a publica\u00e7\u00e3o da Lei Complementar n\u00b0 155 e da Lei n\u00b0 13.352, ambas de 27 de outubro de 2016, estipulando regras sobre o c\u00f4mputo da receita bruta dos sal\u00f5es de beleza, esclarecemos que, no \u00e2mbito do Simples Nacional, essas regras ter\u00e3o validade a partir de 1\u00b0 de janeiro de 2018, em virtude da vig\u00eancia estipulada na Lei Complementar n\u00b0 155.<\/p>\n<p>A mat\u00e9ria ser\u00e1 objeto de oportuna regulamenta\u00e7\u00e3o por parte do Comit\u00ea Gestor do Simples Nacional.<\/p>\n","protected":false},"excerpt":{"rendered":"<p>Tendo em vista a publica\u00e7\u00e3o da Lei Complementar n\u00b0 155 e da Lei n\u00b0 13.352, ambas de 27 de outubro de 2016, estipulando regras sobre o c\u00f4mputo da receita bruta dos sal\u00f5es de beleza, esclarecemos que, no \u00e2mbito do Simples Nacional, essas regras ter\u00e3o validade a partir de 1\u00b0 de janeiro de 2018, em virtude [&hellip;]<\/p>\n","protected":false},"author":3,"featured_media":862,"comment_status":"open","ping_status":"open","sticky":false,"template":"","format":"standard","meta":{"jetpack_post_was_ever_published":false,"_jetpack_newsletter_access":"","_jetpack_dont_email_post_to_subs":false,"_jetpack_newsletter_tier_id":0,"_jetpack_memberships_contains_paywalled_content":false,"_jetpack_memberships_contains_paid_content":false,"footnotes":"","jetpack_publicize_message":"","jetpack_publicize_feature_enabled":true,"jetpack_social_post_already_shared":true,"jetpack_social_options":{"image_generator_settings":{"template":"highway","default_image_id":0,"font":"","enabled":false},"version":2}},"categories":[60],"tags":[344,211,346,213],"class_list":["post-1122","post","type-post","status-publish","format-standard","has-post-thumbnail","hentry","category-consultoria","tag-beleza","tag-nacional","tag-salao","tag-simples"],"jetpack_publicize_connections":[],"jetpack_featured_media_url":"https:\/\/i0.wp.com\/cfcontabil.com\/cf\/wp-content\/uploads\/2017\/01\/simples-1.jpg?fit=520%2C271&ssl=1","jetpack_sharing_enabled":true,"jetpack_shortlink":"https:\/\/wp.me\/p2wklX-i6","jetpack-related-posts":[{"id":1208,"url":"https:\/\/cfcontabil.com\/cf\/opcao-para-2017-simples-nacional-simei\/","url_meta":{"origin":1122,"position":0},"title":"Op\u00e7\u00e3o Para 2017: SIMPLES NACIONAL &#8211; SIMEI","author":"Ab\u00edlio Gon\u00e7alves","date":"16 de janeiro de 2017","format":false,"excerpt":"O prazo de op\u00e7\u00e3o pelo regime do \u201cSimples Nacional\u201d e do \u201cSIMEI\u201d encerrar\u00e1 no dia 31.01.2017. A op\u00e7\u00e3o poder\u00e1 ser realizada para o contribuinte que se enquadrar nas defini\u00e7\u00f5es do artigo 3\u00b0 da Lei Complementar n\u00b0 123\/2006 e n\u00e3o se enquadrar nas veda\u00e7\u00f5es listadas no artigo 17. O local para\u2026","rel":"","context":"Em &quot;Departamento Fiscal&quot;","block_context":{"text":"Departamento Fiscal","link":"https:\/\/cfcontabil.com\/cf\/category\/df\/"},"img":{"alt_text":"","src":"https:\/\/i0.wp.com\/jornalocal.com.br\/site\/wp-content\/uploads\/2012\/01\/2012_01_3108_09_0431493simplesncaional.jpg?resize=350%2C200","width":350,"height":200},"classes":[]},{"id":550,"url":"https:\/\/cfcontabil.com\/cf\/simples-nacional-alteracoes-promovidas-pela-lei-complementar-1472014\/","url_meta":{"origin":1122,"position":1},"title":"Simples Nacional: altera\u00e7\u00f5es promovidas pela Lei Complementar 147\/2014","author":"Vin\u00edcius Moizinho","date":"11 de agosto de 2014","format":false,"excerpt":"A Lei Complementar n\u00ba 147, de 7 de agosto de 2014, alterou a Lei Complementar n\u00ba 123, de 2006, que institui o Estatuto da Micro e Pequena Empresa e disp\u00f5e sobre o Simples Nacional. As altera\u00e7\u00f5es ser\u00e3o objeto de regulamenta\u00e7\u00e3o pelo Comit\u00ea Gestor do Simples Nacional (CGSN). Com a universaliza\u00e7\u00e3o\u2026","rel":"","context":"Em &quot;Consultoria Empresarial&quot;","block_context":{"text":"Consultoria Empresarial","link":"https:\/\/cfcontabil.com\/cf\/category\/consultoria\/"},"img":{"alt_text":"","src":"","width":0,"height":0},"classes":[]},{"id":1166,"url":"https:\/\/cfcontabil.com\/cf\/exclusao-do-icms-da-base-de-calculo\/","url_meta":{"origin":1122,"position":2},"title":"Exclus\u00e3o do ICMS da base de c\u00e1lculo","author":"Ab\u00edlio Gon\u00e7alves","date":"26 de maio de 2017","format":false,"excerpt":"Em 8 de outubro de 2014, o plen\u00e1rio do Supremo Tribunal Federal (STF), decidiu pela impossibilidade de o ICMS compor a base de c\u00e1lculo da Cofins. Em 15 de mar\u00e7o de 2017, no RE 574.706, com repercuss\u00e3o geral, decidiu tamb\u00e9m pela impossibilidade de compor a base de c\u00e1lculo da Contribui\u00e7\u00e3o\u2026","rel":"","context":"Em &quot;Departamento Fiscal&quot;","block_context":{"text":"Departamento Fiscal","link":"https:\/\/cfcontabil.com\/cf\/category\/df\/"},"img":{"alt_text":"","src":"https:\/\/i0.wp.com\/cfcontabil.com\/cf\/wp-content\/uploads\/2017\/01\/simples-1.jpg?fit=520%2C271&ssl=1&resize=350%2C200","width":350,"height":200},"classes":[]},{"id":891,"url":"https:\/\/cfcontabil.com\/cf\/lei-desobriga-salao-de-beleza-de-contratar-profissional-pela-clt\/","url_meta":{"origin":1122,"position":3},"title":"Lei desobriga sal\u00e3o de beleza de contratar profissional pela CLT","author":"Ab\u00edlio Gon\u00e7alves","date":"31 de janeiro de 2017","format":false,"excerpt":"A Lei 13.352\/2016 que entra em vigor nesta quinta-feira (26) permite que cabeleireiros, barbeiros, esteticistas, manicures, depiladores e maquiadores sejam empreendedores individuais. Assim, eles podem firmar contratos de parceria com sal\u00f5es de beleza, sem a caracteriza\u00e7\u00e3o de rela\u00e7\u00e3o de emprego ou assinatura da carteira de trabalho. A meta da Lei\u2026","rel":"","context":"Em &quot;Departamento Pessoal&quot;","block_context":{"text":"Departamento Pessoal","link":"https:\/\/cfcontabil.com\/cf\/category\/dp\/"},"img":{"alt_text":"","src":"https:\/\/i0.wp.com\/cfcontabil.com\/cf\/wp-content\/uploads\/2017\/01\/clt-1.jpg?fit=590%2C330&ssl=1&resize=350%2C200","width":350,"height":200,"srcset":"https:\/\/i0.wp.com\/cfcontabil.com\/cf\/wp-content\/uploads\/2017\/01\/clt-1.jpg?fit=590%2C330&ssl=1&resize=350%2C200 1x, https:\/\/i0.wp.com\/cfcontabil.com\/cf\/wp-content\/uploads\/2017\/01\/clt-1.jpg?fit=590%2C330&ssl=1&resize=525%2C300 1.5x"},"classes":[]},{"id":1127,"url":"https:\/\/cfcontabil.com\/cf\/projeto-preve-juros-menores-para-micro-e-pequenas-empresas\/","url_meta":{"origin":1122,"position":4},"title":"Projeto prev\u00ea juros menores para micro e pequenas empresas","author":"Ab\u00edlio Gon\u00e7alves","date":"17 de abril de 2017","format":false,"excerpt":"A proposta, em tramita\u00e7\u00e3o na C\u00e2mara, estabelece ainda a cria\u00e7\u00e3o da Empresa Simples de Cr\u00e9dito. Aumentar a oferta e reduzir o custo do cr\u00e9dito para os pequenos neg\u00f3cios.\u00a0 Esse ser\u00e1 um dos principais objetivos do Projeto de Lei Complementar (PLP) 341\/2017, que foi apresentado nesta quarta-feira, 12\/04 pela Frente Parlamentar\u2026","rel":"","context":"Em &quot;Consultoria Empresarial&quot;","block_context":{"text":"Consultoria Empresarial","link":"https:\/\/cfcontabil.com\/cf\/category\/consultoria\/"},"img":{"alt_text":"","src":"https:\/\/i0.wp.com\/cfcontabil.com\/cf\/wp-content\/uploads\/2016\/03\/dinheiro-1.jpg?fit=661%2C351&ssl=1&resize=350%2C200","width":350,"height":200,"srcset":"https:\/\/i0.wp.com\/cfcontabil.com\/cf\/wp-content\/uploads\/2016\/03\/dinheiro-1.jpg?fit=661%2C351&ssl=1&resize=350%2C200 1x, https:\/\/i0.wp.com\/cfcontabil.com\/cf\/wp-content\/uploads\/2016\/03\/dinheiro-1.jpg?fit=661%2C351&ssl=1&resize=525%2C300 1.5x"},"classes":[]},{"id":861,"url":"https:\/\/cfcontabil.com\/cf\/opcao-pelo-simples-nacional\/","url_meta":{"origin":1122,"position":5},"title":"Op\u00e7\u00e3o pelo Simples Nacional","author":"Ab\u00edlio Gon\u00e7alves","date":"23 de janeiro de 2017","format":false,"excerpt":"Podem optar pelo Simples Nacional as microempresas (ME) e empresas de pequeno porte (EPP) que n\u00e3o incorram em nenhuma das veda\u00e7\u00f5es previstas na Lei Complementar 123, de 2006. A empresa poder\u00e1 fazer novo pedido de op\u00e7\u00e3o pelo Simples Nacional at\u00e9 o dia 31\/01\/2017. Conhe\u00e7a os detalhes previstos para a situa\u00e7\u00e3o\u2026","rel":"","context":"Em &quot;Consultoria Empresarial&quot;","block_context":{"text":"Consultoria Empresarial","link":"https:\/\/cfcontabil.com\/cf\/category\/consultoria\/"},"img":{"alt_text":"","src":"https:\/\/i0.wp.com\/cfcontabil.com\/cf\/wp-content\/uploads\/2017\/01\/simples-1.jpg?fit=520%2C271&ssl=1&resize=350%2C200","width":350,"height":200},"classes":[]}],"jetpack_likes_enabled":true,"_links":{"self":[{"href":"https:\/\/cfcontabil.com\/cf\/wp-json\/wp\/v2\/posts\/1122","targetHints":{"allow":["GET"]}}],"collection":[{"href":"https:\/\/cfcontabil.com\/cf\/wp-json\/wp\/v2\/posts"}],"about":[{"href":"https:\/\/cfcontabil.com\/cf\/wp-json\/wp\/v2\/types\/post"}],"author":[{"embeddable":true,"href":"https:\/\/cfcontabil.com\/cf\/wp-json\/wp\/v2\/users\/3"}],"replies":[{"embeddable":true,"href":"https:\/\/cfcontabil.com\/cf\/wp-json\/wp\/v2\/comments?post=1122"}],"version-history":[{"count":0,"href":"https:\/\/cfcontabil.com\/cf\/wp-json\/wp\/v2\/posts\/1122\/revisions"}],"wp:featuredmedia":[{"embeddable":true,"href":"https:\/\/cfcontabil.com\/cf\/wp-json\/wp\/v2\/media\/862"}],"wp:attachment":[{"href":"https:\/\/cfcontabil.com\/cf\/wp-json\/wp\/v2\/media?parent=1122"}],"wp:term":[{"taxonomy":"category","embeddable":true,"href":"https:\/\/cfcontabil.com\/cf\/wp-json\/wp\/v2\/categories?post=1122"},{"taxonomy":"post_tag","embeddable":true,"href":"https:\/\/cfcontabil.com\/cf\/wp-json\/wp\/v2\/tags?post=1122"}],"curies":[{"name":"wp","href":"https:\/\/api.w.org\/{rel}","templated":true}]}}