{"id":1132,"date":"2017-04-20T05:00:30","date_gmt":"2017-04-20T08:00:30","guid":{"rendered":"http:\/\/cfcontabil.com\/cf\/?p=1132"},"modified":"2017-04-20T05:00:30","modified_gmt":"2017-04-20T08:00:30","slug":"ajuda-profissional-evita-problemas-com-o-leao","status":"publish","type":"post","link":"https:\/\/cfcontabil.com\/cf\/ajuda-profissional-evita-problemas-com-o-leao\/","title":{"rendered":"Ajuda profissional evita problemas com o Le\u00e3o"},"content":{"rendered":"<p><strong>Quem se sente inseguro para declarar o IR ou tem grande patrim\u00f4nio, por exemplo, pode recorrer a um contador.<\/strong><\/p>\n<p><a href=\"https:\/\/i0.wp.com\/cfcontabil.com\/cf\/wp-content\/uploads\/2017\/03\/perito-contabil.jpg\"><img data-recalc-dims=\"1\" fetchpriority=\"high\" decoding=\"async\" data-attachment-id=\"1062\" data-permalink=\"https:\/\/cfcontabil.com\/cf\/businessman-analyzing-document\/\" data-orig-file=\"https:\/\/i0.wp.com\/cfcontabil.com\/cf\/wp-content\/uploads\/2017\/03\/perito-contabil-1.jpg?fit=424%2C283&amp;ssl=1\" data-orig-size=\"424,283\" data-comments-opened=\"1\" data-image-meta=\"{&quot;aperture&quot;:&quot;10&quot;,&quot;credit&quot;:&quot;Andrey Popov - Fotolia&quot;,&quot;camera&quot;:&quot;Canon EOS 5D Mark II&quot;,&quot;caption&quot;:&quot;Businessman Looking At Document Through Magnifying Glass&quot;,&quot;created_timestamp&quot;:&quot;1382140800&quot;,&quot;copyright&quot;:&quot;Copyright: Andrey Popov&quot;,&quot;focal_length&quot;:&quot;135&quot;,&quot;iso&quot;:&quot;100&quot;,&quot;shutter_speed&quot;:&quot;0.00625&quot;,&quot;title&quot;:&quot;Businessman Analyzing Document&quot;,&quot;orientation&quot;:&quot;1&quot;}\" data-image-title=\"Businessman Analyzing Document\" data-image-description=\"\" data-image-caption=\"&lt;p&gt;Businessman Looking At Document Through Magnifying Glass&lt;\/p&gt;\n\" data-large-file=\"https:\/\/i0.wp.com\/cfcontabil.com\/cf\/wp-content\/uploads\/2017\/03\/perito-contabil-1.jpg?fit=424%2C283&amp;ssl=1\" class=\"size-full wp-image-1062\" src=\"https:\/\/i0.wp.com\/cfcontabil.com\/cf\/wp-content\/uploads\/2017\/03\/perito-contabil.jpg?resize=424%2C283\" alt=\"\" width=\"424\" height=\"283\" \/><\/a><\/p>\n<p>Quem entregou o documento com algum erro ou informa\u00e7\u00e3o incompleta pode enviar uma declara\u00e7\u00e3o retificadora at\u00e9 o dia 28 de abril.<\/p>\n<p>A cada ano, a Receita Federal vem aprimorando o programa gerador da declara\u00e7\u00e3o do Imposto de Renda (IR), com o intuito de torn\u00e1-lo acess\u00edvel a qualquer contribuinte.<\/p>\n<p>&#8220;A nossa diretriz \u00e9 que o programa da Receita seja amig\u00e1vel o suficiente para que qualquer cidad\u00e3o consiga fazer a declara\u00e7\u00e3o sozinho&#8221;, diz Jo\u00e3o Batista Barros, superintendente da Receita Federal na 3\u00aa Regi\u00e3o Fiscal. &#8220;Mas para pessoas que t\u00eam v\u00e1rios rendimentos ou que tenham grande patrim\u00f4nio, por exemplo, pode ser importante buscar ajuda de um profissional&#8221;, ele diz.<\/p>\n<p>Entretanto, para quem est\u00e1 declarando pela primeira vez ou que n\u00e3o se sente seguro para prestar contas com o Le\u00e3o, \u00e9 poss\u00edvel recorrer a um contador, cujo pre\u00e7o ir\u00e1 depender da complexidade da declara\u00e7\u00e3o e do volume do servi\u00e7o. &#8220;A recomenda\u00e7\u00e3o \u00e9 que as pessoas n\u00e3o tentem arriscar e procurem um profissional da contabilidade&#8221;, diz Clara Germana Rocha, presidente do Conselho Regional de Contabilidade (CRC) no Cear\u00e1.<\/p>\n<p>Segundo Clara Germana, como faltam poucos dias para o fim do prazo de entrega, as pessoas devem buscar, de imediato, os informes de rendimentos, os comprovantes de planos de sa\u00fade, de previd\u00eancia privada (se for o PGBL) e o extrato banc\u00e1rio.<\/p>\n<p><!--more--><\/p>\n<p>&#8220;Esses s\u00e3o os documentos que geralmente ficam faltando quando o contribuinte vai fazer a declara\u00e7\u00e3o, o que acaba atrasando o processo. E se deixarem para o \u00faltimo momento, \u00e9 poss\u00edvel que n\u00e3o consigam enviar no prazo. E se enviarem, v\u00e3o mandar a declara\u00e7\u00e3o incompleta, podendo ter problema com a malha fiscal&#8221;, aponta a presidente.<\/p>\n<p>Como 2016 foi ano eleitoral, Clara Germana afirma que \u00e9 preciso declarar eventuais doa\u00e7\u00f5es feitas a candidatos. &#8220;Muitas pessoas fazem doa\u00e7\u00e3o, e se n\u00e3o declarar no Imposto de Renda, n\u00e3o h\u00e1 defesa. A Receita Federal autua de imediato. Como essas doa\u00e7\u00f5es s\u00e3o espor\u00e1dicas, \u00e9 muito comum as pessoas n\u00e3o se lembrarem de declarar&#8221;.<\/p>\n<p><strong>Tipo<\/strong><\/p>\n<p>Ao declarar o imposto, o contribuinte pode optar pelo modelo simplificado ou completo, sendo este o que mais gera d\u00favidas, e caso cometa algum erro, mesmo que apenas de digita\u00e7\u00e3o, ele poder\u00e1 cair na malha fina. A op\u00e7\u00e3o pelo modelo de desconto simplificado ir\u00e1 substituir todas as dedu\u00e7\u00f5es admitidas e \u00e9 correspondente \u00e0 dedu\u00e7\u00e3o de 20% do valor dos rendimentos tribut\u00e1veis na declara\u00e7\u00e3o, que \u00e9 limitado a R$ 16.754,34.<\/p>\n<p>J\u00e1 no caso da declara\u00e7\u00e3o completa, todos os gastos com sa\u00fade e educa\u00e7\u00e3o pessoais de dependentes devem ser discriminados de acordo com as notas fiscais. As dedu\u00e7\u00f5es de despesas com instru\u00e7\u00e3o t\u00eam limite de R$ 3.561,50, enquanto a com dependentes pode chegar a R$ 2.275,08.<\/p>\n<p>Para os que s\u00e3o empregadores dom\u00e9sticos, o limite de dedu\u00e7\u00e3o da contribui\u00e7\u00e3o patronal paga em 2016 \u00e9 de R$ 1.093,77. Despesas m\u00e9dicas ou de hospitaliza\u00e7\u00e3o n\u00e3o t\u00eam limite para desconto.<\/p>\n<p><strong>Retifica\u00e7\u00e3o<\/strong><\/p>\n<p>Para aqueles que entregaram a declara\u00e7\u00e3o com algum erro ou com informa\u00e7\u00e3o incompleta, \u00e9 poss\u00edvel enviar uma declara\u00e7\u00e3o retificadora at\u00e9 o dia 28 de abril.<\/p>\n<p>Ap\u00f3s o t\u00e9rmino do prazo, a declara\u00e7\u00e3o retificadora dever\u00e1 ser apresentada da mesma forma, pela internet, ou em m\u00eddia remov\u00edvel nas unidades da Secretaria da Receita Federal do Brasil (RFB). Nesse caso, n\u00e3o ser\u00e1 mais poss\u00edvel efetuar a troca de op\u00e7\u00e3o (simplificada ou completa) por outra forma de tributa\u00e7\u00e3o.<\/p>\n<p>Tamb\u00e9m nesses casos, Clara Germana, recomenda que o contribuinte busque aux\u00edlio de um contador. &#8220;Quando um profissional da contabilidade envia a declara\u00e7\u00e3o ele fica acompanhando e, se houver alguma pend\u00eancia, a gente v\u00ea no site da Receita e faz a retificadora. Ent\u00e3o voc\u00ea tem essa oportunidade de retificar antes de ser notificado pela Receita&#8221;, ela diz. Segundo Clara Germana, nem sempre os erros s\u00e3o de responsabilidade do contribuinte. &#8220;\u00c0s vezes, a fonte pagadora n\u00e3o informa um pagamento e a\u00ed o contribuinte cai na malha fiscal. Por isso \u00e9 importante o acompanhamento&#8221;.<\/p>\n<p>Fonte: Contadores.CNT.BR<\/p>\n","protected":false},"excerpt":{"rendered":"<p>Quem se sente inseguro para declarar o IR ou tem grande patrim\u00f4nio, por exemplo, pode recorrer a um contador. Quem entregou o documento com algum erro ou informa\u00e7\u00e3o incompleta pode enviar uma declara\u00e7\u00e3o retificadora at\u00e9 o dia 28 de abril. A cada ano, a Receita Federal vem aprimorando o programa gerador da declara\u00e7\u00e3o do Imposto [&hellip;]<\/p>\n","protected":false},"author":3,"featured_media":756,"comment_status":"open","ping_status":"open","sticky":false,"template":"","format":"standard","meta":{"jetpack_post_was_ever_published":false,"_jetpack_newsletter_access":"","_jetpack_dont_email_post_to_subs":false,"_jetpack_newsletter_tier_id":0,"_jetpack_memberships_contains_paywalled_content":false,"_jetpack_memberships_contains_paid_content":false,"footnotes":"","jetpack_publicize_message":"","jetpack_publicize_feature_enabled":true,"jetpack_social_post_already_shared":true,"jetpack_social_options":{"image_generator_settings":{"template":"highway","default_image_id":0,"font":"","enabled":false},"version":2}},"categories":[46],"tags":[493,134,225,107,108,115,226,110,111,439],"class_list":["post-1132","post","type-post","status-publish","format-standard","has-post-thumbnail","hentry","category-df","tag-auxilio","tag-contador","tag-fina","tag-fisica","tag-imposto","tag-irpf","tag-malha","tag-pessoa","tag-renda","tag-retificacao"],"jetpack_publicize_connections":[],"jetpack_featured_media_url":"https:\/\/i0.wp.com\/cfcontabil.com\/cf\/wp-content\/uploads\/2016\/05\/Imposto_Renda_IR_Prazo-1.jpg?fit=620%2C412&ssl=1","jetpack_sharing_enabled":true,"jetpack_shortlink":"https:\/\/wp.me\/p2wklX-ig","jetpack-related-posts":[{"id":1234,"url":"https:\/\/cfcontabil.com\/cf\/contribuintes-devem-estar-atentos-aos-termos-do-ir\/","url_meta":{"origin":1132,"position":0},"title":"Contribuintes devem estar atentos aos termos do IR","author":"Ab\u00edlio Gon\u00e7alves","date":"8 de mar\u00e7o de 2017","format":false,"excerpt":"Na retifica\u00e7\u00e3o \u00e9 poss\u00edvel corrigir erros da declara\u00e7\u00e3o enviada Na hora de preencher a declara\u00e7\u00e3o de Imposto de Renda, a quantidade de termos cont\u00e1beis pode confundir quem deve informar os rendimentos \u00e0 Receita Federal. \u00c9 preciso estar atento a esses conceitos para evitar erros e multas por inconsist\u00eancias. Confira alguns\u2026","rel":"","context":"Em &quot;Departamento Fiscal&quot;","block_context":{"text":"Departamento Fiscal","link":"https:\/\/cfcontabil.com\/cf\/category\/df\/"},"img":{"alt_text":"","src":"https:\/\/i0.wp.com\/cfcontabil.com\/cf\/wp-content\/uploads\/2017\/03\/ir-2016-declaracao-retificadora_615x300.png?resize=350%2C200","width":350,"height":200,"srcset":"https:\/\/i0.wp.com\/cfcontabil.com\/cf\/wp-content\/uploads\/2017\/03\/ir-2016-declaracao-retificadora_615x300.png?resize=350%2C200 1x, https:\/\/i0.wp.com\/cfcontabil.com\/cf\/wp-content\/uploads\/2017\/03\/ir-2016-declaracao-retificadora_615x300.png?resize=525%2C300 1.5x"},"classes":[]},{"id":1214,"url":"https:\/\/cfcontabil.com\/cf\/contribuinte-que-aderiu-ao-rerct-e-retificou-a-dirpf-esta-dispensado-da-multa-de-mora\/","url_meta":{"origin":1132,"position":1},"title":"Contribuinte que aderiu ao RERCT e retificou a DIRPF est\u00e1 dispensado da multa de mora","author":"Ab\u00edlio Gon\u00e7alves","date":"20 de fevereiro de 2017","format":false,"excerpt":"A Receita Federal esclarece que adotou provid\u00eancias para cancelar eventuais cobran\u00e7as indevidas da multa de mora neste caso, n\u00e3o havendo necessidade de qualquer manifesta\u00e7\u00e3o do contribuinte O contribuinte que aderiu ao Regime Especial de Regulariza\u00e7\u00e3o Cambial e Tribut\u00e1ria (RERCT) e retificou a sua declara\u00e7\u00e3o do imposto de renda para incluir\u2026","rel":"","context":"Em &quot;Geral&quot;","block_context":{"text":"Geral","link":"https:\/\/cfcontabil.com\/cf\/category\/geral\/"},"img":{"alt_text":"","src":"https:\/\/i0.wp.com\/cfcontabil.com\/cf\/wp-content\/uploads\/2017\/02\/irpfrfb-1.jpg?fit=640%2C340&ssl=1&resize=350%2C200","width":350,"height":200,"srcset":"https:\/\/i0.wp.com\/cfcontabil.com\/cf\/wp-content\/uploads\/2017\/02\/irpfrfb-1.jpg?fit=640%2C340&ssl=1&resize=350%2C200 1x, https:\/\/i0.wp.com\/cfcontabil.com\/cf\/wp-content\/uploads\/2017\/02\/irpfrfb-1.jpg?fit=640%2C340&ssl=1&resize=525%2C300 1.5x"},"classes":[]},{"id":1206,"url":"https:\/\/cfcontabil.com\/cf\/nao-entregou-a-declaracao-de-irpf-2016-saiba-o-risco-da-malha-fina\/","url_meta":{"origin":1132,"position":2},"title":"N\u00e3o entregou a Declara\u00e7\u00e3o de IRPF 2016? Saiba o risco da Malha Fina","author":"Ab\u00edlio Gon\u00e7alves","date":"3 de maio de 2016","format":false,"excerpt":"O prazo para envio terminou \u00e0s 23h59 de sexta-feira (29). Multa m\u00ednima \u00e9 de R$ 165,74, mas pode atingir 20% do imposto devido. A Receita Federal recebeu 27.960.663 declara\u00e7\u00f5es do IR, segundo balan\u00e7o divulgado na madrugada deste s\u00e1bado (30). A estimativa \u00e9 que 239 mil contribuintes tenham perdido o prazo\u2026","rel":"","context":"Em &quot;Geral&quot;","block_context":{"text":"Geral","link":"https:\/\/cfcontabil.com\/cf\/category\/geral\/"},"img":{"alt_text":"","src":"https:\/\/i0.wp.com\/cfcontabil.com\/cf\/wp-content\/uploads\/2016\/05\/Imposto_Renda_IR_Prazo-1.jpg?fit=620%2C412&ssl=1&resize=350%2C200","width":350,"height":200,"srcset":"https:\/\/i0.wp.com\/cfcontabil.com\/cf\/wp-content\/uploads\/2016\/05\/Imposto_Renda_IR_Prazo-1.jpg?fit=620%2C412&ssl=1&resize=350%2C200 1x, https:\/\/i0.wp.com\/cfcontabil.com\/cf\/wp-content\/uploads\/2016\/05\/Imposto_Renda_IR_Prazo-1.jpg?fit=620%2C412&ssl=1&resize=525%2C300 1.5x"},"classes":[]},{"id":1089,"url":"https:\/\/cfcontabil.com\/cf\/declaracao-do-imposto-de-renda-aumenta-procura-por-contador\/","url_meta":{"origin":1132,"position":3},"title":"Declara\u00e7\u00e3o do Imposto de Renda aumenta procura por contador","author":"Ab\u00edlio Gon\u00e7alves","date":"27 de mar\u00e7o de 2017","format":false,"excerpt":"Abilio e seu pai, C\u00e2ndido Fernandes, tocam uma empresa familiar que preencher\u00e1 mais de 700 declara\u00e7\u00f5es Se o per\u00edodo que antecede o prazo final de entrega da declara\u00e7\u00e3o anual de Imposto de Renda \u00e9 de apreens\u00e3o para os contribuintes, para os contadores \u00e9 tempo de muito trabalho, mas tamb\u00e9m de\u2026","rel":"","context":"Em &quot;Departamento Fiscal&quot;","block_context":{"text":"Departamento Fiscal","link":"https:\/\/cfcontabil.com\/cf\/category\/df\/"},"img":{"alt_text":"","src":"https:\/\/i0.wp.com\/cfcontabil.com\/cf\/wp-content\/uploads\/2017\/02\/irpf2017-1.png?fit=490%2C247&ssl=1&resize=350%2C200","width":350,"height":200},"classes":[]},{"id":1235,"url":"https:\/\/cfcontabil.com\/cf\/saiba-como-alterar-o-banco-para-ressarcimento-de-impostos\/","url_meta":{"origin":1132,"position":4},"title":"Saiba como alterar o banco para ressarcimento de impostos","author":"Ab\u00edlio Gon\u00e7alves","date":"9 de mar\u00e7o de 2017","format":false,"excerpt":"Contribuintes devem atualizar dados na retifica\u00e7\u00e3o do Imposto de Renda Quem pretende alterar a conta banc\u00e1ria na qual deve receber a restitui\u00e7\u00e3o do Imposto de Renda precisa ficar atento para garantir o cr\u00e9dito dos valores. Depois de preencher e enviar a declara\u00e7\u00e3o do IR, cujo prazo teve\u00a0in\u00edcio na quinta-feira (2),\u2026","rel":"","context":"Em &quot;Departamento Fiscal&quot;","block_context":{"text":"Departamento Fiscal","link":"https:\/\/cfcontabil.com\/cf\/category\/df\/"},"img":{"alt_text":"","src":"https:\/\/i0.wp.com\/cfcontabil.com\/cf\/wp-content\/uploads\/2017\/02\/imposto-de-renda-2017-1.jpg?fit=640%2C365&ssl=1&resize=350%2C200","width":350,"height":200,"srcset":"https:\/\/i0.wp.com\/cfcontabil.com\/cf\/wp-content\/uploads\/2017\/02\/imposto-de-renda-2017-1.jpg?fit=640%2C365&ssl=1&resize=350%2C200 1x, https:\/\/i0.wp.com\/cfcontabil.com\/cf\/wp-content\/uploads\/2017\/02\/imposto-de-renda-2017-1.jpg?fit=640%2C365&ssl=1&resize=525%2C300 1.5x"},"classes":[]},{"id":709,"url":"https:\/\/cfcontabil.com\/cf\/patroes-devem-redobrar-a-atencao-para-deduzir-o-imposto-de-renda-dos-domesticos\/","url_meta":{"origin":1132,"position":5},"title":"Patr\u00f5es devem redobrar a aten\u00e7\u00e3o para deduzir o Imposto de Renda dos dom\u00e9sticos","author":"Ab\u00edlio Gon\u00e7alves","date":"30 de mar\u00e7o de 2016","format":false,"excerpt":"Sob pol\u00eamica, o benef\u00edcio que o contribuinte tem ao lan\u00e7ar na declara\u00e7\u00e3o do Imposto de Renda os gastos com empregado dom\u00e9stico \u00e9 limitado. Para obter o desconto que pode levar \u00e0 redu\u00e7\u00e3o do IR a pagar ou ao aumento da restitui\u00e7\u00e3o, \u00e9 preciso ter muito cuidado no preenchimento dos dados\u2026","rel":"","context":"Em &quot;Geral&quot;","block_context":{"text":"Geral","link":"https:\/\/cfcontabil.com\/cf\/category\/geral\/"},"img":{"alt_text":"","src":"https:\/\/i0.wp.com\/cfcontabil.com\/cf\/wp-content\/uploads\/2016\/03\/domestica-1.jpeg?fit=600%2C315&ssl=1&resize=350%2C200","width":350,"height":200,"srcset":"https:\/\/i0.wp.com\/cfcontabil.com\/cf\/wp-content\/uploads\/2016\/03\/domestica-1.jpeg?fit=600%2C315&ssl=1&resize=350%2C200 1x, https:\/\/i0.wp.com\/cfcontabil.com\/cf\/wp-content\/uploads\/2016\/03\/domestica-1.jpeg?fit=600%2C315&ssl=1&resize=525%2C300 1.5x"},"classes":[]}],"jetpack_likes_enabled":true,"_links":{"self":[{"href":"https:\/\/cfcontabil.com\/cf\/wp-json\/wp\/v2\/posts\/1132","targetHints":{"allow":["GET"]}}],"collection":[{"href":"https:\/\/cfcontabil.com\/cf\/wp-json\/wp\/v2\/posts"}],"about":[{"href":"https:\/\/cfcontabil.com\/cf\/wp-json\/wp\/v2\/types\/post"}],"author":[{"embeddable":true,"href":"https:\/\/cfcontabil.com\/cf\/wp-json\/wp\/v2\/users\/3"}],"replies":[{"embeddable":true,"href":"https:\/\/cfcontabil.com\/cf\/wp-json\/wp\/v2\/comments?post=1132"}],"version-history":[{"count":0,"href":"https:\/\/cfcontabil.com\/cf\/wp-json\/wp\/v2\/posts\/1132\/revisions"}],"wp:featuredmedia":[{"embeddable":true,"href":"https:\/\/cfcontabil.com\/cf\/wp-json\/wp\/v2\/media\/756"}],"wp:attachment":[{"href":"https:\/\/cfcontabil.com\/cf\/wp-json\/wp\/v2\/media?parent=1132"}],"wp:term":[{"taxonomy":"category","embeddable":true,"href":"https:\/\/cfcontabil.com\/cf\/wp-json\/wp\/v2\/categories?post=1132"},{"taxonomy":"post_tag","embeddable":true,"href":"https:\/\/cfcontabil.com\/cf\/wp-json\/wp\/v2\/tags?post=1132"}],"curies":[{"name":"wp","href":"https:\/\/api.w.org\/{rel}","templated":true}]}}