{"id":1140,"date":"2017-04-27T11:59:40","date_gmt":"2017-04-27T14:59:40","guid":{"rendered":"http:\/\/cfcontabil.com\/cf\/?p=1140"},"modified":"2017-04-27T11:59:40","modified_gmt":"2017-04-27T14:59:40","slug":"comissao-aprova-relatorio-da-reforma-trabalhista","status":"publish","type":"post","link":"https:\/\/cfcontabil.com\/cf\/comissao-aprova-relatorio-da-reforma-trabalhista\/","title":{"rendered":"Comiss\u00e3o aprova relat\u00f3rio da reforma trabalhista"},"content":{"rendered":"<p><strong>Projeto define as situa\u00e7\u00f5es nas quais acordos coletivos poder\u00e3o se sobrepor \u00e0 lei trabalhista.<\/strong><\/p>\n<div class=\"mc-column mc-show-later\">\n<div class=\"content-meta-info\">\n<p class=\"content-meta-info__from\">A comiss\u00e3o especial da C\u00e2mara destinada a analisar a reforma trabalhista aprovou nesta ter\u00e7a-feira (25) o parecer do relator Rog\u00e9rio Marinho (PSDB-RN) por 27 votos a favor e 10 contra. O projeto foi encaminhado ao Legislativo pelo governo do presidente Michel Temer e prop\u00f5e uma reformula\u00e7\u00e3o nas regras trabalhistas.<\/p>\n<\/div>\n<\/div>\n<div class=\"mc-column content-text active-extra-styles \" data-block-type=\"unstyled\" data-block-weight=\"52\">\n<p class=\"content-text__container \" data-track-category=\"Link no Texto\" data-track-links=\"\">Por causa do in\u00edcio da ordem do dia na C\u00e2mara, a reuni\u00e3o da comiss\u00e3o foi encerrada sem analisar os 24 destaques apresentados pelos membros do colegiado. Esses pedidos de altera\u00e7\u00e3o perdem o efeito e precisar\u00e3o ser novamente apresentados no plen\u00e1rio, onde ser\u00e3o analisados ap\u00f3s a vota\u00e7\u00e3o do texto-base, se ele for aprovado.<\/p>\n<\/div>\n<div class=\"mc-column content-text active-extra-styles \" data-block-type=\"unstyled\" data-block-weight=\"23\">\n<p class=\"content-text__container \" data-track-category=\"Link no Texto\" data-track-links=\"\">A expectativa do presidente da C\u00e2mara, Rodrigo Maia (DEM-RJ), \u00e9 come\u00e7ar a votar a reforma nesta quarta-feira (26), concluindo o processo at\u00e9 quinta-feira.<\/p>\n<\/div>\n<div class=\"mc-column content-text active-extra-styles \" data-block-type=\"unstyled\" data-block-weight=\"37\">\n<p class=\"content-text__container \" data-track-category=\"Link no Texto\" data-track-links=\"\">A reforma define pontos que podem ser fruto de acordo entre empres\u00e1rios e representantes dos trabalhadores, passando a ter for\u00e7a de lei. O relator, por\u00e9m, incluiu diversas mudan\u00e7as.\u00a0<em>(veja os detalhes do relat\u00f3rio ao fim desta reportagem)<\/em><\/p>\n<\/div>\n<div class=\"mc-column content-text active-extra-styles \" data-block-type=\"unstyled\" data-block-weight=\"33\">\n<p class=\"content-text__container \" data-track-category=\"Link no Texto\" data-track-links=\"\">Inicialmente, o projeto da reforma trabalhista tinha car\u00e1ter conclusivo, ou seja, iria direto \u00e0 aprecia\u00e7\u00e3o do Senado ap\u00f3s aprova\u00e7\u00e3o na comiss\u00e3o especial da C\u00e2mara, sem necessidade de passar pelo plen\u00e1rio principal da Casa.<\/p>\n<\/div>\n<div class=\"mc-column content-text active-extra-styles \" data-block-type=\"unstyled\" data-block-weight=\"27\">\n<p class=\"content-text__container \" data-track-category=\"Link no Texto\" data-track-links=\"\">Na \u00faltima semana, por\u00e9m, os deputados aprovaram um requerimento de tramita\u00e7\u00e3o em regime de urg\u00eancia. Com a decis\u00e3o, o texto aprovado pela comiss\u00e3o seguir\u00e1 para o plen\u00e1rio.<\/p>\n<\/div>\n<div class=\"mc-column content-text active-extra-styles \" data-block-type=\"unstyled\" data-block-weight=\"34\">\n<p class=\"content-text__container \" data-track-category=\"Link no Texto\" data-track-links=\"\">Para ser aprovada no plen\u00e1rio da C\u00e2mara, a reforma trabalhista precisa votos favor\u00e1veis da maioria simples dos deputados, ou seja, se 300 deputados estiverem em plen\u00e1rio, 151 votos s\u00e3o necess\u00e1rios para aprovar o texto.<\/p>\n<\/div>\n<div class=\"mc-column content-text active-extra-styles\" data-block-type=\"raw\" data-block-weight=\"1\">\n<div class=\"content-intertitle\">\n<p><strong>Vota\u00e7\u00e3o<\/strong><\/p>\n<\/div>\n<p>No debate da comiss\u00e3o, membros da base aliada argumentaram que o texto moderniza a lei trabalhista. A oposi\u00e7\u00e3o, por outro lado, criticou a proposta, afirmando que ela retira direitos dos trabalhadores.<\/p>\n<\/div>\n<div class=\"mc-column content-text active-extra-styles \" data-block-type=\"unstyled\" data-block-weight=\"32\">\n<p class=\"content-text__container \" data-track-category=\"Link no Texto\" data-track-links=\"\">A bancada do PSB se mostrou dividida. Na segunda (24), a Executiva Nacional do partido, que comanda o minist\u00e9rio de Minas e Energia,\u00a0decidiu fechar quest\u00e3o contra as reformas do governo Temer.<\/p>\n<\/div>\n<div class=\"mc-column content-text active-extra-styles \" data-block-type=\"unstyled\" data-block-weight=\"25\">\n<p class=\"content-text__container \" data-track-category=\"Link no Texto\" data-track-links=\"\">O deputado Fabio Garcia (PSB-MT) contrariou a orienta\u00e7\u00e3o e votou a favor do parecer. O estatuto do PSB prev\u00ea puni\u00e7\u00e3o para esses casos de desobedi\u00eancia.<\/p>\n<\/div>\n<div class=\"mc-column content-text active-extra-styles\" data-block-type=\"raw\" data-block-weight=\"7\">\n<div class=\"content-intertitle\">\n<p><strong>Veja como foram os votos na comiss\u00e3o:<\/strong><\/p>\n<\/div>\n<\/div>\n<p><!--more--><\/p>\n<div class=\"mc-column content-text active-extra-styles\" data-block-type=\"raw\" data-block-weight=\"7\">\n<p><strong>\u2013 A favor do relat\u00f3rio:<\/strong><\/p>\n<\/div>\n<div class=\"mc-column content-text active-extra-styles \" data-block-type=\"unstyled\" data-block-weight=\"1\">\n<p class=\"content-text__container \" data-track-category=\"Link no Texto\" data-track-links=\"\"><strong>PMDB<\/strong><\/p>\n<\/div>\n<div class=\"mc-column content-text active-extra-styles\" data-block-type=\"raw\" data-block-weight=\"12\">\n<ul class=\"content-unordered-list\">\n<li>Celso Maldaner (SC)<\/li>\n<li>Daniel Vilela (GO)<\/li>\n<li>Mauro Pereira (RS)<\/li>\n<li>Valdir Colatto (SC)<\/li>\n<\/ul>\n<\/div>\n<div class=\"mc-column content-text active-extra-styles \" data-block-type=\"unstyled\" data-block-weight=\"1\">\n<p class=\"content-text__container \" data-track-category=\"Link no Texto\" data-track-links=\"\"><strong>PP<\/strong><\/p>\n<\/div>\n<div class=\"mc-column content-text active-extra-styles\" data-block-type=\"raw\" data-block-weight=\"9\">\n<ul class=\"content-unordered-list\">\n<li>Jer\u00f4nimo Goergen (RS)<\/li>\n<li>L\u00e1zaro Botelho (TO)<\/li>\n<li>Ronaldo Carletto (BA)<\/li>\n<\/ul>\n<\/div>\n<div class=\"mc-column content-text active-extra-styles \" data-block-type=\"unstyled\" data-block-weight=\"1\">\n<p class=\"content-text__container \" data-track-category=\"Link no Texto\" data-track-links=\"\"><strong>DEM<\/strong><\/p>\n<\/div>\n<div class=\"mc-column content-text active-extra-styles\" data-block-type=\"raw\" data-block-weight=\"7\">\n<ul class=\"content-unordered-list\">\n<li>Carlos Melles (MG)<\/li>\n<li>Eli Corr\u00eaa Filho (SP)<\/li>\n<\/ul>\n<\/div>\n<div class=\"mc-column content-text active-extra-styles \" data-block-type=\"unstyled\" data-block-weight=\"1\">\n<p class=\"content-text__container \" data-track-category=\"Link no Texto\" data-track-links=\"\"><strong>PRB<\/strong><\/p>\n<\/div>\n<div class=\"mc-column content-text active-extra-styles\" data-block-type=\"raw\" data-block-weight=\"3\">\n<ul class=\"content-unordered-list\">\n<li>Silas C\u00e2mara (AM)<\/li>\n<\/ul>\n<\/div>\n<div class=\"mc-column content-text active-extra-styles \" data-block-type=\"unstyled\" data-block-weight=\"1\">\n<p class=\"content-text__container \" data-track-category=\"Link no Texto\" data-track-links=\"\"><strong>PSC<\/strong><\/p>\n<\/div>\n<div class=\"mc-column content-text active-extra-styles\" data-block-type=\"raw\" data-block-weight=\"4\">\n<ul class=\"content-unordered-list\">\n<li>Arolde de Oliveira (RJ)<\/li>\n<\/ul>\n<\/div>\n<div class=\"mc-column content-text active-extra-styles \" data-block-type=\"unstyled\" data-block-weight=\"1\">\n<p class=\"content-text__container \" data-track-category=\"Link no Texto\" data-track-links=\"\"><strong>PTB<\/strong><\/p>\n<\/div>\n<div class=\"mc-column content-text active-extra-styles\" data-block-type=\"raw\" data-block-weight=\"3\">\n<ul class=\"content-unordered-list\">\n<li>N. Marquezelli (SP)<\/li>\n<\/ul>\n<\/div>\n<div class=\"mc-column content-text active-extra-styles \" data-block-type=\"unstyled\" data-block-weight=\"1\">\n<p class=\"content-text__container \" data-track-category=\"Link no Texto\" data-track-links=\"\"><strong>PTN<\/strong><\/p>\n<\/div>\n<div class=\"mc-column content-text active-extra-styles\" data-block-type=\"raw\" data-block-weight=\"3\">\n<ul class=\"content-unordered-list\">\n<li>Renata Abreu (SP)<\/li>\n<\/ul>\n<\/div>\n<div class=\"mc-column content-text active-extra-styles \" data-block-type=\"unstyled\" data-block-weight=\"1\">\n<p class=\"content-text__container \" data-track-category=\"Link no Texto\" data-track-links=\"\"><strong>SD<\/strong><\/p>\n<\/div>\n<div class=\"mc-column content-text active-extra-styles\" data-block-type=\"raw\" data-block-weight=\"3\">\n<ul class=\"content-unordered-list\">\n<li>Laercio Oliveira (SE)<\/li>\n<\/ul>\n<\/div>\n<div class=\"mc-column content-text active-extra-styles \" data-block-type=\"unstyled\" data-block-weight=\"1\">\n<p class=\"content-text__container \" data-track-category=\"Link no Texto\" data-track-links=\"\"><strong>PR<\/strong><\/p>\n<\/div>\n<div class=\"mc-column content-text active-extra-styles\" data-block-type=\"raw\" data-block-weight=\"9\">\n<ul class=\"content-unordered-list\">\n<li>Luiz Nishimori (PR)<\/li>\n<li>Magda Mofatto (GO)<\/li>\n<li>Bilac Pinto (MG)<\/li>\n<\/ul>\n<\/div>\n<div class=\"mc-column content-text active-extra-styles \" data-block-type=\"unstyled\" data-block-weight=\"1\">\n<p class=\"content-text__container \" data-track-category=\"Link no Texto\" data-track-links=\"\"><strong>PSD<\/strong><\/p>\n<\/div>\n<div class=\"mc-column content-text active-extra-styles\" data-block-type=\"raw\" data-block-weight=\"5\">\n<ul class=\"content-unordered-list\">\n<li>Herculano Passos (SP)<\/li>\n<li>Goulart (SP)<\/li>\n<\/ul>\n<\/div>\n<div class=\"mc-column content-text active-extra-styles \" data-block-type=\"unstyled\" data-block-weight=\"1\">\n<p class=\"content-text__container \" data-track-category=\"Link no Texto\" data-track-links=\"\"><strong>PROS<\/strong><\/p>\n<\/div>\n<div class=\"mc-column content-text active-extra-styles\" data-block-type=\"raw\" data-block-weight=\"3\">\n<ul class=\"content-unordered-list\">\n<li>Toninho Wandscheer (PR)<\/li>\n<\/ul>\n<\/div>\n<div class=\"mc-column content-text active-extra-styles \" data-block-type=\"unstyled\" data-block-weight=\"1\">\n<p class=\"content-text__container \" data-track-category=\"Link no Texto\" data-track-links=\"\"><strong>PSDB<\/strong><\/p>\n<\/div>\n<div class=\"mc-column content-text active-extra-styles\" data-block-type=\"raw\" data-block-weight=\"9\">\n<ul class=\"content-unordered-list\">\n<li>Rog\u00e9rio Marinho (RN)<\/li>\n<li>Elizeu Dionizio (MS)<\/li>\n<li>Vitor Lippi (SP)<\/li>\n<\/ul>\n<\/div>\n<div class=\"mc-column content-text active-extra-styles \" data-block-type=\"unstyled\" data-block-weight=\"1\">\n<p class=\"content-text__container \" data-track-category=\"Link no Texto\" data-track-links=\"\"><strong>PSB<\/strong><\/p>\n<\/div>\n<div class=\"mc-column content-text active-extra-styles\" data-block-type=\"raw\" data-block-weight=\"3\">\n<ul class=\"content-unordered-list\">\n<li>Fabio Garcia (MT)<\/li>\n<\/ul>\n<\/div>\n<div class=\"mc-column content-text active-extra-styles \" data-block-type=\"unstyled\" data-block-weight=\"1\">\n<p class=\"content-text__container \" data-track-category=\"Link no Texto\" data-track-links=\"\"><strong>PPS<\/strong><\/p>\n<\/div>\n<div class=\"mc-column content-text active-extra-styles\" data-block-type=\"raw\" data-block-weight=\"3\">\n<p class=\"content-text__container\">\n<ul class=\"content-unordered-list\">\n<li>Arnaldo Jordy (PA)<\/li>\n<\/ul>\n<p>&nbsp;<\/p>\n<\/div>\n<div class=\"mc-column content-text active-extra-styles \" data-block-type=\"unstyled\" data-block-weight=\"1\">\n<p class=\"content-text__container \" data-track-category=\"Link no Texto\" data-track-links=\"\"><strong>PV<\/strong><\/p>\n<\/div>\n<div class=\"mc-column content-text active-extra-styles\" data-block-type=\"raw\" data-block-weight=\"3\">\n<p class=\"content-text__container\">\n<ul class=\"content-unordered-list\">\n<li>Evandro Gussi (SP)<\/li>\n<\/ul>\n<p>&nbsp;<\/p>\n<\/div>\n<div class=\"mc-column content-text active-extra-styles \" data-block-type=\"unstyled\" data-block-weight=\"1\">\n<p class=\"content-text__container \" data-track-category=\"Link no Texto\" data-track-links=\"\"><strong>PSL<\/strong><\/p>\n<\/div>\n<div class=\"mc-column content-text active-extra-styles\" data-block-type=\"raw\" data-block-weight=\"3\">\n<p class=\"content-text__container\">\n<ul class=\"content-unordered-list\">\n<li>Alfredo Kaefer (PR)<\/li>\n<\/ul>\n<p>&nbsp;<\/p>\n<\/div>\n<div class=\"mc-column content-text active-extra-styles \" data-block-type=\"unstyled\" data-block-weight=\"4\">\n<p class=\"content-text__container \" data-track-category=\"Link no Texto\" data-track-links=\"\"><strong>\u2013 Contra o relat\u00f3rio:<\/strong><\/p>\n<\/div>\n<div class=\"mc-column content-text active-extra-styles \" data-block-type=\"unstyled\" data-block-weight=\"1\">\n<p class=\"content-text__container \" data-track-category=\"Link no Texto\" data-track-links=\"\"><strong>PT<\/strong><\/p>\n<\/div>\n<div class=\"mc-column content-text active-extra-styles\" data-block-type=\"raw\" data-block-weight=\"13\">\n<p class=\"content-text__container\">\n<ul class=\"content-unordered-list\">\n<li>Benedita da Silva (RJ)<\/li>\n<li>Helder Salom\u00e3o (ES)<\/li>\n<li>Patrus Ananias (MG)<\/li>\n<li>Wadih Damous (RJ)<\/li>\n<\/ul>\n<p>&nbsp;<\/p>\n<\/div>\n<div class=\"mc-column content-text active-extra-styles \" data-block-type=\"unstyled\" data-block-weight=\"1\">\n<p class=\"content-text__container \" data-track-category=\"Link no Texto\" data-track-links=\"\"><strong>PCdoB<\/strong><\/p>\n<\/div>\n<div class=\"mc-column content-text active-extra-styles\" data-block-type=\"raw\" data-block-weight=\"3\">\n<p class=\"content-text__container\">\n<ul class=\"content-unordered-list\">\n<li>Assis Melo (RS)<\/li>\n<\/ul>\n<p>&nbsp;<\/p>\n<\/div>\n<div class=\"mc-column content-text active-extra-styles \" data-block-type=\"unstyled\" data-block-weight=\"1\">\n<p class=\"content-text__container \" data-track-category=\"Link no Texto\" data-track-links=\"\"><strong>PSB<\/strong><\/p>\n<\/div>\n<div class=\"mc-column content-text active-extra-styles\" data-block-type=\"raw\" data-block-weight=\"3\">\n<p class=\"content-text__container\">\n<ul class=\"content-unordered-list\">\n<li>Danilo Cabral (PE)<\/li>\n<\/ul>\n<p>&nbsp;<\/p>\n<\/div>\n<div class=\"mc-column content-text active-extra-styles \" data-block-type=\"unstyled\" data-block-weight=\"1\">\n<p class=\"content-text__container \" data-track-category=\"Link no Texto\" data-track-links=\"\"><strong>PSOL<\/strong><\/p>\n<\/div>\n<div class=\"mc-column content-text active-extra-styles\" data-block-type=\"raw\" data-block-weight=\"3\">\n<p class=\"content-text__container\">\n<ul class=\"content-unordered-list\">\n<li>Chico Alencar (RJ)<\/li>\n<\/ul>\n<p>&nbsp;<\/p>\n<\/div>\n<div class=\"mc-column content-text active-extra-styles \" data-block-type=\"unstyled\" data-block-weight=\"1\">\n<p class=\"content-text__container \" data-track-category=\"Link no Texto\" data-track-links=\"\"><strong>PEN<\/strong><\/p>\n<\/div>\n<div class=\"mc-column content-text active-extra-styles\" data-block-type=\"raw\" data-block-weight=\"3\">\n<p class=\"content-text__container\">\n<ul class=\"content-unordered-list\">\n<li>Walney Rocha (RJ)<\/li>\n<\/ul>\n<p>&nbsp;<\/p>\n<\/div>\n<div class=\"mc-column content-text active-extra-styles \" data-block-type=\"unstyled\" data-block-weight=\"1\">\n<p class=\"content-text__container \" data-track-category=\"Link no Texto\" data-track-links=\"\"><strong>PHS<\/strong><\/p>\n<\/div>\n<div class=\"mc-column content-text active-extra-styles\" data-block-type=\"raw\" data-block-weight=\"3\">\n<p class=\"content-text__container\">\n<ul class=\"content-unordered-list\">\n<li>Givaldo Carimb\u00e3o (AL)<\/li>\n<\/ul>\n<p>&nbsp;<\/p>\n<\/div>\n<div class=\"mc-column content-text active-extra-styles \" data-block-type=\"unstyled\" data-block-weight=\"1\">\n<p class=\"content-text__container \" data-track-category=\"Link no Texto\" data-track-links=\"\"><strong>PDT<\/strong><\/p>\n<\/div>\n<div class=\"mc-column content-text active-extra-styles\" data-block-type=\"raw\" data-block-weight=\"3\">\n<p class=\"content-text__container\">\n<ul class=\"content-unordered-list\">\n<li>Sergio Vidigal (ES)<\/li>\n<\/ul>\n<p>&nbsp;<\/p>\n<\/div>\n<div class=\"mc-column content-text active-extra-styles\" data-block-type=\"raw\" data-block-weight=\"3\">\n<p class=\"content-text__container\">\n<div class=\"content-intertitle\">\n<p><strong>Pontos do relat\u00f3rio<\/strong><\/p>\n<\/div>\n<p>Veja os principais pontos do relat\u00f3rio de Rog\u00e9rio Marinho (PSDB-RN) da reforma trabalhista, aprovado nesta ter\u00e7a-feira em comiss\u00e3o especial na C\u00e2mara:<\/p>\n<\/div>\n<div class=\"mc-column content-text active-extra-styles\" data-block-type=\"raw\" data-block-weight=\"4\">\n<div class=\"content-intertitle\">\n<p><strong>F\u00e9rias em tr\u00eas etapas<\/strong><\/p>\n<\/div>\n<p>Hoje, as <a class=\"classtermo\" href=\"http:\/\/www.contabeis.com.br\/termos-contabeis\/ferias\">f\u00e9rias<\/a> podem ser tiradas em dois per\u00edodos, desde que um deles n\u00e3o seja inferior a 10 dias corridos.<\/p>\n<\/div>\n<div class=\"mc-column content-text active-extra-styles \" data-block-type=\"unstyled\" data-block-weight=\"64\">\n<p class=\"content-text__container \" data-track-category=\"Link no Texto\" data-track-links=\"\">Pelo novo texto, desde que o empregado concorde, as <a class=\"classtermo\" href=\"http:\/\/www.contabeis.com.br\/termos-contabeis\/ferias\">f\u00e9rias<\/a> poder\u00e3o ser usufru\u00eddas em at\u00e9 tr\u00eas per\u00edodos, sendo que um deles n\u00e3o poder\u00e1 ser inferior a 14 dias corridos e os demais n\u00e3o poder\u00e3o ser menores do que 5 dias corridos, cada um. Tamb\u00e9m fica vedado o in\u00edcio das <a class=\"classtermo\" href=\"http:\/\/www.contabeis.com.br\/termos-contabeis\/ferias\">f\u00e9rias<\/a> no per\u00edodo de dois dias que antecede feriado ou dia de repouso semanal remunerado.<\/p>\n<\/div>\n<div class=\"mc-column content-text active-extra-styles\" data-block-type=\"raw\" data-block-weight=\"1\">\n<div class=\"content-intertitle\">\n<p><strong>Acordo<\/strong><\/p>\n<\/div>\n<p>O parecer de Marinho estabelece as situa\u00e7\u00f5es que poder\u00e3o ser negociadas entre empregadores e trabalhadores e, em caso de acordo, v\u00e3o prevalecer sobre a lei trabalhista.\u00a0<em>(veja a lista completa no final desta reportagem)<\/em><\/p>\n<\/div>\n<div class=\"mc-column content-text active-extra-styles \" data-block-type=\"unstyled\" data-block-weight=\"58\">\n<p class=\"content-text__container \" data-track-category=\"Link no Texto\" data-track-links=\"\">Entre os pontos que poder\u00e3o ser negociados, est\u00e3o, al\u00e9m do parcelamento de <a class=\"classtermo\" href=\"http:\/\/www.contabeis.com.br\/termos-contabeis\/ferias\">f\u00e9rias<\/a> em at\u00e9 3 vezes no ano, a jornada de trabalho, a redu\u00e7\u00e3o de sal\u00e1rio e a constitui\u00e7\u00e3o de banco de horas. Por outro lado, as empresas n\u00e3o poder\u00e3o discutir, por exemplo, o fundo de garanta, o <a class=\"classtermo\" href=\"http:\/\/www.contabeis.com.br\/termos-contabeis\/salario_minimo\">sal\u00e1rio m\u00ednimo,<\/a> o d\u00e9cimo terceiro e as <a class=\"classtermo\" href=\"http:\/\/www.contabeis.com.br\/termos-contabeis\/ferias\">f\u00e9rias<\/a> proporcionais.<\/p>\n<\/div>\n<div class=\"mc-column content-text active-extra-styles\" data-block-type=\"raw\" data-block-weight=\"1\">\n<div class=\"content-intertitle\">\n<p><strong>Terceiriza\u00e7\u00e3o<\/strong><\/p>\n<\/div>\n<p>O relat\u00f3rio prop\u00f5e uma s\u00e9rie de salvaguardas para o trabalhador terceirizado. Em mar\u00e7o, o presidente Michel Temer sancionou uma lei que permite a terceiriza\u00e7\u00e3o para todas as atividades de uma empresa.<\/p>\n<\/div>\n<div class=\"mc-column content-text active-extra-styles \" data-block-type=\"unstyled\" data-block-weight=\"26\">\n<p class=\"content-text__container \" data-track-category=\"Link no Texto\" data-track-links=\"\">O parecer inclui uma esp\u00e9cie de quarentena, na qual o empregador n\u00e3o poder\u00e1 demitir o trabalhador efetivo e recontrat\u00e1-lo como terceirizado num per\u00edodo de 18 meses.<\/p>\n<\/div>\n<div class=\"mc-column content-text active-extra-styles \" data-block-type=\"unstyled\" data-block-weight=\"27\">\n<p class=\"content-text__container \" data-track-category=\"Link no Texto\" data-track-links=\"\">A empresa que recepcionar um empregado terceirizado ter\u00e1, ainda, que manter todas as condi\u00e7\u00f5es que esse trabalhador tem na empregadora-m\u00e3e, como uso de ambulat\u00f3rio, alimenta\u00e7\u00e3o e seguran\u00e7a.<\/p>\n<\/div>\n<div class=\"mc-column content-text active-extra-styles\" data-block-type=\"raw\" data-block-weight=\"2\">\n<div class=\"content-intertitle\">\n<p><strong>Contribui\u00e7\u00e3o sindical<\/strong><\/p>\n<\/div>\n<p>Atualmente, o pagamento da contribui\u00e7\u00e3o sindical \u00e9 obrigat\u00f3rio e vale para empregados sindicalizados ou n\u00e3o. Uma vez ao ano, \u00e9 descontado o equivalente a um dia de sal\u00e1rio do trabalhador. Se a mudan\u00e7a for aprovada, a contribui\u00e7\u00e3o passar\u00e1 a ser opcional.<\/p>\n<\/div>\n<div class=\"mc-column content-text active-extra-styles\" data-block-type=\"raw\" data-block-weight=\"1\">\n<div class=\"content-intertitle\">\n<p><strong>Multa<\/strong><\/p>\n<\/div>\n<p>Pela legisla\u00e7\u00e3o atual, o empregador que mant\u00e9m empregado n\u00e3o registrado fica sujeito a multa de um sal\u00e1rio-m\u00ednimo regional, por empregado n\u00e3o registrado, acrescido de igual valor em cada reincid\u00eancia.<\/p>\n<\/div>\n<div class=\"mc-column content-text active-extra-styles \" data-block-type=\"unstyled\" data-block-weight=\"60\">\n<p class=\"content-text__container \" data-track-category=\"Link no Texto\" data-track-links=\"\">Na reforma enviada pelo governo, o texto prop\u00f5e multa de R$ 6 mil por empregado n\u00e3o registrado, acrescido de igual valor em cada reincid\u00eancia. No caso de microempresa ou empresa de pequeno porte, a multa prevista \u00e9 de R$ 1 mil. O texto prev\u00ea ainda que o empregador dever\u00e1 manter registro dos respectivos trabalhadores sob pena de R$ 1 mil.<\/p>\n<\/div>\n<div class=\"mc-column content-text active-extra-styles \" data-block-type=\"unstyled\" data-block-weight=\"48\">\n<p class=\"content-text__container \" data-track-category=\"Link no Texto\" data-track-links=\"\">Em seu parecer, por\u00e9m, Rog\u00e9rio Marinho reduziu o valor da multa para R$ 3 mil para cada empregado n\u00e3o registrado. No caso de micro e pequenas empresas, a multa ser\u00e1 de R$ 800. Na hip\u00f3tese de n\u00e3o serem informados os registros, ele reduziu a multa para R$ 600.<\/p>\n<\/div>\n<div class=\"mc-column content-text active-extra-styles\" data-block-type=\"raw\" data-block-weight=\"3\">\n<div class=\"content-intertitle\">\n<p><strong>Jornada de trabalho<\/strong><\/p>\n<\/div>\n<\/div>\n<div class=\"mc-column content-text active-extra-styles \" data-block-type=\"unstyled\" data-block-weight=\"55\">\n<p class=\"content-text__container \" data-track-category=\"Link no Texto\" data-track-links=\"\">Hoje, a legisla\u00e7\u00e3o n\u00e3o conta como jornada de trabalho o tempo gasto pelo trabalhador no deslocamento at\u00e9 o local de trabalho e na volta para casa, por qualquer meio de transporte. A exce\u00e7\u00e3o \u00e9 quando o empregado usa transporte fornecido pelo empregador por ser um local de dif\u00edcil acesso ou onde n\u00e3o h\u00e1 transporte p\u00fablico.<\/p>\n<\/div>\n<div class=\"mc-column content-text active-extra-styles \" data-block-type=\"unstyled\" data-block-weight=\"69\">\n<p class=\"content-text__container \" data-track-category=\"Link no Texto\" data-track-links=\"\">O relator modifica o texto para deixar claro que n\u00e3o ser\u00e1 computado na jornada de trabalho o tempo que o empregado levar at\u00e9 \u201ca efetiva ocupa\u00e7\u00e3o do posto de trabalho\u201d e n\u00e3o mais at\u00e9 o local de trabalho. Al\u00e9m disso, deixa de considerar como jornada de trabalho o tempo usado pelo empregado no trajeto utilizando meio de transporte fornecido pelo empregador \u201cpor n\u00e3o ser tempo \u00e0 disposi\u00e7\u00e3o do empregador\u201d.<\/p>\n<\/div>\n<div class=\"mc-column content-text active-extra-styles \" data-block-type=\"unstyled\" data-block-weight=\"61\">\n<p class=\"content-text__container \" data-track-category=\"Link no Texto\" data-track-links=\"\">Tamb\u00e9m n\u00e3o ser\u00e1 computado como extra o per\u00edodo que exceder a jornada normal quando o empregado, por escolha pr\u00f3pria, buscar prote\u00e7\u00e3o pessoal, em caso de inseguran\u00e7a nas vias p\u00fablicas ou m\u00e1s condi\u00e7\u00f5es clim\u00e1ticas, ou ficar nas depend\u00eancias da empresa para exercer atividades particulares, como higiene e troca de roupa ou uniforme, quando n\u00e3o houver obrigatoriedade de realizar a troca na empresa.<\/p>\n<\/div>\n<div class=\"mc-column content-text active-extra-styles\" data-block-type=\"raw\" data-block-weight=\"2\">\n<div class=\"content-intertitle\">\n<p><strong>Regime parcial<\/strong><\/p>\n<\/div>\n<p>A lei em vigor considera trabalho em regime de tempo parcial aquele cuja dura\u00e7\u00e3o n\u00e3o passe de 25 horas semanais. Pela legisla\u00e7\u00e3o atual, \u00e9 proibida a realiza\u00e7\u00e3o de hora extra no regime parcial.<\/p>\n<\/div>\n<div class=\"mc-column content-text active-extra-styles \" data-block-type=\"unstyled\" data-block-weight=\"60\">\n<p class=\"content-text__container \" data-track-category=\"Link no Texto\" data-track-links=\"\">O parecer do relator aumenta essa carga para 30 horas semanais, sem a possibilidade de horas suplementares por semana. Tamb\u00e9m passa a considerar trabalho em regime de tempo parcial aquele que n\u00e3o passa de 26 horas por semana, com a possibilidade de 6 horas extras semanais. As horas extras ser\u00e3o pagas com o acr\u00e9scimo de 50% sobre o sal\u00e1rio-hora normal.<\/p>\n<\/div>\n<div class=\"mc-column content-text active-extra-styles \" data-block-type=\"unstyled\" data-block-weight=\"18\">\n<p class=\"content-text__container \" data-track-category=\"Link no Texto\" data-track-links=\"\">As horas extras poder\u00e3o ser compensadas diretamente at\u00e9 a semana seguinte. Caso isso n\u00e3o aconte\u00e7a, dever\u00e3o ser pagas.<\/p>\n<\/div>\n<div class=\"mc-column content-text active-extra-styles\" data-block-type=\"raw\" data-block-weight=\"2\">\n<div class=\"content-intertitle\">\n<p><strong>Regime normal<\/strong><\/p>\n<\/div>\n<p>Em rela\u00e7\u00e3o ao regime normal de trabalho, o parecer mant\u00e9m a previs\u00e3o de, no m\u00e1ximo, duas horas extras di\u00e1rias, mas estabelece que as regras poder\u00e3o ser fixadas por \u201cacordo individual, conven\u00e7\u00e3o coletiva ou acordo coletivo de trabalho\u201d. Hoje, a CLT diz que isso s\u00f3 poder\u00e1 ser estabelecido \u201cmediante acordo escrito entre empregador e empregado, ou mediante contrato coletivo de trabalho\u201d.<\/p>\n<\/div>\n<div class=\"mc-column content-text active-extra-styles \" data-block-type=\"unstyled\" data-block-weight=\"25\">\n<p class=\"content-text__container \" data-track-category=\"Link no Texto\" data-track-links=\"\">Pela regra atual, a remunera\u00e7\u00e3o da hora extra dever\u00e1 ser, pelo menos, 20% superior \u00e0 da hora normal. O relator aumenta esse percentual para 50%.<\/p>\n<\/div>\n<div class=\"mc-column content-text active-extra-styles\" data-block-type=\"raw\" data-block-weight=\"3\">\n<p class=\"content-text__container\">\n<div class=\"content-intertitle\">\n<p><strong>Banco de horas<\/strong><\/p>\n<\/div>\n<p>Hoje, a lei prev\u00ea a compensa\u00e7\u00e3o da hora extra em outro dia de trabalho, desde que n\u00e3o exceda, no per\u00edodo m\u00e1ximo de um ano, \u00e0 soma das jornadas semanais de trabalho previstas, nem seja ultrapassado o limite m\u00e1ximo de dez horas di\u00e1rias. A regra \u00e9 estabelecida por acordo ou conven\u00e7\u00e3o coletiva de trabalho.<\/p>\n<\/div>\n<div class=\"mc-column content-text active-extra-styles \" data-block-type=\"unstyled\" data-block-weight=\"60\">\n<p class=\"content-text__container \" data-track-category=\"Link no Texto\" data-track-links=\"\">O texto do relator prev\u00ea que o banco de horas poder\u00e1 ser pactuado por acordo individual escrito, desde que a compensa\u00e7\u00e3o ocorra no per\u00edodo m\u00e1ximo de seis meses. Al\u00e9m disso, poder\u00e1 ser ajustada, por acordo individual ou coletivo, qualquer forma de compensa\u00e7\u00e3o de jornada, desde que n\u00e3o passe de dez horas di\u00e1rias e que a compensa\u00e7\u00e3o aconte\u00e7a no mesmo m\u00eas.<\/p>\n<\/div>\n<div class=\"mc-column content-text active-extra-styles\" data-block-type=\"raw\" data-block-weight=\"6\">\n<div class=\"content-intertitle\">\n<p><strong>Jornada de 12 x 36 horas<\/strong><\/p>\n<\/div>\n<p>Hoje, a Justi\u00e7a autoriza a realiza\u00e7\u00e3o da jornada de 12 horas de trabalho alternados por 36 horas de descanso para algumas categorias. Esse tipo de jornada de trabalho \u00e9 seguido por v\u00e1rias categorias, sendo observado o limite semanal de cada profiss\u00e3o em legisla\u00e7\u00e3o espec\u00edfica.<\/p>\n<\/div>\n<div class=\"mc-column content-text active-extra-styles \" data-block-type=\"unstyled\" data-block-weight=\"29\">\n<p class=\"content-text__container \" data-track-category=\"Link no Texto\" data-track-links=\"\">Com a reforma trabalhista, a jornada 12&#215;36 passa a fazer parte da legisla\u00e7\u00e3o. O texto tamb\u00e9m prev\u00ea que a remunera\u00e7\u00e3o mensal incluir\u00e1 descanso semanal remunerado e descanso em feriados.<\/p>\n<\/div>\n<div class=\"mc-column content-text active-extra-styles \" data-block-type=\"unstyled\" data-block-weight=\"5\">\n<p class=\"content-text__container \" data-track-category=\"Link no Texto\" data-track-links=\"\">Trabalho remoto ou home office<\/p>\n<\/div>\n<div class=\"mc-column content-text active-extra-styles \" data-block-type=\"unstyled\" data-block-weight=\"18\">\n<p class=\"content-text__container \" data-track-category=\"Link no Texto\" data-track-links=\"\">Atualmente, n\u00e3o h\u00e1 previs\u00e3o na legisla\u00e7\u00e3o para o trabalho home office, como quando o empregado trabalha de casa.<\/p>\n<\/div>\n<div class=\"mc-column content-text active-extra-styles \" data-block-type=\"unstyled\" data-block-weight=\"50\">\n<p class=\"content-text__container \" data-track-category=\"Link no Texto\" data-track-links=\"\">O texto do relator inclui o trabalho em casa na legisla\u00e7\u00e3o e estabelece regras para a sua presta\u00e7\u00e3o. Ele define, por exemplo, que o comparecimento \u00e0s depend\u00eancias do empregador para a realiza\u00e7\u00e3o de atividades espec\u00edficas que exijam a presen\u00e7a do empregado no estabelecimento n\u00e3o descaracteriza o regime de trabalho remoto.<\/p>\n<\/div>\n<div class=\"mc-column content-text active-extra-styles \" data-block-type=\"unstyled\" data-block-weight=\"51\">\n<p class=\"content-text__container \" data-track-category=\"Link no Texto\" data-track-links=\"\">Dever\u00e1 haver um contrato individual de trabalho especificando as atividades que ser\u00e3o realizadas pelo empregado. O contrato tamb\u00e9m dever\u00e1 fixar a responsabilidade sobre aquisi\u00e7\u00e3o, manuten\u00e7\u00e3o ou fornecimento dos equipamentos, al\u00e9m da infraestrutura necess\u00e1ria, assim como ao reembolso de despesas arcadas pelo empregado. As utilidades n\u00e3o poder\u00e3o integrar a remunera\u00e7\u00e3o do empregado.<\/p>\n<\/div>\n<div class=\"mc-column content-text active-extra-styles\" data-block-type=\"raw\" data-block-weight=\"4\">\n<div class=\"content-intertitle\">\n<p><strong>Mulheres e trabalho insalubre<\/strong><\/p>\n<\/div>\n<p>Atualmente, a lei pro\u00edbe que mulheres gr\u00e1vidas ou lactantes trabalhem em ambientes com condi\u00e7\u00f5es insalubres. Quando apresentou o relat\u00f3rio, Marinho incluiu um ponto que autoriza que essas mulheres a trabalharem em ambiente insalubre.<\/p>\n<\/div>\n<div class=\"mc-column content-text active-extra-styles \" data-block-type=\"unstyled\" data-block-weight=\"27\">\n<p class=\"content-text__container \" data-track-category=\"Link no Texto\" data-track-links=\"\">Agora, foi estabelecida a exig\u00eancia de que, para trabalhar nesses ambientes, a mulher apresente atestado m\u00e9dico que comprove que n\u00e3o h\u00e1 risco ao feto ou \u00e0 m\u00e3e.<\/p>\n<\/div>\n<div class=\"mc-column content-text active-extra-styles\" data-block-type=\"raw\" data-block-weight=\"2\">\n<div class=\"content-intertitle\">\n<p><strong>Dano extrapatrimonial<\/strong><\/p>\n<\/div>\n<p>O texto inclui na legisla\u00e7\u00e3o trabalhista a previs\u00e3o do dano extrapatrimonial, quando h\u00e1 ofensa contra o empregado ou contra a empresa.<\/p>\n<\/div>\n<div class=\"mc-column content-text active-extra-styles \" data-block-type=\"unstyled\" data-block-weight=\"51\">\n<p class=\"content-text__container \" data-track-category=\"Link no Texto\" data-track-links=\"\">S\u00e3o consideradas pass\u00edveis de repara\u00e7\u00e3o quando, no caso da pessoa f\u00edsica, por exemplo, houver ofensa \u00e0 honra, imagem, intimidade, liberdade de a\u00e7\u00e3o ou sa\u00fade. No caso da pessoa jur\u00eddica, quando houver ofensa \u00e0 imagem, marca, nome, segredo empresarial e sigilo da correspond\u00eancia. Caber\u00e1 ao juiz fixar a indeniza\u00e7\u00e3o a ser paga.<\/p>\n<\/div>\n<div class=\"mc-column content-text active-extra-styles \" data-block-type=\"unstyled\" data-block-weight=\"34\">\n<p class=\"content-text__container \" data-track-category=\"Link no Texto\" data-track-links=\"\">Segundo o relator, o objeto \u00e9 disciplinar os procedimentos para evitar \u201cdecis\u00f5es d\u00edspares\u201d da Justi\u00e7a para situa\u00e7\u00f5es parecidas. Ele fixa crit\u00e9rios objetivos que dever\u00e3o ser seguidos pelos ju\u00edzes para definir o valor da indeniza\u00e7\u00e3o.<\/p>\n<\/div>\n<div class=\"mc-column content-text active-extra-styles\" data-block-type=\"raw\" data-block-weight=\"2\">\n<div class=\"content-intertitle\">\n<p><strong>Trabalhador aut\u00f4nomo<\/strong><\/p>\n<\/div>\n<\/div>\n<div class=\"mc-column content-text active-extra-styles \" data-block-type=\"unstyled\" data-block-weight=\"25\">\n<p class=\"content-text__container \" data-track-category=\"Link no Texto\" data-track-links=\"\">O texto do relator deixa claro que a contrata\u00e7\u00e3o do aut\u00f4nomo, com ou sem exclusividade, de forma cont\u00ednua ou n\u00e3o, afasta a qualidade de empregado.<\/p>\n<\/div>\n<div class=\"mc-column content-text active-extra-styles\" data-block-type=\"raw\" data-block-weight=\"2\">\n<div class=\"content-intertitle\">\n<p><strong>Trabalho intermitente<\/strong><\/p>\n<\/div>\n<p>Sobre o contrato individual de trabalho, o relator mant\u00e9m que ele poder\u00e1 ser acordado verbalmente ou por escrito, por prazo determinado ou indeterminado, mas inclui a previs\u00e3o para que o trabalho seja prestado de forma intermitente, que permite a contrata\u00e7\u00e3o de funcion\u00e1rios sem hor\u00e1rio fixo de trabalho.<\/p>\n<\/div>\n<div class=\"mc-column content-text active-extra-styles \" data-block-type=\"unstyled\" data-block-weight=\"42\">\n<p class=\"content-text__container \" data-track-category=\"Link no Texto\" data-track-links=\"\">O contrato dever\u00e1 ser por escrito e conter especificamente o valor da hora de trabalho, que n\u00e3o pode ser inferior ao valor hor\u00e1rio do <a class=\"classtermo\" href=\"http:\/\/www.contabeis.com.br\/termos-contabeis\/salario_minimo\">sal\u00e1rio m\u00ednimo<\/a> ou \u00e0quele pago aos demais empregados que exer\u00e7am a mesma fun\u00e7\u00e3o em contrato intermitente ou n\u00e3o.<\/p>\n<\/div>\n<div class=\"mc-column content-text active-extra-styles \" data-block-type=\"unstyled\" data-block-weight=\"59\">\n<p class=\"content-text__container \" data-track-category=\"Link no Texto\" data-track-links=\"\">O empregado dever\u00e1 ser convocado com, no m\u00ednimo, tr\u00eas dias corridos de anteced\u00eancia. No per\u00edodo de inatividade, o trabalhador prestar servi\u00e7os a outros contratantes. Ao final de cada per\u00edodo de presta\u00e7\u00e3o de servi\u00e7o, o empregado receber\u00e1 o pagamento imediato das parcelas do sal\u00e1rio, <a class=\"classtermo\" href=\"http:\/\/www.contabeis.com.br\/termos-contabeis\/ferias\">f\u00e9rias<\/a> e <a class=\"classtermo\" href=\"http:\/\/www.contabeis.com.br\/termos-contabeis\/decimo_terceiro_salario\">d\u00e9cimo terceiro sal\u00e1rio<\/a> proporcionais. Tamb\u00e9m haver\u00e1 o recolhimento da contribui\u00e7\u00e3o previdenci\u00e1ria e do <a class=\"classtermo\" href=\"http:\/\/www.contabeis.com.br\/termos-contabeis\/fgts\">FGTS.<\/a><\/p>\n<\/div>\n<div class=\"mc-column content-text active-extra-styles \" data-block-type=\"unstyled\" data-block-weight=\"26\">\n<p class=\"content-text__container \" data-track-category=\"Link no Texto\" data-track-links=\"\">Nesse ponto, a pedido da categoria dos aeronautas, o relat\u00f3rio passou a definir que trabalho intermitente ser\u00e1 proibido em casos de profiss\u00f5es regidas por legisla\u00e7\u00e3o espec\u00edfica.<\/p>\n<\/div>\n<div class=\"mc-column content-text active-extra-styles\" data-block-type=\"raw\" data-block-weight=\"2\">\n<div class=\"content-intertitle\">\n<p><strong>Sucess\u00e3o empresarial<\/strong><\/p>\n<\/div>\n<p>O relat\u00f3rio prev\u00ea que, no caso de sucess\u00e3o empresarial ou de empregadores, as obriga\u00e7\u00f5es trabalhistas passam a ser de responsabilidade do sucessor.<\/p>\n<\/div>\n<div class=\"mc-column content-text active-extra-styles\" data-block-type=\"raw\" data-block-weight=\"3\">\n<div class=\"content-intertitle\">\n<p><strong>Justi\u00e7a do Trabalho<\/strong><\/p>\n<\/div>\n<p>No relat\u00f3rio, Marinho prop\u00f5e um maior rigor para a cria\u00e7\u00e3o e altera\u00e7\u00e3o de s\u00famulas, interpreta\u00e7\u00f5es que servem de refer\u00eancia para julgamentos.<\/p>\n<\/div>\n<div class=\"mc-column content-text active-extra-styles \" data-block-type=\"unstyled\" data-block-weight=\"31\">\n<p class=\"content-text__container \" data-track-category=\"Link no Texto\" data-track-links=\"\">Ficar\u00e1 definido na CLT como as s\u00famulas poder\u00e3o ser produzidas. Ser\u00e1 exigida a aprova\u00e7\u00e3o de ao menos dois ter\u00e7os dos ministros do Tribunal Superior do Trabalho para que elas sejam editadas.<\/p>\n<\/div>\n<div class=\"mc-column content-text active-extra-styles \" data-block-type=\"unstyled\" data-block-weight=\"34\">\n<p class=\"content-text__container \" data-track-category=\"Link no Texto\" data-track-links=\"\">Ainda assim, essa defini\u00e7\u00e3o s\u00f3 poder\u00e1 ser feita se a mesma mat\u00e9ria j\u00e1 tiver sido decidida de forma id\u00eantica por unanimidade em pelo menos dois ter\u00e7os das turmas, em pelo menos dez sess\u00f5es diferentes.<\/p>\n<\/div>\n<div class=\"mc-column content-text active-extra-styles\" data-block-type=\"raw\" data-block-weight=\"1\">\n<div class=\"content-intertitle\">\n<p><strong>M\u00e1-f\u00e9<\/strong><\/p>\n<\/div>\n<p>O texto estabelece puni\u00e7\u00f5es para quem, seja o reclamante ou o reclamado, agir com m\u00e1-f\u00e9 em processos judiciais na \u00e1rea trabalhista. O juiz poder\u00e1 dar condena\u00e7\u00e3o de multa, entre 1% e 10% da causa, al\u00e9m de indeniza\u00e7\u00e3o para a parte contr\u00e1ria.<\/p>\n<\/div>\n<div class=\"mc-column content-text active-extra-styles \" data-block-type=\"unstyled\" data-block-weight=\"27\">\n<p class=\"content-text__container \" data-track-category=\"Link no Texto\" data-track-links=\"\">Ser\u00e1 considerada de m\u00e1-f\u00e9 a pessoa que alterar a verdade dos fatos, usar o processo para objetivo ilegal, gerar resist\u00eancia injustificada ao andamento do processo, entre outros.<\/p>\n<\/div>\n<div class=\"mc-column content-text active-extra-styles\" data-block-type=\"raw\" data-block-weight=\"15\">\n<div class=\"content-intertitle\">\n<p><strong>Pontos que podem ser negociados ou n\u00e3o em acordos coletivos para ter for\u00e7a de lei<\/strong><\/p>\n<\/div>\n<p><strong>Pontos que poder\u00e3o se sobrepor \u00e0 lei quando houver acordo coletivo:<\/strong><\/p>\n<\/div>\n<div class=\"mc-column content-text active-extra-styles\" data-block-type=\"raw\" data-block-weight=\"114\">\n<ul class=\"content-unordered-list\">\n<li>pacto quanto \u00e0 jornada de trabalho, observados os limites constitucionais;<\/li>\n<li>banco de horas individual;<\/li>\n<li>intervalo intrajornada, respeitado o limite m\u00ednimo de trinta minutos para jornadas superiores a seis horas;<\/li>\n<li>ades\u00e3o ao Programa Seguro-Emprego<\/li>\n<li>plano de cargos, sal\u00e1rios e fun\u00e7\u00f5es<\/li>\n<li>regulamento empresarial;<\/li>\n<li>representante dos trabalhadores no local de trabalho;<\/li>\n<li>\u201cteletrabalho\u201d, ou home office e trabalho intermitente;<\/li>\n<li>remunera\u00e7\u00e3o por produtividade, inclu\u00eddas as gorjetas e remunera\u00e7\u00e3o por desempenho individual;<\/li>\n<li>modalidade de registro de jornada de trabalho;<\/li>\n<li>troca do dia de feriado;<\/li>\n<li>identifica\u00e7\u00e3o dos cargos que demandam a fixa\u00e7\u00e3o da cota de aprendiz;<\/li>\n<li>enquadramento do grau de insalubridade;<\/li>\n<li>prorroga\u00e7\u00e3o de jornada em ambientes insalubres;<\/li>\n<li>pr\u00eamios de incentivo em bens ou servi\u00e7os;<\/li>\n<li>participa\u00e7\u00e3o nos lucros ou resultados da empresa.<\/li>\n<\/ul>\n<\/div>\n<div class=\"mc-column content-text active-extra-styles \" data-block-type=\"unstyled\" data-block-weight=\"15\">\n<p class=\"content-text__container \" data-track-category=\"Link no Texto\" data-track-links=\"\"><strong>Hip\u00f3teses nas quais n\u00e3o ser\u00e1 permitida, por acordo coletivo, supress\u00e3o ou redu\u00e7\u00e3o dos seguintes direitos:<\/strong><\/p>\n<\/div>\n<div class=\"mc-column content-text active-extra-styles\" data-block-type=\"raw\" data-block-weight=\"301\">\n<ul class=\"content-unordered-list\">\n<li>normas de identifica\u00e7\u00e3o profissional, inclusive as anota\u00e7\u00f5es na Carteira de Trabalho e Previd\u00eancia Social;<\/li>\n<li>seguro-desemprego, em caso de desemprego involunt\u00e1rio;<\/li>\n<li>valor dos dep\u00f3sitos mensais e da indeniza\u00e7\u00e3o rescis\u00f3ria do FGTS;<\/li>\n<li>sal\u00e1rio-m\u00ednimo;<\/li>\n<li>valor nominal do d\u00e9cimo terceiro sal\u00e1rio;<\/li>\n<li>remunera\u00e7\u00e3o do trabalho noturno superior \u00e0 do diurno;<\/li>\n<li>prote\u00e7\u00e3o do sal\u00e1rio na forma da lei;<\/li>\n<li>sal\u00e1rio-fam\u00edlia;<\/li>\n<li>repouso semanal remunerado;<\/li>\n<li>remunera\u00e7\u00e3o do servi\u00e7o extraordin\u00e1rio superior, no m\u00ednimo, em 50% \u00e0 do normal;<\/li>\n<li>n\u00famero de dias de <a class=\"classtermo\" href=\"http:\/\/www.contabeis.com.br\/termos-contabeis\/ferias\">f\u00e9rias<\/a> devidas ao empregado;<\/li>\n<li>gozo de <a class=\"classtermo\" href=\"http:\/\/www.contabeis.com.br\/termos-contabeis\/ferias\">f\u00e9rias<\/a> anuais remuneradas com, pelo menos, um ter\u00e7o a mais do que o sal\u00e1rio normal;<\/li>\n<li>licen\u00e7a-maternidade com a dura\u00e7\u00e3o m\u00ednima de 120 dias;<\/li>\n<li>licen\u00e7a-paternidade nos termos fixados em lei;<\/li>\n<li>prote\u00e7\u00e3o do mercado de trabalho da mulher, mediante incentivos espec\u00edficos<\/li>\n<li>aviso pr\u00e9vio proporcional ao tempo de servi\u00e7o, sendo no m\u00ednimo de trinta dias;<\/li>\n<li>normas de sa\u00fade, higiene e seguran\u00e7a do trabalho;<\/li>\n<li>adicional de remunera\u00e7\u00e3o para as atividades penosas, insalubres ou perigosas;<\/li>\n<li>aposentadoria;<\/li>\n<li>seguro contra acidentes de trabalho, a cargo do empregador;<\/li>\n<li>a\u00e7\u00e3o, quanto aos cr\u00e9ditos resultantes das rela\u00e7\u00f5es de trabalho, com prazo prescricional de cinco anos para os trabalhadores urbanos e rurais, at\u00e9 o limite de dois anos ap\u00f3s a extin\u00e7\u00e3o do contrato de trabalho;<\/li>\n<li>proibi\u00e7\u00e3o de qualquer discrimina\u00e7\u00e3o no tocante a sal\u00e1rio e crit\u00e9rios de admiss\u00e3o do trabalhador com defici\u00eancia<\/li>\n<li>proibi\u00e7\u00e3o de trabalho noturno, perigoso ou insalubre a menores de dezoito anos e de qualquer trabalho a menores de dezesseis anos, salvo na condi\u00e7\u00e3o de aprendiz, a partir de quatorze anos;<\/li>\n<li>medidas de prote\u00e7\u00e3o legal de crian\u00e7as e adolescentes;<\/li>\n<li>igualdade de direitos entre o trabalhador com v\u00ednculo empregat\u00edcio permanente e o trabalhador avulso;<\/li>\n<li>liberdade de associa\u00e7\u00e3o profissional ou sindical do trabalhador;<\/li>\n<li>direito de greve;<\/li>\n<li>defini\u00e7\u00e3o legal sobre os servi\u00e7os ou atividades essenciais e disposi\u00e7\u00f5es legais sobre o atendimento das necessidades inadi\u00e1veis da comunidade em caso de greve;<\/li>\n<li>tributos e outros cr\u00e9ditos de terceiros<\/li>\n<\/ul>\n<\/div>\n<p>Fonte: G1<\/p>\n","protected":false},"excerpt":{"rendered":"<p>Projeto define as situa\u00e7\u00f5es nas quais acordos coletivos poder\u00e3o se sobrepor \u00e0 lei trabalhista. A comiss\u00e3o especial da C\u00e2mara destinada a analisar a reforma trabalhista aprovou nesta ter\u00e7a-feira (25) o parecer do relator Rog\u00e9rio Marinho (PSDB-RN) por 27 votos a favor e 10 contra. O projeto foi encaminhado ao Legislativo pelo governo do presidente Michel [&hellip;]<\/p>\n","protected":false},"author":3,"featured_media":857,"comment_status":"open","ping_status":"open","sticky":false,"template":"","format":"standard","meta":{"jetpack_post_was_ever_published":false,"_jetpack_newsletter_access":"","_jetpack_dont_email_post_to_subs":false,"_jetpack_newsletter_tier_id":0,"_jetpack_memberships_contains_paywalled_content":false,"_jetpack_memberships_contains_paid_content":false,"footnotes":"","jetpack_publicize_message":"","jetpack_publicize_feature_enabled":true,"jetpack_social_post_already_shared":true,"jetpack_social_options":{"image_generator_settings":{"template":"highway","default_image_id":0,"font":"","enabled":false},"version":2}},"categories":[29],"tags":[326,342,492,338,41,494],"class_list":["post-1140","post","type-post","status-publish","format-standard","has-post-thumbnail","hentry","category-dp","tag-comissao","tag-lei","tag-proposta","tag-reforma","tag-trabalhista","tag-votacao"],"jetpack_publicize_connections":[],"jetpack_featured_media_url":"https:\/\/i0.wp.com\/cfcontabil.com\/cf\/wp-content\/uploads\/2017\/01\/CTPStrabalho-1.jpg?fit=4600%2C2995&ssl=1","jetpack_sharing_enabled":true,"jetpack_shortlink":"https:\/\/wp.me\/p2wklX-io","jetpack-related-posts":[{"id":1156,"url":"https:\/\/cfcontabil.com\/cf\/governo-trabalha-para-reverter-mudancas-no-refis\/","url_meta":{"origin":1140,"position":0},"title":"Governo trabalha para reverter mudan\u00e7as no Refis","author":"Ab\u00edlio Gon\u00e7alves","date":"16 de maio de 2017","format":false,"excerpt":"O governo est\u00e1 trabalhando para reverter mudan\u00e7as no Programa de Regulariza\u00e7\u00e3o Tribut\u00e1ria, esp\u00e9cie de Refis, para parcelamento de d\u00edvidas com a Secretaria da Receita Federal do Brasil e a Procuradoria-Geral da Fazenda Nacional. A afirma\u00e7\u00e3o \u00e9 o ministro da Fazenda, Henrique Meirelles, ap\u00f3s participar hoje (11) do programa Agora Brasil,\u2026","rel":"","context":"Em &quot;Departamento Fiscal&quot;","block_context":{"text":"Departamento Fiscal","link":"https:\/\/cfcontabil.com\/cf\/category\/df\/"},"img":{"alt_text":"","src":"https:\/\/i0.wp.com\/cfcontabil.com\/cf\/wp-content\/uploads\/2016\/03\/dinheiro-1.jpg?fit=661%2C351&ssl=1&resize=350%2C200","width":350,"height":200,"srcset":"https:\/\/i0.wp.com\/cfcontabil.com\/cf\/wp-content\/uploads\/2016\/03\/dinheiro-1.jpg?fit=661%2C351&ssl=1&resize=350%2C200 1x, https:\/\/i0.wp.com\/cfcontabil.com\/cf\/wp-content\/uploads\/2016\/03\/dinheiro-1.jpg?fit=661%2C351&ssl=1&resize=525%2C300 1.5x"},"classes":[]},{"id":868,"url":"https:\/\/cfcontabil.com\/cf\/senado-analisa-sugestao-de-dar-fim-a-imunidade-tributaria-para-igrejas\/","url_meta":{"origin":1140,"position":1},"title":"Senado analisa sugest\u00e3o de dar fim \u00e0 imunidade tribut\u00e1ria para igrejas","author":"Ab\u00edlio Gon\u00e7alves","date":"25 de janeiro de 2017","format":false,"excerpt":"Est\u00e1 em an\u00e1lise no Senado a sugest\u00e3o legislativa (SUG 2\/2015) que pede o fim da imunidade tribut\u00e1ria para entidades religiosas. Iniciada por uma internauta no portal E-Cidadania, a consulta obteve mais de 20 mil apoios e passou a ser analisada pela Comiss\u00e3o de Direitos Humanos e Legisla\u00e7\u00e3o Participativa (CDH). Se\u2026","rel":"","context":"Em &quot;Departamento Fiscal&quot;","block_context":{"text":"Departamento Fiscal","link":"https:\/\/cfcontabil.com\/cf\/category\/df\/"},"img":{"alt_text":"","src":"https:\/\/i0.wp.com\/2.bp.blogspot.com\/-GavlJ6iXB3U\/Vs3JqGuL7YI\/AAAAAAAADOA\/YJiy_f9ZWYg\/s1600\/23-02-VIC-ilustra-pag3.jpg?resize=350%2C200&ssl=1","width":350,"height":200,"srcset":"https:\/\/i0.wp.com\/2.bp.blogspot.com\/-GavlJ6iXB3U\/Vs3JqGuL7YI\/AAAAAAAADOA\/YJiy_f9ZWYg\/s1600\/23-02-VIC-ilustra-pag3.jpg?resize=350%2C200&ssl=1 1x, https:\/\/i0.wp.com\/2.bp.blogspot.com\/-GavlJ6iXB3U\/Vs3JqGuL7YI\/AAAAAAAADOA\/YJiy_f9ZWYg\/s1600\/23-02-VIC-ilustra-pag3.jpg?resize=525%2C300&ssl=1 1.5x, https:\/\/i0.wp.com\/2.bp.blogspot.com\/-GavlJ6iXB3U\/Vs3JqGuL7YI\/AAAAAAAADOA\/YJiy_f9ZWYg\/s1600\/23-02-VIC-ilustra-pag3.jpg?resize=700%2C400&ssl=1 2x"},"classes":[]},{"id":1241,"url":"https:\/\/cfcontabil.com\/cf\/desenvolvimento-economico-aprova-prazo-maximo-de-72-horas-para-registrar-empresa-em-junta-comercial\/","url_meta":{"origin":1140,"position":2},"title":"Desenvolvimento Econ\u00f4mico aprova prazo m\u00e1ximo de 72 horas para registrar empresa em junta comercial","author":"Ab\u00edlio Gon\u00e7alves","date":"28 de junho de 2017","format":false,"excerpt":"A Comiss\u00e3o de Desenvolvimento Econ\u00f4mico, Ind\u00fastria, Com\u00e9rcio e Servi\u00e7os aprovou o Projeto de Lei 6072\/16, do deputado F\u00e9lix Mendon\u00e7a J\u00fanior (PDT-BA), que estabelece prazo m\u00e1ximo de 72 horas para defini\u00e7\u00e3o sobre registro de empresas pelas juntas comerciais. Pela proposta, o prazo limite dever\u00e1 ser obedecido sempre que o interessado apresentar\u2026","rel":"","context":"Em &quot;Consultoria Empresarial&quot;","block_context":{"text":"Consultoria Empresarial","link":"https:\/\/cfcontabil.com\/cf\/category\/consultoria\/"},"img":{"alt_text":"","src":"https:\/\/i0.wp.com\/cfcontabil.com\/cf\/wp-content\/uploads\/2017\/06\/assinatura-1.jpg?fit=600%2C400&ssl=1&resize=350%2C200","width":350,"height":200,"srcset":"https:\/\/i0.wp.com\/cfcontabil.com\/cf\/wp-content\/uploads\/2017\/06\/assinatura-1.jpg?fit=600%2C400&ssl=1&resize=350%2C200 1x, https:\/\/i0.wp.com\/cfcontabil.com\/cf\/wp-content\/uploads\/2017\/06\/assinatura-1.jpg?fit=600%2C400&ssl=1&resize=525%2C300 1.5x"},"classes":[]},{"id":1250,"url":"https:\/\/cfcontabil.com\/cf\/ccj-aprova-deducao-no-imposto-de-renda-de-doacoes-para-escolas\/","url_meta":{"origin":1140,"position":3},"title":"CCJ aprova dedu\u00e7\u00e3o no imposto de renda de doa\u00e7\u00f5es para escolas","author":"Ab\u00edlio Gon\u00e7alves","date":"7 de julho de 2017","format":false,"excerpt":"A Comiss\u00e3o de Constitui\u00e7\u00e3o, Justi\u00e7a e Cidadania (CCJ) aprovou o projeto de lei (PLS 198\/2013) que cria o Programa Nacional de Incentivo \u00e0 Educa\u00e7\u00e3o Escolar B\u00e1sica Gratuita (Pronie). O objetivo da proposta \u00e9 autorizar cidad\u00e3os e empresas a deduzirem no imposto de renda doa\u00e7\u00f5es feitas para escolas da educa\u00e7\u00e3o infantil\u2026","rel":"","context":"Em &quot;Geral&quot;","block_context":{"text":"Geral","link":"https:\/\/cfcontabil.com\/cf\/category\/geral\/"},"img":{"alt_text":"","src":"https:\/\/i0.wp.com\/cfcontabil.com\/cf\/wp-content\/uploads\/2016\/04\/imposto_de_renda_declaracao-1.jpg?fit=570%2C399&ssl=1&resize=350%2C200","width":350,"height":200,"srcset":"https:\/\/i0.wp.com\/cfcontabil.com\/cf\/wp-content\/uploads\/2016\/04\/imposto_de_renda_declaracao-1.jpg?fit=570%2C399&ssl=1&resize=350%2C200 1x, https:\/\/i0.wp.com\/cfcontabil.com\/cf\/wp-content\/uploads\/2016\/04\/imposto_de_renda_declaracao-1.jpg?fit=570%2C399&ssl=1&resize=525%2C300 1.5x"},"classes":[]},{"id":1127,"url":"https:\/\/cfcontabil.com\/cf\/projeto-preve-juros-menores-para-micro-e-pequenas-empresas\/","url_meta":{"origin":1140,"position":4},"title":"Projeto prev\u00ea juros menores para micro e pequenas empresas","author":"Ab\u00edlio Gon\u00e7alves","date":"17 de abril de 2017","format":false,"excerpt":"A proposta, em tramita\u00e7\u00e3o na C\u00e2mara, estabelece ainda a cria\u00e7\u00e3o da Empresa Simples de Cr\u00e9dito. Aumentar a oferta e reduzir o custo do cr\u00e9dito para os pequenos neg\u00f3cios.\u00a0 Esse ser\u00e1 um dos principais objetivos do Projeto de Lei Complementar (PLP) 341\/2017, que foi apresentado nesta quarta-feira, 12\/04 pela Frente Parlamentar\u2026","rel":"","context":"Em &quot;Consultoria Empresarial&quot;","block_context":{"text":"Consultoria Empresarial","link":"https:\/\/cfcontabil.com\/cf\/category\/consultoria\/"},"img":{"alt_text":"","src":"https:\/\/i0.wp.com\/cfcontabil.com\/cf\/wp-content\/uploads\/2016\/03\/dinheiro-1.jpg?fit=661%2C351&ssl=1&resize=350%2C200","width":350,"height":200,"srcset":"https:\/\/i0.wp.com\/cfcontabil.com\/cf\/wp-content\/uploads\/2016\/03\/dinheiro-1.jpg?fit=661%2C351&ssl=1&resize=350%2C200 1x, https:\/\/i0.wp.com\/cfcontabil.com\/cf\/wp-content\/uploads\/2016\/03\/dinheiro-1.jpg?fit=661%2C351&ssl=1&resize=525%2C300 1.5x"},"classes":[]},{"id":2196,"url":"https:\/\/cfcontabil.com\/cf\/coronavirus-camara-aprova-projeto-que-preve-r-600-por-mes-para-trabalhador-informal\/","url_meta":{"origin":1140,"position":5},"title":"Coronav\u00edrus: C\u00e2mara aprova projeto que prev\u00ea R$ 600 por m\u00eas para trabalhador informal","author":"Ab\u00edlio Gon\u00e7alves","date":"27 de mar\u00e7o de 2020","format":false,"excerpt":"Texto vai ao Senado e prev\u00ea repasse por 3 meses. Aut\u00f4nomo dever\u00e1 cumprir requisitos como ter mais de 18 anos e n\u00e3o receber benef\u00edcio previdenci\u00e1rio ou assistencial. A\u00a0C\u00e2mara dos Deputados\u00a0aprovou nesta quinta-feira (26) um projeto que prev\u00ea o pagamento de R$ 600 a trabalhadores informais por tr\u00eas meses em raz\u00e3o\u2026","rel":"","context":"Em \"aux\u00edlio\"","block_context":{"text":"aux\u00edlio","link":"https:\/\/cfcontabil.com\/cf\/tag\/auxilio\/"},"img":{"alt_text":"","src":"https:\/\/i0.wp.com\/cfcontabil.com\/cf\/wp-content\/uploads\/2020\/03\/plenario-camara.jpg?fit=640%2C419&ssl=1&resize=350%2C200","width":350,"height":200,"srcset":"https:\/\/i0.wp.com\/cfcontabil.com\/cf\/wp-content\/uploads\/2020\/03\/plenario-camara.jpg?fit=640%2C419&ssl=1&resize=350%2C200 1x, https:\/\/i0.wp.com\/cfcontabil.com\/cf\/wp-content\/uploads\/2020\/03\/plenario-camara.jpg?fit=640%2C419&ssl=1&resize=525%2C300 1.5x"},"classes":[]}],"jetpack_likes_enabled":true,"_links":{"self":[{"href":"https:\/\/cfcontabil.com\/cf\/wp-json\/wp\/v2\/posts\/1140","targetHints":{"allow":["GET"]}}],"collection":[{"href":"https:\/\/cfcontabil.com\/cf\/wp-json\/wp\/v2\/posts"}],"about":[{"href":"https:\/\/cfcontabil.com\/cf\/wp-json\/wp\/v2\/types\/post"}],"author":[{"embeddable":true,"href":"https:\/\/cfcontabil.com\/cf\/wp-json\/wp\/v2\/users\/3"}],"replies":[{"embeddable":true,"href":"https:\/\/cfcontabil.com\/cf\/wp-json\/wp\/v2\/comments?post=1140"}],"version-history":[{"count":0,"href":"https:\/\/cfcontabil.com\/cf\/wp-json\/wp\/v2\/posts\/1140\/revisions"}],"wp:featuredmedia":[{"embeddable":true,"href":"https:\/\/cfcontabil.com\/cf\/wp-json\/wp\/v2\/media\/857"}],"wp:attachment":[{"href":"https:\/\/cfcontabil.com\/cf\/wp-json\/wp\/v2\/media?parent=1140"}],"wp:term":[{"taxonomy":"category","embeddable":true,"href":"https:\/\/cfcontabil.com\/cf\/wp-json\/wp\/v2\/categories?post=1140"},{"taxonomy":"post_tag","embeddable":true,"href":"https:\/\/cfcontabil.com\/cf\/wp-json\/wp\/v2\/tags?post=1140"}],"curies":[{"name":"wp","href":"https:\/\/api.w.org\/{rel}","templated":true}]}}