{"id":1142,"date":"2017-04-28T05:00:37","date_gmt":"2017-04-28T08:00:37","guid":{"rendered":"http:\/\/cfcontabil.com\/cf\/?p=1142"},"modified":"2017-04-28T05:00:37","modified_gmt":"2017-04-28T08:00:37","slug":"dctf-2205-vence-o-prazo-de-entrega-das-inativas-e-sem-movimento-em-jan-e-fev2017","status":"publish","type":"post","link":"https:\/\/cfcontabil.com\/cf\/dctf-2205-vence-o-prazo-de-entrega-das-inativas-e-sem-movimento-em-jan-e-fev2017\/","title":{"rendered":"DCTF \u2013 22\/05 vence o prazo de entrega das Inativas e sem movimento em jan e fev\/2017"},"content":{"rendered":"<p>Com a\u00a0prorroga\u00e7\u00e3o do prazo de entrega da DCTF inativa 2017\u00a0e sem movimento dos meses de janeiro e fevereiro de 2017 para 22 de maio de 2017, houve um grande n\u00famero de\u00a0d\u00favidas e questionamentos nas redes sociais, principalmente sobre o uso do Certificado Digital.<\/p>\n<p>\u00c9 fato que n\u00e3o faz nenhum sentido exigir que a pessoa jur\u00eddica inativa entregue a DCTF inativa apenas com o uso de Certificado Digital, como muita coisa tamb\u00e9m n\u00e3o faz sentido neste nosso aben\u00e7oado pa\u00eds, mas o fisco exige do contribuinte. Assim, preliminarmente informamos que a\u00a0<a href=\"http:\/\/normas.receita.fazenda.gov.br\/sijut2consulta\/link.action?visao=anotado&amp;idAto=80947#1700798\">Instru\u00e7\u00e3o Normativa n\u00ba 1.697 de 2017<\/a>\u00a0n\u00e3o tratou deste tema.<\/p>\n<p>Este texto foi elaborado para ajudar esclarecer \u00e0s d\u00favidas apresentadas acerca da prorroga\u00e7\u00e3o do prazo de entrega, bem como sobre a nova vers\u00e3o da DCTF e dispensa do uso do certificado digital.<\/p>\n<p><strong>Esclarecimentos:<\/strong><\/p>\n<p><!--more--><\/p>\n<p>1 \u2013 A prorroga\u00e7\u00e3o do prazo de entrega da DCTF para 22 de maio de 2017, aplica-se apenas \u00e0s pessoas jur\u00eddicas inativas e sem movimento nos meses de janeiro e fevereiro de 2017;<\/p>\n<p>2 \u2013 A DCTF inativa n\u00e3o se aplica \u00e0s pessoas jur\u00eddicas optantes pelo Simples Nacional; Aplica-se apenas \u00e0s empresas\u00a0<strong>n\u00e3o optantes<\/strong>\u00a0pelo Simples Nacional (lucro Real e presumido);<\/p>\n<p>3 \u2013 Empresa optante pelo Simples Nacional, que n\u00e3o teve movimento em 2016, deve apresentar a Declara\u00e7\u00e3o de Informa\u00e7\u00f5es Socioecon\u00f4micas e Fiscais \u2013 DEFIS ano-calend\u00e1rio 2016, sem movimento at\u00e9 o final deste m\u00eas (31\/03). Para fins de entrega de obriga\u00e7\u00f5es o fisco n\u00e3o autorizou utilizar o termo\u00a0<strong>Inatividade\u00a0<\/strong>para dispensar obriga\u00e7\u00f5es acess\u00f3rias das empresas optantes pelo Simples Nacional; A\u00a0<strong>M<\/strong>icro<strong>E<\/strong>mpresa e a\u00a0<strong>E<\/strong>mpresa de\u00a0<strong>P<\/strong>equeno\u00a0<strong>P<\/strong>orte\u00a0(<a href=\"http:\/\/www.planalto.gov.br\/ccivil_03\/leis\/LCP\/Lcp123.htm\">LC n\u00ba 123\/200<\/a>6)\u00a0deve transmitir o PGDAS-D mensalmente at\u00e9 o vencimento do DAS, ainda que sem movimento, sob pena de multa e anualmente\u00a0(at\u00e9 final de mar\u00e7o \u2013\u00a0<a href=\"http:\/\/normas.receita.fazenda.gov.br\/sijut2consulta\/link.action?visao=anotado&amp;idAto=36833\">Art. 66 da Resolu\u00e7\u00e3o 94\/2011 do CGSN<\/a>)\u00a0deve apresentar a DEFIS; Portanto, o\u00a0fato de a empresa estar inativa n\u00e3o a desobriga de entregar a DEFIS\u00a0(<a href=\"http:\/\/www8.receita.fazenda.gov.br\/SimplesNacional\/Perguntas\/Perguntas.aspx\">Pergunta 8.16 doPortal do Simples Nacional<\/a>);<\/p>\n<p>4 \u2013 Quanto a entrega da DCTF inativa ou sem movimento, a Receita Federal ainda vai disponibilizar nova vers\u00e3o do programa. De acordo com\u00a0<a href=\"https:\/\/idg.receita.fazenda.gov.br\/orientacao\/tributaria\/declaracoes-e-demonstrativos\/dctf-declaracao-de-debitos-e-creditos-tributarios-federais\">nota divulgada pela Receita Federal<\/a>, a nova vers\u00e3o (at\u00e9 a elabora\u00e7\u00e3o desta mat\u00e9ria ainda n\u00e3o estava dispon\u00edvel) vai permitir entregar a DCTF inativa sem certificado digital;<\/p>\n<p>5 \u2013 A Receita Federal publicou a\u00a0<a href=\"http:\/\/normas.receita.fazenda.gov.br\/sijut2consulta\/link.action?visao=anotado&amp;idAto=80947#1700798\">Instru\u00e7\u00e3o Normativa n\u00ba 1.697 de 2017<\/a>\u00a0(06\/03) para informar que o prazo de entrega das DCTF Inativas 2017 e sem movimento nos meses de janeiro e fevereiro de 2017 estava sendo prorrogado para 22 de maio deste ano. Sendo assim, o respons\u00e1vel pela entrega da obriga\u00e7\u00e3o n\u00e3o vai ficar \u201cdesesperado\u201d quanto ao prazo inicial que vencia em mar\u00e7o e abril deste ano. \u201cCom a prorroga\u00e7\u00e3o do prazo de entrega, o \u00f3rg\u00e3o ter\u00e1 mais tempo para liberar a nova vers\u00e3o do programa\u201d.<\/p>\n<p>6 \u2013 Vale ainda esclarecer que as pessoas jur\u00eddicas optantes pelo Simples Nacional somente est\u00e3o obrigadas a entregar a DCTF no m\u00eas que tenha valores a informar a t\u00edtulo de Contribui\u00e7\u00e3o Sobre a Receita Bruta \u2013 CPRB, de que trata a\u00a0<a href=\"http:\/\/www.planalto.gov.br\/ccivil_03\/_ato2011-2014\/2011\/lei\/l12546.htm\">Lei n\u00ba 12.546\/2011<\/a>. Sobre este tema, a Receita Federal j\u00e1 esclareceu que no m\u00eas em que a empresa optante pelo Simples Nacional n\u00e3o tiver CPRB a declarar est\u00e1 dispensada da entrega da DCTF\u00a0(<a href=\"http:\/\/normas.receita.fazenda.gov.br\/sijut2consulta\/link.action?idAto=70249\">\u00a7 6\u00ba do Art. 3\u00ba\u00a0da IN N\u00ba 1.599\/2015<\/a>); e<\/p>\n<p>7 \u2013 Assim,\u00a0o prazo de apresenta\u00e7\u00e3o da DCTF pelas pessoas jur\u00eddicas e entidade que possuam valores de d\u00e9bitos a declarar permanece inalterado\u00a0(a DCTF referente janeiro de 2017 deve ser apresentada at\u00e9 21 de mar\u00e7o deste ano). \u00a0Para entregar utilize a\u00a0<a href=\"http:\/\/idg.receita.fazenda.gov.br\/orientacao\/tributaria\/declaracoes-e-demonstrativos\/dctf-declaracao-de-debitos-e-creditos-tributarios-federais\/programa-gerador-da-declaracao-pgd\/dctf-programa-gerador-da-declaracao-pgd\">vers\u00e3o dispon\u00edvel (3.3)<\/a>.<\/p>\n<p>Fonte: <a href=\"https:\/\/sigaofisco.blogspot.com.br\/search?updated-max=2017-04-19T08:15:00-03:00&amp;max-results=1\">Siga o Fisco<\/a><\/p>\n","protected":false},"excerpt":{"rendered":"<p>Com a\u00a0prorroga\u00e7\u00e3o do prazo de entrega da DCTF inativa 2017\u00a0e sem movimento dos meses de janeiro e fevereiro de 2017 para 22 de maio de 2017, houve um grande n\u00famero de\u00a0d\u00favidas e questionamentos nas redes sociais, principalmente sobre o uso do Certificado Digital. \u00c9 fato que n\u00e3o faz nenhum sentido exigir que a pessoa jur\u00eddica [&hellip;]<\/p>\n","protected":false},"author":3,"featured_media":918,"comment_status":"open","ping_status":"open","sticky":false,"template":"","format":"standard","meta":{"jetpack_post_was_ever_published":false,"_jetpack_newsletter_access":"","_jetpack_dont_email_post_to_subs":false,"_jetpack_newsletter_tier_id":0,"_jetpack_memberships_contains_paywalled_content":false,"_jetpack_memberships_contains_paid_content":false,"footnotes":"","jetpack_publicize_message":"","jetpack_publicize_feature_enabled":true,"jetpack_social_post_already_shared":true,"jetpack_social_options":{"image_generator_settings":{"template":"highway","default_image_id":0,"font":"","enabled":false},"version":2}},"categories":[46],"tags":[443,285,444,348,287,116,188,442],"class_list":["post-1142","post","type-post","status-publish","format-standard","has-post-thumbnail","hentry","category-df","tag-certificado","tag-dctf","tag-digital","tag-download","tag-inativa","tag-prazo","tag-programa","tag-prorrogado"],"jetpack_publicize_connections":[],"jetpack_featured_media_url":"https:\/\/i0.wp.com\/cfcontabil.com\/cf\/wp-content\/uploads\/2017\/02\/dctf-1.png?fit=800%2C500&ssl=1","jetpack_sharing_enabled":true,"jetpack_shortlink":"https:\/\/wp.me\/p2wklX-iq","jetpack-related-posts":[{"id":1149,"url":"https:\/\/cfcontabil.com\/cf\/pgd-dctf-inativa-2017-novo-prazo-julho2017\/","url_meta":{"origin":1142,"position":0},"title":"PGD DCTF INATIVA 2017 &#8211; NOVO PRAZO &#8211; JULHO\/2017","author":"Ab\u00edlio Gon\u00e7alves","date":"3 de maio de 2017","format":false,"excerpt":"A pr\u00f3xima vers\u00e3o do PGD DCTF ser\u00e1 disponibilizada em breve. O prazo para a apresenta\u00e7\u00e3o das DCTF relativas aos meses de janeiro a abril de 2017 para as pessoas jur\u00eddicas que estejam inativas ou que n\u00e3o tenham d\u00e9bitos a declarar ser\u00e1 prorrogado para at\u00e9 21\/07\/2017. A Receita Federal se manifestou,\u2026","rel":"","context":"Em &quot;Departamento Fiscal&quot;","block_context":{"text":"Departamento Fiscal","link":"https:\/\/cfcontabil.com\/cf\/category\/df\/"},"img":{"alt_text":"","src":"https:\/\/i0.wp.com\/cfcontabil.com\/cf\/wp-content\/uploads\/2017\/02\/dctf-1.png?fit=800%2C500&ssl=1&resize=350%2C200","width":350,"height":200,"srcset":"https:\/\/i0.wp.com\/cfcontabil.com\/cf\/wp-content\/uploads\/2017\/02\/dctf-1.png?fit=800%2C500&ssl=1&resize=350%2C200 1x, https:\/\/i0.wp.com\/cfcontabil.com\/cf\/wp-content\/uploads\/2017\/02\/dctf-1.png?fit=800%2C500&ssl=1&resize=525%2C300 1.5x, https:\/\/i0.wp.com\/cfcontabil.com\/cf\/wp-content\/uploads\/2017\/02\/dctf-1.png?fit=800%2C500&ssl=1&resize=700%2C400 2x"},"classes":[]},{"id":1033,"url":"https:\/\/cfcontabil.com\/cf\/dctf-inativa-prorrogacao-do-prazo-de-entrega\/","url_meta":{"origin":1142,"position":1},"title":"DCTF Inativa &#8211; Prorroga\u00e7\u00e3o do prazo de entrega","author":"Ab\u00edlio Gon\u00e7alves","date":"6 de mar\u00e7o de 2017","format":false,"excerpt":"Entrega das inativas e sem movimento de janeiro e fevereiro de 2017 poder\u00e1 ser transmitida at\u00e9 22 de maio. A altera\u00e7\u00e3o do prazo de entrega ocorreu com a publica\u00e7\u00e3o (DOU de 06\/03) da\u00a0Instru\u00e7\u00e3o Normativa n\u00ba 1.697\/2017. O prazo de entrega DCTF da compet\u00eancia janeiro de 2017 tinha como vencimento dia\u2026","rel":"","context":"Em &quot;Departamento Fiscal&quot;","block_context":{"text":"Departamento Fiscal","link":"https:\/\/cfcontabil.com\/cf\/category\/df\/"},"img":{"alt_text":"","src":"https:\/\/i0.wp.com\/cfcontabil.com\/cf\/wp-content\/uploads\/2017\/03\/dctf-inativa-1.png?fit=1024%2C768&ssl=1&resize=350%2C200","width":350,"height":200,"srcset":"https:\/\/i0.wp.com\/cfcontabil.com\/cf\/wp-content\/uploads\/2017\/03\/dctf-inativa-1.png?fit=1024%2C768&ssl=1&resize=350%2C200 1x, https:\/\/i0.wp.com\/cfcontabil.com\/cf\/wp-content\/uploads\/2017\/03\/dctf-inativa-1.png?fit=1024%2C768&ssl=1&resize=525%2C300 1.5x, https:\/\/i0.wp.com\/cfcontabil.com\/cf\/wp-content\/uploads\/2017\/03\/dctf-inativa-1.png?fit=1024%2C768&ssl=1&resize=700%2C400 2x"},"classes":[]},{"id":1171,"url":"https:\/\/cfcontabil.com\/cf\/entrega-da-dctf-inativa-prorrogada-para-julho-de-2017\/","url_meta":{"origin":1142,"position":2},"title":"Entrega da DCTF Inativa prorrogada para Julho de 2017","author":"Ab\u00edlio Gon\u00e7alves","date":"24 de maio de 2017","format":false,"excerpt":"Confirmado a data de prorroga\u00e7\u00e3o da entrega da DCTF Inativa para dia 21 de Julho de 2017. Veja na \u00edntegra: SECRETARIA DA RECEITA FEDERAL DO BRASIL INSTRU\u00c7\u00c3O NORMATIVA N\u00ba 1.708, DE 22 DE MAIO DE 2017 D.O.U EM 23\/05\/2017 Altera a Instru\u00e7\u00e3o Normativa RFB n\u00ba 1.599, de 11 de dezembro\u2026","rel":"","context":"Em &quot;Departamento Fiscal&quot;","block_context":{"text":"Departamento Fiscal","link":"https:\/\/cfcontabil.com\/cf\/category\/df\/"},"img":{"alt_text":"","src":"https:\/\/i0.wp.com\/cfcontabil.com\/cf\/wp-content\/uploads\/2017\/02\/dctf-1.png?fit=800%2C500&ssl=1&resize=350%2C200","width":350,"height":200,"srcset":"https:\/\/i0.wp.com\/cfcontabil.com\/cf\/wp-content\/uploads\/2017\/02\/dctf-1.png?fit=800%2C500&ssl=1&resize=350%2C200 1x, https:\/\/i0.wp.com\/cfcontabil.com\/cf\/wp-content\/uploads\/2017\/02\/dctf-1.png?fit=800%2C500&ssl=1&resize=525%2C300 1.5x, https:\/\/i0.wp.com\/cfcontabil.com\/cf\/wp-content\/uploads\/2017\/02\/dctf-1.png?fit=800%2C500&ssl=1&resize=700%2C400 2x"},"classes":[]},{"id":1192,"url":"https:\/\/cfcontabil.com\/cf\/dctf-inativa-e-sem-debitos-2017-receita-promete-liberar-transmissao-a-partir-do-dia-2606\/","url_meta":{"origin":1142,"position":3},"title":"DCTF Inativa e Sem D\u00e9bitos 2017 &#8211; Receita promete liberar transmiss\u00e3o a partir do dia 26\/06","author":"Ab\u00edlio Gon\u00e7alves","date":"21 de junho de 2017","format":false,"excerpt":"Precisa entregar a DCTF Inativa 2017 e Sem D\u00e9bitos a declarar de janeiro at\u00e9 abril de 2017? Receita Federal promete liberar a transmiss\u00e3o a partir do dia 26 de junho. Depois de muita espera a Receita Federal liberou dia 16\/06 a vers\u00e3o 3.4 do Programa Gerador da\u00a0DCTF\u00a0que servir\u00e1 para preencher\u2026","rel":"","context":"Em &quot;Departamento Fiscal&quot;","block_context":{"text":"Departamento Fiscal","link":"https:\/\/cfcontabil.com\/cf\/category\/df\/"},"img":{"alt_text":"","src":"https:\/\/i0.wp.com\/cfcontabil.com\/cf\/wp-content\/uploads\/2017\/06\/site-receita-federal-dctf-1.jpeg?fit=1200%2C675&ssl=1&resize=350%2C200","width":350,"height":200,"srcset":"https:\/\/i0.wp.com\/cfcontabil.com\/cf\/wp-content\/uploads\/2017\/06\/site-receita-federal-dctf-1.jpeg?fit=1200%2C675&ssl=1&resize=350%2C200 1x, https:\/\/i0.wp.com\/cfcontabil.com\/cf\/wp-content\/uploads\/2017\/06\/site-receita-federal-dctf-1.jpeg?fit=1200%2C675&ssl=1&resize=525%2C300 1.5x, https:\/\/i0.wp.com\/cfcontabil.com\/cf\/wp-content\/uploads\/2017\/06\/site-receita-federal-dctf-1.jpeg?fit=1200%2C675&ssl=1&resize=700%2C400 2x, https:\/\/i0.wp.com\/cfcontabil.com\/cf\/wp-content\/uploads\/2017\/06\/site-receita-federal-dctf-1.jpeg?fit=1200%2C675&ssl=1&resize=1050%2C600 3x"},"classes":[]},{"id":928,"url":"https:\/\/cfcontabil.com\/cf\/dctf-inativas-2017-entrega-na-versao-3-3b-esta-suspensa\/","url_meta":{"origin":1142,"position":4},"title":"DCTF Inativas 2017 &#8211; Entrega na vers\u00e3o 3.3b est\u00e1 suspensa","author":"Ab\u00edlio Gon\u00e7alves","date":"8 de fevereiro de 2017","format":false,"excerpt":"Receita Federal informou (06\/02) que o PGD DCTF est\u00e1 sendo alterado para simplificar o preenchimento da declara\u00e7\u00e3o pelas pessoas jur\u00eddicas inativas, incluindo a dispensa da exig\u00eancia de certificado digital, a transmiss\u00e3o de DCTF sem d\u00e9bitos referente aos per\u00edodos de apura\u00e7\u00e3o a partir de janeiro de 2017, na vers\u00e3o atual do\u2026","rel":"","context":"Em &quot;Departamento Fiscal&quot;","block_context":{"text":"Departamento Fiscal","link":"https:\/\/cfcontabil.com\/cf\/category\/df\/"},"img":{"alt_text":"","src":"https:\/\/i0.wp.com\/cfcontabil.com\/cf\/wp-content\/uploads\/2017\/02\/dctf-1.png?fit=800%2C500&ssl=1&resize=350%2C200","width":350,"height":200,"srcset":"https:\/\/i0.wp.com\/cfcontabil.com\/cf\/wp-content\/uploads\/2017\/02\/dctf-1.png?fit=800%2C500&ssl=1&resize=350%2C200 1x, https:\/\/i0.wp.com\/cfcontabil.com\/cf\/wp-content\/uploads\/2017\/02\/dctf-1.png?fit=800%2C500&ssl=1&resize=525%2C300 1.5x, https:\/\/i0.wp.com\/cfcontabil.com\/cf\/wp-content\/uploads\/2017\/02\/dctf-1.png?fit=800%2C500&ssl=1&resize=700%2C400 2x"},"classes":[]},{"id":1247,"url":"https:\/\/cfcontabil.com\/cf\/duvidas-sobre-dctf-inativa-2017\/","url_meta":{"origin":1142,"position":5},"title":"D\u00favidas sobre DCTF Inativa 2017","author":"Ab\u00edlio Gon\u00e7alves","date":"30 de junho de 2017","format":false,"excerpt":"Com a extin\u00e7\u00e3o da Declara\u00e7\u00e3o Simplificada da Pessoa Jur\u00eddica (DSPJ-Inativa), as pessoas jur\u00eddicas inativas passaram a ser obrigadas apenas \u00e0 apresentar a Declara\u00e7\u00e3o de D\u00e9bitos e Cr\u00e9ditos Tribut\u00e1rios Federais (DCTF), conforme disposto no art. 3\u00ba da Instru\u00e7\u00e3o Normativa RFB n\u00ba 1.599\/2015. A partir da\u00ed surgiram muitas d\u00favidas entre os profissionais\u2026","rel":"","context":"Em &quot;Departamento Fiscal&quot;","block_context":{"text":"Departamento Fiscal","link":"https:\/\/cfcontabil.com\/cf\/category\/df\/"},"img":{"alt_text":"","src":"https:\/\/i0.wp.com\/cfcontabil.com\/cf\/wp-content\/uploads\/2017\/02\/dctf-1.png?fit=800%2C500&ssl=1&resize=350%2C200","width":350,"height":200,"srcset":"https:\/\/i0.wp.com\/cfcontabil.com\/cf\/wp-content\/uploads\/2017\/02\/dctf-1.png?fit=800%2C500&ssl=1&resize=350%2C200 1x, https:\/\/i0.wp.com\/cfcontabil.com\/cf\/wp-content\/uploads\/2017\/02\/dctf-1.png?fit=800%2C500&ssl=1&resize=525%2C300 1.5x, https:\/\/i0.wp.com\/cfcontabil.com\/cf\/wp-content\/uploads\/2017\/02\/dctf-1.png?fit=800%2C500&ssl=1&resize=700%2C400 2x"},"classes":[]}],"jetpack_likes_enabled":true,"_links":{"self":[{"href":"https:\/\/cfcontabil.com\/cf\/wp-json\/wp\/v2\/posts\/1142","targetHints":{"allow":["GET"]}}],"collection":[{"href":"https:\/\/cfcontabil.com\/cf\/wp-json\/wp\/v2\/posts"}],"about":[{"href":"https:\/\/cfcontabil.com\/cf\/wp-json\/wp\/v2\/types\/post"}],"author":[{"embeddable":true,"href":"https:\/\/cfcontabil.com\/cf\/wp-json\/wp\/v2\/users\/3"}],"replies":[{"embeddable":true,"href":"https:\/\/cfcontabil.com\/cf\/wp-json\/wp\/v2\/comments?post=1142"}],"version-history":[{"count":0,"href":"https:\/\/cfcontabil.com\/cf\/wp-json\/wp\/v2\/posts\/1142\/revisions"}],"wp:featuredmedia":[{"embeddable":true,"href":"https:\/\/cfcontabil.com\/cf\/wp-json\/wp\/v2\/media\/918"}],"wp:attachment":[{"href":"https:\/\/cfcontabil.com\/cf\/wp-json\/wp\/v2\/media?parent=1142"}],"wp:term":[{"taxonomy":"category","embeddable":true,"href":"https:\/\/cfcontabil.com\/cf\/wp-json\/wp\/v2\/categories?post=1142"},{"taxonomy":"post_tag","embeddable":true,"href":"https:\/\/cfcontabil.com\/cf\/wp-json\/wp\/v2\/tags?post=1142"}],"curies":[{"name":"wp","href":"https:\/\/api.w.org\/{rel}","templated":true}]}}