{"id":1154,"date":"2017-05-15T10:41:46","date_gmt":"2017-05-15T13:41:46","guid":{"rendered":"http:\/\/cfcontabil.com\/cf\/?p=1154"},"modified":"2017-05-15T10:41:46","modified_gmt":"2017-05-15T13:41:46","slug":"governo-estuda-dobrar-isencao-de-irpf-e-tributar-os-dividendos","status":"publish","type":"post","link":"https:\/\/cfcontabil.com\/cf\/governo-estuda-dobrar-isencao-de-irpf-e-tributar-os-dividendos\/","title":{"rendered":"Governo estuda dobrar isen\u00e7\u00e3o de IRPF e tributar os dividendos"},"content":{"rendered":"<p style=\"text-align: justify;\"><strong>Com proposta, governo Temer faz novo aceno \u00e0s classes mais populares<\/strong><\/p>\n<p style=\"text-align: justify;\">Depois da libera\u00e7\u00e3o dos saques das contas inativas do FGTS, o governo prepara um novo &#8220;pacote de bondades&#8221; para neutralizar o impacto negativo da aprova\u00e7\u00e3o das reformas da Previd\u00eancia Social e trabalhista. A principal medida em estudo \u00e9 a corre\u00e7\u00e3o da tabela do Imposto de Renda da Pessoa F\u00edsica (IRPF), cuja eventual ado\u00e7\u00e3o ajudaria o governo e a\u00a0base aliada no Congresso nas elei\u00e7\u00f5es de 2018. Para compensar o impacto fiscal bilion\u00e1rio, a contrapartida seria tributar dividendos, que s\u00e3o isentos de imposto.<\/p>\n<p style=\"text-align: justify;\"><img data-recalc-dims=\"1\" fetchpriority=\"high\" decoding=\"async\" class=\"size-full aligncenter\" src=\"https:\/\/i0.wp.com\/irpf2017.org\/wp-content\/uploads\/2016\/02\/Imposto-de-Renda-Pessoa-F%C3%ADsica-e1454327339338.jpg?resize=499%2C250\" width=\"499\" height=\"250\" \/><\/p>\n<p><!--more--><\/p>\n<p>A proposta que circula em um grupo restrito no governo dobra a faixa de isen\u00e7\u00e3o do IRPF, dos atuais R$ 1.903 para R$ 4 mil. O impacto fiscal efetivo da medida ainda ser\u00e1 calculado, mas ela j\u00e1 conta com restri\u00e7\u00f5es dentro da \u00e1rea econ\u00f4mica. Por outro lado, \u00e9 vista com bons olhos pelos aliados, que teriam o que levar ao eleitor para justificar seus votos nas reformas.<\/p>\n<p>O assunto j\u00e1 foi discutido pelo presidente Michel Temer com deputados e senadores, inclusive do PMDB, com quem manteve conversas reservadas nos \u00faltimos dias. A proposta \u00e9 uma resposta \u00e0 cobran\u00e7a de aliados para que o governo fa\u00e7a novo aceno (al\u00e9m da libera\u00e7\u00e3o das contas inativas do FGTS) \u00e0s classes mais populares para proporcionar um discurso aos que voltam \u00e0s urnas em 2018.<\/p>\n<p>A cobran\u00e7a ganhou mais corpo no Senado, a quem caber\u00e1 &#8220;chancelar&#8221; as reformas trabalhista e previdenci\u00e1ria, para que n\u00e3o retornem \u00e0 C\u00e2mara. Muitos senadores j\u00e1 ter\u00e3o de explicar ao eleitor seu envolvimento com a Justi\u00e7a, inclusive na Opera\u00e7\u00e3o Lava-Jato, e contam com a ado\u00e7\u00e3o de medidas positivas pelo governo para justificar o voto favor\u00e1vel \u00e0s mudan\u00e7as na aposentadoria, um rem\u00e9dio amargo para a maioria dos brasileiros.<\/p>\n<p>Um cacique do PMDB afirma que o governo n\u00e3o pode dialogar, exclusivamente, com &#8220;o PIB nacional e a classe pol\u00edtica&#8221;. Este parlamentar &#8211; que tentar\u00e1 se reeleger em 2018 &#8211; alerta que o governo precisa acenar aos mais pobres.<\/p>\n<p>&#8220;N\u00e3o d\u00e1 pra recair tudo sobre os nordestinos e nortistas&#8221;, reclama o pemedebista. &#8220;Por que o Funrural n\u00e3o \u00e9 cobrado do agroneg\u00f3cio, por que as opera\u00e7\u00f5es desoneradas [como os dividendos] n\u00e3o pagam um pouco dos d\u00e9ficits?&#8221;, questiona o parlamentar, que se reuniu recentemente com Temer.<\/p>\n<p>Em troca dos votos da bancada do agroneg\u00f3cio, com 220 deputados e 16 senadores, o governo aceitou renegociar as d\u00edvidas dos produtores rurais relativas ao Fundo de Assist\u00eancia ao Trabalhador Rural (Funrural), a contribui\u00e7\u00e3o previdenci\u00e1ria dos trabalhadores rurais: uma transa\u00e7\u00e3o estimada em R$ 10 bilh\u00f5es, com o perd\u00e3o de juros e multas.<\/p>\n<p>O parlamentar do PMDB reclama que n\u00e3o adianta anistiar parte do Funrural, porque essa &#8220;bondade&#8221; n\u00e3o alcan\u00e7a grande parte dos brasileiros, muito menos nas regi\u00f5es Norte e Nordeste, de onde v\u00eam 48 senadores. (Para aprovar a reforma previdenci\u00e1ria, s\u00e3o necess\u00e1rios 49 votos).<\/p>\n<p>A ideia de aumentar a faixa de isen\u00e7\u00e3o do IRPF vem circulando no governo h\u00e1 alguns meses, mas esbarra na resist\u00eancia dos t\u00e9cnicos. Uma fonte destaca que a ideia de levar a faixa de isen\u00e7\u00e3o para R$ 4 mil eliminaria contribuintes que ganham muito acima da renda m\u00e9dia nacional. Em 2015, a renda per capita do brasileiro foi de R$ 1,113 mil. &#8220;Seria uma medida regressiva&#8221;, diz a fonte, ponderando que o Brasil j\u00e1 \u00e9 conhecido por ter uma estrutura tribut\u00e1ria que penaliza os mais pobres.<\/p>\n<p>A retomada da tributa\u00e7\u00e3o de dividendos, por sua vez, j\u00e1 foi discutida no governo Dilma Rousseff, na gest\u00e3o de Joaquim Levy na Fazenda. A tese n\u00e3o prosperou diante da forte resist\u00eancia do Congresso \u00e0 eleva\u00e7\u00e3o de impostos. Na proposta em discuss\u00e3o no governo Temer, essa nova tributa\u00e7\u00e3o atingiria inclusive os chamados s\u00f3cios-cotistas, que recebem seus vencimentos na forma de dividendos.<\/p>\n<p>Existe, ainda, nessa quest\u00e3o uma controv\u00e9rsia sobre bitributa\u00e7\u00e3o, j\u00e1 que as empresas j\u00e1 pagam imposto sobre o lucro, por meio do IRPJ e da CSLL. No entanto, muitos pa\u00edses da Organiza\u00e7\u00e3o para Coopera\u00e7\u00e3o e Desenvolvimento Econ\u00f4mico (OCDE), grupo de pa\u00edses desenvolvidos no qual o Brasil tem interesse em ingressar, t\u00eam tributa\u00e7\u00e3o sobre dividendos.<\/p>\n<p>Estudos dos economistas do Instituto de Pesquisa Econ\u00f4mica Aplicada (Ipea) S\u00e9rgio Gobetti e Rodrigo Orair, em 2015, apontavam potencial de ganho de mais de R$ 40 bilh\u00f5es com essa medida, considerando uma al\u00edquota de 15% sobre essa renda.<\/p>\n<p>Paralelamente, a tributa\u00e7\u00e3o de dividendos tamb\u00e9m poderia ser um caminho para fechar uma das brechas j\u00e1 utilizadas na chamada &#8220;pejotiza\u00e7\u00e3o&#8221;, quando pessoas f\u00edsicas s\u00e3o transformadas em empresas. H\u00e1 muitos casos em que trabalhadores s\u00e3o contratados como s\u00f3cios-cotistas e recebem seus sal\u00e1rios na forma de dividendos, deixando de pagar o imposto de renda e de recolher a contribui\u00e7\u00e3o previdenci\u00e1ria.<\/p>\n<p>Contudo, h\u00e1 ceticismo na \u00e1rea econ\u00f4mica sobre o real potencial arrecadat\u00f3rio da medida e se ela realmente seria suficiente para compensar a forte perda de arrecada\u00e7\u00e3o com a eleva\u00e7\u00e3o agressiva da faixa de isen\u00e7\u00e3o do imposto de renda da pessoa f\u00edsica.<\/p>\n<p>Fonte: Valor<\/p>\n","protected":false},"excerpt":{"rendered":"<p>Com proposta, governo Temer faz novo aceno \u00e0s classes mais populares Depois da libera\u00e7\u00e3o dos saques das contas inativas do FGTS, o governo prepara um novo &#8220;pacote de bondades&#8221; para neutralizar o impacto negativo da aprova\u00e7\u00e3o das reformas da Previd\u00eancia Social e trabalhista. A principal medida em estudo \u00e9 a corre\u00e7\u00e3o da tabela do Imposto [&hellip;]<\/p>\n","protected":false},"author":3,"featured_media":803,"comment_status":"open","ping_status":"open","sticky":false,"template":"","format":"standard","meta":{"jetpack_post_was_ever_published":false,"_jetpack_newsletter_access":"","_jetpack_dont_email_post_to_subs":false,"_jetpack_newsletter_tier_id":0,"_jetpack_memberships_contains_paywalled_content":false,"_jetpack_memberships_contains_paid_content":false,"footnotes":"","jetpack_publicize_message":"","jetpack_publicize_feature_enabled":true,"jetpack_social_post_already_shared":true,"jetpack_social_options":{"image_generator_settings":{"template":"highway","default_image_id":0,"font":"","enabled":false},"version":2}},"categories":[46],"tags":[363,107,108,115,230,110,111,478],"class_list":["post-1154","post","type-post","status-publish","format-standard","has-post-thumbnail","hentry","category-df","tag-cobranca","tag-fisica","tag-imposto","tag-irpf","tag-isencao","tag-pessoa","tag-renda","tag-tabela"],"jetpack_publicize_connections":[],"jetpack_featured_media_url":"https:\/\/i0.wp.com\/cfcontabil.com\/cf\/wp-content\/uploads\/2017\/01\/leao-imposto-renda-original1-1.jpeg?fit=620%2C349&ssl=1","jetpack_sharing_enabled":true,"jetpack_shortlink":"https:\/\/wp.me\/p2wklX-iC","jetpack-related-posts":[{"id":2117,"url":"https:\/\/cfcontabil.com\/cf\/tabela-do-irpf-sem-correcao-aumenta-o-imposto\/","url_meta":{"origin":1154,"position":0},"title":"Tabela do IRPF sem corre\u00e7\u00e3o aumenta o imposto?","author":"Ab\u00edlio Gon\u00e7alves","date":"21 de fevereiro de 2020","format":false,"excerpt":"O an\u00fancio da Receita Federal sobre o Imposto de Renda Pessoa F\u00edsica deste ano confirmou que a tabela continua sem nenhuma corre\u00e7\u00e3o, pois o \u00faltimo reajuste ocorreu no ano de 2015. https:\/\/www.youtube.com\/watch?v=M3-acy47EXQ Em quatro anos consecutivos, a tabela do Imposto de Renda das Pessoas F\u00edsicas n\u00e3o sofreu corre\u00e7\u00e3o sequer pelo\u2026","rel":"","context":"Em &quot;Departamento Fiscal&quot;","block_context":{"text":"Departamento Fiscal","link":"https:\/\/cfcontabil.com\/cf\/category\/df\/"},"img":{"alt_text":"","src":"https:\/\/i0.wp.com\/cfcontabil.com\/cf\/wp-content\/uploads\/2020\/02\/IRPF-antecipa%C3%A7%C3%A3o-restitui%C3%A7%C3%A3o-ajustado.jpeg?fit=1200%2C675&ssl=1&resize=350%2C200","width":350,"height":200,"srcset":"https:\/\/i0.wp.com\/cfcontabil.com\/cf\/wp-content\/uploads\/2020\/02\/IRPF-antecipa%C3%A7%C3%A3o-restitui%C3%A7%C3%A3o-ajustado.jpeg?fit=1200%2C675&ssl=1&resize=350%2C200 1x, https:\/\/i0.wp.com\/cfcontabil.com\/cf\/wp-content\/uploads\/2020\/02\/IRPF-antecipa%C3%A7%C3%A3o-restitui%C3%A7%C3%A3o-ajustado.jpeg?fit=1200%2C675&ssl=1&resize=525%2C300 1.5x, https:\/\/i0.wp.com\/cfcontabil.com\/cf\/wp-content\/uploads\/2020\/02\/IRPF-antecipa%C3%A7%C3%A3o-restitui%C3%A7%C3%A3o-ajustado.jpeg?fit=1200%2C675&ssl=1&resize=700%2C400 2x, https:\/\/i0.wp.com\/cfcontabil.com\/cf\/wp-content\/uploads\/2020\/02\/IRPF-antecipa%C3%A7%C3%A3o-restitui%C3%A7%C3%A3o-ajustado.jpeg?fit=1200%2C675&ssl=1&resize=1050%2C600 3x"},"classes":[]},{"id":3466,"url":"https:\/\/cfcontabil.com\/cf\/irpf-2026-isencao-de-r-5mil-nova-tabela\/","url_meta":{"origin":1154,"position":1},"title":"IR 2026: Isen\u00e7\u00e3o de R$ 5mil &#8211; Nova Tabela!","author":"Ab\u00edlio Gon\u00e7alves","date":"16 de janeiro de 2026","format":false,"excerpt":"Guia Completo da CF Cont\u00e1bil 1.0 Introdu\u00e7\u00e3o: Voc\u00ea Est\u00e1 Deixando Dinheiro na Mesa?Voc\u00ea sabe se tem direito \u00e0 isen\u00e7\u00e3o total do Imposto de Renda ou se est\u00e1 pagando um imposto que poderia economizar? A resposta pode definir se voc\u00ea receber\u00e1 uma restitui\u00e7\u00e3o maior ou se deixar\u00e1 um dinheiro valioso para\u2026","rel":"","context":"Em &quot;Imposto de Renda&quot;","block_context":{"text":"Imposto de Renda","link":"https:\/\/cfcontabil.com\/cf\/category\/imposto-de-renda\/"},"img":{"alt_text":"","src":"https:\/\/i0.wp.com\/cfcontabil.com\/cf\/wp-content\/uploads\/2026\/01\/IRPF26-NOVA-TABELA-scaled.png?fit=1200%2C670&ssl=1&resize=350%2C200","width":350,"height":200,"srcset":"https:\/\/i0.wp.com\/cfcontabil.com\/cf\/wp-content\/uploads\/2026\/01\/IRPF26-NOVA-TABELA-scaled.png?fit=1200%2C670&ssl=1&resize=350%2C200 1x, https:\/\/i0.wp.com\/cfcontabil.com\/cf\/wp-content\/uploads\/2026\/01\/IRPF26-NOVA-TABELA-scaled.png?fit=1200%2C670&ssl=1&resize=525%2C300 1.5x, https:\/\/i0.wp.com\/cfcontabil.com\/cf\/wp-content\/uploads\/2026\/01\/IRPF26-NOVA-TABELA-scaled.png?fit=1200%2C670&ssl=1&resize=700%2C400 2x, https:\/\/i0.wp.com\/cfcontabil.com\/cf\/wp-content\/uploads\/2026\/01\/IRPF26-NOVA-TABELA-scaled.png?fit=1200%2C670&ssl=1&resize=1050%2C600 3x"},"classes":[]},{"id":3482,"url":"https:\/\/cfcontabil.com\/cf\/mei-em-2026-guia-completo-sobre-irpf-e-reforma-tributaria\/","url_meta":{"origin":1154,"position":2},"title":"MEI em 2026: Guia Completo sobre IRPF e Reforma Tribut\u00e1ria","author":"Ab\u00edlio Gon\u00e7alves","date":"21 de janeiro de 2026","format":false,"excerpt":"Mais de 15 milh\u00f5es de MEIs precisam se adaptar \u00e0s novas regras fiscais de 2026, incluindo tributa\u00e7\u00e3o de lucros e emiss\u00e3o obrigat\u00f3ria de notas fiscais. Este guia pr\u00e1tico mostra como transformar obriga\u00e7\u00f5es em vantagens para o seu crescimento. Com exemplos reais e c\u00e1lculos, voc\u00ea sai preparado para declarar corretamente e\u2026","rel":"","context":"Em &quot;Geral&quot;","block_context":{"text":"Geral","link":"https:\/\/cfcontabil.com\/cf\/category\/geral\/"},"img":{"alt_text":"","src":"https:\/\/i0.wp.com\/cfcontabil.com\/cf\/wp-content\/uploads\/2026\/01\/image.png?fit=991%2C553&ssl=1&resize=350%2C200","width":350,"height":200,"srcset":"https:\/\/i0.wp.com\/cfcontabil.com\/cf\/wp-content\/uploads\/2026\/01\/image.png?fit=991%2C553&ssl=1&resize=350%2C200 1x, https:\/\/i0.wp.com\/cfcontabil.com\/cf\/wp-content\/uploads\/2026\/01\/image.png?fit=991%2C553&ssl=1&resize=525%2C300 1.5x, https:\/\/i0.wp.com\/cfcontabil.com\/cf\/wp-content\/uploads\/2026\/01\/image.png?fit=991%2C553&ssl=1&resize=700%2C400 2x"},"classes":[]},{"id":1075,"url":"https:\/\/cfcontabil.com\/cf\/receita-federal-lanca-video-do-imposto-de-renda-2017\/","url_meta":{"origin":1154,"position":3},"title":"Receita Federal lan\u00e7a v\u00eddeo do Imposto de Renda 2017","author":"Ab\u00edlio Gon\u00e7alves","date":"21 de mar\u00e7o de 2017","format":false,"excerpt":"A TV Receita acaba de lan\u00e7ar v\u00eddeo em anima\u00e7\u00e3o para a divulga\u00e7\u00e3o do IRPF 2017. As imagens apresentam as novidades da declara\u00e7\u00e3o deste ano, al\u00e9m de enfatizar de forma l\u00fadica e simplificada os pontos b\u00e1sicos da declara\u00e7\u00e3o de imposto de renda pessoa f\u00edsica. Com bom humor e de forma descontra\u00edda,\u2026","rel":"","context":"Em &quot;Departamento Fiscal&quot;","block_context":{"text":"Departamento Fiscal","link":"https:\/\/cfcontabil.com\/cf\/category\/df\/"},"img":{"alt_text":"","src":"https:\/\/i0.wp.com\/cfcontabil.com\/cf\/wp-content\/uploads\/2017\/02\/irpf2017-1.png?fit=490%2C247&ssl=1&resize=350%2C200","width":350,"height":200},"classes":[]},{"id":1948,"url":"https:\/\/cfcontabil.com\/cf\/tributar-dividendo-e-peca-fundamental-na-reforma-do-imposto-de-renda\/","url_meta":{"origin":1154,"position":4},"title":"Tributar dividendo \u00e9 pe\u00e7a fundamental na reforma do Imposto de Renda","author":"Ab\u00edlio Gon\u00e7alves","date":"26 de novembro de 2019","format":false,"excerpt":"Entre os itens que podem ser alterados no Importo de Renda est\u00e3o as dedu\u00e7\u00f5es de despesas com sa\u00fade e educa\u00e7\u00e3o A cobran\u00e7a de imposto sobre dividendos, hoje isentos, \u00e9 pe\u00e7a fundamental no projeto do governo federal de\u00a0aliviar a carga tribut\u00e1ria sobre empresas e tornar o Imposto de Renda\u00a0das pessoas f\u00edsicas\u2026","rel":"","context":"Em &quot;Departamento Fiscal&quot;","block_context":{"text":"Departamento Fiscal","link":"https:\/\/cfcontabil.com\/cf\/category\/df\/"},"img":{"alt_text":"","src":"https:\/\/i0.wp.com\/cfcontabil.com\/cf\/wp-content\/uploads\/2019\/11\/Receita-Federal.jpg?fit=1200%2C675&ssl=1&resize=350%2C200","width":350,"height":200,"srcset":"https:\/\/i0.wp.com\/cfcontabil.com\/cf\/wp-content\/uploads\/2019\/11\/Receita-Federal.jpg?fit=1200%2C675&ssl=1&resize=350%2C200 1x, https:\/\/i0.wp.com\/cfcontabil.com\/cf\/wp-content\/uploads\/2019\/11\/Receita-Federal.jpg?fit=1200%2C675&ssl=1&resize=525%2C300 1.5x, https:\/\/i0.wp.com\/cfcontabil.com\/cf\/wp-content\/uploads\/2019\/11\/Receita-Federal.jpg?fit=1200%2C675&ssl=1&resize=700%2C400 2x, https:\/\/i0.wp.com\/cfcontabil.com\/cf\/wp-content\/uploads\/2019\/11\/Receita-Federal.jpg?fit=1200%2C675&ssl=1&resize=1050%2C600 3x"},"classes":[]},{"id":2112,"url":"https:\/\/cfcontabil.com\/cf\/contribuintes-podem-baixar-programa-do-imposto-de-renda-2020-nesta-quinta-feira-20\/","url_meta":{"origin":1154,"position":5},"title":"Contribuintes podem baixar programa do Imposto de Renda 2020 nesta quinta-feira (20)","author":"Ab\u00edlio Gon\u00e7alves","date":"20 de fevereiro de 2020","format":false,"excerpt":"Receita Federal espera receber 32 milh\u00f5es de declara\u00e7\u00f5es de pessoas f\u00edsicas https:\/\/www.youtube.com\/watch?v=UpwbSoIuHaA&feature=youtu.be Contribuinte que atrasar a entrega do IRPF 2020 pagar\u00e1 multa de 1% sobre o imposto devido ao m\u00eas. O valor m\u00ednimo \u00e9 de R$ 165,74. - Foto: Secom\/PR Apartir das 8h desta quinta-feira (20), contribuintes poder\u00e3o baixar o\u2026","rel":"","context":"Em &quot;Departamento Fiscal&quot;","block_context":{"text":"Departamento Fiscal","link":"https:\/\/cfcontabil.com\/cf\/category\/df\/"},"img":{"alt_text":"","src":"https:\/\/i0.wp.com\/cfcontabil.com\/cf\/wp-content\/uploads\/2020\/02\/IRPF-regras-youtube.jpeg?fit=1200%2C675&ssl=1&resize=350%2C200","width":350,"height":200,"srcset":"https:\/\/i0.wp.com\/cfcontabil.com\/cf\/wp-content\/uploads\/2020\/02\/IRPF-regras-youtube.jpeg?fit=1200%2C675&ssl=1&resize=350%2C200 1x, https:\/\/i0.wp.com\/cfcontabil.com\/cf\/wp-content\/uploads\/2020\/02\/IRPF-regras-youtube.jpeg?fit=1200%2C675&ssl=1&resize=525%2C300 1.5x, https:\/\/i0.wp.com\/cfcontabil.com\/cf\/wp-content\/uploads\/2020\/02\/IRPF-regras-youtube.jpeg?fit=1200%2C675&ssl=1&resize=700%2C400 2x, https:\/\/i0.wp.com\/cfcontabil.com\/cf\/wp-content\/uploads\/2020\/02\/IRPF-regras-youtube.jpeg?fit=1200%2C675&ssl=1&resize=1050%2C600 3x"},"classes":[]}],"jetpack_likes_enabled":true,"_links":{"self":[{"href":"https:\/\/cfcontabil.com\/cf\/wp-json\/wp\/v2\/posts\/1154","targetHints":{"allow":["GET"]}}],"collection":[{"href":"https:\/\/cfcontabil.com\/cf\/wp-json\/wp\/v2\/posts"}],"about":[{"href":"https:\/\/cfcontabil.com\/cf\/wp-json\/wp\/v2\/types\/post"}],"author":[{"embeddable":true,"href":"https:\/\/cfcontabil.com\/cf\/wp-json\/wp\/v2\/users\/3"}],"replies":[{"embeddable":true,"href":"https:\/\/cfcontabil.com\/cf\/wp-json\/wp\/v2\/comments?post=1154"}],"version-history":[{"count":0,"href":"https:\/\/cfcontabil.com\/cf\/wp-json\/wp\/v2\/posts\/1154\/revisions"}],"wp:featuredmedia":[{"embeddable":true,"href":"https:\/\/cfcontabil.com\/cf\/wp-json\/wp\/v2\/media\/803"}],"wp:attachment":[{"href":"https:\/\/cfcontabil.com\/cf\/wp-json\/wp\/v2\/media?parent=1154"}],"wp:term":[{"taxonomy":"category","embeddable":true,"href":"https:\/\/cfcontabil.com\/cf\/wp-json\/wp\/v2\/categories?post=1154"},{"taxonomy":"post_tag","embeddable":true,"href":"https:\/\/cfcontabil.com\/cf\/wp-json\/wp\/v2\/tags?post=1154"}],"curies":[{"name":"wp","href":"https:\/\/api.w.org\/{rel}","templated":true}]}}