{"id":1156,"date":"2017-05-16T05:00:16","date_gmt":"2017-05-16T08:00:16","guid":{"rendered":"http:\/\/cfcontabil.com\/cf\/?p=1156"},"modified":"2017-05-16T05:00:16","modified_gmt":"2017-05-16T08:00:16","slug":"governo-trabalha-para-reverter-mudancas-no-refis","status":"publish","type":"post","link":"https:\/\/cfcontabil.com\/cf\/governo-trabalha-para-reverter-mudancas-no-refis\/","title":{"rendered":"Governo trabalha para reverter mudan\u00e7as no Refis"},"content":{"rendered":"<p>O governo est\u00e1 trabalhando para reverter mudan\u00e7as no Programa de Regulariza\u00e7\u00e3o Tribut\u00e1ria, esp\u00e9cie de Refis, para parcelamento de d\u00edvidas com a Secretaria da Receita Federal do Brasil e a Procuradoria-Geral da Fazenda Nacional. A afirma\u00e7\u00e3o \u00e9 o ministro da Fazenda, Henrique Meirelles, ap\u00f3s participar hoje (11) do programa Agora Brasil, da Rede Nacional de R\u00e1dio em parceria com a NBR \u2013 canal de TV da Empresa Brasil de Comunica\u00e7\u00e3o (EBC).<\/p>\n<p>\u201cEstamos trabalhando para reverter no plen\u00e1rio para algo pr\u00f3ximo do que foi proposto [pelo governo]\u201d, disse. Na semana passada, uma comiss\u00e3o mista do Congresso Nacional aprovou parecer do relator da Medida Provis\u00f3ria 766\/2016, que instituiu o Refis. O parecer concede desconto nas multas e nos juros das d\u00edvidas parceladas, o que estava vetado no texto inicial.<\/p>\n<p><!--more--><br \/>\n\u201cDe fato as medidas propostas pelo relator n\u00e3o s\u00e3o adequadas do ponto de vista fiscal. O que se iria arrecadar com esse processo cai muito e tamb\u00e9m gera uma falta de incentivo para que as empresas paguem os seus impostos,\u201d disse.<\/p>\n<p>Recupera\u00e7\u00e3o fiscal dos estados<\/p>\n<p>Sobre o projeto de recupera\u00e7\u00e3o fiscal de estados, o ministro disse que o governo aguarda a reda\u00e7\u00e3o final da proposta, em tramita\u00e7\u00e3o no Congresso Nacional, para avaliar se ser\u00e1 necess\u00e1rio algum veto. \u201cNo momento que tira uma contrapartida, ter\u00e1 que ser compensada por outra\u201d, disse ao responder pergunta sobre a retirada da exig\u00eancia em que ser se eleve a al\u00edquota de contribui\u00e7\u00e3o previdenci\u00e1ria de servidores ativos e aposentados de 11% para 14%. \u201cVamos analisar o projeto final e ver at\u00e9 que ponto isso pode criar a necessidade ou n\u00e3o de algum veto\u201d, acrescentou.<\/p>\n<p>Reforma da Previd\u00eancia<\/p>\n<p>O ministro reconheceu a possibilidade de a reforma da Previd\u00eancia\u00a0 Social n\u00e3o ser aprovada ainda neste semestre. \u201cSe porventura n\u00e3o tiver uma aprova\u00e7\u00e3o final neste semestre e for aprovada s\u00f3 em agosto, \u00e9 importante tamb\u00e9m. Porque a reforma previdenci\u00e1ria \u00e9 algo que queremos que dure d\u00e9cadas. Temos que resolver isso de uma vez por todas,\u201d disse.<\/p>\n<p>Obras p\u00fablicas<\/p>\n<p>O ministro da Fazenda disse ainda que o governo vai fazer pequenas obras p\u00fablicas em todo o pa\u00eds e dar\u00e1 novas concess\u00f5es para iniciativa privada. \u201cTemos dois tipos de programas: primeiro o de pequenas obras no Brasil inteiro. S\u00e3o recursos que j\u00e1 est\u00e3o no or\u00e7amento. Tem um programa muito maior, enorme, de concess\u00f5es que visa permitir que o setor privado, investidores brasileiros e internacionais, recebam concess\u00e3o para investir&#8221;.<\/p>\n<p>&#8220;J\u00e1 tivemos aeroportos, concess\u00e3o de diversos aeroportos, linhas de transmiss\u00e3o de energia e depois de estradas e ferrovias que vir\u00e3o\u201d, disse ao ser questionado se o governo pretende lan\u00e7ar nova agenda de investimentos, em substitui\u00e7\u00e3o ao Programa de Acelera\u00e7\u00e3o do Crescimento, no valor total de R$ 60 bilh\u00f5es.<\/p>\n<p>Fonte: Ag\u00eancia Bras\u00edlia<\/p>\n","protected":false},"excerpt":{"rendered":"<p>O governo est\u00e1 trabalhando para reverter mudan\u00e7as no Programa de Regulariza\u00e7\u00e3o Tribut\u00e1ria, esp\u00e9cie de Refis, para parcelamento de d\u00edvidas com a Secretaria da Receita Federal do Brasil e a Procuradoria-Geral da Fazenda Nacional. A afirma\u00e7\u00e3o \u00e9 o ministro da Fazenda, Henrique Meirelles, ap\u00f3s participar hoje (11) do programa Agora Brasil, da Rede Nacional de R\u00e1dio [&hellip;]<\/p>\n","protected":false},"author":3,"featured_media":695,"comment_status":"open","ping_status":"open","sticky":false,"template":"","format":"standard","meta":{"jetpack_post_was_ever_published":false,"_jetpack_newsletter_access":"","_jetpack_dont_email_post_to_subs":false,"_jetpack_newsletter_tier_id":0,"_jetpack_memberships_contains_paywalled_content":false,"_jetpack_memberships_contains_paid_content":false,"footnotes":"","jetpack_publicize_message":"","jetpack_publicize_feature_enabled":true,"jetpack_social_post_already_shared":true,"jetpack_social_options":{"image_generator_settings":{"template":"highway","default_image_id":0,"font":"","enabled":false},"version":2}},"categories":[46],"tags":[188,399,126,296,297],"class_list":["post-1156","post","type-post","status-publish","format-standard","has-post-thumbnail","hentry","category-df","tag-programa","tag-prt","tag-refis","tag-regularizacao","tag-tributaria"],"jetpack_publicize_connections":[],"jetpack_featured_media_url":"https:\/\/i0.wp.com\/cfcontabil.com\/cf\/wp-content\/uploads\/2016\/03\/dinheiro-1.jpg?fit=661%2C351&ssl=1","jetpack_sharing_enabled":true,"jetpack_shortlink":"https:\/\/wp.me\/p2wklX-iE","jetpack-related-posts":[{"id":840,"url":"https:\/\/cfcontabil.com\/cf\/vice-presidente-do-cfc-alerta-contribuinte-ja-pode-se-preparar-para-novo-refis\/","url_meta":{"origin":1156,"position":0},"title":"Vice-presidente do CFC alerta: Contribuinte j\u00e1 pode se preparar para \u201cnovo Refis\u201d","author":"Ab\u00edlio Gon\u00e7alves","date":"20 de janeiro de 2017","format":false,"excerpt":"Separar d\u00e9bitos at\u00e9 a data estipulada pelo governo \u00e9 o primeiro passo para quem pretende aderir ao Programa Ap\u00f3s o an\u00fancio pelo governo da Medida Provis\u00f3ria (MP) 766, que institui o Programa de Regulariza\u00e7\u00e3o Tribut\u00e1ria (PRT), os contribuintes - pessoas f\u00edsicas e empresas - j\u00e1 podem se preparar para regularizar\u2026","rel":"","context":"Em &quot;Consultoria Empresarial&quot;","block_context":{"text":"Consultoria Empresarial","link":"https:\/\/cfcontabil.com\/cf\/category\/consultoria\/"},"img":{"alt_text":"","src":"https:\/\/i0.wp.com\/cfcontabil.com\/cf\/wp-content\/uploads\/2017\/01\/PLANEJAMENTO_ESTRATGICO_2-1.jpg?fit=580%2C400&ssl=1&resize=350%2C200","width":350,"height":200,"srcset":"https:\/\/i0.wp.com\/cfcontabil.com\/cf\/wp-content\/uploads\/2017\/01\/PLANEJAMENTO_ESTRATGICO_2-1.jpg?fit=580%2C400&ssl=1&resize=350%2C200 1x, https:\/\/i0.wp.com\/cfcontabil.com\/cf\/wp-content\/uploads\/2017\/01\/PLANEJAMENTO_ESTRATGICO_2-1.jpg?fit=580%2C400&ssl=1&resize=525%2C300 1.5x"},"classes":[]},{"id":2264,"url":"https:\/\/cfcontabil.com\/cf\/df-tera-refis-mais-eficaz-de-sua-historia\/","url_meta":{"origin":1156,"position":1},"title":"DF ter\u00e1 Refis mais eficaz de sua hist\u00f3ria","author":"Ab\u00edlio Gon\u00e7alves","date":"13 de abril de 2020","format":false,"excerpt":"Secret\u00e1rio de Economia explica que novo programa tem redu\u00e7\u00f5es significativas de al\u00edquotas e pode gerar economia de R$ 823,2 milh\u00f5es \u00e0s empresas Manter a economia nos eixos \u00e9 uma das prioridades do Governo do Distrito Federal. Principalmente em momentos de crise, como \u00e9 o caso das incertezas geradas pela pandemia\u2026","rel":"","context":"Em \"Ativa\"","block_context":{"text":"Ativa","link":"https:\/\/cfcontabil.com\/cf\/tag\/ativa\/"},"img":{"alt_text":"","src":"https:\/\/i0.wp.com\/cfcontabil.com\/cf\/wp-content\/uploads\/2020\/04\/REFIS-DF.jpg?fit=512%2C287&ssl=1&resize=350%2C200","width":350,"height":200},"classes":[]},{"id":1230,"url":"https:\/\/cfcontabil.com\/cf\/programa-de-regularizacao-tributaria-prt-e-oportunidade-para-retomada-de-negocios\/","url_meta":{"origin":1156,"position":2},"title":"Programa de Regulariza\u00e7\u00e3o Tribut\u00e1ria (PRT) \u00e9 oportunidade para retomada de neg\u00f3cios","author":"Ab\u00edlio Gon\u00e7alves","date":"6 de mar\u00e7o de 2017","format":false,"excerpt":"O PRT estabeleceu condi\u00e7\u00f5es especiais para pagamento de d\u00edvidas de empresas e pessoas f\u00edsicas Com os objetivos de reduzir lit\u00edgios tribut\u00e1rios e promover a regulariza\u00e7\u00e3o fiscal, o Governo Federal lan\u00e7ou, por meio da Medida Provis\u00f3ria 766, de 2017, o Programa de Regulariza\u00e7\u00e3o Tribut\u00e1ria (PRT), por meio do qual poder\u00e3o ser\u2026","rel":"","context":"Em &quot;Departamento Fiscal&quot;","block_context":{"text":"Departamento Fiscal","link":"https:\/\/cfcontabil.com\/cf\/category\/df\/"},"img":{"alt_text":"","src":"https:\/\/i0.wp.com\/cfcontabil.com\/cf\/wp-content\/uploads\/2017\/02\/receita-federal-1-1.png?fit=702%2C325&ssl=1&resize=350%2C200","width":350,"height":200,"srcset":"https:\/\/i0.wp.com\/cfcontabil.com\/cf\/wp-content\/uploads\/2017\/02\/receita-federal-1-1.png?fit=702%2C325&ssl=1&resize=350%2C200 1x, https:\/\/i0.wp.com\/cfcontabil.com\/cf\/wp-content\/uploads\/2017\/02\/receita-federal-1-1.png?fit=702%2C325&ssl=1&resize=525%2C300 1.5x, https:\/\/i0.wp.com\/cfcontabil.com\/cf\/wp-content\/uploads\/2017\/02\/receita-federal-1-1.png?fit=702%2C325&ssl=1&resize=700%2C400 2x"},"classes":[]},{"id":1285,"url":"https:\/\/cfcontabil.com\/cf\/adesao-ao-refis-podera-ser-feita-ate-29-de-setembro\/","url_meta":{"origin":1156,"position":3},"title":"Ades\u00e3o ao Refis poder\u00e1 ser feita at\u00e9 29 de setembro","author":"Ab\u00edlio Gon\u00e7alves","date":"31 de agosto de 2017","format":false,"excerpt":"O presidente da Rep\u00fablica em exerc\u00edcio,\u00a0Rodrigo Maia, editou medida provis\u00f3ria (MP) prorrogando o prazo de ades\u00e3o ao novo refinanciamento de d\u00edvidas de empres\u00e1rios com a Receita Federal para o pr\u00f3ximo dia 29 de setembro. Os l\u00edderes da C\u00e2mara dos Deputados est\u00e3o em busca de acordo para votar a proposta at\u00e9\u2026","rel":"","context":"Em &quot;Departamento Fiscal&quot;","block_context":{"text":"Departamento Fiscal","link":"https:\/\/cfcontabil.com\/cf\/category\/df\/"},"img":{"alt_text":"","src":"","width":0,"height":0},"classes":[]},{"id":2357,"url":"https:\/\/cfcontabil.com\/cf\/aprovacao-do-refis-salvara-diversas-empresas-afirma-fecomercio-df\/","url_meta":{"origin":1156,"position":4},"title":"\u201cAprova\u00e7\u00e3o do Refis salvar\u00e1 diversas empresas\u201d, afirma Fecom\u00e9rcio-DF","author":"Ab\u00edlio Gon\u00e7alves","date":"4 de novembro de 2020","format":false,"excerpt":"Projeto foi aprovado nesta ter\u00e7a-feira na CLDF e seguiu para san\u00e7\u00e3o do governador Ibaneis Rocha Muito aguardado pelo setor produtivo do Distrito Federal, o Programa de Incentivo \u00e0 Regulariza\u00e7\u00e3o Fiscal do Distrito Federal (Refis-DF) foi aprovado pela C\u00e2mara Legislativa na noite desta ter\u00e7a-feira (3\/11). Agora, o texto segue para an\u00e1lise\u2026","rel":"","context":"Em &quot;Departamento Fiscal&quot;","block_context":{"text":"Departamento Fiscal","link":"https:\/\/cfcontabil.com\/cf\/category\/df\/"},"img":{"alt_text":"","src":"https:\/\/i0.wp.com\/cfcontabil.com\/cf\/wp-content\/uploads\/2020\/11\/cldf-01-fb.jpg?fit=600%2C315&ssl=1&resize=350%2C200","width":350,"height":200,"srcset":"https:\/\/i0.wp.com\/cfcontabil.com\/cf\/wp-content\/uploads\/2020\/11\/cldf-01-fb.jpg?fit=600%2C315&ssl=1&resize=350%2C200 1x, https:\/\/i0.wp.com\/cfcontabil.com\/cf\/wp-content\/uploads\/2020\/11\/cldf-01-fb.jpg?fit=600%2C315&ssl=1&resize=525%2C300 1.5x"},"classes":[]},{"id":1808,"url":"https:\/\/cfcontabil.com\/cf\/bolsonaro-assina-mp-de-incentivo-a-regularizacao-de-dividas-com-a-uniao-desconto-e-de-ate-70-2\/","url_meta":{"origin":1156,"position":5},"title":"Bolsonaro assina MP de incentivo \u00e0 regulariza\u00e7\u00e3o de d\u00edvidas com a Uni\u00e3o; desconto \u00e9 de at\u00e9 70%","author":"Ab\u00edlio Gon\u00e7alves","date":"23 de outubro de 2019","format":false,"excerpt":"Desconto poder\u00e1 chegar a 70% para pessoa f\u00edsica e microempresa. Governo calcula que, na cobran\u00e7a da d\u00edvida ativa, 1,9 milh\u00e3o de devedores poder\u00e3o regularizar d\u00e9bitos. O presidente\u00a0Jair Bolsonaro\u00a0assinou nesta quarta-feira (16), em cerim\u00f4nia no Pal\u00e1cio do Planalto, uma medida provis\u00f3ria com regras para facilitar acordos entre a Uni\u00e3o e seus\u2026","rel":"","context":"Em &quot;Consultoria Empresarial&quot;","block_context":{"text":"Consultoria Empresarial","link":"https:\/\/cfcontabil.com\/cf\/category\/consultoria\/"},"img":{"alt_text":"","src":"https:\/\/i0.wp.com\/cfcontabil.com\/cf\/wp-content\/uploads\/2019\/10\/documento-assinado.jpg?fit=635%2C396&ssl=1&resize=350%2C200","width":350,"height":200,"srcset":"https:\/\/i0.wp.com\/cfcontabil.com\/cf\/wp-content\/uploads\/2019\/10\/documento-assinado.jpg?fit=635%2C396&ssl=1&resize=350%2C200 1x, https:\/\/i0.wp.com\/cfcontabil.com\/cf\/wp-content\/uploads\/2019\/10\/documento-assinado.jpg?fit=635%2C396&ssl=1&resize=525%2C300 1.5x"},"classes":[]}],"jetpack_likes_enabled":true,"_links":{"self":[{"href":"https:\/\/cfcontabil.com\/cf\/wp-json\/wp\/v2\/posts\/1156","targetHints":{"allow":["GET"]}}],"collection":[{"href":"https:\/\/cfcontabil.com\/cf\/wp-json\/wp\/v2\/posts"}],"about":[{"href":"https:\/\/cfcontabil.com\/cf\/wp-json\/wp\/v2\/types\/post"}],"author":[{"embeddable":true,"href":"https:\/\/cfcontabil.com\/cf\/wp-json\/wp\/v2\/users\/3"}],"replies":[{"embeddable":true,"href":"https:\/\/cfcontabil.com\/cf\/wp-json\/wp\/v2\/comments?post=1156"}],"version-history":[{"count":0,"href":"https:\/\/cfcontabil.com\/cf\/wp-json\/wp\/v2\/posts\/1156\/revisions"}],"wp:featuredmedia":[{"embeddable":true,"href":"https:\/\/cfcontabil.com\/cf\/wp-json\/wp\/v2\/media\/695"}],"wp:attachment":[{"href":"https:\/\/cfcontabil.com\/cf\/wp-json\/wp\/v2\/media?parent=1156"}],"wp:term":[{"taxonomy":"category","embeddable":true,"href":"https:\/\/cfcontabil.com\/cf\/wp-json\/wp\/v2\/categories?post=1156"},{"taxonomy":"post_tag","embeddable":true,"href":"https:\/\/cfcontabil.com\/cf\/wp-json\/wp\/v2\/tags?post=1156"}],"curies":[{"name":"wp","href":"https:\/\/api.w.org\/{rel}","templated":true}]}}