{"id":1166,"date":"2017-05-26T05:00:50","date_gmt":"2017-05-26T08:00:50","guid":{"rendered":"http:\/\/cfcontabil.com\/cf\/?p=1166"},"modified":"2017-05-26T05:00:50","modified_gmt":"2017-05-26T08:00:50","slug":"exclusao-do-icms-da-base-de-calculo","status":"publish","type":"post","link":"https:\/\/cfcontabil.com\/cf\/exclusao-do-icms-da-base-de-calculo\/","title":{"rendered":"Exclus\u00e3o do ICMS da base de c\u00e1lculo"},"content":{"rendered":"<p>Em 8 de outubro de 2014, o plen\u00e1rio do Supremo Tribunal Federal (STF), decidiu pela impossibilidade de o ICMS compor a base de c\u00e1lculo da Cofins. Em 15 de mar\u00e7o de 2017, no RE 574.706, com repercuss\u00e3o geral, decidiu tamb\u00e9m pela impossibilidade de compor a base de c\u00e1lculo da Contribui\u00e7\u00e3o para o PIS\/Pasep.<\/p>\n<p>Ambos os julgados, por\u00e9m, tratam de legisla\u00e7\u00e3o que n\u00e3o diz respeito aos optantes pelo Simples Nacional. Para estes, vale a defini\u00e7\u00e3o da base de c\u00e1lculo do art. 3\u00b0, \u00a7 1\u00b0, da Lei Complementar n\u00b0 123, de 2006, cuja constitucionalidade o STF n\u00e3o julgou nesses processos, estando portanto em pleno vigor.<\/p>\n<p>E, a rigor, a situa\u00e7\u00e3o dos optantes pelo Simples Nacional \u00e9 totalmente distinta, uma vez que, por sua sistem\u00e1tica de c\u00e1lculo, o percentual de ICMS incide n\u00e3o sobre a opera\u00e7\u00e3o de circula\u00e7\u00e3o e antes da Cofins e da Contribui\u00e7\u00e3o para o PIS\/Pasep, mas sobre a receita bruta e paralelamente a elas. Sendo assim, o ICMS n\u00e3o comp\u00f5e a base de c\u00e1lculo do Simples Nacional, de sorte que esses julgados do STF s\u00e3o inaplic\u00e1veis aos optantes.<\/p>\n<p>SECRETARIA-EXECUTIVA DO COMIT\u00ca GESTOR DO SIMPLES NACIONAL<\/p>\n","protected":false},"excerpt":{"rendered":"<p>Em 8 de outubro de 2014, o plen\u00e1rio do Supremo Tribunal Federal (STF), decidiu pela impossibilidade de o ICMS compor a base de c\u00e1lculo da Cofins. Em 15 de mar\u00e7o de 2017, no RE 574.706, com repercuss\u00e3o geral, decidiu tamb\u00e9m pela impossibilidade de compor a base de c\u00e1lculo da Contribui\u00e7\u00e3o para o PIS\/Pasep. Ambos os [&hellip;]<\/p>\n","protected":false},"author":3,"featured_media":862,"comment_status":"open","ping_status":"open","sticky":false,"template":"","format":"standard","meta":{"jetpack_post_was_ever_published":false,"_jetpack_newsletter_access":"","_jetpack_dont_email_post_to_subs":false,"_jetpack_newsletter_tier_id":0,"_jetpack_memberships_contains_paywalled_content":false,"_jetpack_memberships_contains_paid_content":false,"footnotes":"","jetpack_publicize_message":"","jetpack_publicize_feature_enabled":true,"jetpack_social_post_already_shared":true,"jetpack_social_options":{"image_generator_settings":{"template":"highway","default_image_id":0,"font":"","enabled":false},"version":2}},"categories":[46],"tags":[500,94,200,211,213],"class_list":["post-1166","post","type-post","status-publish","format-standard","has-post-thumbnail","hentry","category-df","tag-base","tag-calculo","tag-icms","tag-nacional","tag-simples"],"jetpack_publicize_connections":[],"jetpack_featured_media_url":"https:\/\/i0.wp.com\/cfcontabil.com\/cf\/wp-content\/uploads\/2017\/01\/simples-1.jpg?fit=520%2C271&ssl=1","jetpack_sharing_enabled":true,"jetpack_shortlink":"https:\/\/wp.me\/p2wklX-iO","jetpack-related-posts":[{"id":1100,"url":"https:\/\/cfcontabil.com\/cf\/correcao-da-tabela-do-imposto-de-renda-a-partir-do-proximo-ano-ainda-nao-foi-decidida\/","url_meta":{"origin":1166,"position":0},"title":"Corre\u00e7\u00e3o da tabela do Imposto de Renda a partir do pr\u00f3ximo ano ainda n\u00e3o foi decidida","author":"Ab\u00edlio Gon\u00e7alves","date":"31 de mar\u00e7o de 2017","format":false,"excerpt":"Inicialmente prevista para ser anunciada no fim deste m\u00eas, a corre\u00e7\u00e3o da tabela do Imposto de Renda a partir do pr\u00f3ximo ano ainda n\u00e3o foi decidida pela equipe econ\u00f4mica, disse nesta quinta-feira (29) o ministro da Fazenda, Henrique Meirelles. Segundo ele, o governo n\u00e3o tem mais previs\u00e3o para reajustar a\u2026","rel":"","context":"Em &quot;Departamento Fiscal&quot;","block_context":{"text":"Departamento Fiscal","link":"https:\/\/cfcontabil.com\/cf\/category\/df\/"},"img":{"alt_text":"","src":"https:\/\/i0.wp.com\/cfcontabil.com\/cf\/wp-content\/uploads\/2017\/02\/receita-federal-1-1.png?fit=702%2C325&ssl=1&resize=350%2C200","width":350,"height":200,"srcset":"https:\/\/i0.wp.com\/cfcontabil.com\/cf\/wp-content\/uploads\/2017\/02\/receita-federal-1-1.png?fit=702%2C325&ssl=1&resize=350%2C200 1x, https:\/\/i0.wp.com\/cfcontabil.com\/cf\/wp-content\/uploads\/2017\/02\/receita-federal-1-1.png?fit=702%2C325&ssl=1&resize=525%2C300 1.5x, https:\/\/i0.wp.com\/cfcontabil.com\/cf\/wp-content\/uploads\/2017\/02\/receita-federal-1-1.png?fit=702%2C325&ssl=1&resize=700%2C400 2x"},"classes":[]},{"id":1082,"url":"https:\/\/cfcontabil.com\/cf\/temer-queria-simplificar-impostos-agora-pensa-em-aumenta-los\/","url_meta":{"origin":1166,"position":1},"title":"Temer queria simplificar impostos. Agora pensa em aument\u00e1-los","author":"Ab\u00edlio Gon\u00e7alves","date":"23 de mar\u00e7o de 2017","format":false,"excerpt":"\"Se o governo quer fazer via medida provis\u00f3ria, \u00e9 porque vem aumento\u201d, diz diretor da Fenacon O governo Temer parecia disposto a simplificar o pagamento de impostos, sem mexer - para mais nem para menos - na carga tribut\u00e1ria. A ideia era fazer uma \u201creforma fatiada\u201d, via medidas provis\u00f3rias, come\u00e7ando\u2026","rel":"","context":"Em &quot;Departamento Fiscal&quot;","block_context":{"text":"Departamento Fiscal","link":"https:\/\/cfcontabil.com\/cf\/category\/df\/"},"img":{"alt_text":"","src":"https:\/\/i0.wp.com\/cfcontabil.com\/cf\/wp-content\/uploads\/2017\/01\/Moedas-1-real-1.jpg?fit=810%2C455&ssl=1&resize=350%2C200","width":350,"height":200,"srcset":"https:\/\/i0.wp.com\/cfcontabil.com\/cf\/wp-content\/uploads\/2017\/01\/Moedas-1-real-1.jpg?fit=810%2C455&ssl=1&resize=350%2C200 1x, https:\/\/i0.wp.com\/cfcontabil.com\/cf\/wp-content\/uploads\/2017\/01\/Moedas-1-real-1.jpg?fit=810%2C455&ssl=1&resize=525%2C300 1.5x, https:\/\/i0.wp.com\/cfcontabil.com\/cf\/wp-content\/uploads\/2017\/01\/Moedas-1-real-1.jpg?fit=810%2C455&ssl=1&resize=700%2C400 2x"},"classes":[]},{"id":2401,"url":"https:\/\/cfcontabil.com\/cf\/pequenas-empresas-tem-ate-o-dia-29-de-janeiro-para-aderir-ao-simples-nacional\/","url_meta":{"origin":1166,"position":2},"title":"Pequenas empresas t\u00eam at\u00e9 o dia 29 de janeiro para aderir ao Simples Nacional","author":"Ab\u00edlio Gon\u00e7alves","date":"12 de janeiro de 2021","format":false,"excerpt":"Solicita\u00e7\u00e3o \u00e9 realizada somente pela internet e pode ser feita tanto por empresas j\u00e1 em atividade como para as que est\u00e3o em in\u00edcio de funcionamento. As microempresas e empresas de pequeno porte t\u00eam at\u00e9 o dia 29 de janeiro para optar pelo regime tribut\u00e1rio do Simples Nacional. A solicita\u00e7\u00e3o pode\u2026","rel":"","context":"Em &quot;Contabilidade em geral&quot;","block_context":{"text":"Contabilidade em geral","link":"https:\/\/cfcontabil.com\/cf\/category\/contabilidade-2\/"},"img":{"alt_text":"","src":"https:\/\/i0.wp.com\/cfcontabil.com\/cf\/wp-content\/uploads\/2020\/11\/Simples_Blog.jpg.600x335_q85_box-022957556_crop_detail.jpg?fit=600%2C335&ssl=1&resize=350%2C200","width":350,"height":200,"srcset":"https:\/\/i0.wp.com\/cfcontabil.com\/cf\/wp-content\/uploads\/2020\/11\/Simples_Blog.jpg.600x335_q85_box-022957556_crop_detail.jpg?fit=600%2C335&ssl=1&resize=350%2C200 1x, https:\/\/i0.wp.com\/cfcontabil.com\/cf\/wp-content\/uploads\/2020\/11\/Simples_Blog.jpg.600x335_q85_box-022957556_crop_detail.jpg?fit=600%2C335&ssl=1&resize=525%2C300 1.5x"},"classes":[]},{"id":1109,"url":"https:\/\/cfcontabil.com\/cf\/receita-federal-e-fiscos-estaduais-iniciam-fiscalizacao-conjunta\/","url_meta":{"origin":1166,"position":3},"title":"Receita Federal e Fiscos Estaduais iniciam fiscaliza\u00e7\u00e3o conjunta","author":"Ab\u00edlio Gon\u00e7alves","date":"6 de abril de 2017","format":false,"excerpt":"A a\u00e7\u00e3o ter\u00e1 foco nas empresas notificadas pelo Alerta do Simples Nacional 3 de 2016. Expectativa \u00e9 de uma recupera\u00e7\u00e3o de R$ 130 milh\u00f5es em tributos sonegados. A Receita Federal, em conjunto com as Secretarias de Fazenda dos Estados do Tocantins, Piau\u00ed, Alagoas, Rio Grande do Norte, Sergipe, Minas Gerais,\u2026","rel":"","context":"Em &quot;Departamento Fiscal&quot;","block_context":{"text":"Departamento Fiscal","link":"https:\/\/cfcontabil.com\/cf\/category\/df\/"},"img":{"alt_text":"","src":"https:\/\/i0.wp.com\/cfcontabil.com\/cf\/wp-content\/uploads\/2017\/01\/simples-1.jpg?fit=520%2C271&ssl=1&resize=350%2C200","width":350,"height":200},"classes":[]},{"id":401,"url":"https:\/\/cfcontabil.com\/cf\/lei-no-12-86513-e-o-refis-da-crise\/","url_meta":{"origin":1166,"position":4},"title":"Lei n\u00ba 12.865\/13 e o Refis da Crise","author":"Vin\u00edcius Moizinho","date":"30 de outubro de 2013","format":false,"excerpt":"Bom dia, prezados! Recentemente entrou na pauta de decis\u00f5es dos empres\u00e1rios brasileiros o artigo 17 da\u00a0Lei n\u00ba 12.865, de 09 de Outubro de 2013. Por meio deste artigo, a nova lei\u00a0publicada no DOU do dia 10 de Outubro estabelece a reabertura do REFIS IV (Lei n\u00ba 11.941\/2009), tamb\u00e9m conhecido como\u2026","rel":"","context":"Em &quot;Consultoria Empresarial&quot;","block_context":{"text":"Consultoria Empresarial","link":"https:\/\/cfcontabil.com\/cf\/category\/consultoria\/"},"img":{"alt_text":"","src":"https:\/\/i0.wp.com\/www.nexia-teixeira-auditores.com.br\/wp-content\/uploads\/2013\/09\/IMPOSTO-597x245.jpg?resize=350%2C200","width":350,"height":200,"srcset":"https:\/\/i0.wp.com\/www.nexia-teixeira-auditores.com.br\/wp-content\/uploads\/2013\/09\/IMPOSTO-597x245.jpg?resize=350%2C200 1x, https:\/\/i0.wp.com\/www.nexia-teixeira-auditores.com.br\/wp-content\/uploads\/2013\/09\/IMPOSTO-597x245.jpg?resize=525%2C300 1.5x"},"classes":[]},{"id":550,"url":"https:\/\/cfcontabil.com\/cf\/simples-nacional-alteracoes-promovidas-pela-lei-complementar-1472014\/","url_meta":{"origin":1166,"position":5},"title":"Simples Nacional: altera\u00e7\u00f5es promovidas pela Lei Complementar 147\/2014","author":"Vin\u00edcius Moizinho","date":"11 de agosto de 2014","format":false,"excerpt":"A Lei Complementar n\u00ba 147, de 7 de agosto de 2014, alterou a Lei Complementar n\u00ba 123, de 2006, que institui o Estatuto da Micro e Pequena Empresa e disp\u00f5e sobre o Simples Nacional. As altera\u00e7\u00f5es ser\u00e3o objeto de regulamenta\u00e7\u00e3o pelo Comit\u00ea Gestor do Simples Nacional (CGSN). Com a universaliza\u00e7\u00e3o\u2026","rel":"","context":"Em &quot;Consultoria Empresarial&quot;","block_context":{"text":"Consultoria Empresarial","link":"https:\/\/cfcontabil.com\/cf\/category\/consultoria\/"},"img":{"alt_text":"","src":"","width":0,"height":0},"classes":[]}],"jetpack_likes_enabled":true,"_links":{"self":[{"href":"https:\/\/cfcontabil.com\/cf\/wp-json\/wp\/v2\/posts\/1166","targetHints":{"allow":["GET"]}}],"collection":[{"href":"https:\/\/cfcontabil.com\/cf\/wp-json\/wp\/v2\/posts"}],"about":[{"href":"https:\/\/cfcontabil.com\/cf\/wp-json\/wp\/v2\/types\/post"}],"author":[{"embeddable":true,"href":"https:\/\/cfcontabil.com\/cf\/wp-json\/wp\/v2\/users\/3"}],"replies":[{"embeddable":true,"href":"https:\/\/cfcontabil.com\/cf\/wp-json\/wp\/v2\/comments?post=1166"}],"version-history":[{"count":0,"href":"https:\/\/cfcontabil.com\/cf\/wp-json\/wp\/v2\/posts\/1166\/revisions"}],"wp:featuredmedia":[{"embeddable":true,"href":"https:\/\/cfcontabil.com\/cf\/wp-json\/wp\/v2\/media\/862"}],"wp:attachment":[{"href":"https:\/\/cfcontabil.com\/cf\/wp-json\/wp\/v2\/media?parent=1166"}],"wp:term":[{"taxonomy":"category","embeddable":true,"href":"https:\/\/cfcontabil.com\/cf\/wp-json\/wp\/v2\/categories?post=1166"},{"taxonomy":"post_tag","embeddable":true,"href":"https:\/\/cfcontabil.com\/cf\/wp-json\/wp\/v2\/tags?post=1166"}],"curies":[{"name":"wp","href":"https:\/\/api.w.org\/{rel}","templated":true}]}}