{"id":1168,"date":"2017-05-22T08:09:26","date_gmt":"2017-05-22T11:09:26","guid":{"rendered":"http:\/\/cfcontabil.com\/cf\/?p=1168"},"modified":"2017-05-22T08:09:26","modified_gmt":"2017-05-22T11:09:26","slug":"microempreendedor-individual-mei-podera-optar-pelo-debito-automatico","status":"publish","type":"post","link":"https:\/\/cfcontabil.com\/cf\/microempreendedor-individual-mei-podera-optar-pelo-debito-automatico\/","title":{"rendered":"Microempreendedor Individual &#8211; MEI poder\u00e1 optar pelo d\u00e9bito autom\u00e1tico"},"content":{"rendered":"<p>A partir desta quinta-feira (18), o MEI poder\u00e1 realizar o pagamento dos valores mensais apurados no SIMEI (INSS, ICMS, ISS) por meio de d\u00e9bito autom\u00e1tico.<\/p>\n<p>Para realizar essa op\u00e7\u00e3o, o MEI dever\u00e1 acessar o portal do Simples Nacional, op\u00e7\u00e3o &#8220;Simei Servi\u00e7os &gt; D\u00e9bito Autom\u00e1tico&#8221;, e informar o seu CNPJ, CPF e C\u00f3digo de Acesso.<\/p>\n<p>Para optar pelo d\u00e9bito autom\u00e1tico, o MEI deve ter conta-corrente Pessoa F\u00edsica ou Jur\u00eddica em um dos seguintes bancos:<\/p>\n<p>001 &#8211; Banco do Brasil;<br \/>\n003 &#8211; Banco da Amaz\u00f4nia S\/A;<br \/>\n004 &#8211; Banco do Nordeste do Brasil S\/A;<br \/>\n008 &#8211; Banco Santander (Brasil) S\/A;<br \/>\n021 &#8211; Banco Banestes S\/A;<br \/>\n041 &#8211; Banco do Estado do Rio Grande do Sul S\/A;<br \/>\n070 &#8211; Banco de Bras\u00edlia S\/A;<br \/>\n104 &#8211; Caixa Econ\u00f4mica Federal;<br \/>\n237 &#8211; Banco Bradesco S\/A;<br \/>\n389 &#8211; Banco Mercantil do Brasil S\/A;<br \/>\n748 &#8211; Banco Cooperativo Sicredi S\/A;<br \/>\n756 &#8211; Banco Cooperativo do Brasil S\/A.<\/p>\n<p>Aten\u00e7\u00e3o: O MEI que estiver usufruindo de benef\u00edcio previdenci\u00e1rio n\u00e3o dever\u00e1 optar pelo d\u00e9bito autom\u00e1tico. O MEI que passar a usufruir de benef\u00edcio previdenci\u00e1rio, deve solicitar a desativa\u00e7\u00e3o do d\u00e9bito autom\u00e1tico.<\/p>\n<p>Clique aqui para consultar o passo a passo <a href=\"http:\/\/www8.receita.fazenda.gov.br\/SimplesNacional\/Arquivos\/noticias\/Passo_a_passo_d%C3%A9bito_autom%C3%A1tico_do_MEI.doc\">neste link<\/a>.<\/p>\n","protected":false},"excerpt":{"rendered":"<p>A partir desta quinta-feira (18), o MEI poder\u00e1 realizar o pagamento dos valores mensais apurados no SIMEI (INSS, ICMS, ISS) por meio de d\u00e9bito autom\u00e1tico. Para realizar essa op\u00e7\u00e3o, o MEI dever\u00e1 acessar o portal do Simples Nacional, op\u00e7\u00e3o &#8220;Simei Servi\u00e7os &gt; D\u00e9bito Autom\u00e1tico&#8221;, e informar o seu CNPJ, CPF e C\u00f3digo de Acesso. Para [&hellip;]<\/p>\n","protected":false},"author":3,"featured_media":1504,"comment_status":"open","ping_status":"open","sticky":false,"template":"","format":"standard","meta":{"jetpack_post_was_ever_published":false,"_jetpack_newsletter_access":"","_jetpack_dont_email_post_to_subs":false,"_jetpack_newsletter_tier_id":0,"_jetpack_memberships_contains_paywalled_content":false,"_jetpack_memberships_contains_paid_content":false,"footnotes":"","jetpack_publicize_message":"","jetpack_publicize_feature_enabled":true,"jetpack_social_post_already_shared":true,"jetpack_social_options":{"image_generator_settings":{"template":"highway","default_image_id":0,"font":"","enabled":false},"version":2}},"categories":[46],"tags":[501,429,107,288,257,110],"class_list":["post-1168","post","type-post","status-publish","format-standard","has-post-thumbnail","hentry","category-df","tag-automatico","tag-debito","tag-fisica","tag-juridica","tag-mei","tag-pessoa"],"jetpack_publicize_connections":[],"jetpack_featured_media_url":"https:\/\/i0.wp.com\/cfcontabil.com\/cf\/wp-content\/uploads\/2017\/03\/mei-micro-empreendedor-individual-696x287-1.jpg?fit=696%2C287&ssl=1","jetpack_sharing_enabled":true,"jetpack_shortlink":"https:\/\/wp.me\/p2wklX-iQ","jetpack-related-posts":[{"id":1251,"url":"https:\/\/cfcontabil.com\/cf\/mei-ja-pode-aderir-ao-parcelamento-de-debitos\/","url_meta":{"origin":1168,"position":0},"title":"MEI j\u00e1 pode aderir ao parcelamento de d\u00e9bitos","author":"Ab\u00edlio Gon\u00e7alves","date":"10 de julho de 2017","format":false,"excerpt":"Come\u00e7ou, em 3 de julho, o prazo para ades\u00e3o ao parcelamento de d\u00e9bitos do Microempreendedor Individual (MEI). O programa possui duas modalidades de parcelamento e foi disciplinado pelas Instru\u00e7\u00f5es Normativas RFB n\u00b0 1.713\/2017 e 1.714\/2017. 1) Parcelamento Convencional - permite o parcelamento de todos os d\u00e9bitos declarados na DASN-SIMEI (INSS,\u2026","rel":"","context":"Em &quot;Departamento Fiscal&quot;","block_context":{"text":"Departamento Fiscal","link":"https:\/\/cfcontabil.com\/cf\/category\/df\/"},"img":{"alt_text":"","src":"https:\/\/i0.wp.com\/cfcontabil.com\/cf\/wp-content\/uploads\/2017\/03\/mei-micro-empreendedor-individual-696x287-1.jpg?fit=696%2C287&ssl=1&resize=350%2C200","width":350,"height":200,"srcset":"https:\/\/i0.wp.com\/cfcontabil.com\/cf\/wp-content\/uploads\/2017\/03\/mei-micro-empreendedor-individual-696x287-1.jpg?fit=696%2C287&ssl=1&resize=350%2C200 1x, https:\/\/i0.wp.com\/cfcontabil.com\/cf\/wp-content\/uploads\/2017\/03\/mei-micro-empreendedor-individual-696x287-1.jpg?fit=696%2C287&ssl=1&resize=525%2C300 1.5x"},"classes":[]},{"id":2133,"url":"https:\/\/cfcontabil.com\/cf\/antecipacao-de-irpf-ofertas-dos-bancos-atraem-contribuintes-atencao-as-regras\/","url_meta":{"origin":1168,"position":1},"title":"Antecipa\u00e7\u00e3o de IRPF: ofertas dos Bancos atraem contribuintes, aten\u00e7\u00e3o as regras!","author":"Ab\u00edlio Gon\u00e7alves","date":"6 de mar\u00e7o de 2020","format":false,"excerpt":"Com juros mais baixos que o normal,\u00a0 muitos contribuintes contratam empr\u00e9stimo para antecipar a devolu\u00e7\u00e3o do IR. Sem planejamento e estudo, na maioria dos casos n\u00e3o \u00e9 muito vantajoso. No geral, s\u00f3 vale a pena se houver urg\u00eancia para receber o dinheiro. Os principais bancos em opera\u00e7\u00e3o no Brasil anunciaram\u2026","rel":"","context":"Em &quot;Departamento Fiscal&quot;","block_context":{"text":"Departamento Fiscal","link":"https:\/\/cfcontabil.com\/cf\/category\/df\/"},"img":{"alt_text":"","src":"https:\/\/i0.wp.com\/cfcontabil.com\/cf\/wp-content\/uploads\/2020\/03\/IRPF-ANTECIPA%C3%87%C3%83O-RESTITUI%C3%87%C3%83O.jpeg?fit=1200%2C675&ssl=1&resize=350%2C200","width":350,"height":200,"srcset":"https:\/\/i0.wp.com\/cfcontabil.com\/cf\/wp-content\/uploads\/2020\/03\/IRPF-ANTECIPA%C3%87%C3%83O-RESTITUI%C3%87%C3%83O.jpeg?fit=1200%2C675&ssl=1&resize=350%2C200 1x, https:\/\/i0.wp.com\/cfcontabil.com\/cf\/wp-content\/uploads\/2020\/03\/IRPF-ANTECIPA%C3%87%C3%83O-RESTITUI%C3%87%C3%83O.jpeg?fit=1200%2C675&ssl=1&resize=525%2C300 1.5x, https:\/\/i0.wp.com\/cfcontabil.com\/cf\/wp-content\/uploads\/2020\/03\/IRPF-ANTECIPA%C3%87%C3%83O-RESTITUI%C3%87%C3%83O.jpeg?fit=1200%2C675&ssl=1&resize=700%2C400 2x, https:\/\/i0.wp.com\/cfcontabil.com\/cf\/wp-content\/uploads\/2020\/03\/IRPF-ANTECIPA%C3%87%C3%83O-RESTITUI%C3%87%C3%83O.jpeg?fit=1200%2C675&ssl=1&resize=1050%2C600 3x"},"classes":[]},{"id":1399,"url":"https:\/\/cfcontabil.com\/cf\/receita-esclarece-instrucoes-para-emissao-de-darf-avulso\/","url_meta":{"origin":1168,"position":2},"title":"Receita esclarece instru\u00e7\u00f5es para emiss\u00e3o de Darf Avulso","author":"Ab\u00edlio Gon\u00e7alves","date":"17 de outubro de 2018","format":false,"excerpt":"Caso de n\u00e3o fechamento completo da folha no eSocial ou dificuldades no Reinf Instru\u00e7\u00f5es para emiss\u00e3o de DARF Avulso no caso de n\u00e3o fechamento completo da folha no e-Social ou de dificuldades com o fechamento do Reinf A Receita Federal informa que, no per\u00edodo de apura\u00e7\u00e3o de setembro de 2018,\u2026","rel":"","context":"Em &quot;Departamento Pessoal&quot;","block_context":{"text":"Departamento Pessoal","link":"https:\/\/cfcontabil.com\/cf\/category\/dp\/"},"img":{"alt_text":"","src":"https:\/\/i0.wp.com\/cfcontabil.com\/cf\/wp-content\/uploads\/2018\/10\/de-darf-avulso-1.png.600x335_q85_box-60915506_crop_detail-1.png?fit=600%2C335&ssl=1&resize=350%2C200","width":350,"height":200,"srcset":"https:\/\/i0.wp.com\/cfcontabil.com\/cf\/wp-content\/uploads\/2018\/10\/de-darf-avulso-1.png.600x335_q85_box-60915506_crop_detail-1.png?fit=600%2C335&ssl=1&resize=350%2C200 1x, https:\/\/i0.wp.com\/cfcontabil.com\/cf\/wp-content\/uploads\/2018\/10\/de-darf-avulso-1.png.600x335_q85_box-60915506_crop_detail-1.png?fit=600%2C335&ssl=1&resize=525%2C300 1.5x"},"classes":[]},{"id":1972,"url":"https:\/\/cfcontabil.com\/cf\/dez-opcoes-de-contas-digitais-para-meis-e-pequenos-empresarios\/","url_meta":{"origin":1168,"position":3},"title":"Dez op\u00e7\u00f5es de contas digitais para MEIs e pequenos empres\u00e1rios","author":"Ab\u00edlio Gon\u00e7alves","date":"3 de dezembro de 2019","format":false,"excerpt":"De olho neste mercado, fintechs oferecem desde tarifa de manuten\u00e7\u00e3o zero a boletos sem custos e Ted's gratuitos A onda de fintechs que atingiu seis em cada dez brasileiros (64%) que t\u00eam acesso a computadores e celulares est\u00e1 cada vez mais pr\u00f3xima de atingir tamb\u00e9m os microempreendedores e pequenos neg\u00f3cios.\u2026","rel":"","context":"Em &quot;Consultoria Empresarial&quot;","block_context":{"text":"Consultoria Empresarial","link":"https:\/\/cfcontabil.com\/cf\/category\/consultoria\/"},"img":{"alt_text":"","src":"https:\/\/i0.wp.com\/cfcontabil.com\/cf\/wp-content\/uploads\/2019\/12\/contas-digitais.jpg?fit=678%2C452&ssl=1&resize=350%2C200","width":350,"height":200,"srcset":"https:\/\/i0.wp.com\/cfcontabil.com\/cf\/wp-content\/uploads\/2019\/12\/contas-digitais.jpg?fit=678%2C452&ssl=1&resize=350%2C200 1x, https:\/\/i0.wp.com\/cfcontabil.com\/cf\/wp-content\/uploads\/2019\/12\/contas-digitais.jpg?fit=678%2C452&ssl=1&resize=525%2C300 1.5x"},"classes":[]},{"id":2653,"url":"https:\/\/cfcontabil.com\/cf\/mei-precisa-pagar-suas-dividas-ate-o-final-de-agosto\/","url_meta":{"origin":1168,"position":4},"title":"MEI precisa pagar suas d\u00edvidas at\u00e9 o final de agosto","author":"Ab\u00edlio Gon\u00e7alves","date":"23 de agosto de 2021","format":false,"excerpt":"A partir de setembro, a Receita Federal encaminhar\u00e1 os d\u00e9bitos n\u00e3o regularizados para a D\u00edvida Ativa, e elas ser\u00e3o cobradas com juros. Os microempreendedores individuais (MEI) que est\u00e3o devendo impostos poder\u00e3o regularizar suas d\u00edvidas at\u00e9 o final deste m\u00eas. A situa\u00e7\u00e3o pode ser resolvida pelo pagamento dos d\u00e9bitos, utilizando o\u2026","rel":"","context":"Em &quot;Departamento Fiscal&quot;","block_context":{"text":"Departamento Fiscal","link":"https:\/\/cfcontabil.com\/cf\/category\/df\/"},"img":{"alt_text":"","src":"https:\/\/i0.wp.com\/cfcontabil.com\/cf\/wp-content\/uploads\/2020\/04\/MEI-1200x675-1.png?fit=1200%2C675&ssl=1&resize=350%2C200","width":350,"height":200,"srcset":"https:\/\/i0.wp.com\/cfcontabil.com\/cf\/wp-content\/uploads\/2020\/04\/MEI-1200x675-1.png?fit=1200%2C675&ssl=1&resize=350%2C200 1x, https:\/\/i0.wp.com\/cfcontabil.com\/cf\/wp-content\/uploads\/2020\/04\/MEI-1200x675-1.png?fit=1200%2C675&ssl=1&resize=525%2C300 1.5x, https:\/\/i0.wp.com\/cfcontabil.com\/cf\/wp-content\/uploads\/2020\/04\/MEI-1200x675-1.png?fit=1200%2C675&ssl=1&resize=700%2C400 2x, https:\/\/i0.wp.com\/cfcontabil.com\/cf\/wp-content\/uploads\/2020\/04\/MEI-1200x675-1.png?fit=1200%2C675&ssl=1&resize=1050%2C600 3x"},"classes":[]},{"id":2533,"url":"https:\/\/cfcontabil.com\/cf\/mei-tem-ate-31-de-agosto-de-2021-para-regularizar-seus-debitos\/","url_meta":{"origin":1168,"position":5},"title":"MEI tem at\u00e9 31 de agosto de 2021 para regularizar seus d\u00e9bitos","author":"Ab\u00edlio Gon\u00e7alves","date":"5 de agosto de 2021","format":false,"excerpt":"At\u00e9 o dia 31\/08\/2021, o MEI\u00a0poder\u00e1\u00a0regularizar\u00a0seus d\u00e9bitos (INSS, ISS e ICMS)\u00a0por meio de recolhimento em DAS, acessando o\u00a0PGMEI,\u00a0ou\u00a0parcelando.\u00a0 A\u00a0partir de setembro, a Receita Federal (RFB) encaminhar\u00e1\u00a0os d\u00e9bitos\u00a0apurados nas\u00a0Declara\u00e7\u00f5es Anuais Simplificadas para o Microempreendedor Individual\u00a0(DASN-Simei), n\u00e3o regularizados, para inscri\u00e7\u00e3o em D\u00edvida Ativa. O envio \u00e0 D\u00edvida Ativa ser\u00e1 da seguinte forma:\u2013\u2026","rel":"","context":"Em &quot;Geral&quot;","block_context":{"text":"Geral","link":"https:\/\/cfcontabil.com\/cf\/category\/geral\/"},"img":{"alt_text":"","src":"https:\/\/i0.wp.com\/cfcontabil.com\/cf\/wp-content\/uploads\/2017\/03\/mei-micro-empreendedor-individual-696x287-1.jpg?fit=696%2C287&ssl=1&resize=350%2C200","width":350,"height":200,"srcset":"https:\/\/i0.wp.com\/cfcontabil.com\/cf\/wp-content\/uploads\/2017\/03\/mei-micro-empreendedor-individual-696x287-1.jpg?fit=696%2C287&ssl=1&resize=350%2C200 1x, https:\/\/i0.wp.com\/cfcontabil.com\/cf\/wp-content\/uploads\/2017\/03\/mei-micro-empreendedor-individual-696x287-1.jpg?fit=696%2C287&ssl=1&resize=525%2C300 1.5x"},"classes":[]}],"jetpack_likes_enabled":true,"_links":{"self":[{"href":"https:\/\/cfcontabil.com\/cf\/wp-json\/wp\/v2\/posts\/1168","targetHints":{"allow":["GET"]}}],"collection":[{"href":"https:\/\/cfcontabil.com\/cf\/wp-json\/wp\/v2\/posts"}],"about":[{"href":"https:\/\/cfcontabil.com\/cf\/wp-json\/wp\/v2\/types\/post"}],"author":[{"embeddable":true,"href":"https:\/\/cfcontabil.com\/cf\/wp-json\/wp\/v2\/users\/3"}],"replies":[{"embeddable":true,"href":"https:\/\/cfcontabil.com\/cf\/wp-json\/wp\/v2\/comments?post=1168"}],"version-history":[{"count":0,"href":"https:\/\/cfcontabil.com\/cf\/wp-json\/wp\/v2\/posts\/1168\/revisions"}],"wp:featuredmedia":[{"embeddable":true,"href":"https:\/\/cfcontabil.com\/cf\/wp-json\/wp\/v2\/media\/1504"}],"wp:attachment":[{"href":"https:\/\/cfcontabil.com\/cf\/wp-json\/wp\/v2\/media?parent=1168"}],"wp:term":[{"taxonomy":"category","embeddable":true,"href":"https:\/\/cfcontabil.com\/cf\/wp-json\/wp\/v2\/categories?post=1168"},{"taxonomy":"post_tag","embeddable":true,"href":"https:\/\/cfcontabil.com\/cf\/wp-json\/wp\/v2\/tags?post=1168"}],"curies":[{"name":"wp","href":"https:\/\/api.w.org\/{rel}","templated":true}]}}