{"id":1171,"date":"2017-05-24T17:23:56","date_gmt":"2017-05-24T20:23:56","guid":{"rendered":"http:\/\/cfcontabil.com\/cf\/?p=1171"},"modified":"2017-05-24T17:23:56","modified_gmt":"2017-05-24T20:23:56","slug":"entrega-da-dctf-inativa-prorrogada-para-julho-de-2017","status":"publish","type":"post","link":"https:\/\/cfcontabil.com\/cf\/entrega-da-dctf-inativa-prorrogada-para-julho-de-2017\/","title":{"rendered":"Entrega da DCTF Inativa prorrogada para Julho de 2017"},"content":{"rendered":"<p><strong>Confirmado a data de prorroga\u00e7\u00e3o da entrega da DCTF Inativa para dia 21 de Julho de 2017.<\/strong><\/p>\n<p>Veja na \u00edntegra:<\/p>\n<blockquote><p>SECRETARIA DA RECEITA FEDERAL DO BRASIL<br \/>\nINSTRU\u00c7\u00c3O NORMATIVA N\u00ba 1.708, DE 22 DE MAIO DE 2017 D.O.U EM 23\/05\/2017<br \/>\nAltera a Instru\u00e7\u00e3o Normativa RFB n\u00ba 1.599, de 11 de dezembro de 2015, que disp\u00f5e sobre a Declara\u00e7\u00e3o de D\u00e9bitos e Cr\u00e9ditos Tribut\u00e1rios Federais (DCTF), e a Instru\u00e7\u00e3o Normativa RFB n\u00ba 1.079, de 3 de novembro de 2010, que disp\u00f5e sobre o tratamento tribut\u00e1rio aplic\u00e1vel \u00e0s varia\u00e7\u00f5es monet\u00e1rias dos direitos de cr\u00e9dito e das obriga\u00e7\u00f5es do contribuinte em fun\u00e7\u00e3o da taxa de c\u00e2mbio.<br \/>\nO SECRET\u00c1RIO DA RECEITA FEDERAL DO BRASIL, no uso da atribui\u00e7\u00e3o que lhe confere o inciso III do art. 280 do Regimento Interno da Secretaria da Receita Federal do Brasil, aprovado pela Portaria MF n\u00ba 203, de 14 de maio de 2012, e tendo em vista o disposto no art. 5\u00ba do Decreto-Lei n\u00ba 2.124, de 13 de junho de 1984, no art. 16 da Lei n\u00ba 9.779, de 19 de janeiro de 1999, no art. 30 da Medida Provis\u00f3ria n\u00ba 2.158-35, de 24 de agosto de 2001, e no art. 7\u00ba da Lei n\u00ba 10.426, de 24 de abril de 2002, resolve:<br \/>\nArt. 1\u00ba Os arts. 4\u00ba e 10-B da Instru\u00e7\u00e3o Normativa RFB n\u00ba 1.599, de 11 de dezembro de 2015, passam a vigorar com a seguinte reda\u00e7\u00e3o:<br \/>\n&#8220;Art. 4\u00ba &#8230;&#8230;&#8230;&#8230;&#8230;&#8230;&#8230;&#8230;&#8230;&#8230;&#8230;&#8230;&#8230;&#8230;&#8230;&#8230;&#8230;&#8230;&#8230;&#8230;&#8230;&#8230;&#8230;&#8230;&#8230;&#8230; &#8230;&#8230;&#8230;&#8230;&#8230;&#8230;&#8230;&#8230;&#8230;&#8230;&#8230;&#8230;&#8230;&#8230;&#8230;&#8230;&#8230;&#8230;&#8230;&#8230;&#8230;&#8230;&#8230;&#8230;&#8230;&#8230;&#8230;&#8230;&#8230;&#8230;&#8230;<br \/>\n\u00a7 4\u00ba Para as pessoas jur\u00eddicas e demais entidades de que trata o caput do art. 2\u00ba, que estejam inativas, \u00e9 dispensada a utiliza\u00e7\u00e3o do certificado digital mencionado no \u00a7 2\u00ba para a apresenta\u00e7\u00e3o da DCTF.&#8221; (NR)<br \/>\n&#8220;Art. 10-B. O prazo de apresenta\u00e7\u00e3o das DCTF relativas aos meses de janeiro a abril de 2017 das pessoas jur\u00eddicas e demais entidades de que trata o caput do art. 2\u00ba, que estejam inativas ou n\u00e3o tenham d\u00e9bitos a declarar, <strong>fica prorrogado para at\u00e9 21 de julho de 2017<\/strong>. &#8230;&#8230;&#8230;&#8230;&#8230;&#8230;&#8230;&#8230;&#8230;&#8230;&#8230;&#8230;&#8230;&#8230;&#8230;&#8230;&#8230;&#8230;&#8230;&#8230;&#8230;&#8230;&#8230;&#8230;&#8230;&#8230;&#8230;..&#8221; (NR)<br \/>\nArt. 2\u00ba A Instru\u00e7\u00e3o Normativa RFB n\u00ba 1.599, de 2015, passa a vigorar acrescida do art. 10-C, no &#8220;Cap\u00edtulo VIII-A &#8211; Das Disposi\u00e7\u00f5es Transit\u00f3rias&#8221;, com a seguinte reda\u00e7\u00e3o:<br \/>\n&#8220;Art. 10-C. At\u00e9 o prazo estabelecido pelo art. 10-B, os s\u00f3cios ostensivos de SCP inscrita no CNPJ na condi\u00e7\u00e3o de estabelecimento matriz dever\u00e3o retificar as DCTF relativas aos meses de dezembro de 2015 a fevereiro de 2016 para inclus\u00e3o das informa\u00e7\u00f5es relativas \u00e0 S C P. &#8221;<br \/>\nArt. 3\u00ba O art. 3\u00ba da Instru\u00e7\u00e3o Normativa RFB n\u00ba 1.079, de 3 de novembro de 2010, passa a vigorar com a seguinte reda\u00e7\u00e3o:<br \/>\n&#8220;Art. 3\u00ba &#8230;&#8230;&#8230;&#8230;&#8230;&#8230;&#8230;&#8230;&#8230;&#8230;&#8230;&#8230;&#8230;&#8230;&#8230;&#8230;&#8230;&#8230;&#8230;&#8230;&#8230;&#8230;&#8230;&#8230;&#8230;&#8230;&#8230; &#8230;&#8230;&#8230;&#8230;&#8230;&#8230;&#8230;&#8230;&#8230;&#8230;&#8230;&#8230;&#8230;&#8230;&#8230;&#8230;&#8230;&#8230;&#8230;&#8230;&#8230;&#8230;&#8230;&#8230;&#8230;&#8230;&#8230;&#8230;&#8230;&#8230;&#8230;&#8230;<br \/>\n\u00a7 3\u00ba Em se tratando de pessoa jur\u00eddica que estava inativa, o direito de optar pelo regime de compet\u00eancia a que se refere o caput poder\u00e1 ser exercido no m\u00eas em que ela retornar \u00e0 atividade.&#8221; (NR) Art. 4\u00ba Esta Instru\u00e7\u00e3o Normativa entra em vigor na data de sua publica\u00e7\u00e3o no Di\u00e1rio Oficial da Uni\u00e3o. JORGE ANTONIO DEHER RACHID<\/p><\/blockquote>\n","protected":false},"excerpt":{"rendered":"<p>Confirmado a data de prorroga\u00e7\u00e3o da entrega da DCTF Inativa para dia 21 de Julho de 2017. Veja na \u00edntegra: SECRETARIA DA RECEITA FEDERAL DO BRASIL INSTRU\u00c7\u00c3O NORMATIVA N\u00ba 1.708, DE 22 DE MAIO DE 2017 D.O.U EM 23\/05\/2017 Altera a Instru\u00e7\u00e3o Normativa RFB n\u00ba 1.599, de 11 de dezembro de 2015, que disp\u00f5e sobre [&hellip;]<\/p>\n","protected":false},"author":3,"featured_media":918,"comment_status":"open","ping_status":"open","sticky":false,"template":"","format":"standard","meta":{"jetpack_post_was_ever_published":false,"_jetpack_newsletter_access":"","_jetpack_dont_email_post_to_subs":false,"_jetpack_newsletter_tier_id":0,"_jetpack_memberships_contains_paywalled_content":false,"_jetpack_memberships_contains_paid_content":false,"footnotes":"","jetpack_publicize_message":"","jetpack_publicize_feature_enabled":true,"jetpack_social_post_already_shared":true,"jetpack_social_options":{"image_generator_settings":{"template":"highway","default_image_id":0,"font":"","enabled":false},"version":2}},"categories":[46],"tags":[285,106,303,350,287,502,503,504],"class_list":["post-1171","post","type-post","status-publish","format-standard","has-post-thumbnail","hentry","category-df","tag-dctf","tag-declaracao","tag-empresa","tag-entrega","tag-inativa","tag-movimento","tag-prorrogacao","tag-sem"],"jetpack_publicize_connections":[],"jetpack_featured_media_url":"https:\/\/i0.wp.com\/cfcontabil.com\/cf\/wp-content\/uploads\/2017\/02\/dctf-1.png?fit=800%2C500&ssl=1","jetpack_sharing_enabled":true,"jetpack_shortlink":"https:\/\/wp.me\/p2wklX-iT","jetpack-related-posts":[{"id":1033,"url":"https:\/\/cfcontabil.com\/cf\/dctf-inativa-prorrogacao-do-prazo-de-entrega\/","url_meta":{"origin":1171,"position":0},"title":"DCTF Inativa &#8211; Prorroga\u00e7\u00e3o do prazo de entrega","author":"Ab\u00edlio Gon\u00e7alves","date":"6 de mar\u00e7o de 2017","format":false,"excerpt":"Entrega das inativas e sem movimento de janeiro e fevereiro de 2017 poder\u00e1 ser transmitida at\u00e9 22 de maio. A altera\u00e7\u00e3o do prazo de entrega ocorreu com a publica\u00e7\u00e3o (DOU de 06\/03) da\u00a0Instru\u00e7\u00e3o Normativa n\u00ba 1.697\/2017. O prazo de entrega DCTF da compet\u00eancia janeiro de 2017 tinha como vencimento dia\u2026","rel":"","context":"Em &quot;Departamento Fiscal&quot;","block_context":{"text":"Departamento Fiscal","link":"https:\/\/cfcontabil.com\/cf\/category\/df\/"},"img":{"alt_text":"","src":"https:\/\/i0.wp.com\/cfcontabil.com\/cf\/wp-content\/uploads\/2017\/03\/dctf-inativa-1.png?fit=1024%2C768&ssl=1&resize=350%2C200","width":350,"height":200,"srcset":"https:\/\/i0.wp.com\/cfcontabil.com\/cf\/wp-content\/uploads\/2017\/03\/dctf-inativa-1.png?fit=1024%2C768&ssl=1&resize=350%2C200 1x, https:\/\/i0.wp.com\/cfcontabil.com\/cf\/wp-content\/uploads\/2017\/03\/dctf-inativa-1.png?fit=1024%2C768&ssl=1&resize=525%2C300 1.5x, https:\/\/i0.wp.com\/cfcontabil.com\/cf\/wp-content\/uploads\/2017\/03\/dctf-inativa-1.png?fit=1024%2C768&ssl=1&resize=700%2C400 2x"},"classes":[]},{"id":1055,"url":"https:\/\/cfcontabil.com\/cf\/dctf-de-janeiro-e-de-fevereiro-de-2017-inativas\/","url_meta":{"origin":1171,"position":1},"title":"DCTF DE JANEIRO E DE FEVEREIRO DE 2017 (Inativas)","author":"Ab\u00edlio Gon\u00e7alves","date":"10 de mar\u00e7o de 2017","format":false,"excerpt":"Muitas d\u00favidas surgiram ap\u00f3s a publica\u00e7\u00e3o no Di\u00e1rio Oficial da Uni\u00e3o (dia 06.03.2017), da\u00a0Instru\u00e7\u00e3o Normativa RFB n\u00b0 1.697\/2017, que disp\u00f5e de altera\u00e7\u00f5es na Instru\u00e7\u00e3o Normativa RFB n\u00b0 1.599\/2015, referente a Declara\u00e7\u00e3o de D\u00e9bitos e Cr\u00e9ditos Tribut\u00e1rios Federais (DCTF). Para auxiliar, destacamos resumidamente as altera\u00e7\u00f5es que ocorreram a seguir: a) fica\u2026","rel":"","context":"Em &quot;Departamento Fiscal&quot;","block_context":{"text":"Departamento Fiscal","link":"https:\/\/cfcontabil.com\/cf\/category\/df\/"},"img":{"alt_text":"","src":"https:\/\/i0.wp.com\/cfcontabil.com\/cf\/wp-content\/uploads\/2017\/03\/dctf-inativa-1.png?fit=1024%2C768&ssl=1&resize=350%2C200","width":350,"height":200,"srcset":"https:\/\/i0.wp.com\/cfcontabil.com\/cf\/wp-content\/uploads\/2017\/03\/dctf-inativa-1.png?fit=1024%2C768&ssl=1&resize=350%2C200 1x, https:\/\/i0.wp.com\/cfcontabil.com\/cf\/wp-content\/uploads\/2017\/03\/dctf-inativa-1.png?fit=1024%2C768&ssl=1&resize=525%2C300 1.5x, https:\/\/i0.wp.com\/cfcontabil.com\/cf\/wp-content\/uploads\/2017\/03\/dctf-inativa-1.png?fit=1024%2C768&ssl=1&resize=700%2C400 2x"},"classes":[]},{"id":1192,"url":"https:\/\/cfcontabil.com\/cf\/dctf-inativa-e-sem-debitos-2017-receita-promete-liberar-transmissao-a-partir-do-dia-2606\/","url_meta":{"origin":1171,"position":2},"title":"DCTF Inativa e Sem D\u00e9bitos 2017 &#8211; Receita promete liberar transmiss\u00e3o a partir do dia 26\/06","author":"Ab\u00edlio Gon\u00e7alves","date":"21 de junho de 2017","format":false,"excerpt":"Precisa entregar a DCTF Inativa 2017 e Sem D\u00e9bitos a declarar de janeiro at\u00e9 abril de 2017? Receita Federal promete liberar a transmiss\u00e3o a partir do dia 26 de junho. Depois de muita espera a Receita Federal liberou dia 16\/06 a vers\u00e3o 3.4 do Programa Gerador da\u00a0DCTF\u00a0que servir\u00e1 para preencher\u2026","rel":"","context":"Em &quot;Departamento Fiscal&quot;","block_context":{"text":"Departamento Fiscal","link":"https:\/\/cfcontabil.com\/cf\/category\/df\/"},"img":{"alt_text":"","src":"https:\/\/i0.wp.com\/cfcontabil.com\/cf\/wp-content\/uploads\/2017\/06\/site-receita-federal-dctf-1.jpeg?fit=1200%2C675&ssl=1&resize=350%2C200","width":350,"height":200,"srcset":"https:\/\/i0.wp.com\/cfcontabil.com\/cf\/wp-content\/uploads\/2017\/06\/site-receita-federal-dctf-1.jpeg?fit=1200%2C675&ssl=1&resize=350%2C200 1x, https:\/\/i0.wp.com\/cfcontabil.com\/cf\/wp-content\/uploads\/2017\/06\/site-receita-federal-dctf-1.jpeg?fit=1200%2C675&ssl=1&resize=525%2C300 1.5x, https:\/\/i0.wp.com\/cfcontabil.com\/cf\/wp-content\/uploads\/2017\/06\/site-receita-federal-dctf-1.jpeg?fit=1200%2C675&ssl=1&resize=700%2C400 2x, https:\/\/i0.wp.com\/cfcontabil.com\/cf\/wp-content\/uploads\/2017\/06\/site-receita-federal-dctf-1.jpeg?fit=1200%2C675&ssl=1&resize=1050%2C600 3x"},"classes":[]},{"id":917,"url":"https:\/\/cfcontabil.com\/cf\/receita-esclarece-duvidas-sobre-in-1-646-dctf-dspj\/","url_meta":{"origin":1171,"position":3},"title":"Receita esclarece d\u00favidas sobre IN 1.646 &#8211; DCTF \/ DSPJ","author":"Ab\u00edlio Gon\u00e7alves","date":"1 de fevereiro de 2017","format":false,"excerpt":"A Instru\u00e7\u00e3o Normativa RFB n\u00ba 1.646, de 30 de maio de 2016, realizou adequa\u00e7\u00f5es na Instru\u00e7\u00e3o Normativa RFB n\u00ba 1.599, de 11 de dezembro de 2015, que disp\u00f5e sobre a Declara\u00e7\u00e3o de D\u00e9bitos e Cr\u00e9ditos Tribut\u00e1rios Federais (DCTF), e na Instru\u00e7\u00e3o Normativa RFB n\u00ba 1.605, de 22 de dezembro de\u2026","rel":"","context":"Em &quot;Departamento Fiscal&quot;","block_context":{"text":"Departamento Fiscal","link":"https:\/\/cfcontabil.com\/cf\/category\/df\/"},"img":{"alt_text":"","src":"https:\/\/i0.wp.com\/cfcontabil.com\/cf\/wp-content\/uploads\/2017\/02\/dctf-1.png?fit=800%2C500&ssl=1&resize=350%2C200","width":350,"height":200,"srcset":"https:\/\/i0.wp.com\/cfcontabil.com\/cf\/wp-content\/uploads\/2017\/02\/dctf-1.png?fit=800%2C500&ssl=1&resize=350%2C200 1x, https:\/\/i0.wp.com\/cfcontabil.com\/cf\/wp-content\/uploads\/2017\/02\/dctf-1.png?fit=800%2C500&ssl=1&resize=525%2C300 1.5x, https:\/\/i0.wp.com\/cfcontabil.com\/cf\/wp-content\/uploads\/2017\/02\/dctf-1.png?fit=800%2C500&ssl=1&resize=700%2C400 2x"},"classes":[]},{"id":1185,"url":"https:\/\/cfcontabil.com\/cf\/urgente-dctf-nova-versao-3-4-inativa\/","url_meta":{"origin":1171,"position":4},"title":"URGENTE: DCTF: NOVA VERS\u00c3O 3.4 (INATIVA)","author":"Ab\u00edlio Gon\u00e7alves","date":"16 de junho de 2017","format":false,"excerpt":"Inativas dever\u00e3o apresentar a DCTF Com as altera\u00e7\u00f5es trazidas pela IN RFB 1.646, publicada hoje no Di\u00e1rio Oficial da Uni\u00e3o, as pessoas jur\u00eddicas inativas dever\u00e3o apresentar Declara\u00e7\u00e3o de D\u00e9bitos e Cr\u00e9ditos Tribut\u00e1rios Federais - DCTF relativa a janeiro de cada ano-calend\u00e1rio, obriga\u00e7\u00e3o que j\u00e1 era exigida para as pessoas jur\u00eddicas\u2026","rel":"","context":"Em &quot;Departamento Fiscal&quot;","block_context":{"text":"Departamento Fiscal","link":"https:\/\/cfcontabil.com\/cf\/category\/df\/"},"img":{"alt_text":"","src":"https:\/\/i0.wp.com\/cfcontabil.com\/cf\/wp-content\/uploads\/2017\/02\/dctf-1.png?fit=800%2C500&ssl=1&resize=350%2C200","width":350,"height":200,"srcset":"https:\/\/i0.wp.com\/cfcontabil.com\/cf\/wp-content\/uploads\/2017\/02\/dctf-1.png?fit=800%2C500&ssl=1&resize=350%2C200 1x, https:\/\/i0.wp.com\/cfcontabil.com\/cf\/wp-content\/uploads\/2017\/02\/dctf-1.png?fit=800%2C500&ssl=1&resize=525%2C300 1.5x, https:\/\/i0.wp.com\/cfcontabil.com\/cf\/wp-content\/uploads\/2017\/02\/dctf-1.png?fit=800%2C500&ssl=1&resize=700%2C400 2x"},"classes":[]},{"id":1209,"url":"https:\/\/cfcontabil.com\/cf\/dctf-dspj-inativa-alteracoes-de-regras-de-entrega-2017\/","url_meta":{"origin":1171,"position":5},"title":"DCTF &#8211; DSPJ-INATIVA: Altera\u00e7\u00f5es de Regras de Entrega 2017","author":"Ab\u00edlio Gon\u00e7alves","date":"17 de janeiro de 2017","format":false,"excerpt":"A partir do ano-calend\u00e1rio de 2017, compet\u00eancia de janeiro de 2017 entregue em mar\u00e7o de 2017, todas as informa\u00e7\u00f5es relativas \u00e0 inatividade dever\u00e3o ser informadas apenas na DCTF. A Instru\u00e7\u00e3o Normativa RFB n\u00b0 1.646\/2016, publicada no DOU de 31.05.2016 altera a IN RFB n\u00b0 1.599\/2015, que disp\u00f5e sobre a Declara\u00e7\u00e3o\u2026","rel":"","context":"Em &quot;Departamento Fiscal&quot;","block_context":{"text":"Departamento Fiscal","link":"https:\/\/cfcontabil.com\/cf\/category\/df\/"},"img":{"alt_text":"","src":"https:\/\/i0.wp.com\/cfcontabil.com\/cf\/wp-content\/uploads\/2017\/01\/dspj-1.jpg?fit=825%2C367&ssl=1&resize=350%2C200","width":350,"height":200,"srcset":"https:\/\/i0.wp.com\/cfcontabil.com\/cf\/wp-content\/uploads\/2017\/01\/dspj-1.jpg?fit=825%2C367&ssl=1&resize=350%2C200 1x, https:\/\/i0.wp.com\/cfcontabil.com\/cf\/wp-content\/uploads\/2017\/01\/dspj-1.jpg?fit=825%2C367&ssl=1&resize=525%2C300 1.5x, https:\/\/i0.wp.com\/cfcontabil.com\/cf\/wp-content\/uploads\/2017\/01\/dspj-1.jpg?fit=825%2C367&ssl=1&resize=700%2C400 2x"},"classes":[]}],"jetpack_likes_enabled":true,"_links":{"self":[{"href":"https:\/\/cfcontabil.com\/cf\/wp-json\/wp\/v2\/posts\/1171","targetHints":{"allow":["GET"]}}],"collection":[{"href":"https:\/\/cfcontabil.com\/cf\/wp-json\/wp\/v2\/posts"}],"about":[{"href":"https:\/\/cfcontabil.com\/cf\/wp-json\/wp\/v2\/types\/post"}],"author":[{"embeddable":true,"href":"https:\/\/cfcontabil.com\/cf\/wp-json\/wp\/v2\/users\/3"}],"replies":[{"embeddable":true,"href":"https:\/\/cfcontabil.com\/cf\/wp-json\/wp\/v2\/comments?post=1171"}],"version-history":[{"count":0,"href":"https:\/\/cfcontabil.com\/cf\/wp-json\/wp\/v2\/posts\/1171\/revisions"}],"wp:featuredmedia":[{"embeddable":true,"href":"https:\/\/cfcontabil.com\/cf\/wp-json\/wp\/v2\/media\/918"}],"wp:attachment":[{"href":"https:\/\/cfcontabil.com\/cf\/wp-json\/wp\/v2\/media?parent=1171"}],"wp:term":[{"taxonomy":"category","embeddable":true,"href":"https:\/\/cfcontabil.com\/cf\/wp-json\/wp\/v2\/categories?post=1171"},{"taxonomy":"post_tag","embeddable":true,"href":"https:\/\/cfcontabil.com\/cf\/wp-json\/wp\/v2\/tags?post=1171"}],"curies":[{"name":"wp","href":"https:\/\/api.w.org\/{rel}","templated":true}]}}