{"id":1174,"date":"2017-05-31T12:34:42","date_gmt":"2017-05-31T15:34:42","guid":{"rendered":"http:\/\/cfcontabil.com\/cf\/?p=1174"},"modified":"2017-05-31T12:34:42","modified_gmt":"2017-05-31T15:34:42","slug":"prazo-para-entrega-da-declaracao-anual-do-mei-termina-quarta-feira-31","status":"publish","type":"post","link":"https:\/\/cfcontabil.com\/cf\/prazo-para-entrega-da-declaracao-anual-do-mei-termina-quarta-feira-31\/","title":{"rendered":"Prazo para entrega da declara\u00e7\u00e3o anual do MEI termina quarta-feira (31)"},"content":{"rendered":"<p><strong>Procurar ajuda de um empres\u00e1rio cont\u00e1bil pode facilitar, destaca o presidente da Fenacon.\u00a0Microempreendedor Individual que enviar o documento ap\u00f3s a data paga multa m\u00ednima de R$ 50.<\/strong><\/p>\n<p>O prazo para entrega da Declara\u00e7\u00e3o Anual Simplificada para o Microempreendedor Individual 2017 (DASN-SIMEI) termina na quarta-feira (31). Todos os MEIs com registro ativo, mesmo aqueles que n\u00e3o tiveram rendimentos ao longo de 2016, t\u00eam de prestar contas \u00e0 Receita Federal do Brasil (RFB). Se o documento for transmitido ap\u00f3s a data limite, o empreendedor est\u00e1 sujeito ao pagamento de multa e \u00e0 perda de benef\u00edcios, at\u00e9 que a situa\u00e7\u00e3o seja regularizada, como aposentadoria, aux\u00edlio-doen\u00e7a e aux\u00edlio-maternidade.<\/p>\n<p>Segundo dados do Comit\u00ea Gestor do Simples Nacional, at\u00e9 31 de dezembro de 2016, 6,6 milh\u00f5es de brasileiros trabalhavam por conta pr\u00f3pria como MEIs e est\u00e3o obrigados a entregar a DASN-SIMEI at\u00e9 o \u00faltimo dia de maio. \u201cMuitos desses acabam deixando para \u00faltima hora, mas o grande problema continua sendo a falta de informa\u00e7\u00e3o\u201d, avalia o presidente da Federa\u00e7\u00e3o Nacional das Empresas de Servi\u00e7os Cont\u00e1beis e das Empresas de Assessoramento, Per\u00edcias, Informa\u00e7\u00f5es e Pesquisas (Fenacon), Mario Elmir Berti.<\/p>\n<p>O preenchimento da declara\u00e7\u00e3o \u00e9 simples e pode ser feito pelo pr\u00f3prio MEI por meio do Portal do Empreendedor (www.portaldoempreendedor.gov.br). \u00c9 preciso informar a receita bruta total de 2016, especificar a receita bruta obtida com atividades de com\u00e9rcio, ind\u00fastria e servi\u00e7os de transporte intermunicipal e interestadual, se for o caso, e tamb\u00e9m informar se havia funcion\u00e1rio contratado. \u201cMas procurar ajuda de um empres\u00e1rio cont\u00e1bil pode facilitar, pois a primeira declara\u00e7\u00e3o pode ser realizada sem custo pelos escrit\u00f3rios de contabilidade optantes pelo Simples\u201d, destaca o presidente da Fenacon.<\/p>\n<p><strong>Consequ\u00eancias<\/strong><\/p>\n<p>Os microempreendedores individuais que n\u00e3o entregarem a declara\u00e7\u00e3o at\u00e9 31 de maio ficam obrigados a pagar multa. A taxa m\u00ednima \u00e9 de R$ 50, mas pode chegar a 20% do valor total de tributos declarados &#8211; 2% por m\u00eas de atraso. \u201cQuanto mais tempo o MEI demorar para regularizar a situa\u00e7\u00e3o, mais cara pode ficar a multa. Por isso recomendamos que o envio da DASN-SIMEI o mais r\u00e1pido poss\u00edvel\u201d, explica Berti. Outro ponto destacado pelo presidente da Fenacon \u00e9 a garantia de benef\u00edcios. Ao se formalizar e cumprir suas obriga\u00e7\u00f5es, o microempreendedor passa a ter direitos trabalhistas e previdenci\u00e1rios, e fica isento de outros tributos federais.<\/p>\n<p><strong>Extin\u00e7\u00e3o<\/strong><\/p>\n<p>Os MEIs que encerraram as atividades nos primeiros quatro meses de 2016 tamb\u00e9m precisam entregar a DASN-SIMEI agora. \u201cNesse caso o prazo \u00e9 um pouquinho maior, vai at\u00e9 30 de junho deste ano. Mas a obrigatoriedade permanece\u201d, alerta Berti. No momento de preencher a declara\u00e7\u00e3o, \u00e9 preciso selecionar a op\u00e7\u00e3o \u201cSitua\u00e7\u00e3o Especial\u201d e informar a data de extin\u00e7\u00e3o.<\/p>\n<p>Fonte: FENACON<\/p>\n","protected":false},"excerpt":{"rendered":"<p>Procurar ajuda de um empres\u00e1rio cont\u00e1bil pode facilitar, destaca o presidente da Fenacon.\u00a0Microempreendedor Individual que enviar o documento ap\u00f3s a data paga multa m\u00ednima de R$ 50. O prazo para entrega da Declara\u00e7\u00e3o Anual Simplificada para o Microempreendedor Individual 2017 (DASN-SIMEI) termina na quarta-feira (31). Todos os MEIs com registro ativo, mesmo aqueles que n\u00e3o [&hellip;]<\/p>\n","protected":false},"author":3,"featured_media":1504,"comment_status":"open","ping_status":"open","sticky":false,"template":"","format":"standard","meta":{"jetpack_post_was_ever_published":false,"_jetpack_newsletter_access":"","_jetpack_dont_email_post_to_subs":false,"_jetpack_newsletter_tier_id":0,"_jetpack_memberships_contains_paywalled_content":false,"_jetpack_memberships_contains_paid_content":false,"footnotes":"","jetpack_publicize_message":"","jetpack_publicize_feature_enabled":true,"jetpack_social_post_already_shared":true,"jetpack_social_options":{"image_generator_settings":{"template":"highway","default_image_id":0,"font":"","enabled":false},"version":2}},"categories":[46],"tags":[452,505,106,256,257,506,259],"class_list":["post-1174","post","type-post","status-publish","format-standard","has-post-thumbnail","hentry","category-df","tag-anual","tag-dasn","tag-declaracao","tag-individual","tag-mei","tag-microempreendedor","tag-simei"],"jetpack_publicize_connections":[],"jetpack_featured_media_url":"https:\/\/i0.wp.com\/cfcontabil.com\/cf\/wp-content\/uploads\/2017\/03\/mei-micro-empreendedor-individual-696x287-1.jpg?fit=696%2C287&ssl=1","jetpack_sharing_enabled":true,"jetpack_shortlink":"https:\/\/wp.me\/p2wklX-iW","jetpack-related-posts":[{"id":1251,"url":"https:\/\/cfcontabil.com\/cf\/mei-ja-pode-aderir-ao-parcelamento-de-debitos\/","url_meta":{"origin":1174,"position":0},"title":"MEI j\u00e1 pode aderir ao parcelamento de d\u00e9bitos","author":"Ab\u00edlio Gon\u00e7alves","date":"10 de julho de 2017","format":false,"excerpt":"Come\u00e7ou, em 3 de julho, o prazo para ades\u00e3o ao parcelamento de d\u00e9bitos do Microempreendedor Individual (MEI). O programa possui duas modalidades de parcelamento e foi disciplinado pelas Instru\u00e7\u00f5es Normativas RFB n\u00b0 1.713\/2017 e 1.714\/2017. 1) Parcelamento Convencional - permite o parcelamento de todos os d\u00e9bitos declarados na DASN-SIMEI (INSS,\u2026","rel":"","context":"Em &quot;Departamento Fiscal&quot;","block_context":{"text":"Departamento Fiscal","link":"https:\/\/cfcontabil.com\/cf\/category\/df\/"},"img":{"alt_text":"","src":"https:\/\/i0.wp.com\/cfcontabil.com\/cf\/wp-content\/uploads\/2017\/03\/mei-micro-empreendedor-individual-696x287-1.jpg?fit=696%2C287&ssl=1&resize=350%2C200","width":350,"height":200,"srcset":"https:\/\/i0.wp.com\/cfcontabil.com\/cf\/wp-content\/uploads\/2017\/03\/mei-micro-empreendedor-individual-696x287-1.jpg?fit=696%2C287&ssl=1&resize=350%2C200 1x, https:\/\/i0.wp.com\/cfcontabil.com\/cf\/wp-content\/uploads\/2017\/03\/mei-micro-empreendedor-individual-696x287-1.jpg?fit=696%2C287&ssl=1&resize=525%2C300 1.5x"},"classes":[]},{"id":1050,"url":"https:\/\/cfcontabil.com\/cf\/imposto-de-renda-2017-mei-como-declarar-os-rendimentos\/","url_meta":{"origin":1174,"position":1},"title":"Imposto de Renda 2017: MEI, como declarar os rendimentos?","author":"Ab\u00edlio Gon\u00e7alves","date":"11 de mar\u00e7o de 2017","format":false,"excerpt":"Com o in\u00edcio do per\u00edodo de entrega do do Imposto de Renda de 2017 - de 2 de mar\u00e7o a 28 de abril -, d\u00favidas come\u00e7am a surgir sobre o processo de declara\u00e7\u00e3o. Atrav\u00e9s do servi\u00e7o tira-d\u00favidas lan\u00e7ado por O GLOBO e Extra, leitores enviaram perguntas sobre como deve ser\u2026","rel":"","context":"Em &quot;Departamento Fiscal&quot;","block_context":{"text":"Departamento Fiscal","link":"https:\/\/cfcontabil.com\/cf\/category\/df\/"},"img":{"alt_text":"","src":"https:\/\/i0.wp.com\/cfcontabil.com\/cf\/wp-content\/uploads\/2017\/02\/irpfrfb-1.jpg?fit=640%2C340&ssl=1&resize=350%2C200","width":350,"height":200,"srcset":"https:\/\/i0.wp.com\/cfcontabil.com\/cf\/wp-content\/uploads\/2017\/02\/irpfrfb-1.jpg?fit=640%2C340&ssl=1&resize=350%2C200 1x, https:\/\/i0.wp.com\/cfcontabil.com\/cf\/wp-content\/uploads\/2017\/02\/irpfrfb-1.jpg?fit=640%2C340&ssl=1&resize=525%2C300 1.5x"},"classes":[]},{"id":2396,"url":"https:\/\/cfcontabil.com\/cf\/mei-precisa-ficar-atento-as-obrigacoes-de-inicio-de-ano\/","url_meta":{"origin":1174,"position":2},"title":"MEI precisa ficar atento \u00e0s obriga\u00e7\u00f5es de in\u00edcio de ano","author":"Ab\u00edlio Gon\u00e7alves","date":"8 de janeiro de 2021","format":false,"excerpt":"A cada final de ano o governo federal informa quais ocupa\u00e7\u00f5es poder\u00e3o recolher impostos como MEI O prazo para a declara\u00e7\u00e3o anual de rendimento do MEI (DASN-SIMEI) j\u00e1 come\u00e7ou e vai at\u00e9 o dia 31 de maio de 2021. O Microempreendedor Individual tamb\u00e9m deve observar as mudan\u00e7as no Portal do\u2026","rel":"","context":"Em &quot;Consultoria Empresarial&quot;","block_context":{"text":"Consultoria Empresarial","link":"https:\/\/cfcontabil.com\/cf\/category\/consultoria\/"},"img":{"alt_text":"","src":"https:\/\/i0.wp.com\/cfcontabil.com\/cf\/wp-content\/uploads\/2020\/04\/MEI-1200x675-1.png?fit=1200%2C675&ssl=1&resize=350%2C200","width":350,"height":200,"srcset":"https:\/\/i0.wp.com\/cfcontabil.com\/cf\/wp-content\/uploads\/2020\/04\/MEI-1200x675-1.png?fit=1200%2C675&ssl=1&resize=350%2C200 1x, https:\/\/i0.wp.com\/cfcontabil.com\/cf\/wp-content\/uploads\/2020\/04\/MEI-1200x675-1.png?fit=1200%2C675&ssl=1&resize=525%2C300 1.5x, https:\/\/i0.wp.com\/cfcontabil.com\/cf\/wp-content\/uploads\/2020\/04\/MEI-1200x675-1.png?fit=1200%2C675&ssl=1&resize=700%2C400 2x, https:\/\/i0.wp.com\/cfcontabil.com\/cf\/wp-content\/uploads\/2020\/04\/MEI-1200x675-1.png?fit=1200%2C675&ssl=1&resize=1050%2C600 3x"},"classes":[]},{"id":1236,"url":"https:\/\/cfcontabil.com\/cf\/mei-deve-prestar-contas-a-receita-federal-atraves-da-declaracao-anual-do-simples-nacional\/","url_meta":{"origin":1174,"position":3},"title":"MEI deve prestar contas \u00e0 Receita Federal atrav\u00e9s da Declara\u00e7\u00e3o Anual do Simples Nacional","author":"Ab\u00edlio Gon\u00e7alves","date":"7 de mar\u00e7o de 2017","format":false,"excerpt":"Documento \u00e9 feito de forma gratuita nos postos de atendimento do Sebrae e \u00e9 obriga\u00e7\u00e3o do empres\u00e1rio para que seus direitos sejam assegurados. O Microempreendedor Individual (MEI) j\u00e1 pode procurar um dos postos de atendimento do Sebrae em Alagoas ou uma das Salas do Empreendedor no estado para realizar a\u2026","rel":"","context":"Em &quot;Departamento Fiscal&quot;","block_context":{"text":"Departamento Fiscal","link":"https:\/\/cfcontabil.com\/cf\/category\/df\/"},"img":{"alt_text":"","src":"https:\/\/i0.wp.com\/cfcontabil.com\/cf\/wp-content\/uploads\/2017\/03\/mei-micro-empreendedor-individual-696x287-1.jpg?fit=696%2C287&ssl=1&resize=350%2C200","width":350,"height":200,"srcset":"https:\/\/i0.wp.com\/cfcontabil.com\/cf\/wp-content\/uploads\/2017\/03\/mei-micro-empreendedor-individual-696x287-1.jpg?fit=696%2C287&ssl=1&resize=350%2C200 1x, https:\/\/i0.wp.com\/cfcontabil.com\/cf\/wp-content\/uploads\/2017\/03\/mei-micro-empreendedor-individual-696x287-1.jpg?fit=696%2C287&ssl=1&resize=525%2C300 1.5x"},"classes":[]},{"id":1135,"url":"https:\/\/cfcontabil.com\/cf\/microempreendedor-individual-tambem-precisa-declarar-ir\/","url_meta":{"origin":1174,"position":4},"title":"Microempreendedor individual tamb\u00e9m precisa declarar IR","author":"Ab\u00edlio Gon\u00e7alves","date":"26 de abril de 2017","format":false,"excerpt":"Mesmo que n\u00e3o tenha emitido nota fiscal, profissional enquadrado como MEI tamb\u00e9m deve prestar contas Com o crescente saldo negativo de postos de trabalho, a sa\u00edda para muitos brasileiros foi virar um Microempreendedor Individual, o MEI. At\u00e9 a \u00faltima semana, o Pa\u00eds tinha 6,8 milh\u00f5es de pessoas registradas com atividade\u2026","rel":"","context":"Em &quot;Departamento Fiscal&quot;","block_context":{"text":"Departamento Fiscal","link":"https:\/\/cfcontabil.com\/cf\/category\/df\/"},"img":{"alt_text":"","src":"https:\/\/i0.wp.com\/cfcontabil.com\/cf\/wp-content\/uploads\/2017\/03\/mei-micro-empreendedor-individual-696x287-1.jpg?fit=696%2C287&ssl=1&resize=350%2C200","width":350,"height":200,"srcset":"https:\/\/i0.wp.com\/cfcontabil.com\/cf\/wp-content\/uploads\/2017\/03\/mei-micro-empreendedor-individual-696x287-1.jpg?fit=696%2C287&ssl=1&resize=350%2C200 1x, https:\/\/i0.wp.com\/cfcontabil.com\/cf\/wp-content\/uploads\/2017\/03\/mei-micro-empreendedor-individual-696x287-1.jpg?fit=696%2C287&ssl=1&resize=525%2C300 1.5x"},"classes":[]},{"id":2613,"url":"https:\/\/cfcontabil.com\/cf\/microempreendedores-individuais-mei-devem-regularizar-dividas-ate-31-de-agosto\/","url_meta":{"origin":1174,"position":5},"title":"Microempreendedores Individuais (MEI) devem regularizar d\u00edvidas at\u00e9 31 de agosto","author":"Ab\u00edlio Gon\u00e7alves","date":"10 de agosto de 2021","format":false,"excerpt":"Os Microempreendedores Individuais (MEI) que est\u00e3o devendo impostos, poder\u00e3o regularizar suas d\u00edvidas at\u00e9 o final deste m\u00eas. A situa\u00e7\u00e3o pode ser resolvida pelo pagamento dos d\u00e9bitos, utilizando o Documento de Arrecada\u00e7\u00e3o do Simples Nacional (DAS), ou parcelamento, que deve ser realizado at\u00e9 o dia 31\/08\/2021.\u00a0Tanto a emiss\u00e3o do DAS para\u2026","rel":"","context":"Em &quot;Geral&quot;","block_context":{"text":"Geral","link":"https:\/\/cfcontabil.com\/cf\/category\/geral\/"},"img":{"alt_text":"","src":"https:\/\/i0.wp.com\/cfcontabil.com\/cf\/wp-content\/uploads\/2020\/04\/MEI-1200x675-1.png?fit=1200%2C675&ssl=1&resize=350%2C200","width":350,"height":200,"srcset":"https:\/\/i0.wp.com\/cfcontabil.com\/cf\/wp-content\/uploads\/2020\/04\/MEI-1200x675-1.png?fit=1200%2C675&ssl=1&resize=350%2C200 1x, https:\/\/i0.wp.com\/cfcontabil.com\/cf\/wp-content\/uploads\/2020\/04\/MEI-1200x675-1.png?fit=1200%2C675&ssl=1&resize=525%2C300 1.5x, https:\/\/i0.wp.com\/cfcontabil.com\/cf\/wp-content\/uploads\/2020\/04\/MEI-1200x675-1.png?fit=1200%2C675&ssl=1&resize=700%2C400 2x, https:\/\/i0.wp.com\/cfcontabil.com\/cf\/wp-content\/uploads\/2020\/04\/MEI-1200x675-1.png?fit=1200%2C675&ssl=1&resize=1050%2C600 3x"},"classes":[]}],"jetpack_likes_enabled":true,"_links":{"self":[{"href":"https:\/\/cfcontabil.com\/cf\/wp-json\/wp\/v2\/posts\/1174","targetHints":{"allow":["GET"]}}],"collection":[{"href":"https:\/\/cfcontabil.com\/cf\/wp-json\/wp\/v2\/posts"}],"about":[{"href":"https:\/\/cfcontabil.com\/cf\/wp-json\/wp\/v2\/types\/post"}],"author":[{"embeddable":true,"href":"https:\/\/cfcontabil.com\/cf\/wp-json\/wp\/v2\/users\/3"}],"replies":[{"embeddable":true,"href":"https:\/\/cfcontabil.com\/cf\/wp-json\/wp\/v2\/comments?post=1174"}],"version-history":[{"count":0,"href":"https:\/\/cfcontabil.com\/cf\/wp-json\/wp\/v2\/posts\/1174\/revisions"}],"wp:featuredmedia":[{"embeddable":true,"href":"https:\/\/cfcontabil.com\/cf\/wp-json\/wp\/v2\/media\/1504"}],"wp:attachment":[{"href":"https:\/\/cfcontabil.com\/cf\/wp-json\/wp\/v2\/media?parent=1174"}],"wp:term":[{"taxonomy":"category","embeddable":true,"href":"https:\/\/cfcontabil.com\/cf\/wp-json\/wp\/v2\/categories?post=1174"},{"taxonomy":"post_tag","embeddable":true,"href":"https:\/\/cfcontabil.com\/cf\/wp-json\/wp\/v2\/tags?post=1174"}],"curies":[{"name":"wp","href":"https:\/\/api.w.org\/{rel}","templated":true}]}}