{"id":1183,"date":"2017-06-15T05:00:53","date_gmt":"2017-06-15T08:00:53","guid":{"rendered":"http:\/\/cfcontabil.com\/cf\/?p=1183"},"modified":"2017-06-15T05:00:53","modified_gmt":"2017-06-15T08:00:53","slug":"nao-incide-imposto-em-caso-de-duvida-sobre-natureza-da-operacao","status":"publish","type":"post","link":"https:\/\/cfcontabil.com\/cf\/nao-incide-imposto-em-caso-de-duvida-sobre-natureza-da-operacao\/","title":{"rendered":"N\u00e3o incide imposto em caso de d\u00favida sobre natureza da opera\u00e7\u00e3o"},"content":{"rendered":"<p>O \u00f4nus de provar a ocorr\u00eancia de fato gerador \u00e9 do Fisco. Assim, se h\u00e1 d\u00favida se uma determinada opera\u00e7\u00e3o \u00e9 tribut\u00e1vel ou n\u00e3o, o contribuinte n\u00e3o deve responsabilizado. Com base nesse entendimento, a 3\u00aa Tribunal Regional Federal da 3\u00aa Regi\u00e3o negou apela\u00e7\u00e3o da Uni\u00e3o e manteve senten\u00e7a que isentou uma montadora de autom\u00f3veis de pagar PIS e Cofins sobre contratos de transfer\u00eancia de tecnologia com sua matriz.<\/p>\n<p>TRF-3 entendeu que, em caso de d\u00favida se determinada opera\u00e7\u00e3o \u00e9 tribut\u00e1vel ou n\u00e3o, o contribuinte n\u00e3o deve responsabilizado.<\/p>\n<p>A empresa alega que mandou royalties para o exterior, decorrentes de contratos de transfer\u00eancia de tecnologia, de colabora\u00e7\u00e3o t\u00e9cnica e de servi\u00e7os t\u00e9cnicos. Mas a Receita Federal disse que os pagamentos foram feitos pela presta\u00e7\u00e3o dos servi\u00e7os e cobrou PIS\/Cofins da companhia.<\/p>\n<p><!--more--><\/p>\n<p>A tributa\u00e7\u00e3o foi mantida pelo Conselho Administrativo de Recursos Fiscais (Carf), mas cancelada na primeira inst\u00e2ncia judicial.<\/p>\n<p>Ao julgar a apela\u00e7\u00e3o da Uni\u00e3o, o desembargador federal Antonio Cedenho citou que a controv\u00e9rsia est\u00e1 se as remessas da montadora para o exterior s\u00e3o royalties (n\u00e3o tribut\u00e1veis) ou contratos mistos. Neste caso, se aplicaria a Lei 10.865\/2004, que estabeleceu a incid\u00eancia de PIS\/Cofins no caso de servi\u00e7os prestados no Brasil por algu\u00e9m que mora fora do pa\u00eds.<\/p>\n<p>No entanto, o magistrado apontou que n\u00e3o ficou provado o tipo dos acordos. E \u201cpairando a d\u00favida a respeito da natureza dos contratos n\u00e3o poderia a impetrante sofrer com a exig\u00eancia do referido cr\u00e9dito\u201d, afirmou Cedenho, ressaltando que o \u00f4nus da prova \u00e9 do Fisco. Dessa maneira, ele votou por rejeitar o recurso da Uni\u00e3o e foi seguido por seus colegas da 3\u00aa Turma.<\/p>\n<p>Lado mais fraco<\/p>\n<p>Para o advogado Fabio Pallaretti Calcini, s\u00f3cio do Brasil Salom\u00e3o e Matthes, a decis\u00e3o do TRF-3 \u00e9 importante, pois a corte reconheceu que n\u00e3o incide PIS\/Cofins importa\u00e7\u00e3o em caso de pagamento de royalties. E muito menos pode o Fisco cobrar tais tributos se n\u00e3o tiver certeza da natureza das remessas.<\/p>\n<p>\u201cComo o \u00f4nus da prova da incid\u00eancia tribut\u00e1ria \u00e9 do Fisco, na d\u00favida h\u00e1 de se reconhecer a improced\u00eancia do lan\u00e7amento\u201d, apontou o especialista.<\/p>\n<p>Fonte:\u00a0Portal do Consultor Jur\u00eddico<\/p>\n","protected":false},"excerpt":{"rendered":"<p>O \u00f4nus de provar a ocorr\u00eancia de fato gerador \u00e9 do Fisco. Assim, se h\u00e1 d\u00favida se uma determinada opera\u00e7\u00e3o \u00e9 tribut\u00e1vel ou n\u00e3o, o contribuinte n\u00e3o deve responsabilizado. Com base nesse entendimento, a 3\u00aa Tribunal Regional Federal da 3\u00aa Regi\u00e3o negou apela\u00e7\u00e3o da Uni\u00e3o e manteve senten\u00e7a que isentou uma montadora de autom\u00f3veis de [&hellip;]<\/p>\n","protected":false},"author":3,"featured_media":1495,"comment_status":"open","ping_status":"open","sticky":false,"template":"","format":"standard","meta":{"jetpack_post_was_ever_published":false,"_jetpack_newsletter_access":"","_jetpack_dont_email_post_to_subs":false,"_jetpack_newsletter_tier_id":0,"_jetpack_memberships_contains_paywalled_content":false,"_jetpack_memberships_contains_paid_content":false,"footnotes":"","jetpack_publicize_message":"","jetpack_publicize_feature_enabled":true,"jetpack_social_post_already_shared":true,"jetpack_social_options":{"image_generator_settings":{"template":"highway","default_image_id":0,"font":"","enabled":false},"version":2}},"categories":[46],"tags":[247,71,35,74,516],"class_list":["post-1183","post","type-post","status-publish","format-standard","has-post-thumbnail","hentry","category-df","tag-contribuinte","tag-federal","tag-fisco","tag-receita","tag-tributavel"],"jetpack_publicize_connections":[],"jetpack_featured_media_url":"https:\/\/i0.wp.com\/cfcontabil.com\/cf\/wp-content\/uploads\/2017\/02\/receita-federal-1-1.png?fit=702%2C325&ssl=1","jetpack_sharing_enabled":true,"jetpack_shortlink":"https:\/\/wp.me\/p2wklX-j5","jetpack-related-posts":[{"id":1878,"url":"https:\/\/cfcontabil.com\/cf\/empresario-vitima-do-fisco\/","url_meta":{"origin":1183,"position":0},"title":"Empres\u00e1rio vitima do fisco","author":"Ab\u00edlio Gon\u00e7alves","date":"13 de novembro de 2019","format":false,"excerpt":"As leis aplicadas no resultado de uma fiscaliza\u00e7\u00e3o pelo fisco penaliza o empres\u00e1rio As leis aplicadas no resultado de uma fiscaliza\u00e7\u00e3o pelo fisco penaliza o empres\u00e1rio pelo crime contra a ordem tribut\u00e1ria, n\u00e3o est\u00e3o vinculadas as normas que disciplinam a escritura\u00e7\u00e3o fiscal e cont\u00e1bil. As autoridades envolvidas n\u00e3o podem aceitar\u2026","rel":"","context":"Em &quot;Consultoria Empresarial&quot;","block_context":{"text":"Consultoria Empresarial","link":"https:\/\/cfcontabil.com\/cf\/category\/consultoria\/"},"img":{"alt_text":"","src":"https:\/\/i0.wp.com\/cfcontabil.com\/cf\/wp-content\/uploads\/2019\/11\/dinheiro-nota-real.jpg?fit=678%2C452&ssl=1&resize=350%2C200","width":350,"height":200,"srcset":"https:\/\/i0.wp.com\/cfcontabil.com\/cf\/wp-content\/uploads\/2019\/11\/dinheiro-nota-real.jpg?fit=678%2C452&ssl=1&resize=350%2C200 1x, https:\/\/i0.wp.com\/cfcontabil.com\/cf\/wp-content\/uploads\/2019\/11\/dinheiro-nota-real.jpg?fit=678%2C452&ssl=1&resize=525%2C300 1.5x"},"classes":[]},{"id":1234,"url":"https:\/\/cfcontabil.com\/cf\/contribuintes-devem-estar-atentos-aos-termos-do-ir\/","url_meta":{"origin":1183,"position":1},"title":"Contribuintes devem estar atentos aos termos do IR","author":"Ab\u00edlio Gon\u00e7alves","date":"8 de mar\u00e7o de 2017","format":false,"excerpt":"Na retifica\u00e7\u00e3o \u00e9 poss\u00edvel corrigir erros da declara\u00e7\u00e3o enviada Na hora de preencher a declara\u00e7\u00e3o de Imposto de Renda, a quantidade de termos cont\u00e1beis pode confundir quem deve informar os rendimentos \u00e0 Receita Federal. \u00c9 preciso estar atento a esses conceitos para evitar erros e multas por inconsist\u00eancias. Confira alguns\u2026","rel":"","context":"Em &quot;Departamento Fiscal&quot;","block_context":{"text":"Departamento Fiscal","link":"https:\/\/cfcontabil.com\/cf\/category\/df\/"},"img":{"alt_text":"","src":"https:\/\/i0.wp.com\/cfcontabil.com\/cf\/wp-content\/uploads\/2017\/03\/ir-2016-declaracao-retificadora_615x300.png?resize=350%2C200","width":350,"height":200,"srcset":"https:\/\/i0.wp.com\/cfcontabil.com\/cf\/wp-content\/uploads\/2017\/03\/ir-2016-declaracao-retificadora_615x300.png?resize=350%2C200 1x, https:\/\/i0.wp.com\/cfcontabil.com\/cf\/wp-content\/uploads\/2017\/03\/ir-2016-declaracao-retificadora_615x300.png?resize=525%2C300 1.5x"},"classes":[]},{"id":1215,"url":"https:\/\/cfcontabil.com\/cf\/receita-federal-vai-notificar-14-mil-empresas-suspeitas-de-sonegacao\/","url_meta":{"origin":1183,"position":2},"title":"Receita Federal vai notificar 14 mil empresas suspeitas de sonega\u00e7\u00e3o","author":"Ab\u00edlio Gon\u00e7alves","date":"17 de fevereiro de 2017","format":false,"excerpt":"Contribuintes prestaram informa\u00e7\u00f5es incorretas para n\u00e3o pagar al\u00edquota de 20% da contribui\u00e7\u00e3o patronal BRAS\u00cdLIA - A Receita Federal come\u00e7ou, nesta quarta-feira, a notificar 14 mil empresas que foram inclu\u00eddas na malha fina das pessoas jur\u00eddicas por suspeita de sonega\u00e7\u00e3o. De acordo com o Fisco, essa \u00e9 a primeira etapa de\u2026","rel":"","context":"Em &quot;Departamento Fiscal&quot;","block_context":{"text":"Departamento Fiscal","link":"https:\/\/cfcontabil.com\/cf\/category\/df\/"},"img":{"alt_text":"","src":"https:\/\/i0.wp.com\/ogimg.infoglobo.com.br\/economia\/19926885-a76-0ae\/FT1086A\/420\/dinheiro5.jpg?resize=350%2C200&ssl=1","width":350,"height":200,"srcset":"https:\/\/i0.wp.com\/ogimg.infoglobo.com.br\/economia\/19926885-a76-0ae\/FT1086A\/420\/dinheiro5.jpg?resize=350%2C200&ssl=1 1x, https:\/\/i0.wp.com\/ogimg.infoglobo.com.br\/economia\/19926885-a76-0ae\/FT1086A\/420\/dinheiro5.jpg?resize=525%2C300&ssl=1 1.5x"},"classes":[]},{"id":119,"url":"https:\/\/cfcontabil.com\/cf\/tecnologia-na-governanca-triburaria\/","url_meta":{"origin":1183,"position":3},"title":"Tecnologia na Governan\u00e7a Tribur\u00e1ria","author":"Vin\u00edcius Moizinho","date":"22 de agosto de 2012","format":false,"excerpt":"Bom dia, prezados! Hoje trago a voc\u00eas um excelente artigo produzido por\u00a0Luciano Silva, atual diretor executivo da SPL Fiscal, empresa especializada na presta\u00e7\u00e3o de servi\u00e7os de terceiriza\u00e7\u00e3o de processos fiscais. Nele o autor aborta a import\u00e2ncia do controle tribut\u00e1rio para as empresas brasileiras, destacando como contribuintes podem se beneficiar com\u2026","rel":"","context":"Em &quot;Geral&quot;","block_context":{"text":"Geral","link":"https:\/\/cfcontabil.com\/cf\/category\/geral\/"},"img":{"alt_text":"","src":"https:\/\/i0.wp.com\/thumbs.dreamstime.com\/thumblarge_545\/12865050587MYJsS.jpg?resize=350%2C200","width":350,"height":200},"classes":[]},{"id":1067,"url":"https:\/\/cfcontabil.com\/cf\/receita-federal-analisa-as-informacoes-de-redes-sociais\/","url_meta":{"origin":1183,"position":4},"title":"Receita Federal analisa as informa\u00e7\u00f5es de redes sociais","author":"Ab\u00edlio Gon\u00e7alves","date":"20 de mar\u00e7o de 2017","format":false,"excerpt":"As informa\u00e7\u00f5es das redes sociais \u00e9 utilizada de forma rotineira na an\u00e1lise e sele\u00e7\u00e3o de contribuintes para fins de fiscaliza\u00e7\u00e3o. A Receita Federal utiliza informa\u00e7\u00f5es de redes sociais de forma rotineira na an\u00e1lise e sele\u00e7\u00e3o de contribuintes para fins de fiscaliza\u00e7\u00e3o. Na execu\u00e7\u00e3o da fiscaliza\u00e7\u00e3o \u00e9 muito comum que o\u2026","rel":"","context":"Em &quot;Departamento Fiscal&quot;","block_context":{"text":"Departamento Fiscal","link":"https:\/\/cfcontabil.com\/cf\/category\/df\/"},"img":{"alt_text":"","src":"https:\/\/i0.wp.com\/cfcontabil.com\/cf\/wp-content\/uploads\/2017\/03\/redessociais-facebook-youtube-1.jpg?fit=1200%2C681&ssl=1&resize=350%2C200","width":350,"height":200,"srcset":"https:\/\/i0.wp.com\/cfcontabil.com\/cf\/wp-content\/uploads\/2017\/03\/redessociais-facebook-youtube-1.jpg?fit=1200%2C681&ssl=1&resize=350%2C200 1x, https:\/\/i0.wp.com\/cfcontabil.com\/cf\/wp-content\/uploads\/2017\/03\/redessociais-facebook-youtube-1.jpg?fit=1200%2C681&ssl=1&resize=525%2C300 1.5x, https:\/\/i0.wp.com\/cfcontabil.com\/cf\/wp-content\/uploads\/2017\/03\/redessociais-facebook-youtube-1.jpg?fit=1200%2C681&ssl=1&resize=700%2C400 2x, https:\/\/i0.wp.com\/cfcontabil.com\/cf\/wp-content\/uploads\/2017\/03\/redessociais-facebook-youtube-1.jpg?fit=1200%2C681&ssl=1&resize=1050%2C600 3x"},"classes":[]},{"id":1389,"url":"https:\/\/cfcontabil.com\/cf\/receita-federal-declarara-inaptos-34-milhoes-de-inscritos-no-cnpj\/","url_meta":{"origin":1183,"position":5},"title":"Receita Federal declarar\u00e1 inaptos 3,4 milh\u00f5es de inscritos no CNPJ","author":"Ab\u00edlio Gon\u00e7alves","date":"4 de setembro de 2018","format":false,"excerpt":"O contribuinte deve sanear as omiss\u00f5es de escritura\u00e7\u00f5es e de declara\u00e7\u00f5es dos \u00faltimos 5 anos Receita Federal declarar\u00e1 inaptos 3,4 milh\u00f5es de inscritos no CNPJ por omiss\u00e3o de declara\u00e7\u00e3o Para evitar a declara\u00e7\u00e3o de inaptid\u00e3o de sua inscri\u00e7\u00e3o, o contribuinte deve sanear as omiss\u00f5es de escritura\u00e7\u00f5es e de declara\u00e7\u00f5es dos\u2026","rel":"","context":"Em &quot;Departamento Fiscal&quot;","block_context":{"text":"Departamento Fiscal","link":"https:\/\/cfcontabil.com\/cf\/category\/df\/"},"img":{"alt_text":"","src":"https:\/\/i0.wp.com\/cfcontabil.com\/cf\/wp-content\/uploads\/2018\/09\/cnpjinapto-1.png?fit=1024%2C768&ssl=1&resize=350%2C200","width":350,"height":200,"srcset":"https:\/\/i0.wp.com\/cfcontabil.com\/cf\/wp-content\/uploads\/2018\/09\/cnpjinapto-1.png?fit=1024%2C768&ssl=1&resize=350%2C200 1x, https:\/\/i0.wp.com\/cfcontabil.com\/cf\/wp-content\/uploads\/2018\/09\/cnpjinapto-1.png?fit=1024%2C768&ssl=1&resize=525%2C300 1.5x, https:\/\/i0.wp.com\/cfcontabil.com\/cf\/wp-content\/uploads\/2018\/09\/cnpjinapto-1.png?fit=1024%2C768&ssl=1&resize=700%2C400 2x"},"classes":[]}],"jetpack_likes_enabled":true,"_links":{"self":[{"href":"https:\/\/cfcontabil.com\/cf\/wp-json\/wp\/v2\/posts\/1183","targetHints":{"allow":["GET"]}}],"collection":[{"href":"https:\/\/cfcontabil.com\/cf\/wp-json\/wp\/v2\/posts"}],"about":[{"href":"https:\/\/cfcontabil.com\/cf\/wp-json\/wp\/v2\/types\/post"}],"author":[{"embeddable":true,"href":"https:\/\/cfcontabil.com\/cf\/wp-json\/wp\/v2\/users\/3"}],"replies":[{"embeddable":true,"href":"https:\/\/cfcontabil.com\/cf\/wp-json\/wp\/v2\/comments?post=1183"}],"version-history":[{"count":0,"href":"https:\/\/cfcontabil.com\/cf\/wp-json\/wp\/v2\/posts\/1183\/revisions"}],"wp:featuredmedia":[{"embeddable":true,"href":"https:\/\/cfcontabil.com\/cf\/wp-json\/wp\/v2\/media\/1495"}],"wp:attachment":[{"href":"https:\/\/cfcontabil.com\/cf\/wp-json\/wp\/v2\/media?parent=1183"}],"wp:term":[{"taxonomy":"category","embeddable":true,"href":"https:\/\/cfcontabil.com\/cf\/wp-json\/wp\/v2\/categories?post=1183"},{"taxonomy":"post_tag","embeddable":true,"href":"https:\/\/cfcontabil.com\/cf\/wp-json\/wp\/v2\/tags?post=1183"}],"curies":[{"name":"wp","href":"https:\/\/api.w.org\/{rel}","templated":true}]}}