{"id":1188,"date":"2017-06-19T10:40:14","date_gmt":"2017-06-19T13:40:14","guid":{"rendered":"http:\/\/cfcontabil.com\/cf\/?p=1188"},"modified":"2017-06-19T10:40:14","modified_gmt":"2017-06-19T13:40:14","slug":"baixe-o-pgd-dctf-inativa-v3-4-inativa","status":"publish","type":"post","link":"https:\/\/cfcontabil.com\/cf\/baixe-o-pgd-dctf-inativa-v3-4-inativa\/","title":{"rendered":"Baixe o PGD DCTF Inativa v3.4 (Inativa)"},"content":{"rendered":"<p>Ap\u00f3s dois adiamentos de prazos e muito estresse para contabilistas e respons\u00e1veis pelos departamentos tribut\u00e1rios das empresas, foi aprovado a\u00a0vers\u00e3o 3.4 do Programa Gerador da Declara\u00e7\u00e3o (PGD) de D\u00e9bitos e Cr\u00e9ditos Tribut\u00e1rios Federais (DCTF) Mensal que inclui a informa\u00e7\u00e3o de empresa inativa.<\/p>\n<p>Neste programa, houve a inclus\u00e3o da Caixa de Verifica\u00e7\u00e3o \u201cEmpresa inativa no m\u00eas da declara\u00e7\u00e3o\u201d, para simplificar o preenchimento da DCTF pelas pessoas jur\u00eddicas\u00a0inativas, que passaram \u00e0 condi\u00e7\u00e3o de obrigadas \u00e0 entrega da DCTF com a extin\u00e7\u00e3o da Declara\u00e7\u00e3o Simplificada da Pessoa Jur\u00eddica \u2013 Inativas (DSPJ \u2013 Inativas).<\/p>\n<p>O prazo para a entrega da DCTF-Inativas dever\u00e1 ocorrer at\u00e9 <strong>21.07.2017<\/strong>.<\/p>\n<p>Segue o link para <a href=\"http:\/\/idg.receita.fazenda.gov.br\/orientacao\/tributaria\/declaracoes-e-demonstrativos\/dctf-declaracao-de-debitos-e-creditos-tributarios-federais\/programa-gerador-da-declaracao-pgd\/dctf_mensal_v3_4.exe\">download do PGD DCTF v3.4<\/a><\/p>\n<p>Fonte: <a href=\"http:\/\/idg.receita.fazenda.gov.br\/orientacao\/tributaria\/declaracoes-e-demonstrativos\/dctf-declaracao-de-debitos-e-creditos-tributarios-federais\/programa-gerador-da-declaracao-pgd\/dctf-programa-gerador-da-declaracao-pgd\">RFB<\/a><\/p>\n","protected":false},"excerpt":{"rendered":"<p>Ap\u00f3s dois adiamentos de prazos e muito estresse para contabilistas e respons\u00e1veis pelos departamentos tribut\u00e1rios das empresas, foi aprovado a\u00a0vers\u00e3o 3.4 do Programa Gerador da Declara\u00e7\u00e3o (PGD) de D\u00e9bitos e Cr\u00e9ditos Tribut\u00e1rios Federais (DCTF) Mensal que inclui a informa\u00e7\u00e3o de empresa inativa. Neste programa, houve a inclus\u00e3o da Caixa de Verifica\u00e7\u00e3o \u201cEmpresa inativa no m\u00eas [&hellip;]<\/p>\n","protected":false},"author":3,"featured_media":1189,"comment_status":"open","ping_status":"open","sticky":false,"template":"","format":"standard","meta":{"jetpack_post_was_ever_published":false,"_jetpack_newsletter_access":"","_jetpack_dont_email_post_to_subs":false,"_jetpack_newsletter_tier_id":0,"_jetpack_memberships_contains_paywalled_content":false,"_jetpack_memberships_contains_paid_content":false,"footnotes":"","jetpack_publicize_message":"","jetpack_publicize_feature_enabled":true,"jetpack_social_post_already_shared":true,"jetpack_social_options":{"image_generator_settings":{"template":"highway","default_image_id":0,"font":"","enabled":false},"version":2}},"categories":[46],"tags":[375,285,123,106,348,350,71,287,367,116,188,74,378],"class_list":["post-1188","post","type-post","status-publish","format-standard","has-post-thumbnail","hentry","category-df","tag-creditos","tag-dctf","tag-debitos","tag-declaracao","tag-download","tag-entrega","tag-federal","tag-inativa","tag-pgd","tag-prazo","tag-programa","tag-receita","tag-tributarios"],"jetpack_publicize_connections":[],"jetpack_featured_media_url":"https:\/\/i0.wp.com\/cfcontabil.com\/cf\/wp-content\/uploads\/2017\/06\/download-1.png?fit=1508%2C684&ssl=1","jetpack_sharing_enabled":true,"jetpack_shortlink":"https:\/\/wp.me\/p2wklX-ja","jetpack-related-posts":[{"id":928,"url":"https:\/\/cfcontabil.com\/cf\/dctf-inativas-2017-entrega-na-versao-3-3b-esta-suspensa\/","url_meta":{"origin":1188,"position":0},"title":"DCTF Inativas 2017 &#8211; Entrega na vers\u00e3o 3.3b est\u00e1 suspensa","author":"Ab\u00edlio Gon\u00e7alves","date":"8 de fevereiro de 2017","format":false,"excerpt":"Receita Federal informou (06\/02) que o PGD DCTF est\u00e1 sendo alterado para simplificar o preenchimento da declara\u00e7\u00e3o pelas pessoas jur\u00eddicas inativas, incluindo a dispensa da exig\u00eancia de certificado digital, a transmiss\u00e3o de DCTF sem d\u00e9bitos referente aos per\u00edodos de apura\u00e7\u00e3o a partir de janeiro de 2017, na vers\u00e3o atual do\u2026","rel":"","context":"Em &quot;Departamento Fiscal&quot;","block_context":{"text":"Departamento Fiscal","link":"https:\/\/cfcontabil.com\/cf\/category\/df\/"},"img":{"alt_text":"","src":"https:\/\/i0.wp.com\/cfcontabil.com\/cf\/wp-content\/uploads\/2017\/02\/dctf-1.png?fit=800%2C500&ssl=1&resize=350%2C200","width":350,"height":200,"srcset":"https:\/\/i0.wp.com\/cfcontabil.com\/cf\/wp-content\/uploads\/2017\/02\/dctf-1.png?fit=800%2C500&ssl=1&resize=350%2C200 1x, https:\/\/i0.wp.com\/cfcontabil.com\/cf\/wp-content\/uploads\/2017\/02\/dctf-1.png?fit=800%2C500&ssl=1&resize=525%2C300 1.5x, https:\/\/i0.wp.com\/cfcontabil.com\/cf\/wp-content\/uploads\/2017\/02\/dctf-1.png?fit=800%2C500&ssl=1&resize=700%2C400 2x"},"classes":[]},{"id":1149,"url":"https:\/\/cfcontabil.com\/cf\/pgd-dctf-inativa-2017-novo-prazo-julho2017\/","url_meta":{"origin":1188,"position":1},"title":"PGD DCTF INATIVA 2017 &#8211; NOVO PRAZO &#8211; JULHO\/2017","author":"Ab\u00edlio Gon\u00e7alves","date":"3 de maio de 2017","format":false,"excerpt":"A pr\u00f3xima vers\u00e3o do PGD DCTF ser\u00e1 disponibilizada em breve. O prazo para a apresenta\u00e7\u00e3o das DCTF relativas aos meses de janeiro a abril de 2017 para as pessoas jur\u00eddicas que estejam inativas ou que n\u00e3o tenham d\u00e9bitos a declarar ser\u00e1 prorrogado para at\u00e9 21\/07\/2017. A Receita Federal se manifestou,\u2026","rel":"","context":"Em &quot;Departamento Fiscal&quot;","block_context":{"text":"Departamento Fiscal","link":"https:\/\/cfcontabil.com\/cf\/category\/df\/"},"img":{"alt_text":"","src":"https:\/\/i0.wp.com\/cfcontabil.com\/cf\/wp-content\/uploads\/2017\/02\/dctf-1.png?fit=800%2C500&ssl=1&resize=350%2C200","width":350,"height":200,"srcset":"https:\/\/i0.wp.com\/cfcontabil.com\/cf\/wp-content\/uploads\/2017\/02\/dctf-1.png?fit=800%2C500&ssl=1&resize=350%2C200 1x, https:\/\/i0.wp.com\/cfcontabil.com\/cf\/wp-content\/uploads\/2017\/02\/dctf-1.png?fit=800%2C500&ssl=1&resize=525%2C300 1.5x, https:\/\/i0.wp.com\/cfcontabil.com\/cf\/wp-content\/uploads\/2017\/02\/dctf-1.png?fit=800%2C500&ssl=1&resize=700%2C400 2x"},"classes":[]},{"id":1192,"url":"https:\/\/cfcontabil.com\/cf\/dctf-inativa-e-sem-debitos-2017-receita-promete-liberar-transmissao-a-partir-do-dia-2606\/","url_meta":{"origin":1188,"position":2},"title":"DCTF Inativa e Sem D\u00e9bitos 2017 &#8211; Receita promete liberar transmiss\u00e3o a partir do dia 26\/06","author":"Ab\u00edlio Gon\u00e7alves","date":"21 de junho de 2017","format":false,"excerpt":"Precisa entregar a DCTF Inativa 2017 e Sem D\u00e9bitos a declarar de janeiro at\u00e9 abril de 2017? Receita Federal promete liberar a transmiss\u00e3o a partir do dia 26 de junho. Depois de muita espera a Receita Federal liberou dia 16\/06 a vers\u00e3o 3.4 do Programa Gerador da\u00a0DCTF\u00a0que servir\u00e1 para preencher\u2026","rel":"","context":"Em &quot;Departamento Fiscal&quot;","block_context":{"text":"Departamento Fiscal","link":"https:\/\/cfcontabil.com\/cf\/category\/df\/"},"img":{"alt_text":"","src":"https:\/\/i0.wp.com\/cfcontabil.com\/cf\/wp-content\/uploads\/2017\/06\/site-receita-federal-dctf-1.jpeg?fit=1200%2C675&ssl=1&resize=350%2C200","width":350,"height":200,"srcset":"https:\/\/i0.wp.com\/cfcontabil.com\/cf\/wp-content\/uploads\/2017\/06\/site-receita-federal-dctf-1.jpeg?fit=1200%2C675&ssl=1&resize=350%2C200 1x, https:\/\/i0.wp.com\/cfcontabil.com\/cf\/wp-content\/uploads\/2017\/06\/site-receita-federal-dctf-1.jpeg?fit=1200%2C675&ssl=1&resize=525%2C300 1.5x, https:\/\/i0.wp.com\/cfcontabil.com\/cf\/wp-content\/uploads\/2017\/06\/site-receita-federal-dctf-1.jpeg?fit=1200%2C675&ssl=1&resize=700%2C400 2x, https:\/\/i0.wp.com\/cfcontabil.com\/cf\/wp-content\/uploads\/2017\/06\/site-receita-federal-dctf-1.jpeg?fit=1200%2C675&ssl=1&resize=1050%2C600 3x"},"classes":[]},{"id":1245,"url":"https:\/\/cfcontabil.com\/cf\/receita-federal-libera-envio-da-dctf-para-pessoas-juridicas-inativas\/","url_meta":{"origin":1188,"position":3},"title":"Receita Federal libera envio da DCTF para Pessoas Jur\u00eddicas INATIVAS","author":"Ab\u00edlio Gon\u00e7alves","date":"29 de junho de 2017","format":false,"excerpt":"Envio de declara\u00e7\u00e3o de inativas, referentes ao per\u00edodo de janeiro a abril, tem que ser realizado at\u00e9 o dia 21 de julho de 2017. A Receita Federal do Brasil \u2013 RFB liberou a vers\u00e3o 3.4 do Programa Gerador da Declara\u00e7\u00e3o \u2013 PGD de D\u00e9bitos e Cr\u00e9ditos Tribut\u00e1rios Federais \u2013 DCTF\u2026","rel":"","context":"Em &quot;Departamento Fiscal&quot;","block_context":{"text":"Departamento Fiscal","link":"https:\/\/cfcontabil.com\/cf\/category\/df\/"},"img":{"alt_text":"","src":"https:\/\/i0.wp.com\/cfcontabil.com\/cf\/wp-content\/uploads\/2017\/06\/INATIVA_DCTF34-1.png?fit=1200%2C530&ssl=1&resize=350%2C200","width":350,"height":200,"srcset":"https:\/\/i0.wp.com\/cfcontabil.com\/cf\/wp-content\/uploads\/2017\/06\/INATIVA_DCTF34-1.png?fit=1200%2C530&ssl=1&resize=350%2C200 1x, https:\/\/i0.wp.com\/cfcontabil.com\/cf\/wp-content\/uploads\/2017\/06\/INATIVA_DCTF34-1.png?fit=1200%2C530&ssl=1&resize=525%2C300 1.5x, https:\/\/i0.wp.com\/cfcontabil.com\/cf\/wp-content\/uploads\/2017\/06\/INATIVA_DCTF34-1.png?fit=1200%2C530&ssl=1&resize=700%2C400 2x, https:\/\/i0.wp.com\/cfcontabil.com\/cf\/wp-content\/uploads\/2017\/06\/INATIVA_DCTF34-1.png?fit=1200%2C530&ssl=1&resize=1050%2C600 3x"},"classes":[]},{"id":1243,"url":"https:\/\/cfcontabil.com\/cf\/dctf-inativa-no-pgd-versao-3-4-bloqueada-ate-30-06\/","url_meta":{"origin":1188,"position":4},"title":"DCTF INATIVA NO PGD VERS\u00c3O 3.4 BLOQUEADA AT\u00c9 30.06","author":"Ab\u00edlio Gon\u00e7alves","date":"28 de junho de 2017","format":false,"excerpt":"A libera\u00e7\u00e3o da RFB para a entrega das empresas inativas pela DCTF foi novamente adiada para at\u00e9 dia 30.06.2017 e desde ent\u00e3o surgiram muitas d\u00favidas sobre como preencher e transmitir a declara\u00e7\u00e3o, por isso fizemos um passo-a-passo, para adiantar o trabalho neste curto per\u00edodo para transmiss\u00e3o, pois para 2017, o\u2026","rel":"","context":"Em &quot;Departamento Fiscal&quot;","block_context":{"text":"Departamento Fiscal","link":"https:\/\/cfcontabil.com\/cf\/category\/df\/"},"img":{"alt_text":"","src":"https:\/\/i0.wp.com\/cfcontabil.com\/cf\/wp-content\/uploads\/2017\/06\/INATIVA_DCTF34-1.png?fit=1200%2C530&ssl=1&resize=350%2C200","width":350,"height":200,"srcset":"https:\/\/i0.wp.com\/cfcontabil.com\/cf\/wp-content\/uploads\/2017\/06\/INATIVA_DCTF34-1.png?fit=1200%2C530&ssl=1&resize=350%2C200 1x, https:\/\/i0.wp.com\/cfcontabil.com\/cf\/wp-content\/uploads\/2017\/06\/INATIVA_DCTF34-1.png?fit=1200%2C530&ssl=1&resize=525%2C300 1.5x, https:\/\/i0.wp.com\/cfcontabil.com\/cf\/wp-content\/uploads\/2017\/06\/INATIVA_DCTF34-1.png?fit=1200%2C530&ssl=1&resize=700%2C400 2x, https:\/\/i0.wp.com\/cfcontabil.com\/cf\/wp-content\/uploads\/2017\/06\/INATIVA_DCTF34-1.png?fit=1200%2C530&ssl=1&resize=1050%2C600 3x"},"classes":[]},{"id":1185,"url":"https:\/\/cfcontabil.com\/cf\/urgente-dctf-nova-versao-3-4-inativa\/","url_meta":{"origin":1188,"position":5},"title":"URGENTE: DCTF: NOVA VERS\u00c3O 3.4 (INATIVA)","author":"Ab\u00edlio Gon\u00e7alves","date":"16 de junho de 2017","format":false,"excerpt":"Inativas dever\u00e3o apresentar a DCTF Com as altera\u00e7\u00f5es trazidas pela IN RFB 1.646, publicada hoje no Di\u00e1rio Oficial da Uni\u00e3o, as pessoas jur\u00eddicas inativas dever\u00e3o apresentar Declara\u00e7\u00e3o de D\u00e9bitos e Cr\u00e9ditos Tribut\u00e1rios Federais - DCTF relativa a janeiro de cada ano-calend\u00e1rio, obriga\u00e7\u00e3o que j\u00e1 era exigida para as pessoas jur\u00eddicas\u2026","rel":"","context":"Em &quot;Departamento Fiscal&quot;","block_context":{"text":"Departamento Fiscal","link":"https:\/\/cfcontabil.com\/cf\/category\/df\/"},"img":{"alt_text":"","src":"https:\/\/i0.wp.com\/cfcontabil.com\/cf\/wp-content\/uploads\/2017\/02\/dctf-1.png?fit=800%2C500&ssl=1&resize=350%2C200","width":350,"height":200,"srcset":"https:\/\/i0.wp.com\/cfcontabil.com\/cf\/wp-content\/uploads\/2017\/02\/dctf-1.png?fit=800%2C500&ssl=1&resize=350%2C200 1x, https:\/\/i0.wp.com\/cfcontabil.com\/cf\/wp-content\/uploads\/2017\/02\/dctf-1.png?fit=800%2C500&ssl=1&resize=525%2C300 1.5x, https:\/\/i0.wp.com\/cfcontabil.com\/cf\/wp-content\/uploads\/2017\/02\/dctf-1.png?fit=800%2C500&ssl=1&resize=700%2C400 2x"},"classes":[]}],"jetpack_likes_enabled":true,"_links":{"self":[{"href":"https:\/\/cfcontabil.com\/cf\/wp-json\/wp\/v2\/posts\/1188","targetHints":{"allow":["GET"]}}],"collection":[{"href":"https:\/\/cfcontabil.com\/cf\/wp-json\/wp\/v2\/posts"}],"about":[{"href":"https:\/\/cfcontabil.com\/cf\/wp-json\/wp\/v2\/types\/post"}],"author":[{"embeddable":true,"href":"https:\/\/cfcontabil.com\/cf\/wp-json\/wp\/v2\/users\/3"}],"replies":[{"embeddable":true,"href":"https:\/\/cfcontabil.com\/cf\/wp-json\/wp\/v2\/comments?post=1188"}],"version-history":[{"count":0,"href":"https:\/\/cfcontabil.com\/cf\/wp-json\/wp\/v2\/posts\/1188\/revisions"}],"wp:featuredmedia":[{"embeddable":true,"href":"https:\/\/cfcontabil.com\/cf\/wp-json\/wp\/v2\/media\/1189"}],"wp:attachment":[{"href":"https:\/\/cfcontabil.com\/cf\/wp-json\/wp\/v2\/media?parent=1188"}],"wp:term":[{"taxonomy":"category","embeddable":true,"href":"https:\/\/cfcontabil.com\/cf\/wp-json\/wp\/v2\/categories?post=1188"},{"taxonomy":"post_tag","embeddable":true,"href":"https:\/\/cfcontabil.com\/cf\/wp-json\/wp\/v2\/tags?post=1188"}],"curies":[{"name":"wp","href":"https:\/\/api.w.org\/{rel}","templated":true}]}}