{"id":119,"date":"2012-08-22T10:39:46","date_gmt":"2012-08-22T13:39:46","guid":{"rendered":"http:\/\/cfcontabil.com\/cf\/?p=119"},"modified":"2012-08-22T10:39:46","modified_gmt":"2012-08-22T13:39:46","slug":"tecnologia-na-governanca-triburaria","status":"publish","type":"post","link":"https:\/\/cfcontabil.com\/cf\/tecnologia-na-governanca-triburaria\/","title":{"rendered":"Tecnologia na Governan\u00e7a Tribur\u00e1ria"},"content":{"rendered":"<p style=\"text-align: justify\">Bom dia, prezados!<\/p>\n<p style=\"text-align: justify\">Hoje trago a voc\u00eas um excelente artigo produzido por\u00a0Luciano Silva, atual diretor executivo da SPL Fiscal, empresa especializada na presta\u00e7\u00e3o de servi\u00e7os de terceiriza\u00e7\u00e3o de processos fiscais.<\/p>\n<p style=\"text-align: justify\">Nele o autor aborta a import\u00e2ncia do controle tribut\u00e1rio para as empresas brasileiras, destacando como contribuintes podem se beneficiar com a inser\u00e7\u00e3o de ferramentas tecnol\u00f3gicas em seu \u00e2mbito administrativo.<\/p>\n<p style=\"text-align: justify\">\n<p><img data-recalc-dims=\"1\" fetchpriority=\"high\" decoding=\"async\" class=\"aligncenter\" src=\"https:\/\/i0.wp.com\/thumbs.dreamstime.com\/thumblarge_545\/12865050587MYJsS.jpg?resize=400%2C394\" alt=\"\" width=\"400\" height=\"394\" \/><\/p>\n<p style=\"text-align: justify\">\n<p style=\"text-align: justify\"><!--more--><\/p>\n<p>O texto foi originalmente publicado no\u00a0<a title=\"Jornal Cont\u00e1bil\" href=\"http:\/\/www.jornalcontabil.com.br\" target=\"_blank\" rel=\"noopener noreferrer\">Jornal Cont\u00e1bil<\/a>. Confira:<\/p>\n<p style=\"text-align: justify\"><em>&#8220;N\u00e3o \u00e9 novidade para mais ningu\u00e9m os constantes aumentos na arrecada\u00e7\u00e3o de tributos no Brasil, e hoje sabemos que grande parte desse crescimento tendo sido fruto dos avan\u00e7os na m\u00e1quina do Fisco para controlar e fiscalizar as informa\u00e7\u00f5es dos contribuintes. O projeto do SPED, que come\u00e7ou com a nota fiscal eletr\u00f4nica em 2007, vem ajudando o governo a fazer com que cada vez mais as empresas fiquem atentas aos seus crit\u00e9rios de apura\u00e7\u00e3o de impostos, o quem tem gerado resultados positivos para o governo e inibido a sonega\u00e7\u00e3o de impostos.<\/em><\/p>\n<p style=\"text-align: justify\"><em>Esse novo contexto \u00e9 positivo para muitas empresas que sempre arcaram de forma correta com seus tributos e tinham que concorrer com empresas sonegadoras, criando um cen\u00e1rio de desigualdade competitiva. Mas para atender as exig\u00eancias do SPED e entregar com acuracidade todas as novas informa\u00e7\u00f5es que o Fisco exige as empresas tem investido muito dinheiro em tecnologias e servi\u00e7os de consultoria. Agora os erros e inconsist\u00eancias nas informa\u00e7\u00f5es fiscais s\u00e3o automaticamente enviados ao Fisco, o que tem preocupado a gest\u00e3o tribut\u00e1ria das empresas.<\/em><\/p>\n<p style=\"text-align: justify\"><em>Com esse cen\u00e1rio um novo conceito vem surgindo dentro das organiza\u00e7\u00f5es brasileiras, o da governan\u00e7a tribut\u00e1ria. De uma forma resumida trata-se de criar dentro das organiza\u00e7\u00f5es pol\u00edticas e processos de gest\u00e3o, fortemente apoiados em tecnologia, para garantir que as informa\u00e7\u00f5es fiscais, apura\u00e7\u00e3o de impostos e todos os dados que est\u00e3o sendo entregues ao Fisco est\u00e3o consistentes, dentro da legisla\u00e7\u00e3o e garantem a melhor economia tribut\u00e1ria para empresa.<\/em><\/p>\n<p style=\"text-align: justify\"><strong><em>Fonte de economia<\/em><\/strong><\/p>\n<p style=\"text-align: justify\"><em>Algumas grandes empresas tem criado cargos de diretoria com foco na governan\u00e7a tribut\u00e1ria, acreditando que a \u00e1rea fiscal n\u00e3o \u00e9 apenas custo, mas tamb\u00e9m uma poss\u00edvel fonte de economia tribut\u00e1ria para o neg\u00f3cio. Identificar essas oportunidades de redu\u00e7\u00e3o da carga de impostos e garantir a ader\u00eancia a legisla\u00e7\u00e3o requer foco e um time de especialistas fiscais.<\/em><\/p>\n<p style=\"text-align: justify\"><em>Tivemos a nota fiscal eletr\u00f4nica, depois o SPED Fiscal, Cont\u00e1bil e mais recentemente o SPED Contribui\u00e7\u00f5es que instituiu um novo arquivo digital a ser enviado periodicamente a Receita Federal detalhando as opera\u00e7\u00f5es que formam a base de apura\u00e7\u00e3o de PIS\/COFINS. E ainda temos previsto E-Lalur, E-Social, entre outros.<\/em><\/p>\n<p style=\"text-align: justify\"><em>E para o varejo mais novidades devem chegar ainda esse ano com o in\u00edcio dos testes do CF-e (Cupom Fiscal Eletr\u00f4nico), dando a largada em mais uma novidade do Fisco. O CF-e visa agilizar o envio de informa\u00e7\u00f5es ao Fisco acerca das opera\u00e7\u00f5es de venda no varejo. A Secretaria de Estado da Fazenda de Santa Catarina j\u00e1 est\u00e1 analisando os equipamentos que poder\u00e3o ser utilizados para transmiss\u00e3o das informa\u00e7\u00f5es do CF-e.<\/em><\/p>\n<p style=\"text-align: justify\"><strong><em>Conformidade<\/em><\/strong><\/p>\n<p style=\"text-align: justify\"><em>Com essa nova obrigatoriedade as informa\u00e7\u00f5es de venda de restaurantes, lanchonetes, bares e com\u00e9rcio em geral ser\u00e3o transmitidas em tempo real para o Fisco, assim como j\u00e1 ocorre com a nota fiscal eletr\u00f4nica. Obviamente todas essas informa\u00e7\u00f5es v\u00e3o ajudar mais ainda o processo de fiscaliza\u00e7\u00e3o da secretaria da fazenda estadual.<\/em><\/p>\n<p style=\"text-align: justify\"><em>A Secretaria da Fazenda de Santa Catarina \u00e9 quem est\u00e1 coordenando o grupo t\u00e9cnico que analisa o Emissor de Cupom Fiscal Eletr\u00f4nico (CF-e), que conta com a participa\u00e7\u00e3o de representantes do Distrito Federal, Paran\u00e1, Espirito Santo, Bahia, Mato Grosso do Sul, Rio Grande do Norte e Rio Grande do Sul. Estima-se que o primeiro equipamento dever\u00e1 ser instalado no m\u00eas de maio em Santa Catarina, que tem sido pioneira na implanta\u00e7\u00e3o de processos de envio de informa\u00e7\u00f5es ao Fisco, como ocorreu com a nota fiscal eletr\u00f4nica de mercadoria.&#8221;<\/em><\/p>\n<p style=\"text-align: justify\">Gostou das informa\u00e7\u00f5es? Concorda com o autor? Deixe seus coment\u00e1rios!<\/p>\n<p style=\"text-align: justify\">At\u00e9 a pr\u00f3xima.<\/p>\n","protected":false},"excerpt":{"rendered":"<p>Bom dia, prezados! Hoje trago a voc\u00eas um excelente artigo produzido por\u00a0Luciano Silva, atual diretor executivo da SPL Fiscal, empresa especializada na presta\u00e7\u00e3o de servi\u00e7os de terceiriza\u00e7\u00e3o de processos fiscais. Nele o autor aborta a import\u00e2ncia do controle tribut\u00e1rio para as empresas brasileiras, destacando como contribuintes podem se beneficiar com a inser\u00e7\u00e3o de ferramentas tecnol\u00f3gicas [&hellip;]<\/p>\n","protected":false},"author":2,"featured_media":0,"comment_status":"open","ping_status":"open","sticky":false,"template":"","format":"standard","meta":{"jetpack_post_was_ever_published":false,"_jetpack_newsletter_access":"","_jetpack_dont_email_post_to_subs":false,"_jetpack_newsletter_tier_id":0,"_jetpack_memberships_contains_paywalled_content":false,"_jetpack_memberships_contains_paid_content":false,"footnotes":"","jetpack_publicize_message":"","jetpack_publicize_feature_enabled":true,"jetpack_social_post_already_shared":false,"jetpack_social_options":{"image_generator_settings":{"template":"highway","default_image_id":0,"font":"","enabled":false},"version":2}},"categories":[22],"tags":[],"class_list":["post-119","post","type-post","status-publish","format-standard","hentry","category-geral"],"jetpack_publicize_connections":[],"jetpack_featured_media_url":"","jetpack_sharing_enabled":true,"jetpack_shortlink":"https:\/\/wp.me\/p2wklX-1V","jetpack-related-posts":[{"id":1993,"url":"https:\/\/cfcontabil.com\/cf\/lei-do-bem-empresas-terao-acesso-a-guia-que-mostra-beneficios-do-investimento-em-inovacao\/","url_meta":{"origin":119,"position":0},"title":"Lei do Bem: empresas ter\u00e3o acesso a guia que mostra benef\u00edcios do investimento em inova\u00e7\u00e3o","author":"Ab\u00edlio Gon\u00e7alves","date":"9 de dezembro de 2019","format":false,"excerpt":"O Minist\u00e9rio da Ci\u00eancia Tecnologia lan\u00e7ou um guia pr\u00e1tico para estimular a empresas aderirem \u00e0 Lei do Bem. \u00a0 A Lei do Bem \u00e9 um programa que prev\u00ea incentivos \u00e0 inova\u00e7\u00e3o tecnol\u00f3gica e tem como objetivo o est\u00edmulo \u00e0s empresas para a realiza\u00e7\u00e3o de atividades de pesquisa, desenvolvimento e inova\u00e7\u00e3o.\u2026","rel":"","context":"Em &quot;Consultoria Empresarial&quot;","block_context":{"text":"Consultoria Empresarial","link":"https:\/\/cfcontabil.com\/cf\/category\/consultoria\/"},"img":{"alt_text":"","src":"https:\/\/i0.wp.com\/cfcontabil.com\/cf\/wp-content\/uploads\/2019\/12\/lei-do-bem.png?fit=540%2C278&ssl=1&resize=350%2C200","width":350,"height":200,"srcset":"https:\/\/i0.wp.com\/cfcontabil.com\/cf\/wp-content\/uploads\/2019\/12\/lei-do-bem.png?fit=540%2C278&ssl=1&resize=350%2C200 1x, https:\/\/i0.wp.com\/cfcontabil.com\/cf\/wp-content\/uploads\/2019\/12\/lei-do-bem.png?fit=540%2C278&ssl=1&resize=525%2C300 1.5x"},"classes":[]},{"id":1998,"url":"https:\/\/cfcontabil.com\/cf\/pequena-empresa-aumenta-produtividade-em-22-com-industria-4-0-diz-cni\/","url_meta":{"origin":119,"position":1},"title":"Pequena empresa aumenta produtividade em 22% com ind\u00fastria 4.0, diz CNI","author":"Ab\u00edlio Gon\u00e7alves","date":"10 de dezembro de 2019","format":false,"excerpt":"A ado\u00e7\u00e3o de tecnologias de monitoramento em tempo real de processos produtivos aumentou em 22% a produtividade de pequenas e m\u00e9dias empresas. Em alguns casos, a melhora foi de 50%, em m\u00e9dia, segundo balan\u00e7o divulgado pela CNI (Confedera\u00e7\u00e3o Nacional da Ind\u00fastria) nesta segunda-feira (9). As ferramentas da chamada ind\u00fastria 4.0\u2026","rel":"","context":"Em &quot;Consultoria Empresarial&quot;","block_context":{"text":"Consultoria Empresarial","link":"https:\/\/cfcontabil.com\/cf\/category\/consultoria\/"},"img":{"alt_text":"","src":"https:\/\/i0.wp.com\/cfcontabil.com\/cf\/wp-content\/uploads\/2019\/12\/accounting-bankbook-business-948887.jpg?fit=1200%2C722&ssl=1&resize=350%2C200","width":350,"height":200,"srcset":"https:\/\/i0.wp.com\/cfcontabil.com\/cf\/wp-content\/uploads\/2019\/12\/accounting-bankbook-business-948887.jpg?fit=1200%2C722&ssl=1&resize=350%2C200 1x, https:\/\/i0.wp.com\/cfcontabil.com\/cf\/wp-content\/uploads\/2019\/12\/accounting-bankbook-business-948887.jpg?fit=1200%2C722&ssl=1&resize=525%2C300 1.5x, https:\/\/i0.wp.com\/cfcontabil.com\/cf\/wp-content\/uploads\/2019\/12\/accounting-bankbook-business-948887.jpg?fit=1200%2C722&ssl=1&resize=700%2C400 2x, https:\/\/i0.wp.com\/cfcontabil.com\/cf\/wp-content\/uploads\/2019\/12\/accounting-bankbook-business-948887.jpg?fit=1200%2C722&ssl=1&resize=1050%2C600 3x"},"classes":[]},{"id":367,"url":"https:\/\/cfcontabil.com\/cf\/o-contador-na-era-tecnologica\/","url_meta":{"origin":119,"position":2},"title":"O Contador na Era Tecnol\u00f3gica","author":"Vin\u00edcius Moizinho","date":"18 de setembro de 2013","format":false,"excerpt":"Bom dia, prezados! \u00c9 fato que a internacionaliza\u00e7\u00e3o das normas cont\u00e1beis deu ao contador outro perfil. A ultrapassada imagem que vinculada ao contador brasileiro, como sendo o guarda-livros de caneta atr\u00e1s da orelha, n\u00e3o passa hoje de folclore e caricatura. A abertura dos mercados globais tornou a Contabilidade a quarta\u2026","rel":"","context":"Em &quot;Consultoria Empresarial&quot;","block_context":{"text":"Consultoria Empresarial","link":"https:\/\/cfcontabil.com\/cf\/category\/consultoria\/"},"img":{"alt_text":"","src":"https:\/\/i0.wp.com\/www.serkat.com.br\/img\/topo\/servicos.jpg?resize=350%2C200","width":350,"height":200},"classes":[]},{"id":3435,"url":"https:\/\/cfcontabil.com\/cf\/da-automacao-a-inteligencia-o-futuro-da-contabilidade-ja-comecou\/","url_meta":{"origin":119,"position":3},"title":"Da Automa\u00e7\u00e3o \u00e0 Intelig\u00eancia: O Futuro da Contabilidade j\u00e1 Come\u00e7ou","author":"Ab\u00edlio Gon\u00e7alves","date":"10 de setembro de 2025","format":false,"excerpt":"Na \u00faltima edi\u00e7\u00e3o do Conta Azul Con 2025, participei da palestra conduzida por Rodrigo Bogoni e Dercio Bolais, representantes da Thomson Reuters e da Dom\u00ednio. O tema n\u00e3o poderia ser mais atual: como os servi\u00e7os digitais e embarcados est\u00e3o transformando a contabilidade em uma verdadeira consultoria estrat\u00e9gica para empresas de\u2026","rel":"","context":"Em &quot;Geral&quot;","block_context":{"text":"Geral","link":"https:\/\/cfcontabil.com\/cf\/category\/geral\/"},"img":{"alt_text":"","src":"https:\/\/i0.wp.com\/cfcontabil.com\/cf\/wp-content\/uploads\/2025\/09\/conta-azul-con25.png?fit=992%2C388&ssl=1&resize=350%2C200","width":350,"height":200,"srcset":"https:\/\/i0.wp.com\/cfcontabil.com\/cf\/wp-content\/uploads\/2025\/09\/conta-azul-con25.png?fit=992%2C388&ssl=1&resize=350%2C200 1x, https:\/\/i0.wp.com\/cfcontabil.com\/cf\/wp-content\/uploads\/2025\/09\/conta-azul-con25.png?fit=992%2C388&ssl=1&resize=525%2C300 1.5x, https:\/\/i0.wp.com\/cfcontabil.com\/cf\/wp-content\/uploads\/2025\/09\/conta-azul-con25.png?fit=992%2C388&ssl=1&resize=700%2C400 2x"},"classes":[]},{"id":1,"url":"https:\/\/cfcontabil.com\/cf\/seja-bem-vindo\/","url_meta":{"origin":119,"position":4},"title":"Seja Bem Vindo! Blog da CF Cont\u00e1bil","author":"Ab\u00edlio Gon\u00e7alves","date":"3 de fevereiro de 2012","format":false,"excerpt":"NOVO SITE! O mercado cont\u00e1bil vem passando por diversas mudan\u00e7as, sendo imprescind\u00edvel maior capacita\u00e7\u00e3o por parte dos profissionais que atuam nesse seguimento. A CF Cont\u00e1bil entendendo a necessidade de manter-se atualizada, busca constantemente se aperfei\u00e7oar, tornando-se parceira de seus clientes para gerar informa\u00e7\u00f5es mais detalhadas, precisas e que sejam mais\u2026","rel":"","context":"Em &quot;Geral&quot;","block_context":{"text":"Geral","link":"https:\/\/cfcontabil.com\/cf\/category\/geral\/"},"img":{"alt_text":"","src":"","width":0,"height":0},"classes":[]},{"id":1587,"url":"https:\/\/cfcontabil.com\/cf\/tecnologia-e-contabilidade\/","url_meta":{"origin":119,"position":5},"title":"Tecnologia e Contabilidade","author":"Ab\u00edlio Gon\u00e7alves","date":"16 de setembro de 2019","format":false,"excerpt":"Como surpreende o ritmo das inova\u00e7\u00f5es e a tend\u00eancia mundial com os r\u00e1pidos avan\u00e7os tecnol\u00f3gicos atualmente. \u00c9 um processo sem volta, que vislumbra um tempo novo surgindo. \u00c9 poss\u00edvel ressaltar que o impacto \u00e9 sentindo em todas as \u00e1reas de neg\u00f3cios e at\u00e9 da vida cotidiana. A evolu\u00e7\u00e3o \u00e9 um\u2026","rel":"","context":"Em &quot;Consultoria Empresarial&quot;","block_context":{"text":"Consultoria Empresarial","link":"https:\/\/cfcontabil.com\/cf\/category\/consultoria\/"},"img":{"alt_text":"","src":"https:\/\/i0.wp.com\/cfcontabil.com\/cf\/wp-content\/uploads\/2019\/09\/tecnologia-na-contabilidade-vantagens-1024x633.jpg?fit=1024%2C633&ssl=1&resize=350%2C200","width":350,"height":200,"srcset":"https:\/\/i0.wp.com\/cfcontabil.com\/cf\/wp-content\/uploads\/2019\/09\/tecnologia-na-contabilidade-vantagens-1024x633.jpg?fit=1024%2C633&ssl=1&resize=350%2C200 1x, https:\/\/i0.wp.com\/cfcontabil.com\/cf\/wp-content\/uploads\/2019\/09\/tecnologia-na-contabilidade-vantagens-1024x633.jpg?fit=1024%2C633&ssl=1&resize=525%2C300 1.5x, https:\/\/i0.wp.com\/cfcontabil.com\/cf\/wp-content\/uploads\/2019\/09\/tecnologia-na-contabilidade-vantagens-1024x633.jpg?fit=1024%2C633&ssl=1&resize=700%2C400 2x"},"classes":[]}],"jetpack_likes_enabled":true,"_links":{"self":[{"href":"https:\/\/cfcontabil.com\/cf\/wp-json\/wp\/v2\/posts\/119","targetHints":{"allow":["GET"]}}],"collection":[{"href":"https:\/\/cfcontabil.com\/cf\/wp-json\/wp\/v2\/posts"}],"about":[{"href":"https:\/\/cfcontabil.com\/cf\/wp-json\/wp\/v2\/types\/post"}],"author":[{"embeddable":true,"href":"https:\/\/cfcontabil.com\/cf\/wp-json\/wp\/v2\/users\/2"}],"replies":[{"embeddable":true,"href":"https:\/\/cfcontabil.com\/cf\/wp-json\/wp\/v2\/comments?post=119"}],"version-history":[{"count":0,"href":"https:\/\/cfcontabil.com\/cf\/wp-json\/wp\/v2\/posts\/119\/revisions"}],"wp:attachment":[{"href":"https:\/\/cfcontabil.com\/cf\/wp-json\/wp\/v2\/media?parent=119"}],"wp:term":[{"taxonomy":"category","embeddable":true,"href":"https:\/\/cfcontabil.com\/cf\/wp-json\/wp\/v2\/categories?post=119"},{"taxonomy":"post_tag","embeddable":true,"href":"https:\/\/cfcontabil.com\/cf\/wp-json\/wp\/v2\/tags?post=119"}],"curies":[{"name":"wp","href":"https:\/\/api.w.org\/{rel}","templated":true}]}}