{"id":1192,"date":"2017-06-21T16:38:25","date_gmt":"2017-06-21T19:38:25","guid":{"rendered":"http:\/\/cfcontabil.com\/cf\/?p=1192"},"modified":"2017-06-21T16:38:25","modified_gmt":"2017-06-21T19:38:25","slug":"dctf-inativa-e-sem-debitos-2017-receita-promete-liberar-transmissao-a-partir-do-dia-2606","status":"publish","type":"post","link":"https:\/\/cfcontabil.com\/cf\/dctf-inativa-e-sem-debitos-2017-receita-promete-liberar-transmissao-a-partir-do-dia-2606\/","title":{"rendered":"DCTF Inativa e Sem D\u00e9bitos 2017 &#8211; Receita promete liberar transmiss\u00e3o a partir do dia 26\/06"},"content":{"rendered":"<p><strong>Precisa entregar a DCTF Inativa 2017 e Sem D\u00e9bitos a declarar de janeiro at\u00e9 abril de 2017? Receita Federal promete liberar a transmiss\u00e3o a partir do dia 26 de junho.<\/strong><\/p>\n<div>Depois de muita espera a Receita Federal liberou dia 16\/06 a vers\u00e3o 3.4 do Programa Gerador da\u00a0DCTF\u00a0que servir\u00e1 para preencher a obriga\u00e7\u00e3o das empresas Inativas e Sem D\u00e9bito a declarar 2017.<\/p>\n<div>\n<div>De acordo com a Receita Federal, a vers\u00e3o 3.4 do Programa Gerador da obriga\u00e7\u00e3o j\u00e1 dispon\u00edvel para download, no entanto atransmiss\u00e3o somente ser\u00e1 liberada a partir do dia 26 de junho, ou seja, ap\u00f3s vencer o prazo de entrega da\u00a0DCTF\u00a0com movimento referente ao m\u00eas de abril de 2017.<\/div>\n<div><\/div>\n<div><strong>Prazo de entrega da\u00a0DCTF\u00a0Inativa 2017 e Sem D\u00e9bito a declarar at\u00e9 a compet\u00eancia abril de 2017\u00a0<\/strong><\/div>\n<div><\/div>\n<\/div>\n<p>Em maio deste ano, a Receita Federal, por meio da\u00a0Instru\u00e7\u00e3o Normativa n\u00ba 1.708\/2017\u00a0(DOU de 23\/05), alterou a\u00a0Instru\u00e7\u00e3o Normativa n\u00ba 1.599 de 2015, que disp\u00f5e sobre\u00a0a Declara\u00e7\u00e3o de D\u00e9bitos e Cr\u00e9ditos Tribut\u00e1rios Federais\u00a0<a class=\"classtermo\" href=\"http:\/\/www.contabeis.com.br\/termos-contabeis\/dctf\">(DCTF)<\/a>\u00a0, com isto\u00a0<strong>prorrogou para 21 de julho de 2017<\/strong>\u00a0o prazo de entrega da\u00a0<a class=\"classtermo\" href=\"http:\/\/www.contabeis.com.br\/termos-contabeis\/dctf\">DCTF<\/a>\u00a0Inativa 2017 e Sem D\u00e9bito a declarar no per\u00edodo de janeiro a abril de 2017.<\/div>\n<p>Por Josefina do Nascimento<\/p>\n<p>Fonte: Siga o Fisco<\/p>\n","protected":false},"excerpt":{"rendered":"<p>Precisa entregar a DCTF Inativa 2017 e Sem D\u00e9bitos a declarar de janeiro at\u00e9 abril de 2017? Receita Federal promete liberar a transmiss\u00e3o a partir do dia 26 de junho. Depois de muita espera a Receita Federal liberou dia 16\/06 a vers\u00e3o 3.4 do Programa Gerador da\u00a0DCTF\u00a0que servir\u00e1 para preencher a obriga\u00e7\u00e3o das empresas Inativas [&hellip;]<\/p>\n","protected":false},"author":3,"featured_media":1193,"comment_status":"open","ping_status":"open","sticky":false,"template":"","format":"standard","meta":{"jetpack_post_was_ever_published":false,"_jetpack_newsletter_access":"","_jetpack_dont_email_post_to_subs":false,"_jetpack_newsletter_tier_id":0,"_jetpack_memberships_contains_paywalled_content":false,"_jetpack_memberships_contains_paid_content":false,"footnotes":"","jetpack_publicize_message":"","jetpack_publicize_feature_enabled":true,"jetpack_social_post_already_shared":true,"jetpack_social_options":{"image_generator_settings":{"template":"highway","default_image_id":0,"font":"","enabled":false},"version":2}},"categories":[46],"tags":[375,285,123,106,287,367,116,188,378],"class_list":["post-1192","post","type-post","status-publish","format-standard","has-post-thumbnail","hentry","category-df","tag-creditos","tag-dctf","tag-debitos","tag-declaracao","tag-inativa","tag-pgd","tag-prazo","tag-programa","tag-tributarios"],"jetpack_publicize_connections":[],"jetpack_featured_media_url":"https:\/\/i0.wp.com\/cfcontabil.com\/cf\/wp-content\/uploads\/2017\/06\/site-receita-federal-dctf-1.jpeg?fit=1280%2C720&ssl=1","jetpack_sharing_enabled":true,"jetpack_shortlink":"https:\/\/wp.me\/p2wklX-je","jetpack-related-posts":[{"id":1243,"url":"https:\/\/cfcontabil.com\/cf\/dctf-inativa-no-pgd-versao-3-4-bloqueada-ate-30-06\/","url_meta":{"origin":1192,"position":0},"title":"DCTF INATIVA NO PGD VERS\u00c3O 3.4 BLOQUEADA AT\u00c9 30.06","author":"Ab\u00edlio Gon\u00e7alves","date":"28 de junho de 2017","format":false,"excerpt":"A libera\u00e7\u00e3o da RFB para a entrega das empresas inativas pela DCTF foi novamente adiada para at\u00e9 dia 30.06.2017 e desde ent\u00e3o surgiram muitas d\u00favidas sobre como preencher e transmitir a declara\u00e7\u00e3o, por isso fizemos um passo-a-passo, para adiantar o trabalho neste curto per\u00edodo para transmiss\u00e3o, pois para 2017, o\u2026","rel":"","context":"Em &quot;Departamento Fiscal&quot;","block_context":{"text":"Departamento Fiscal","link":"https:\/\/cfcontabil.com\/cf\/category\/df\/"},"img":{"alt_text":"","src":"https:\/\/i0.wp.com\/cfcontabil.com\/cf\/wp-content\/uploads\/2017\/06\/INATIVA_DCTF34-1.png?fit=1200%2C530&ssl=1&resize=350%2C200","width":350,"height":200,"srcset":"https:\/\/i0.wp.com\/cfcontabil.com\/cf\/wp-content\/uploads\/2017\/06\/INATIVA_DCTF34-1.png?fit=1200%2C530&ssl=1&resize=350%2C200 1x, https:\/\/i0.wp.com\/cfcontabil.com\/cf\/wp-content\/uploads\/2017\/06\/INATIVA_DCTF34-1.png?fit=1200%2C530&ssl=1&resize=525%2C300 1.5x, https:\/\/i0.wp.com\/cfcontabil.com\/cf\/wp-content\/uploads\/2017\/06\/INATIVA_DCTF34-1.png?fit=1200%2C530&ssl=1&resize=700%2C400 2x, https:\/\/i0.wp.com\/cfcontabil.com\/cf\/wp-content\/uploads\/2017\/06\/INATIVA_DCTF34-1.png?fit=1200%2C530&ssl=1&resize=1050%2C600 3x"},"classes":[]},{"id":1245,"url":"https:\/\/cfcontabil.com\/cf\/receita-federal-libera-envio-da-dctf-para-pessoas-juridicas-inativas\/","url_meta":{"origin":1192,"position":1},"title":"Receita Federal libera envio da DCTF para Pessoas Jur\u00eddicas INATIVAS","author":"Ab\u00edlio Gon\u00e7alves","date":"29 de junho de 2017","format":false,"excerpt":"Envio de declara\u00e7\u00e3o de inativas, referentes ao per\u00edodo de janeiro a abril, tem que ser realizado at\u00e9 o dia 21 de julho de 2017. A Receita Federal do Brasil \u2013 RFB liberou a vers\u00e3o 3.4 do Programa Gerador da Declara\u00e7\u00e3o \u2013 PGD de D\u00e9bitos e Cr\u00e9ditos Tribut\u00e1rios Federais \u2013 DCTF\u2026","rel":"","context":"Em &quot;Departamento Fiscal&quot;","block_context":{"text":"Departamento Fiscal","link":"https:\/\/cfcontabil.com\/cf\/category\/df\/"},"img":{"alt_text":"","src":"https:\/\/i0.wp.com\/cfcontabil.com\/cf\/wp-content\/uploads\/2017\/06\/INATIVA_DCTF34-1.png?fit=1200%2C530&ssl=1&resize=350%2C200","width":350,"height":200,"srcset":"https:\/\/i0.wp.com\/cfcontabil.com\/cf\/wp-content\/uploads\/2017\/06\/INATIVA_DCTF34-1.png?fit=1200%2C530&ssl=1&resize=350%2C200 1x, https:\/\/i0.wp.com\/cfcontabil.com\/cf\/wp-content\/uploads\/2017\/06\/INATIVA_DCTF34-1.png?fit=1200%2C530&ssl=1&resize=525%2C300 1.5x, https:\/\/i0.wp.com\/cfcontabil.com\/cf\/wp-content\/uploads\/2017\/06\/INATIVA_DCTF34-1.png?fit=1200%2C530&ssl=1&resize=700%2C400 2x, https:\/\/i0.wp.com\/cfcontabil.com\/cf\/wp-content\/uploads\/2017\/06\/INATIVA_DCTF34-1.png?fit=1200%2C530&ssl=1&resize=1050%2C600 3x"},"classes":[]},{"id":1149,"url":"https:\/\/cfcontabil.com\/cf\/pgd-dctf-inativa-2017-novo-prazo-julho2017\/","url_meta":{"origin":1192,"position":2},"title":"PGD DCTF INATIVA 2017 &#8211; NOVO PRAZO &#8211; JULHO\/2017","author":"Ab\u00edlio Gon\u00e7alves","date":"3 de maio de 2017","format":false,"excerpt":"A pr\u00f3xima vers\u00e3o do PGD DCTF ser\u00e1 disponibilizada em breve. O prazo para a apresenta\u00e7\u00e3o das DCTF relativas aos meses de janeiro a abril de 2017 para as pessoas jur\u00eddicas que estejam inativas ou que n\u00e3o tenham d\u00e9bitos a declarar ser\u00e1 prorrogado para at\u00e9 21\/07\/2017. A Receita Federal se manifestou,\u2026","rel":"","context":"Em &quot;Departamento Fiscal&quot;","block_context":{"text":"Departamento Fiscal","link":"https:\/\/cfcontabil.com\/cf\/category\/df\/"},"img":{"alt_text":"","src":"https:\/\/i0.wp.com\/cfcontabil.com\/cf\/wp-content\/uploads\/2017\/02\/dctf-1.png?fit=800%2C500&ssl=1&resize=350%2C200","width":350,"height":200,"srcset":"https:\/\/i0.wp.com\/cfcontabil.com\/cf\/wp-content\/uploads\/2017\/02\/dctf-1.png?fit=800%2C500&ssl=1&resize=350%2C200 1x, https:\/\/i0.wp.com\/cfcontabil.com\/cf\/wp-content\/uploads\/2017\/02\/dctf-1.png?fit=800%2C500&ssl=1&resize=525%2C300 1.5x, https:\/\/i0.wp.com\/cfcontabil.com\/cf\/wp-content\/uploads\/2017\/02\/dctf-1.png?fit=800%2C500&ssl=1&resize=700%2C400 2x"},"classes":[]},{"id":928,"url":"https:\/\/cfcontabil.com\/cf\/dctf-inativas-2017-entrega-na-versao-3-3b-esta-suspensa\/","url_meta":{"origin":1192,"position":3},"title":"DCTF Inativas 2017 &#8211; Entrega na vers\u00e3o 3.3b est\u00e1 suspensa","author":"Ab\u00edlio Gon\u00e7alves","date":"8 de fevereiro de 2017","format":false,"excerpt":"Receita Federal informou (06\/02) que o PGD DCTF est\u00e1 sendo alterado para simplificar o preenchimento da declara\u00e7\u00e3o pelas pessoas jur\u00eddicas inativas, incluindo a dispensa da exig\u00eancia de certificado digital, a transmiss\u00e3o de DCTF sem d\u00e9bitos referente aos per\u00edodos de apura\u00e7\u00e3o a partir de janeiro de 2017, na vers\u00e3o atual do\u2026","rel":"","context":"Em &quot;Departamento Fiscal&quot;","block_context":{"text":"Departamento Fiscal","link":"https:\/\/cfcontabil.com\/cf\/category\/df\/"},"img":{"alt_text":"","src":"https:\/\/i0.wp.com\/cfcontabil.com\/cf\/wp-content\/uploads\/2017\/02\/dctf-1.png?fit=800%2C500&ssl=1&resize=350%2C200","width":350,"height":200,"srcset":"https:\/\/i0.wp.com\/cfcontabil.com\/cf\/wp-content\/uploads\/2017\/02\/dctf-1.png?fit=800%2C500&ssl=1&resize=350%2C200 1x, https:\/\/i0.wp.com\/cfcontabil.com\/cf\/wp-content\/uploads\/2017\/02\/dctf-1.png?fit=800%2C500&ssl=1&resize=525%2C300 1.5x, https:\/\/i0.wp.com\/cfcontabil.com\/cf\/wp-content\/uploads\/2017\/02\/dctf-1.png?fit=800%2C500&ssl=1&resize=700%2C400 2x"},"classes":[]},{"id":1188,"url":"https:\/\/cfcontabil.com\/cf\/baixe-o-pgd-dctf-inativa-v3-4-inativa\/","url_meta":{"origin":1192,"position":4},"title":"Baixe o PGD DCTF Inativa v3.4 (Inativa)","author":"Ab\u00edlio Gon\u00e7alves","date":"19 de junho de 2017","format":false,"excerpt":"Ap\u00f3s dois adiamentos de prazos e muito estresse para contabilistas e respons\u00e1veis pelos departamentos tribut\u00e1rios das empresas, foi aprovado a\u00a0vers\u00e3o 3.4 do Programa Gerador da Declara\u00e7\u00e3o (PGD) de D\u00e9bitos e Cr\u00e9ditos Tribut\u00e1rios Federais (DCTF) Mensal que inclui a informa\u00e7\u00e3o de empresa inativa. Neste programa, houve a inclus\u00e3o da Caixa de\u2026","rel":"","context":"Em &quot;Departamento Fiscal&quot;","block_context":{"text":"Departamento Fiscal","link":"https:\/\/cfcontabil.com\/cf\/category\/df\/"},"img":{"alt_text":"","src":"https:\/\/i0.wp.com\/cfcontabil.com\/cf\/wp-content\/uploads\/2017\/06\/download-1.png?fit=1200%2C544&ssl=1&resize=350%2C200","width":350,"height":200,"srcset":"https:\/\/i0.wp.com\/cfcontabil.com\/cf\/wp-content\/uploads\/2017\/06\/download-1.png?fit=1200%2C544&ssl=1&resize=350%2C200 1x, https:\/\/i0.wp.com\/cfcontabil.com\/cf\/wp-content\/uploads\/2017\/06\/download-1.png?fit=1200%2C544&ssl=1&resize=525%2C300 1.5x, https:\/\/i0.wp.com\/cfcontabil.com\/cf\/wp-content\/uploads\/2017\/06\/download-1.png?fit=1200%2C544&ssl=1&resize=700%2C400 2x, https:\/\/i0.wp.com\/cfcontabil.com\/cf\/wp-content\/uploads\/2017\/06\/download-1.png?fit=1200%2C544&ssl=1&resize=1050%2C600 3x"},"classes":[]},{"id":1248,"url":"https:\/\/cfcontabil.com\/cf\/erro-de-transmissao-da-dctf-inativa\/","url_meta":{"origin":1192,"position":5},"title":"Erro de transmiss\u00e3o da DCTF Inativa","author":"Ab\u00edlio Gon\u00e7alves","date":"3 de julho de 2017","format":false,"excerpt":"Muitos contadores hoje est\u00e3o apreensivos, pois o prazo de entrega est\u00e1 a menos de 18 dias para encerrar e ao tentar enviar a\u00a0DCTF\u00a0Mensal, aparece a seguinte mensagem de erro: ERRO! Validador DCTF A TRANSMISS\u00c3O N\u00c3O FOI CONCLU\u00cdDA. A partir de 1\u00ba de janeiro de 2014, as pessoas jur\u00eddicas que n\u00e3o\u2026","rel":"","context":"Em &quot;Departamento Fiscal&quot;","block_context":{"text":"Departamento Fiscal","link":"https:\/\/cfcontabil.com\/cf\/category\/df\/"},"img":{"alt_text":"","src":"https:\/\/i0.wp.com\/cfcontabil.com\/cf\/wp-content\/uploads\/2017\/07\/Captura-de-Tela-249.png?resize=350%2C200","width":350,"height":200,"srcset":"https:\/\/i0.wp.com\/cfcontabil.com\/cf\/wp-content\/uploads\/2017\/07\/Captura-de-Tela-249.png?resize=350%2C200 1x, https:\/\/i0.wp.com\/cfcontabil.com\/cf\/wp-content\/uploads\/2017\/07\/Captura-de-Tela-249.png?resize=525%2C300 1.5x, https:\/\/i0.wp.com\/cfcontabil.com\/cf\/wp-content\/uploads\/2017\/07\/Captura-de-Tela-249.png?resize=700%2C400 2x, https:\/\/i0.wp.com\/cfcontabil.com\/cf\/wp-content\/uploads\/2017\/07\/Captura-de-Tela-249.png?resize=1050%2C600 3x"},"classes":[]}],"jetpack_likes_enabled":true,"_links":{"self":[{"href":"https:\/\/cfcontabil.com\/cf\/wp-json\/wp\/v2\/posts\/1192","targetHints":{"allow":["GET"]}}],"collection":[{"href":"https:\/\/cfcontabil.com\/cf\/wp-json\/wp\/v2\/posts"}],"about":[{"href":"https:\/\/cfcontabil.com\/cf\/wp-json\/wp\/v2\/types\/post"}],"author":[{"embeddable":true,"href":"https:\/\/cfcontabil.com\/cf\/wp-json\/wp\/v2\/users\/3"}],"replies":[{"embeddable":true,"href":"https:\/\/cfcontabil.com\/cf\/wp-json\/wp\/v2\/comments?post=1192"}],"version-history":[{"count":0,"href":"https:\/\/cfcontabil.com\/cf\/wp-json\/wp\/v2\/posts\/1192\/revisions"}],"wp:featuredmedia":[{"embeddable":true,"href":"https:\/\/cfcontabil.com\/cf\/wp-json\/wp\/v2\/media\/1193"}],"wp:attachment":[{"href":"https:\/\/cfcontabil.com\/cf\/wp-json\/wp\/v2\/media?parent=1192"}],"wp:term":[{"taxonomy":"category","embeddable":true,"href":"https:\/\/cfcontabil.com\/cf\/wp-json\/wp\/v2\/categories?post=1192"},{"taxonomy":"post_tag","embeddable":true,"href":"https:\/\/cfcontabil.com\/cf\/wp-json\/wp\/v2\/tags?post=1192"}],"curies":[{"name":"wp","href":"https:\/\/api.w.org\/{rel}","templated":true}]}}