{"id":1197,"date":"2017-06-23T05:00:18","date_gmt":"2017-06-23T08:00:18","guid":{"rendered":"http:\/\/cfcontabil.com\/cf\/?p=1197"},"modified":"2017-06-23T05:00:18","modified_gmt":"2017-06-23T08:00:18","slug":"sine-facil-mais-de-120-mil-downloads-e-55-mil-pessoas-encaminhadas-para-vagas-de-emprego","status":"publish","type":"post","link":"https:\/\/cfcontabil.com\/cf\/sine-facil-mais-de-120-mil-downloads-e-55-mil-pessoas-encaminhadas-para-vagas-de-emprego\/","title":{"rendered":"SINE F\u00c1CIL &#8211; Mais de 120 mil downloads e 5,5 mil pessoas encaminhadas para vagas de emprego"},"content":{"rendered":"<p><strong>Com tr\u00eas semanas de funcionamento, aplicativo superou resultados.<\/strong><\/p>\n<p>Lan\u00e7ado pelo Minist\u00e9rio do Trabalho h\u00e1 tr\u00eas semanas, o Sine F\u00e1cil j\u00e1 registrou 124.715 downloads at\u00e9 a \u00faltima segunda (12) e encaminhou 5.590 pessoas para vagas de emprego. Em apenas um dia, o aplicativo, criado para facilitar o acesso do trabalhador a oportunidades oferecidas pelas empresas, registrou 706 encaminhamentos.<\/p>\n<p>\u201cEsse resultado mostra que as pessoas est\u00e3o se interessando pelas vagas oferecidas pelo aplicativo. Estamos contentes com os resultados e esperamos que esses n\u00fameros melhorem a cada dia, ampliando as oportunidades cadastradas e direcionando os candidatos \u00e0s vagas de acordo com seu perfil\u201d, disse o ministro do Trabalho, Ronaldo Nogueira.<\/p>\n<p>Os estados que mais encaminharam candidatos foram S\u00e3o Paulo (1.737), Paran\u00e1 (771), Bahia (568), Cear\u00e1 (427), Pernambuco (336), Goi\u00e1s (336), Minas Gerais (329), Mato Grosso do Sul (237), Rio Grande do Sul (164) e Rio de Janeiro (157).<\/p>\n<p>O Sine F\u00e1cil pode ser instalado em celulares e tablets (dispon\u00edvel para o sistema Android e futuramente para iOS), permitindo que as pessoas acessem vagas de emprego, busquem informa\u00e7\u00f5es sobre Abono Salarial, acompanhem os pagamentos de parcelas do Seguro-Desemprego e visualizem os v\u00ednculos empregat\u00edcios.<\/p>\n<p>Para utilizar o aplicativo pela primeira vez, o trabalhador precisa de um c\u00f3digo de acesso (QR Code), que \u00e9 fornecido em qualquer unidade do Sine, nas ag\u00eancias pr\u00f3prias do Minist\u00e9rio do Trabalho ou ent\u00e3o pelo site Emprega Brasil (empregabrasil.mte.gov.br) \u2013 caso o trabalhador tenha sido atendido no Sine em algum momento e j\u00e1 tenha cadastro na rede.<\/p>\n<p>Com o acesso liberado, o trabalhador pode consultar as cerca de 50 mil vagas di\u00e1rias, de todo o pa\u00eds, que o Sine disponibiliza no aplicativo. A inser\u00e7\u00e3o das vagas pode ser acompanhada em tempo real. Com o uso do aplicativo, as filas dos postos do Sine foram reduzidas, desafogando o atendimento, j\u00e1 que os cadastrados no sistema s\u00e3o alcan\u00e7ados via internet, com a possibilidade de acesso em qualquer hora e em qualquer lugar.<\/p>\n<p>Fonte: www.trabalho.gov.br<\/p>\n","protected":false},"excerpt":{"rendered":"<p>Com tr\u00eas semanas de funcionamento, aplicativo superou resultados. Lan\u00e7ado pelo Minist\u00e9rio do Trabalho h\u00e1 tr\u00eas semanas, o Sine F\u00e1cil j\u00e1 registrou 124.715 downloads at\u00e9 a \u00faltima segunda (12) e encaminhou 5.590 pessoas para vagas de emprego. Em apenas um dia, o aplicativo, criado para facilitar o acesso do trabalhador a oportunidades oferecidas pelas empresas, registrou [&hellip;]<\/p>\n","protected":false},"author":3,"featured_media":1161,"comment_status":"open","ping_status":"open","sticky":false,"template":"","format":"standard","meta":{"jetpack_post_was_ever_published":false,"_jetpack_newsletter_access":"","_jetpack_dont_email_post_to_subs":false,"_jetpack_newsletter_tier_id":0,"_jetpack_memberships_contains_paywalled_content":false,"_jetpack_memberships_contains_paid_content":false,"footnotes":"","jetpack_publicize_message":"","jetpack_publicize_feature_enabled":true,"jetpack_social_post_already_shared":true,"jetpack_social_options":{"image_generator_settings":{"template":"highway","default_image_id":0,"font":"","enabled":false},"version":2}},"categories":[29],"tags":[521,522,235,93,523,45,524],"class_list":["post-1197","post","type-post","status-publish","format-standard","has-post-thumbnail","hentry","category-dp","tag-aplicativo","tag-candidato","tag-emprego","tag-salario","tag-sine","tag-trabalho","tag-vaga"],"jetpack_publicize_connections":[],"jetpack_featured_media_url":"https:\/\/i0.wp.com\/cfcontabil.com\/cf\/wp-content\/uploads\/2017\/05\/carteira-de-trabalho-1.jpg?fit=590%2C302&ssl=1","jetpack_sharing_enabled":true,"jetpack_shortlink":"https:\/\/wp.me\/p2wklX-jj","jetpack-related-posts":[{"id":1944,"url":"https:\/\/cfcontabil.com\/cf\/brasil-cria-mais-de-70-mil-novos-empregos-formais-em-outubro\/","url_meta":{"origin":1197,"position":0},"title":"Brasil cria mais de 70 mil novos empregos formais em outubro","author":"Ab\u00edlio Gon\u00e7alves","date":"22 de novembro de 2019","format":false,"excerpt":"Os n\u00fameros, divulgados pelo Minist\u00e9rio da Economia nesta quinta-feira (21\/11), mostram o s\u00e9timo m\u00eas consecutivo de saldo positivo para o mercado de trabalho formal O Cadastro Geral de Empregados e Desempregados (Caged) registrou 70.852 novos trabalhadores por carteira assinada em outubro, na compara\u00e7\u00e3o com o m\u00eas anterior. O resultado \u00e9\u2026","rel":"","context":"Em &quot;Departamento Pessoal&quot;","block_context":{"text":"Departamento Pessoal","link":"https:\/\/cfcontabil.com\/cf\/category\/dp\/"},"img":{"alt_text":"","src":"https:\/\/i0.wp.com\/cfcontabil.com\/cf\/wp-content\/uploads\/2019\/11\/carteira-trabalho.jpg?fit=826%2C371&ssl=1&resize=350%2C200","width":350,"height":200,"srcset":"https:\/\/i0.wp.com\/cfcontabil.com\/cf\/wp-content\/uploads\/2019\/11\/carteira-trabalho.jpg?fit=826%2C371&ssl=1&resize=350%2C200 1x, https:\/\/i0.wp.com\/cfcontabil.com\/cf\/wp-content\/uploads\/2019\/11\/carteira-trabalho.jpg?fit=826%2C371&ssl=1&resize=525%2C300 1.5x, https:\/\/i0.wp.com\/cfcontabil.com\/cf\/wp-content\/uploads\/2019\/11\/carteira-trabalho.jpg?fit=826%2C371&ssl=1&resize=700%2C400 2x"},"classes":[]},{"id":1918,"url":"https:\/\/cfcontabil.com\/cf\/entenda-quais-sao-as-obrigacoes-trabalhistas-com-a-ctps-digital\/","url_meta":{"origin":1197,"position":1},"title":"Entenda quais s\u00e3o as obriga\u00e7\u00f5es trabalhistas com a CTPS Digital","author":"Ab\u00edlio Gon\u00e7alves","date":"19 de novembro de 2019","format":false,"excerpt":"Especialista explica que a Carteira de Trabalho Digital traz benef\u00edcios para trabalhadores e empregadores. A\u00a0carteira de trabalho\u00a0digital\u00a0entrou em vigor\u00a0h\u00e1 pouco mais de um m\u00eas, mas a nova tecnologia gerou d\u00favidas entre os trabalhadores brasileiros. A portaria assinada por Rog\u00e9rio Marinho estabelece que o documento f\u00edsico segue v\u00e1lido, mas novas emiss\u00f5es\u2026","rel":"","context":"Em &quot;Departamento Pessoal&quot;","block_context":{"text":"Departamento Pessoal","link":"https:\/\/cfcontabil.com\/cf\/category\/dp\/"},"img":{"alt_text":"","src":"https:\/\/i0.wp.com\/cfcontabil.com\/cf\/wp-content\/uploads\/2017\/02\/ctps-digital-1.jpg?fit=1200%2C627&ssl=1&resize=350%2C200","width":350,"height":200,"srcset":"https:\/\/i0.wp.com\/cfcontabil.com\/cf\/wp-content\/uploads\/2017\/02\/ctps-digital-1.jpg?fit=1200%2C627&ssl=1&resize=350%2C200 1x, https:\/\/i0.wp.com\/cfcontabil.com\/cf\/wp-content\/uploads\/2017\/02\/ctps-digital-1.jpg?fit=1200%2C627&ssl=1&resize=525%2C300 1.5x, https:\/\/i0.wp.com\/cfcontabil.com\/cf\/wp-content\/uploads\/2017\/02\/ctps-digital-1.jpg?fit=1200%2C627&ssl=1&resize=700%2C400 2x, https:\/\/i0.wp.com\/cfcontabil.com\/cf\/wp-content\/uploads\/2017\/02\/ctps-digital-1.jpg?fit=1200%2C627&ssl=1&resize=1050%2C600 3x"},"classes":[]},{"id":1907,"url":"https:\/\/cfcontabil.com\/cf\/fim-de-ano-abre-milhares-de-vagas-temporarias-e-esporadicas-veja-como-funciona-cada-contratacao\/","url_meta":{"origin":1197,"position":2},"title":"Fim de ano abre milhares de vagas tempor\u00e1rias e espor\u00e1dicas; veja como funciona cada contrata\u00e7\u00e3o","author":"Ab\u00edlio Gon\u00e7alves","date":"18 de novembro de 2019","format":false,"excerpt":"Al\u00e9m das vagas tempor\u00e1rias, que s\u00e3o o principal recurso usado pelas empresas para atender \u00e0 demanda extra de servi\u00e7os, h\u00e1 ainda as vagas intermitentes, que atendem \u00e0 necessidade de trabalhos em per\u00edodos alternados. Para atender \u00e0 demanda de final de ano, os \u00faltimos meses do ano trazem milhares de oportunidades\u2026","rel":"","context":"Em &quot;Departamento Pessoal&quot;","block_context":{"text":"Departamento Pessoal","link":"https:\/\/cfcontabil.com\/cf\/category\/dp\/"},"img":{"alt_text":"","src":"https:\/\/i0.wp.com\/cfcontabil.com\/cf\/wp-content\/uploads\/2019\/11\/carteira-trabalho.jpg?fit=826%2C371&ssl=1&resize=350%2C200","width":350,"height":200,"srcset":"https:\/\/i0.wp.com\/cfcontabil.com\/cf\/wp-content\/uploads\/2019\/11\/carteira-trabalho.jpg?fit=826%2C371&ssl=1&resize=350%2C200 1x, https:\/\/i0.wp.com\/cfcontabil.com\/cf\/wp-content\/uploads\/2019\/11\/carteira-trabalho.jpg?fit=826%2C371&ssl=1&resize=525%2C300 1.5x, https:\/\/i0.wp.com\/cfcontabil.com\/cf\/wp-content\/uploads\/2019\/11\/carteira-trabalho.jpg?fit=826%2C371&ssl=1&resize=700%2C400 2x"},"classes":[]},{"id":853,"url":"https:\/\/cfcontabil.com\/cf\/saiba-como-sacar-o-fundo-de-garantia-de-contas-inativas-do-fundo-de-garantia\/","url_meta":{"origin":1197,"position":3},"title":"Saiba como sacar o Fundo de Garantia de contas inativas do Fundo de Garantia","author":"Ab\u00edlio Gon\u00e7alves","date":"24 de janeiro de 2017","format":false,"excerpt":"Calend\u00e1rio de saques e locais para retiradas deve ser divulgado a partir de fevereiro e o saldo j\u00e1 pode ser consultado na internet. Em fevereiro, o governo federal vai divulgar um calend\u00e1rio que possibilitar\u00e1 aos trabalhadores o saque integral do Fundo de Garantia do Tempo de Servi\u00e7o (FGTS). A retirada\u2026","rel":"","context":"Em &quot;Departamento Pessoal&quot;","block_context":{"text":"Departamento Pessoal","link":"https:\/\/cfcontabil.com\/cf\/category\/dp\/"},"img":{"alt_text":"","src":"https:\/\/i0.wp.com\/cfcontabil.com\/cf\/wp-content\/uploads\/2017\/01\/fgts-inativo-1.jpg?fit=580%2C273&ssl=1&resize=350%2C200","width":350,"height":200,"srcset":"https:\/\/i0.wp.com\/cfcontabil.com\/cf\/wp-content\/uploads\/2017\/01\/fgts-inativo-1.jpg?fit=580%2C273&ssl=1&resize=350%2C200 1x, https:\/\/i0.wp.com\/cfcontabil.com\/cf\/wp-content\/uploads\/2017\/01\/fgts-inativo-1.jpg?fit=580%2C273&ssl=1&resize=525%2C300 1.5x"},"classes":[]},{"id":2296,"url":"https:\/\/cfcontabil.com\/cf\/governo-lanca-novo-site-para-consulta-a-auxilio-emergencial-de-r-600\/","url_meta":{"origin":1197,"position":4},"title":"Governo lan\u00e7a novo site para consulta a aux\u00edlio emergencial de R$ 600","author":"Ab\u00edlio Gon\u00e7alves","date":"6 de maio de 2020","format":false,"excerpt":"Os brasileiros que fizeram a solicita\u00e7\u00e3o do aux\u00edlio emergencial de R$ 600 para trabalhadores informais poder\u00e3o consultar o andamento do pedido em um novo portal disponibilizado pela Dataprev, empresa p\u00fablica respons\u00e1vel pelo processamento dos dados. O novo portal pode ser acessado por meio dos endere\u00e7os\u00a0www.cidadania.gov.br\/consultaauxilio\u00a0e\u00a0https:\/\/consultaauxilio.dataprev.gov.br. Antes, os cidad\u00e3os s\u00f3 tinham\u2026","rel":"","context":"Em &quot;Geral&quot;","block_context":{"text":"Geral","link":"https:\/\/cfcontabil.com\/cf\/category\/geral\/"},"img":{"alt_text":"","src":"https:\/\/i0.wp.com\/cfcontabil.com\/cf\/wp-content\/uploads\/2020\/05\/auxilio-emergencial-novo-site.jpg?fit=932%2C536&ssl=1&resize=350%2C200","width":350,"height":200,"srcset":"https:\/\/i0.wp.com\/cfcontabil.com\/cf\/wp-content\/uploads\/2020\/05\/auxilio-emergencial-novo-site.jpg?fit=932%2C536&ssl=1&resize=350%2C200 1x, https:\/\/i0.wp.com\/cfcontabil.com\/cf\/wp-content\/uploads\/2020\/05\/auxilio-emergencial-novo-site.jpg?fit=932%2C536&ssl=1&resize=525%2C300 1.5x, https:\/\/i0.wp.com\/cfcontabil.com\/cf\/wp-content\/uploads\/2020\/05\/auxilio-emergencial-novo-site.jpg?fit=932%2C536&ssl=1&resize=700%2C400 2x"},"classes":[]},{"id":2615,"url":"https:\/\/cfcontabil.com\/cf\/comercio-e-servicos-do-df-reagem-a-crise-e-voltam-a-contratar\/","url_meta":{"origin":1197,"position":5},"title":"Com\u00e9rcio e servi\u00e7os do DF reagem \u00e0 crise e voltam a contratar","author":"Ab\u00edlio Gon\u00e7alves","date":"9 de agosto de 2021","format":false,"excerpt":"O n\u00famero de empregados aumentou 12,3% em junho de 2021, se comparado ao mesmo per\u00edodo do ano passado Governo e empres\u00e1rios est\u00e3o animados porque, finalmente, o com\u00e9rcio e os servi\u00e7os est\u00e3o se recuperando, segundo empregadores, depois de um longo tempo em recess\u00e3o. O aquecimento desses setores gerou 24 mil novos\u2026","rel":"","context":"Em &quot;Geral&quot;","block_context":{"text":"Geral","link":"https:\/\/cfcontabil.com\/cf\/category\/geral\/"},"img":{"alt_text":"","src":"https:\/\/i0.wp.com\/cfcontabil.com\/cf\/wp-content\/uploads\/2017\/05\/carteira-de-trabalho-1.jpg?fit=590%2C302&ssl=1&resize=350%2C200","width":350,"height":200,"srcset":"https:\/\/i0.wp.com\/cfcontabil.com\/cf\/wp-content\/uploads\/2017\/05\/carteira-de-trabalho-1.jpg?fit=590%2C302&ssl=1&resize=350%2C200 1x, https:\/\/i0.wp.com\/cfcontabil.com\/cf\/wp-content\/uploads\/2017\/05\/carteira-de-trabalho-1.jpg?fit=590%2C302&ssl=1&resize=525%2C300 1.5x"},"classes":[]}],"jetpack_likes_enabled":true,"_links":{"self":[{"href":"https:\/\/cfcontabil.com\/cf\/wp-json\/wp\/v2\/posts\/1197","targetHints":{"allow":["GET"]}}],"collection":[{"href":"https:\/\/cfcontabil.com\/cf\/wp-json\/wp\/v2\/posts"}],"about":[{"href":"https:\/\/cfcontabil.com\/cf\/wp-json\/wp\/v2\/types\/post"}],"author":[{"embeddable":true,"href":"https:\/\/cfcontabil.com\/cf\/wp-json\/wp\/v2\/users\/3"}],"replies":[{"embeddable":true,"href":"https:\/\/cfcontabil.com\/cf\/wp-json\/wp\/v2\/comments?post=1197"}],"version-history":[{"count":0,"href":"https:\/\/cfcontabil.com\/cf\/wp-json\/wp\/v2\/posts\/1197\/revisions"}],"wp:featuredmedia":[{"embeddable":true,"href":"https:\/\/cfcontabil.com\/cf\/wp-json\/wp\/v2\/media\/1161"}],"wp:attachment":[{"href":"https:\/\/cfcontabil.com\/cf\/wp-json\/wp\/v2\/media?parent=1197"}],"wp:term":[{"taxonomy":"category","embeddable":true,"href":"https:\/\/cfcontabil.com\/cf\/wp-json\/wp\/v2\/categories?post=1197"},{"taxonomy":"post_tag","embeddable":true,"href":"https:\/\/cfcontabil.com\/cf\/wp-json\/wp\/v2\/tags?post=1197"}],"curies":[{"name":"wp","href":"https:\/\/api.w.org\/{rel}","templated":true}]}}