{"id":1201,"date":"2012-11-13T09:54:37","date_gmt":"2012-11-13T12:54:37","guid":{"rendered":"http:\/\/cfcontabil.com\/cf\/?p=222"},"modified":"2012-11-13T09:54:37","modified_gmt":"2012-11-13T12:54:37","slug":"o-sped-chegou-para-o-lucro-presumido","status":"publish","type":"post","link":"https:\/\/cfcontabil.com\/cf\/o-sped-chegou-para-o-lucro-presumido\/","title":{"rendered":"O SPED chegou para o Lucro Presumido"},"content":{"rendered":"<p><span style=\"font-size: 12px\">Bom dia, prezados!\u00a0Vamos falar de SPED?<\/span><\/p>\n<div><a href=\"https:\/\/i0.wp.com\/cfcontabil.com\/cf\/wp-content\/uploads\/2012\/11\/sped-mao.jpg\"><img data-recalc-dims=\"1\" fetchpriority=\"high\" decoding=\"async\" class=\"aligncenter size-full wp-image-223\" src=\"https:\/\/i0.wp.com\/cfcontabil.com\/cf\/wp-content\/uploads\/2012\/11\/sped-mao.jpg?resize=400%2C400\" alt=\"\" width=\"400\" height=\"400\" \/><\/a><\/div>\n<div><!--more--><\/div>\n<div>\n<p style=\"text-align: justify\"><span style=\"font-size: 12px\">O Sistema P\u00fablico de Escritura\u00e7\u00e3o Digital (SPED) \u00e9 uma ferramenta que integra as informa\u00e7\u00f5es prestadas pelos contribuintes, de forma eletr\u00f4nica, em arquivos digitais, para a Receita Federal do Brasil &#8211; RFB. Esses arquivos precisam obedecer a um formato padronizado e predefinido e servem para informatizar a rela\u00e7\u00e3o entre as empresas e a RFB, uma vez que estes s\u00e3o transmitidos para aquele \u00f3rg\u00e3o por meios eletr\u00f4nicos. Essa nova sistem\u00e1tica j\u00e1 \u00e9 exigida para as empresas sujeitas a tributa\u00e7\u00e3o do Lucro Real e ser\u00e1 obrigat\u00f3ria, a partir de 2013, para as empresas enquadradas na forma de tributa\u00e7\u00e3o do Lucro Presumido.<\/span><\/p>\n<p style=\"text-align: justify\"><span style=\"font-size: 12px\">As sociedades optantes pelo Lucro Presumido possuem uma sistem\u00e1tica de tributa\u00e7\u00e3o mais simples em rela\u00e7\u00e3o \u00e0s empresas do Lucro Real. Outra caracter\u00edstica dessas sociedades \u00e9 que, normalmente, as empresas tributadas pelo Lucro Presumido possuem um volume de faturamento e de despesas inferior \u00e0s empresas tributadas pelo Lucro Real.<\/span><\/p>\n<p style=\"text-align: justify\"><span style=\"font-size: 12px\">Portanto o cerco da RFB, no sentido de aumentar o universo da fiscaliza\u00e7\u00e3o, acarreta acr\u00e9scimo na quantidade de sociedades a serem fiscalizadas com base na utiliza\u00e7\u00e3o de recursos tecnol\u00f3gicos mais sofisticados, como por exemplo por meio do SPED.<\/span><\/p>\n<p style=\"text-align: justify\"><span style=\"font-size: 12px\">Este fato est\u00e1 gerando um grande impacto nas empresas tributadas pelo Lucro Presumido em decorr\u00eancia de principalmente dois aspectos: (i) Necessidade de rever e modificar significativamente algumas rotinas e processos internos com a finalidade de gerar informa\u00e7\u00f5es confi\u00e1veis e transmiti-las pela via digital ao SPED; (ii) Possibilidade de inseguran\u00e7a dos empres\u00e1rios e gestores, pois ser\u00e1 exigida uma obriga\u00e7\u00e3o tribut\u00e1ria acess\u00f3ria com n\u00edvel de complexidade superior as declara\u00e7\u00f5es fiscais j\u00e1 existentes.<\/span><\/p>\n<p style=\"text-align: justify\"><span style=\"font-size: 12px\">A obrigatoriedade do SPED para as empresas tributadas pelo Lucro Presumido pode ter como consequ\u00eancia um aumento na fiscaliza\u00e7\u00e3o para esse segmento de sociedades que, no passado, eram consideradas pela RFB como \u201csegundo plano\u201d em termos de prioridade para fiscaliza\u00e7\u00e3o. Ou seja, as empresas tributadas pelo Lucro Presumido devem se preparar para a implanta\u00e7\u00e3o do SPED que ser\u00e1 obrigat\u00f3rio no pr\u00f3ximo ano, e n\u00e3o deixar tudo para a \u00faltima hora.<\/span><\/p>\n<p style=\"text-align: justify\"><span style=\"font-size: 12px\">Dessa forma, a gera\u00e7\u00e3o das informa\u00e7\u00f5es a serem enviadas para o SPED com seguran\u00e7a, ser\u00e1 o resultado de um trabalho conjunto que pode envolver profissionais de diversas \u00e1reas, tais como: contabilistas, t\u00e9cnicos de inform\u00e1tica e assessores de consultorias especializadas no assunto.<\/span><\/p>\n<p style=\"text-align: justify\">\n<p style=\"text-align: justify\"><span style=\"font-size: 10px\">Texto por <strong>S\u00e1 Leit\u00e3o Auditores e Consultores. <\/strong>Com modifica\u00e7\u00f5es.<\/span><\/p>\n<\/div>\n","protected":false},"excerpt":{"rendered":"<p>Bom dia, prezados!\u00a0Vamos falar de SPED?<\/p>\n","protected":false},"author":2,"featured_media":0,"comment_status":"open","ping_status":"open","sticky":false,"template":"","format":"standard","meta":{"jetpack_post_was_ever_published":false,"_jetpack_newsletter_access":"","_jetpack_dont_email_post_to_subs":false,"_jetpack_newsletter_tier_id":0,"_jetpack_memberships_contains_paywalled_content":false,"_jetpack_memberships_contains_paid_content":false,"footnotes":"","jetpack_publicize_message":"","jetpack_publicize_feature_enabled":true,"jetpack_social_post_already_shared":false,"jetpack_social_options":{"image_generator_settings":{"template":"highway","default_image_id":0,"font":"","enabled":false},"version":2}},"categories":[22],"tags":[21,28,30,32],"class_list":["post-1201","post","type-post","status-publish","format-standard","hentry","category-geral","tag-contabilidade","tag-departamento","tag-pessoal","tag-trabalhistas"],"jetpack_publicize_connections":[],"jetpack_featured_media_url":"","jetpack_sharing_enabled":true,"jetpack_shortlink":"https:\/\/wp.me\/p2wklX-jn","jetpack-related-posts":[{"id":119,"url":"https:\/\/cfcontabil.com\/cf\/tecnologia-na-governanca-triburaria\/","url_meta":{"origin":1201,"position":0},"title":"Tecnologia na Governan\u00e7a Tribur\u00e1ria","author":"Vin\u00edcius Moizinho","date":"22 de agosto de 2012","format":false,"excerpt":"Bom dia, prezados! Hoje trago a voc\u00eas um excelente artigo produzido por\u00a0Luciano Silva, atual diretor executivo da SPL Fiscal, empresa especializada na presta\u00e7\u00e3o de servi\u00e7os de terceiriza\u00e7\u00e3o de processos fiscais. Nele o autor aborta a import\u00e2ncia do controle tribut\u00e1rio para as empresas brasileiras, destacando como contribuintes podem se beneficiar com\u2026","rel":"","context":"Em &quot;Geral&quot;","block_context":{"text":"Geral","link":"https:\/\/cfcontabil.com\/cf\/category\/geral\/"},"img":{"alt_text":"","src":"https:\/\/i0.wp.com\/thumbs.dreamstime.com\/thumblarge_545\/12865050587MYJsS.jpg?resize=350%2C200","width":350,"height":200},"classes":[]},{"id":100,"url":"https:\/\/cfcontabil.com\/cf\/de-quem-e-a-obrigacao-de-gerar-o-sped-fiscal\/","url_meta":{"origin":1201,"position":1},"title":"De quem \u00e9 a obriga\u00e7\u00e3o de gerar o SPED Fiscal?","author":"Vin\u00edcius Moizinho","date":"1 de agosto de 2012","format":false,"excerpt":"Bom dia! Hoje disponibilizo para voc\u00eas um excelente texto produzido pelo colega\u00a0Leandro Felizali, diretor da Vinco\u00a0(empresa brasileira especializada na integra\u00e7\u00e3o de sistemas e na migra\u00e7\u00e3o de dados). Afinal, de quem \u00e9 a obriga\u00e7\u00e3o de gerar o SPED Fiscal? Leandro tem a resposta. Confira logo a seguir. Boa leitura! As exig\u00eancias\u2026","rel":"","context":"Em &quot;Departamento Fiscal&quot;","block_context":{"text":"Departamento Fiscal","link":"https:\/\/cfcontabil.com\/cf\/category\/df\/"},"img":{"alt_text":"","src":"https:\/\/i0.wp.com\/www.gdcorp.com.br\/neoadmin\/imglib\/fnl\/61.jpg?resize=350%2C200","width":350,"height":200},"classes":[]},{"id":67,"url":"https:\/\/cfcontabil.com\/cf\/prorrogacao-basta\/","url_meta":{"origin":1201,"position":2},"title":"Prorroga\u00e7\u00e3o basta?","author":"Vin\u00edcius Moizinho","date":"17 de julho de 2012","format":false,"excerpt":"Boas noites, prezados! Aqui estamos uma vez mais, agora trazendo um tema para reflex\u00e3o. Mais cedo publicamos em\u00a0nossa p\u00e1gina do Facebook\u00a0que foi adiado\u00a0de Julho de 2012 para Janeiro de 2013 o in\u00edcio do projeto da EFD Contribui\u00e7\u00f5es para as empresas do Lucro Presumido, com a entrega da Escritura\u00e7\u00e3o Fiscal Digital\u2026","rel":"","context":"Em &quot;Geral&quot;","block_context":{"text":"Geral","link":"https:\/\/cfcontabil.com\/cf\/category\/geral\/"},"img":{"alt_text":"","src":"https:\/\/i0.wp.com\/www.rhedesistemas.com.br\/site\/media\/k2\/items\/cache\/85b62d4a27ea43297eb1ab349b6e06c6_XL.jpg?resize=350%2C200","width":350,"height":200,"srcset":"https:\/\/i0.wp.com\/www.rhedesistemas.com.br\/site\/media\/k2\/items\/cache\/85b62d4a27ea43297eb1ab349b6e06c6_XL.jpg?resize=350%2C200 1x, https:\/\/i0.wp.com\/www.rhedesistemas.com.br\/site\/media\/k2\/items\/cache\/85b62d4a27ea43297eb1ab349b6e06c6_XL.jpg?resize=525%2C300 1.5x, https:\/\/i0.wp.com\/www.rhedesistemas.com.br\/site\/media\/k2\/items\/cache\/85b62d4a27ea43297eb1ab349b6e06c6_XL.jpg?resize=700%2C400 2x"},"classes":[]},{"id":1333,"url":"https:\/\/cfcontabil.com\/cf\/esocial-comite-gestor-aprova-reformulacao-em-calendario\/","url_meta":{"origin":1201,"position":3},"title":"eSocial: Comit\u00ea Gestor aprova reformula\u00e7\u00e3o em calend\u00e1rio","author":"Ab\u00edlio Gon\u00e7alves","date":"20 de junho de 2018","format":false,"excerpt":"Reuni\u00e3o do dia 14 de junho com Subsecret\u00e1rio de Fiscaliza\u00e7\u00e3o da Receita Federal, I\u00e1garo Jung Martins O Comit\u00ea Gestor do eSocial decidiu na tarde de ontem aprovar a reformula\u00e7\u00e3o do calend\u00e1rio de implementa\u00e7\u00e3o do m\u00f3dulo eSocial. A medida atendeu ao pedido da Fenacon, em conjunto com o Conselho Federal de\u2026","rel":"","context":"Em &quot;Departamento Pessoal&quot;","block_context":{"text":"Departamento Pessoal","link":"https:\/\/cfcontabil.com\/cf\/category\/dp\/"},"img":{"alt_text":"","src":"https:\/\/i0.wp.com\/cfcontabil.com\/cf\/wp-content\/uploads\/2017\/06\/esocial-pasta-1.jpg?fit=1000%2C591&ssl=1&resize=350%2C200","width":350,"height":200,"srcset":"https:\/\/i0.wp.com\/cfcontabil.com\/cf\/wp-content\/uploads\/2017\/06\/esocial-pasta-1.jpg?fit=1000%2C591&ssl=1&resize=350%2C200 1x, https:\/\/i0.wp.com\/cfcontabil.com\/cf\/wp-content\/uploads\/2017\/06\/esocial-pasta-1.jpg?fit=1000%2C591&ssl=1&resize=525%2C300 1.5x, https:\/\/i0.wp.com\/cfcontabil.com\/cf\/wp-content\/uploads\/2017\/06\/esocial-pasta-1.jpg?fit=1000%2C591&ssl=1&resize=700%2C400 2x"},"classes":[]},{"id":430,"url":"https:\/\/cfcontabil.com\/cf\/esocial-o-que-e-e-a-quem-interessa\/","url_meta":{"origin":1201,"position":4},"title":"eSocial: o que \u00e9 e a quem interessa","author":"Vin\u00edcius Moizinho","date":"15 de janeiro de 2014","format":false,"excerpt":"Boa tarde, prezados. Para a conversa de hoje trazemos um dos assuntos mais interessantes de 2014, a implanta\u00e7\u00e3o do maior e mais ambicioso projeto do SPED: o SPED Social ou eSocial. O projeto, que envolve a Receita Federal, o Minist\u00e9rio do Trabalho, o INSS e a Caixa Econ\u00f4mica Federal, \u00e9\u2026","rel":"","context":"Em &quot;Consultoria Empresarial&quot;","block_context":{"text":"Consultoria Empresarial","link":"https:\/\/cfcontabil.com\/cf\/category\/consultoria\/"},"img":{"alt_text":"","src":"https:\/\/i0.wp.com\/www.lg.com.br\/esocial\/images\/telas.jpg?resize=350%2C200","width":350,"height":200,"srcset":"https:\/\/i0.wp.com\/www.lg.com.br\/esocial\/images\/telas.jpg?resize=350%2C200 1x, https:\/\/i0.wp.com\/www.lg.com.br\/esocial\/images\/telas.jpg?resize=525%2C300 1.5x"},"classes":[]},{"id":905,"url":"https:\/\/cfcontabil.com\/cf\/esocial-permitira-que-governo-federal-intensifique-fiscalizacoes\/","url_meta":{"origin":1201,"position":5},"title":"eSocial permitir\u00e1 que Governo Federal intensifique fiscaliza\u00e7\u00f5es","author":"Ab\u00edlio Gon\u00e7alves","date":"28 de janeiro de 2017","format":false,"excerpt":"Helio Donin Jr. afirmou que Minist\u00e9rio do Trabalho s\u00f3 tem capacidade para fiscalizar 3% das empresas Unificar as informa\u00e7\u00f5es e cruzar a base de dados para poder identificar poss\u00edveis irregularidades e atuar com a fiscaliza\u00e7\u00e3o \u00e9 um dos objetivos do Governo Federal com a implementa\u00e7\u00e3o do eSocial. Foi o que\u2026","rel":"","context":"Em &quot;Departamento Pessoal&quot;","block_context":{"text":"Departamento Pessoal","link":"https:\/\/cfcontabil.com\/cf\/category\/dp\/"},"img":{"alt_text":"","src":"https:\/\/i0.wp.com\/cfcontabil.com\/cf\/wp-content\/uploads\/2016\/03\/E-social-1-1.jpg?fit=660%2C271&ssl=1&resize=350%2C200","width":350,"height":200,"srcset":"https:\/\/i0.wp.com\/cfcontabil.com\/cf\/wp-content\/uploads\/2016\/03\/E-social-1-1.jpg?fit=660%2C271&ssl=1&resize=350%2C200 1x, https:\/\/i0.wp.com\/cfcontabil.com\/cf\/wp-content\/uploads\/2016\/03\/E-social-1-1.jpg?fit=660%2C271&ssl=1&resize=525%2C300 1.5x"},"classes":[]}],"jetpack_likes_enabled":true,"_links":{"self":[{"href":"https:\/\/cfcontabil.com\/cf\/wp-json\/wp\/v2\/posts\/1201","targetHints":{"allow":["GET"]}}],"collection":[{"href":"https:\/\/cfcontabil.com\/cf\/wp-json\/wp\/v2\/posts"}],"about":[{"href":"https:\/\/cfcontabil.com\/cf\/wp-json\/wp\/v2\/types\/post"}],"author":[{"embeddable":true,"href":"https:\/\/cfcontabil.com\/cf\/wp-json\/wp\/v2\/users\/2"}],"replies":[{"embeddable":true,"href":"https:\/\/cfcontabil.com\/cf\/wp-json\/wp\/v2\/comments?post=1201"}],"version-history":[{"count":0,"href":"https:\/\/cfcontabil.com\/cf\/wp-json\/wp\/v2\/posts\/1201\/revisions"}],"wp:attachment":[{"href":"https:\/\/cfcontabil.com\/cf\/wp-json\/wp\/v2\/media?parent=1201"}],"wp:term":[{"taxonomy":"category","embeddable":true,"href":"https:\/\/cfcontabil.com\/cf\/wp-json\/wp\/v2\/categories?post=1201"},{"taxonomy":"post_tag","embeddable":true,"href":"https:\/\/cfcontabil.com\/cf\/wp-json\/wp\/v2\/tags?post=1201"}],"curies":[{"name":"wp","href":"https:\/\/api.w.org\/{rel}","templated":true}]}}