{"id":1202,"date":"2013-01-09T11:40:56","date_gmt":"2013-01-09T13:40:56","guid":{"rendered":"http:\/\/cfcontabil.com\/cf\/?p=298"},"modified":"2013-01-09T11:40:56","modified_gmt":"2013-01-09T13:40:56","slug":"2013-ano-da-contabilidade-no-brasil","status":"publish","type":"post","link":"https:\/\/cfcontabil.com\/cf\/2013-ano-da-contabilidade-no-brasil\/","title":{"rendered":"2013: ano da Contabilidade no Brasil"},"content":{"rendered":"<p>&nbsp;<\/p>\n<p>O ano de 2013 ser\u00e1, sem d\u00favida, um dos mais importantes para a Contabilidade brasileira. Lideran\u00e7as e \u00f3rg\u00e3os ligados \u00e0 profiss\u00e3o est\u00e3o se unindo para que toda a sociedade saiba e reconhe\u00e7a o verdadeiro papel do profissional da contabilidade.<\/p>\n<p>&nbsp;<\/p>\n<p><a title=\"Ano da Contabilidade no Brasil\" href=\"http:\/\/www.cfc.org.br\/conteudo.aspx?codMenu=67&amp;codConteudo=6861\" target=\"_blank\" rel=\"noopener noreferrer\"><img fetchpriority=\"high\" decoding=\"async\" class=\"aligncenter\" alt=\"Ano da Contabilidade no Brasil\" src=\"http:\/\/www.crcsc.org.br\/arquivosSGC\/BANNER_20121211103353Ano20da20Contabilidade.jpg&amp;w=418&amp;h=238&amp;c=s\" width=\"418\" height=\"238\" \/><\/a><\/p>\n<p>&nbsp;<\/p>\n<p>&nbsp;<\/p>\n<p>Conhe\u00e7a, a seguir, um pouco do projeto.<\/p>\n<p style=\"text-align: right\"><span style=\"font-size: 8px\">Texto originalmente publicado por Fabr\u00edco Santos<\/span><\/p>\n<p style=\"text-align: right\"><!--more--><\/p>\n<p><strong>Apresenta\u00e7\u00e3o<\/strong><\/p>\n<p>O projeto intitulado &#8220;2013: ano da Contabilidade no Brasil&#8221;, ser\u00e1 desenvolvido por meio de um conjunto de a\u00e7\u00f5es sistematizadas e organizadas, com temas relevantes e de import\u00e2ncia durante todo o ano de 2013, nos mais diversos meios e formas de divulga\u00e7\u00e3o, provocando um verdadeiro &#8220;choque de m\u00eddia&#8221;.<\/p>\n<p><strong>Justificativa<\/strong><\/p>\n<p>A Contabilidade Brasileira ocupa atualmente destaque no cen\u00e1rio econ\u00f4mico, pol\u00edtico e social, sendo uma das cinco profiss\u00f5es mais demandadas no mercado de trabalho.<\/p>\n<p>Al\u00e9m disso se posiciona como a linguagem universal dos neg\u00f3cios, e \u00e9 tamb\u00e9m uma das maiores difusoras da responsabilidade socioambiental do mundo.<\/p>\n<p>Assim, a sociedade brasileira precisa compreender o importante papel da Contabilidade no desenvolvimento do pa\u00eds.<br \/>\n<strong>Objetivos<\/strong><\/p>\n<p>\u00b7 Informar a sociedade quais s\u00e3o os servi\u00e7os prestados pelos profissionais da contabilidade;<\/p>\n<p>\u00b7 Conscientizar a popula\u00e7\u00e3o da import\u00e2ncia do profissional da Contabilidade para o desenvolvimento socioecon\u00f4mico do pa\u00eds;<\/p>\n<p>\u00b7 Fortalecer a imagem do profissional da Contabilidade perante a sociedade; como parceiro dos empres\u00e1rios, no que se refere \u00e0 gest\u00e3o do neg\u00f3cio; e do Estado, \u00e0 execu\u00e7\u00e3o da gest\u00e3o p\u00fablica;<\/p>\n<p>\u00b7 Incentivar a demanda por profissionais cont\u00e1beis nas institui\u00e7\u00f5es p\u00fablicas, privadas e do terceiro setor;<\/p>\n<p>\u00b7 Fortalecer o interesse pelos cursos de Ci\u00eancias Cont\u00e1beis em IES;<\/p>\n<p>\u00b7 Fortalecer a demanda de Auditores em organiza\u00e7\u00f5es p\u00fablicas e privadas com o objetivo de aprimorar a gest\u00e3o;<\/p>\n<p>\u00b7 Posicionar o profissional da contabilidade como formador de opini\u00e3o.<\/p>\n<p><strong>Parceiros<\/strong><\/p>\n<p>\u00b7 Academia Brasileira de Ci\u00eancias Cont\u00e1beis &#8211; Abracicon<br \/>\n\u00b7 Funda\u00e7\u00e3o Brasileira de Contabilidade &#8211; FBC<br \/>\n\u00b7 Ernst &amp; Young Terco Auditores Independentes S\/S<br \/>\n\u00b7 Instituto dos Auditores Independentes do Brasil &#8211; Ibracon<br \/>\n\u00b7 IOB Folhamatic<br \/>\n\u00b7 Sindicato das Empresas de Servi\u00e7os Cont\u00e1beis e das Empresas de Assessoramento, Per\u00edcias, Informa\u00e7\u00f5es e Pesquisas &#8211; Sescon-SP<br \/>\n\u00b7 Trevisan Gest\u00e3o, Consultoria e Educa\u00e7\u00e3o<br \/>\n\u00b7 PricewaterhouseCoopers Corporate Finance and Recovery Ltda<br \/>\n\u00b7 BDO RCS Auditores Independentes<br \/>\n\u00b7 Conselho Regional de Contabilidade de S\u00e3o Paulo<br \/>\n\u00b7 Federa\u00e7\u00e3o Nacional das Empresas de Servi\u00e7os Cont\u00e1beis e das Empresas de Assessoramento, Per\u00edcias, Informa\u00e7\u00f5es e Pesquisas &#8211; Fenacon<br \/>\n\u00b7 KPMG Auditores Independentes<br \/>\n\u00b7 Banco Nacional de Desenvolvimento Econ\u00f4mico e Social -BNDES<br \/>\n\u00b7 Deloitte Global Services Limited<br \/>\n\u00b7 Sebrae Nacional<\/p>\n<p style=\"text-align: center\"><img decoding=\"async\" title=\"Divulgue!\" alt=\"Divulgue!\" src=\"http:\/\/sphotos-a.xx.fbcdn.net\/hphotos-ash4\/c0.0.843.403\/p843x403\/380240_127940064031416_167845297_n.jpg\" width=\"404\" height=\"268\" \/><\/p>\n","protected":false},"excerpt":{"rendered":"<p>&nbsp; O ano de 2013 ser\u00e1, sem d\u00favida, um dos mais importantes para a Contabilidade brasileira. Lideran\u00e7as e \u00f3rg\u00e3os ligados \u00e0 profiss\u00e3o est\u00e3o se unindo para que toda a sociedade saiba e reconhe\u00e7a o verdadeiro papel do profissional da contabilidade. &nbsp; &nbsp; &nbsp; Conhe\u00e7a, a seguir, um pouco do projeto. Texto originalmente publicado por Fabr\u00edco [&hellip;]<\/p>\n","protected":false},"author":2,"featured_media":0,"comment_status":"open","ping_status":"open","sticky":false,"template":"","format":"standard","meta":{"jetpack_post_was_ever_published":false,"_jetpack_newsletter_access":"","_jetpack_dont_email_post_to_subs":false,"_jetpack_newsletter_tier_id":0,"_jetpack_memberships_contains_paywalled_content":false,"_jetpack_memberships_contains_paid_content":false,"footnotes":"","jetpack_publicize_message":"","jetpack_publicize_feature_enabled":true,"jetpack_social_post_already_shared":true,"jetpack_social_options":{"image_generator_settings":{"template":"highway","default_image_id":0,"font":"","enabled":false},"version":2}},"categories":[60,69,22],"tags":[103,21,28,35,30,36,32],"class_list":["post-1202","post","type-post","status-publish","format-standard","hentry","category-consultoria","category-contabilidade-2","category-geral","tag-103","tag-contabilidade","tag-departamento","tag-fisco","tag-pessoal","tag-receita-federal","tag-trabalhistas"],"jetpack_publicize_connections":[],"jetpack_featured_media_url":"","jetpack_sharing_enabled":true,"jetpack_shortlink":"https:\/\/wp.me\/p2wklX-jo","jetpack-related-posts":[{"id":424,"url":"https:\/\/cfcontabil.com\/cf\/recesso-e-ferias-coletivas-2013\/","url_meta":{"origin":1202,"position":0},"title":"Recesso e F\u00e9rias Coletivas 2013","author":"Vin\u00edcius Moizinho","date":"20 de dezembro de 2013","format":false,"excerpt":"","rel":"","context":"Em &quot;Consultoria Empresarial&quot;","block_context":{"text":"Consultoria Empresarial","link":"https:\/\/cfcontabil.com\/cf\/category\/consultoria\/"},"img":{"alt_text":"","src":"","width":0,"height":0},"classes":[]},{"id":416,"url":"https:\/\/cfcontabil.com\/cf\/valorizeocontador\/","url_meta":{"origin":1202,"position":1},"title":"#ValorizeOContador","author":"Ab\u00edlio Gon\u00e7alves","date":"5 de dezembro de 2013","format":false,"excerpt":"Hoje a partir das 16h vamos todos participar do Twitta\u00e7o #ValorizeOContador! \u00a0 E deixe uma mensagem valorizando o trabalho da contabilidade! \u00a0 Fonte:\u00a0http:\/\/www.facebook.com\/AnoDaContabilidade","rel":"","context":"Em &quot;Contabilidade em geral&quot;","block_context":{"text":"Contabilidade em geral","link":"https:\/\/cfcontabil.com\/cf\/category\/contabilidade-2\/"},"img":{"alt_text":"","src":"","width":0,"height":0},"classes":[]},{"id":611,"url":"https:\/\/cfcontabil.com\/cf\/x-convencao-de-contabildade-do-distrito-federal\/","url_meta":{"origin":1202,"position":2},"title":"X Conven\u00e7\u00e3o de Contabildade do Distrito Federal","author":"Ab\u00edlio Gon\u00e7alves","date":"10 de setembro de 2015","format":false,"excerpt":"\u201cCom a Contabilidade o Brasil se faz Transparente\u201d Com este tema que o Conselho Regional de Contabilidade do Distrito Federal (CRCDF) realizou a X Conven\u00e7\u00e3o de Contabilidade do Distrito Federal, \u00a0nos dias 20 e 21 de agosto\u00a0na sede da LBV, situada na SGAS 915 Sul. A Conven\u00e7\u00e3o de\u00a0Contabilidade \u00e9 um\u2026","rel":"","context":"Em &quot;Consultoria Empresarial&quot;","block_context":{"text":"Consultoria Empresarial","link":"https:\/\/cfcontabil.com\/cf\/category\/consultoria\/"},"img":{"alt_text":"","src":"https:\/\/i0.wp.com\/cfcontabil.com\/cf\/wp-content\/uploads\/2015\/09\/xconvencaocontabilidadedf-tema-2.png?fit=600%2C600&ssl=1&resize=350%2C200","width":350,"height":200,"srcset":"https:\/\/i0.wp.com\/cfcontabil.com\/cf\/wp-content\/uploads\/2015\/09\/xconvencaocontabilidadedf-tema-2.png?fit=600%2C600&ssl=1&resize=350%2C200 1x, https:\/\/i0.wp.com\/cfcontabil.com\/cf\/wp-content\/uploads\/2015\/09\/xconvencaocontabilidadedf-tema-2.png?fit=600%2C600&ssl=1&resize=525%2C300 1.5x"},"classes":[]},{"id":367,"url":"https:\/\/cfcontabil.com\/cf\/o-contador-na-era-tecnologica\/","url_meta":{"origin":1202,"position":3},"title":"O Contador na Era Tecnol\u00f3gica","author":"Vin\u00edcius Moizinho","date":"18 de setembro de 2013","format":false,"excerpt":"Bom dia, prezados! \u00c9 fato que a internacionaliza\u00e7\u00e3o das normas cont\u00e1beis deu ao contador outro perfil. A ultrapassada imagem que vinculada ao contador brasileiro, como sendo o guarda-livros de caneta atr\u00e1s da orelha, n\u00e3o passa hoje de folclore e caricatura. A abertura dos mercados globais tornou a Contabilidade a quarta\u2026","rel":"","context":"Em &quot;Consultoria Empresarial&quot;","block_context":{"text":"Consultoria Empresarial","link":"https:\/\/cfcontabil.com\/cf\/category\/consultoria\/"},"img":{"alt_text":"","src":"https:\/\/i0.wp.com\/www.serkat.com.br\/img\/topo\/servicos.jpg?resize=350%2C200","width":350,"height":200},"classes":[]},{"id":578,"url":"https:\/\/cfcontabil.com\/cf\/comunicado-recesso-de-fim-de-ano-2014\/","url_meta":{"origin":1202,"position":4},"title":"Comunicado: Recesso de Fim de Ano 2014","author":"Vin\u00edcius Moizinho","date":"19 de dezembro de 2014","format":"aside","excerpt":"","rel":"","context":"Em &quot;Consultoria Empresarial&quot;","block_context":{"text":"Consultoria Empresarial","link":"https:\/\/cfcontabil.com\/cf\/category\/consultoria\/"},"img":{"alt_text":"CF CONTABIL - Recesso e Ferias 2014","src":"https:\/\/i0.wp.com\/cfcontabil.com\/cf\/wp-content\/uploads\/2014\/12\/CF-CONTABIL-Recesso-e-Ferias-2014.png?resize=350%2C200","width":350,"height":200,"srcset":"https:\/\/i0.wp.com\/cfcontabil.com\/cf\/wp-content\/uploads\/2014\/12\/CF-CONTABIL-Recesso-e-Ferias-2014.png?resize=350%2C200 1x, https:\/\/i0.wp.com\/cfcontabil.com\/cf\/wp-content\/uploads\/2014\/12\/CF-CONTABIL-Recesso-e-Ferias-2014.png?resize=525%2C300 1.5x, https:\/\/i0.wp.com\/cfcontabil.com\/cf\/wp-content\/uploads\/2014\/12\/CF-CONTABIL-Recesso-e-Ferias-2014.png?resize=700%2C400 2x"},"classes":[]},{"id":3045,"url":"https:\/\/cfcontabil.com\/cf\/a-importancia-da-contabilidade-no-terceiro-setor-sustentabilidade-e-transparencia-para-associacoes-e-ongs\/","url_meta":{"origin":1202,"position":5},"title":"A Import\u00e2ncia da Contabilidade no Terceiro Setor: Sustentabilidade e Transpar\u00eancia para Associa\u00e7\u00f5es e ONGs","author":"Ab\u00edlio Gon\u00e7alves","date":"9 de dezembro de 2024","format":false,"excerpt":"A contabilidade no terceiro setor desempenha um papel crucial para garantir a integridade e a efici\u00eancia de organiza\u00e7\u00f5es sem fins lucrativos. Associa\u00e7\u00f5es e ONGs, que frequentemente dependem de doa\u00e7\u00f5es e parcerias, precisam de uma base cont\u00e1bil s\u00f3lida para gerenciar recursos, prestar contas e assegurar sua sustentabilidade. Vamos explorar os pilares\u2026","rel":"","context":"Em &quot;Geral&quot;","block_context":{"text":"Geral","link":"https:\/\/cfcontabil.com\/cf\/category\/geral\/"},"img":{"alt_text":"","src":"https:\/\/i0.wp.com\/cfcontabil.com\/cf\/wp-content\/uploads\/2024\/12\/DALL%C2%B7E-2024-12-09-11.02.42-3setor.webp?fit=1200%2C686&ssl=1&resize=350%2C200","width":350,"height":200,"srcset":"https:\/\/i0.wp.com\/cfcontabil.com\/cf\/wp-content\/uploads\/2024\/12\/DALL%C2%B7E-2024-12-09-11.02.42-3setor.webp?fit=1200%2C686&ssl=1&resize=350%2C200 1x, https:\/\/i0.wp.com\/cfcontabil.com\/cf\/wp-content\/uploads\/2024\/12\/DALL%C2%B7E-2024-12-09-11.02.42-3setor.webp?fit=1200%2C686&ssl=1&resize=525%2C300 1.5x, https:\/\/i0.wp.com\/cfcontabil.com\/cf\/wp-content\/uploads\/2024\/12\/DALL%C2%B7E-2024-12-09-11.02.42-3setor.webp?fit=1200%2C686&ssl=1&resize=700%2C400 2x, https:\/\/i0.wp.com\/cfcontabil.com\/cf\/wp-content\/uploads\/2024\/12\/DALL%C2%B7E-2024-12-09-11.02.42-3setor.webp?fit=1200%2C686&ssl=1&resize=1050%2C600 3x"},"classes":[]}],"jetpack_likes_enabled":true,"_links":{"self":[{"href":"https:\/\/cfcontabil.com\/cf\/wp-json\/wp\/v2\/posts\/1202","targetHints":{"allow":["GET"]}}],"collection":[{"href":"https:\/\/cfcontabil.com\/cf\/wp-json\/wp\/v2\/posts"}],"about":[{"href":"https:\/\/cfcontabil.com\/cf\/wp-json\/wp\/v2\/types\/post"}],"author":[{"embeddable":true,"href":"https:\/\/cfcontabil.com\/cf\/wp-json\/wp\/v2\/users\/2"}],"replies":[{"embeddable":true,"href":"https:\/\/cfcontabil.com\/cf\/wp-json\/wp\/v2\/comments?post=1202"}],"version-history":[{"count":0,"href":"https:\/\/cfcontabil.com\/cf\/wp-json\/wp\/v2\/posts\/1202\/revisions"}],"wp:attachment":[{"href":"https:\/\/cfcontabil.com\/cf\/wp-json\/wp\/v2\/media?parent=1202"}],"wp:term":[{"taxonomy":"category","embeddable":true,"href":"https:\/\/cfcontabil.com\/cf\/wp-json\/wp\/v2\/categories?post=1202"},{"taxonomy":"post_tag","embeddable":true,"href":"https:\/\/cfcontabil.com\/cf\/wp-json\/wp\/v2\/tags?post=1202"}],"curies":[{"name":"wp","href":"https:\/\/api.w.org\/{rel}","templated":true}]}}