{"id":1203,"date":"2013-05-24T10:43:20","date_gmt":"2013-05-24T13:43:20","guid":{"rendered":"http:\/\/cfcontabil.com\/cf\/?p=349"},"modified":"2013-05-24T10:43:20","modified_gmt":"2013-05-24T13:43:20","slug":"bons-contadores-contatos-ruins","status":"publish","type":"post","link":"https:\/\/cfcontabil.com\/cf\/bons-contadores-contatos-ruins\/","title":{"rendered":"Bons contadores, contatos ruins"},"content":{"rendered":"<p style=\"text-align: justify\">Salve, salve prezados!<\/p>\n<p style=\"text-align: justify\">Passado quase um m\u00eas do conturbado per\u00edodo onde pessoas f\u00edsicas correm contra o tempo para prestar contas ao n\u00e3o-t\u00e3o-querido-assim le\u00e3o de estima\u00e7\u00e3o do Fisco, volto abordando um tema interessante para reflex\u00e3o.<\/p>\n<p style=\"text-align: justify\">Considere: determinados tipos de servi\u00e7o demandam certo grau de qualifica\u00e7\u00e3o para que sejam realizados. Alguns com maior n\u00edvel de especializa\u00e7\u00e3o, outros com menor. Em qualquer caso existe a exig\u00eancia pelo conhecimento t\u00e9cnico a respeito do assunto que est\u00e1 sendo trabalhado.<\/p>\n<p><img data-recalc-dims=\"1\" decoding=\"async\" class=\"aligncenter\" alt=\"\" src=\"https:\/\/i0.wp.com\/unieducar.org.br\/sites\/default\/files\/imagecache\/product_full\/cursos\/imagens\/curso-de-assistente-de-contabilidade-gratis.jpg?w=1170\" \/><\/p>\n<p>O resultado final, na grande maioria das vezes, ser\u00e1 disponibilizado para usu\u00e1rios com n\u00edveis de conhecimento diversos a respeito do assunto tratado. At\u00e9 sem qualquer conhecimento, talvez.<\/p>\n<p style=\"text-align: justify\">Temos ent\u00e3o um cen\u00e1rio onde existe informa\u00e7\u00e3o gerada sob abordagem t\u00e9cnica que ser\u00e1 interpretada e consumida por usu\u00e1rios com chances de serem leigos sobre o assunto a eles apresentado.<\/p>\n<p style=\"text-align: justify\">Fica a pergunta: o quanto uma situa\u00e7\u00e3o como essa pode afetar o trabalho do prestador de servi\u00e7o?<\/p>\n<p style=\"text-align: justify\">Refor\u00e7ando a proposta de reflex\u00e3o, deixo voc\u00eas com o excelente artigo\u00a0da autora\u00a0<strong>Dora Ramos<\/strong>,\u00a0fundadora e diretora respons\u00e1vel pela <a title=\"Fharos Assessoria Empresarial\" href=\"www.fharos.com.br\" target=\"_blank\" rel=\"noopener noreferrer\">Fharos Assessoria Empresarial<\/a>,\u00a0publicado na\u00a0<a title=\"Revista INcorporativa\" href=\"http:\/\/www.incorporativa.com.br\/\" target=\"_blank\" rel=\"noopener noreferrer\">Revista INcorporativa <\/a>em Maio deste ano.<\/p>\n<p style=\"text-align: justify\">Confira clicando em &#8220;Read more&#8221;!<\/p>\n<p style=\"text-align: justify\"><!--more--><\/p>\n<p style=\"text-align: center\"><span style=\"font-size: 6px\">.<\/span><\/p>\n<p style=\"text-align: center\"><span style=\"font-size: 14px\"><strong>Bons contadores, contatos ruins<\/strong><\/span><\/p>\n<p style=\"text-align: justify\"><em>Por Dora Ramos<\/em><\/p>\n<p style=\"text-align: justify\">Trabalho h\u00e1 mais de vinte anos no ramo da contabilidade. Durante esse tempo j\u00e1 vi diversas situa\u00e7\u00f5es envolvendo empres\u00e1rios, contadores e a conturbada rela\u00e7\u00e3o que pode existir entre eles. Cheguei a uma conclus\u00e3o esclarecedora quanto \u00e0 principal origem dos conflitos e mal-entendidos entre os dois extremos dessa rela\u00e7\u00e3o. Na maioria das vezes, vejo bons empres\u00e1rios, competentes e respons\u00e1veis na sua presta\u00e7\u00e3o de contas e contabilistas igualmente capacitados. Mas um problema s\u00e9rio pode surgir mesmo assim: funcion\u00e1rios sem capacita\u00e7\u00e3o ou treinamento para fazer a linha entre esses dois pontos.<\/p>\n<p><img data-recalc-dims=\"1\" decoding=\"async\" class=\"aligncenter\" alt=\"\" src=\"https:\/\/i0.wp.com\/3.bp.blogspot.com\/_RJur5snCtBg\/Spu7d3vGcUI\/AAAAAAAAAgA\/Fcm7zI-Wx4w\/s320\/briga.jpg?w=1170\" \/><\/p>\n<p style=\"text-align: justify\">Pessoas n\u00e3o familiarizadas com a \u00e1rea cont\u00e1bil podem se tornar um empecilho enorme. As informa\u00e7\u00f5es essenciais para calcular o Imposto de Renda, por exemplo, podem n\u00e3o chegar completas ou a tempo. Prejudica-se o trabalho do contador, a presta\u00e7\u00f5es de contas da empresa e, conseq\u00fcentemente a pr\u00f3pria companhia. Sem n\u00fameros bem calculados, o empres\u00e1rio corre o risco de receber multas desnecess\u00e1rias ou at\u00e9, em um caso extremo, de falir.<\/p>\n<p style=\"text-align: justify\">O curso de Ci\u00eancias Cont\u00e1beis dura, em m\u00e9dia, quatro anos. N\u00e3o podemos esperar que todo contato dentro da empresa seja um contador formado, mas o m\u00ednimo esperado \u00e9 que ele tenha participado de cursos, treinamentos e palestras. Ainda que n\u00e3o tenha tido esse contato formal com os n\u00fameros, faz-se necess\u00e1rio um m\u00ednimo interesse de quem pretende trabalhar nessa \u00e1rea.<\/p>\n<p><img data-recalc-dims=\"1\" decoding=\"async\" class=\"aligncenter\" alt=\"\" src=\"https:\/\/i0.wp.com\/classificadosdesamambaia.com.br\/images\/contabilidade.jpg?w=1170\" \/><\/p>\n<p style=\"text-align: justify\">Matem\u00e1tica, Estat\u00edstica e Direito s\u00e3o algumas das mat\u00e9rias estudadas pelos contabilistas na gradua\u00e7\u00e3o, que esperam ser entendidos por seus interlocutores completamente ao se referirem a elas. N\u00e3o podemos culpar o contador por um trabalho incompreendido, ainda que bem feito, pois a responsabilidade de um processo bem sucedido n\u00e3o \u00e9 s\u00f3 dele.<\/p>\n<p style=\"text-align: justify\">Como resolver esse problema que, com o tempo, pode ficar cada vez mais s\u00e9rio e resultar em preju\u00edzos enormes para a empresa? Invista na ponte que une contadores e funcion\u00e1rios. Pense que essa pessoa n\u00e3o \u00e9 apenas um transmissor de informa\u00e7\u00f5es, mas, tamb\u00e9m um processador dos dados. Um contato bem treinado, com experi\u00eancia e conhecimento b\u00e1sicos em contabilidade, pode ser uma m\u00e3o na roda para o gestor.<\/p>\n<p><img data-recalc-dims=\"1\" decoding=\"async\" class=\"aligncenter\" alt=\"\" src=\"https:\/\/i0.wp.com\/www.sallescontabilidade.com.br\/imagens\/gerais\/contabilidade2.jpg?w=1170\" \/><\/p>\n","protected":false},"excerpt":{"rendered":"<p>Salve, salve prezados! Passado quase um m\u00eas do conturbado per\u00edodo onde pessoas f\u00edsicas correm contra o tempo para prestar contas ao n\u00e3o-t\u00e3o-querido-assim le\u00e3o de estima\u00e7\u00e3o do Fisco, volto abordando um tema interessante para reflex\u00e3o. Considere: determinados tipos de servi\u00e7o demandam certo grau de qualifica\u00e7\u00e3o para que sejam realizados. Alguns com maior n\u00edvel de especializa\u00e7\u00e3o, outros [&hellip;]<\/p>\n","protected":false},"author":2,"featured_media":0,"comment_status":"open","ping_status":"open","sticky":false,"template":"","format":"standard","meta":{"jetpack_post_was_ever_published":false,"_jetpack_newsletter_access":"","_jetpack_dont_email_post_to_subs":false,"_jetpack_newsletter_tier_id":0,"_jetpack_memberships_contains_paywalled_content":false,"_jetpack_memberships_contains_paid_content":false,"footnotes":"","jetpack_publicize_message":"","jetpack_publicize_feature_enabled":true,"jetpack_social_post_already_shared":true,"jetpack_social_options":{"image_generator_settings":{"template":"highway","default_image_id":0,"font":"","enabled":false},"version":2}},"categories":[60,69,22],"tags":[59,21],"class_list":["post-1203","post","type-post","status-publish","format-standard","hentry","category-consultoria","category-contabilidade-2","category-geral","tag-consultoria-2","tag-contabilidade"],"jetpack_publicize_connections":[],"jetpack_featured_media_url":"","jetpack_sharing_enabled":true,"jetpack_shortlink":"https:\/\/wp.me\/p2wklX-jp","jetpack-related-posts":[{"id":367,"url":"https:\/\/cfcontabil.com\/cf\/o-contador-na-era-tecnologica\/","url_meta":{"origin":1203,"position":0},"title":"O Contador na Era Tecnol\u00f3gica","author":"Vin\u00edcius Moizinho","date":"18 de setembro de 2013","format":false,"excerpt":"Bom dia, prezados! \u00c9 fato que a internacionaliza\u00e7\u00e3o das normas cont\u00e1beis deu ao contador outro perfil. A ultrapassada imagem que vinculada ao contador brasileiro, como sendo o guarda-livros de caneta atr\u00e1s da orelha, n\u00e3o passa hoje de folclore e caricatura. A abertura dos mercados globais tornou a Contabilidade a quarta\u2026","rel":"","context":"Em &quot;Consultoria Empresarial&quot;","block_context":{"text":"Consultoria Empresarial","link":"https:\/\/cfcontabil.com\/cf\/category\/consultoria\/"},"img":{"alt_text":"","src":"https:\/\/i0.wp.com\/www.serkat.com.br\/img\/topo\/servicos.jpg?resize=350%2C200","width":350,"height":200},"classes":[]},{"id":1202,"url":"https:\/\/cfcontabil.com\/cf\/2013-ano-da-contabilidade-no-brasil\/","url_meta":{"origin":1203,"position":1},"title":"2013: ano da Contabilidade no Brasil","author":"Vin\u00edcius Moizinho","date":"9 de janeiro de 2013","format":false,"excerpt":"\u00a0 O ano de 2013 ser\u00e1, sem d\u00favida, um dos mais importantes para a Contabilidade brasileira. Lideran\u00e7as e \u00f3rg\u00e3os ligados \u00e0 profiss\u00e3o est\u00e3o se unindo para que toda a sociedade saiba e reconhe\u00e7a o verdadeiro papel do profissional da contabilidade. \u00a0 \u00a0 \u00a0 Conhe\u00e7a, a seguir, um pouco do projeto.\u2026","rel":"","context":"Em &quot;Consultoria Empresarial&quot;","block_context":{"text":"Consultoria Empresarial","link":"https:\/\/cfcontabil.com\/cf\/category\/consultoria\/"},"img":{"alt_text":"Ano da Contabilidade no Brasil","src":"http:\/\/www.crcsc.org.br\/arquivosSGC\/BANNER_20121211103353Ano20da20Contabilidade.jpg&w=418&h=238&c=s","width":350,"height":200},"classes":[]},{"id":2079,"url":"https:\/\/cfcontabil.com\/cf\/conheca-nossa-solucao-digital-para-gestao-de-empresas\/","url_meta":{"origin":1203,"position":2},"title":"Conhe\u00e7a nossa solu\u00e7\u00e3o digital para gest\u00e3o de empresas!","author":"Ab\u00edlio Gon\u00e7alves","date":"16 de janeiro de 2020","format":false,"excerpt":"Queremos que seu neg\u00f3cio permane\u00e7a no AZUL neste novo ano! Semana passada apresentamos ao vivo no Instagram @cfcontabil uma plataforma completa para gest\u00e3o financeira e cont\u00e1bil para pequenas e m\u00e9dias empresas que desejam organiza\u00e7\u00e3o, agilidade e crescimento em 2020. Assista um pouco do que conversamos: https:\/\/www.youtube.com\/watch?v=zsbrNVJ1WCU Acreditamos que a contabilidade\u2026","rel":"","context":"Em &quot;Consultoria Empresarial&quot;","block_context":{"text":"Consultoria Empresarial","link":"https:\/\/cfcontabil.com\/cf\/category\/consultoria\/"},"img":{"alt_text":"","src":"https:\/\/i0.wp.com\/cfcontabil.com\/cf\/wp-content\/uploads\/2020\/01\/tudo-azul-1.jpeg?fit=1200%2C675&ssl=1&resize=350%2C200","width":350,"height":200,"srcset":"https:\/\/i0.wp.com\/cfcontabil.com\/cf\/wp-content\/uploads\/2020\/01\/tudo-azul-1.jpeg?fit=1200%2C675&ssl=1&resize=350%2C200 1x, https:\/\/i0.wp.com\/cfcontabil.com\/cf\/wp-content\/uploads\/2020\/01\/tudo-azul-1.jpeg?fit=1200%2C675&ssl=1&resize=525%2C300 1.5x, https:\/\/i0.wp.com\/cfcontabil.com\/cf\/wp-content\/uploads\/2020\/01\/tudo-azul-1.jpeg?fit=1200%2C675&ssl=1&resize=700%2C400 2x, https:\/\/i0.wp.com\/cfcontabil.com\/cf\/wp-content\/uploads\/2020\/01\/tudo-azul-1.jpeg?fit=1200%2C675&ssl=1&resize=1050%2C600 3x"},"classes":[]},{"id":1028,"url":"https:\/\/cfcontabil.com\/cf\/artigo-a-contabilidade-na-era-da-midia-social\/","url_meta":{"origin":1203,"position":3},"title":"Artigo: A contabilidade na era da m\u00eddia social","author":"Ab\u00edlio Gon\u00e7alves","date":"17 de outubro de 2012","format":false,"excerpt":"Um artigo interessante publicado pelo SESCON de Campinas falando sobre as m\u00eddias digitais, um exemplo para todos os contabilistas, confira a mat\u00e9ria: Como sindicatos, escrit\u00f3rios e editoras est\u00e3o utilizando a internet em busca de divulga\u00e7\u00e3o Houve uma \u00e9poca em que conseguir informa\u00e7\u00f5es sobre o mundo cont\u00e1bil era extremamente dif\u00edcil. Os\u2026","rel":"","context":"Em &quot;Geral&quot;","block_context":{"text":"Geral","link":"https:\/\/cfcontabil.com\/cf\/category\/geral\/"},"img":{"alt_text":"","src":"https:\/\/i0.wp.com\/cfcontabil.com\/cf\/wp-content\/uploads\/2012\/10\/curtirCONTABILIDADE.jpg?resize=350%2C200","width":350,"height":200},"classes":[]},{"id":424,"url":"https:\/\/cfcontabil.com\/cf\/recesso-e-ferias-coletivas-2013\/","url_meta":{"origin":1203,"position":4},"title":"Recesso e F\u00e9rias Coletivas 2013","author":"Vin\u00edcius Moizinho","date":"20 de dezembro de 2013","format":false,"excerpt":"","rel":"","context":"Em &quot;Consultoria Empresarial&quot;","block_context":{"text":"Consultoria Empresarial","link":"https:\/\/cfcontabil.com\/cf\/category\/consultoria\/"},"img":{"alt_text":"","src":"","width":0,"height":0},"classes":[]},{"id":590,"url":"https:\/\/cfcontabil.com\/cf\/homenagem-ao-dia-do-trabalhador\/","url_meta":{"origin":1203,"position":5},"title":"Homenagem ao Dia do Trabalhador","author":"Ab\u00edlio Gon\u00e7alves","date":"30 de abril de 2015","format":"image","excerpt":"","rel":"","context":"Em &quot;Consultoria Empresarial&quot;","block_context":{"text":"Consultoria Empresarial","link":"https:\/\/cfcontabil.com\/cf\/category\/consultoria\/"},"img":{"alt_text":"","src":"https:\/\/i0.wp.com\/cfcontabil.com\/cf\/wp-content\/uploads\/2015\/04\/cropped-contabilidade-assessoria-financeira-brasilia-df2-1410x600_c-2.jpg?fit=1200%2C312&ssl=1&resize=350%2C200","width":350,"height":200,"srcset":"https:\/\/i0.wp.com\/cfcontabil.com\/cf\/wp-content\/uploads\/2015\/04\/cropped-contabilidade-assessoria-financeira-brasilia-df2-1410x600_c-2.jpg?fit=1200%2C312&ssl=1&resize=350%2C200 1x, https:\/\/i0.wp.com\/cfcontabil.com\/cf\/wp-content\/uploads\/2015\/04\/cropped-contabilidade-assessoria-financeira-brasilia-df2-1410x600_c-2.jpg?fit=1200%2C312&ssl=1&resize=525%2C300 1.5x, https:\/\/i0.wp.com\/cfcontabil.com\/cf\/wp-content\/uploads\/2015\/04\/cropped-contabilidade-assessoria-financeira-brasilia-df2-1410x600_c-2.jpg?fit=1200%2C312&ssl=1&resize=700%2C400 2x, https:\/\/i0.wp.com\/cfcontabil.com\/cf\/wp-content\/uploads\/2015\/04\/cropped-contabilidade-assessoria-financeira-brasilia-df2-1410x600_c-2.jpg?fit=1200%2C312&ssl=1&resize=1050%2C600 3x"},"classes":[]}],"jetpack_likes_enabled":true,"_links":{"self":[{"href":"https:\/\/cfcontabil.com\/cf\/wp-json\/wp\/v2\/posts\/1203","targetHints":{"allow":["GET"]}}],"collection":[{"href":"https:\/\/cfcontabil.com\/cf\/wp-json\/wp\/v2\/posts"}],"about":[{"href":"https:\/\/cfcontabil.com\/cf\/wp-json\/wp\/v2\/types\/post"}],"author":[{"embeddable":true,"href":"https:\/\/cfcontabil.com\/cf\/wp-json\/wp\/v2\/users\/2"}],"replies":[{"embeddable":true,"href":"https:\/\/cfcontabil.com\/cf\/wp-json\/wp\/v2\/comments?post=1203"}],"version-history":[{"count":0,"href":"https:\/\/cfcontabil.com\/cf\/wp-json\/wp\/v2\/posts\/1203\/revisions"}],"wp:attachment":[{"href":"https:\/\/cfcontabil.com\/cf\/wp-json\/wp\/v2\/media?parent=1203"}],"wp:term":[{"taxonomy":"category","embeddable":true,"href":"https:\/\/cfcontabil.com\/cf\/wp-json\/wp\/v2\/categories?post=1203"},{"taxonomy":"post_tag","embeddable":true,"href":"https:\/\/cfcontabil.com\/cf\/wp-json\/wp\/v2\/tags?post=1203"}],"curies":[{"name":"wp","href":"https:\/\/api.w.org\/{rel}","templated":true}]}}