{"id":1206,"date":"2016-05-03T09:44:25","date_gmt":"2016-05-03T12:44:25","guid":{"rendered":"http:\/\/cfcontabil.com\/cf\/?p=755"},"modified":"2016-05-03T09:44:25","modified_gmt":"2016-05-03T12:44:25","slug":"nao-entregou-a-declaracao-de-irpf-2016-saiba-o-risco-da-malha-fina","status":"publish","type":"post","link":"https:\/\/cfcontabil.com\/cf\/nao-entregou-a-declaracao-de-irpf-2016-saiba-o-risco-da-malha-fina\/","title":{"rendered":"N\u00e3o entregou a Declara\u00e7\u00e3o de IRPF 2016? Saiba o risco da Malha Fina"},"content":{"rendered":"<h5>O prazo para envio terminou \u00e0s 23h59 de sexta-feira (29).<br \/>\nMulta m\u00ednima \u00e9 de R$ 165,74, mas pode atingir 20% do imposto devido.<\/h5>\n<p style=\"text-align: justify;\">A Receita Federal recebeu <strong>27.960.663<\/strong> declara\u00e7\u00f5es do IR, segundo balan\u00e7o divulgado na madrugada deste s\u00e1bado (30). A estimativa \u00e9 que 239 mil contribuintes tenham perdido o prazo para entregar do documento, pois a Receita esperava receber 28,2 milh\u00f5es de declara\u00e7\u00f5es.<\/p>\n<p style=\"text-align: justify;\">Para quem perdeu o prazo \u00e9 preciso regularizar sua situa\u00e7\u00e3o, ap\u00f3s o envio\u00a0ter\u00e1 30 dias para fazer o pagamento da multa m\u00ednima. Nos casos em que os valores sejam mais elevados, \u00e9 poss\u00edvel procurar uma unidade da Receita para efetuar o parcelamento das d\u00edvidas.<\/p>\n<p style=\"text-align: justify;\">Deixa de declarar\u00a0\u00e9 considerado sonega\u00e7\u00e3o, al\u00e9m do valor da multa ter\u00e1 outras penalidades de acordo com a situa\u00e7\u00e3o com o fisco. Evite transtornos e busque um profissional de contabilidade para analisar sua declara\u00e7\u00e3o. E cuidado com as informa\u00e7\u00f5es prestadas, pois a Receita Federal ampliou as formas de verificar se tudo est\u00e1 correto, o risco de entrar na Malha Fina este ano \u00e9 bem maior. Confira a mat\u00e9ria a seguir:<\/p>\n<p style=\"text-align: justify;\"><img data-recalc-dims=\"1\" decoding=\"async\" class=\"alignleft\" src=\"https:\/\/i0.wp.com\/www.contabeis.com.br\/Arquivar\/_resources\/newsimages\/6f2fe9e31deebd3283d3d6bdab30e85a.jpg?w=1170\" \/><\/p>\n<p style=\"text-align: justify;\">A lista de exemplos de macetes e mentiras dos contribuintes para reduzir o Imposto de Renda a pagar \u00e9 vasta. H\u00e1 quem omite o patrim\u00f4nio, forja pagamento de pens\u00e3o aliment\u00edcia, apresenta renda at\u00e9 mesmo menor do que o aluguel pago e chega a inventar filhos e outros dependentes fantasmas.<\/p>\n<p style=\"text-align: justify;\"><!--more--><\/p>\n<p style=\"text-align: justify;\">Uma das mentiras mais comuns, a de ampliar os gastos com sa\u00fade &#8211; que n\u00e3o t\u00eam limite de abatimento &#8211; est\u00e1 com os dias contados. A partir deste ano, os profissionais liberais (m\u00e9dicos, dentistas, advogados etc.) devem informar o CPF do respons\u00e1vel pelo pagamento dos seus servi\u00e7os \u00e0 Receita Federal, como ainda discriminar o CPF dos clientes e escriturar no livro caixa.<\/p>\n<p style=\"text-align: justify;\">A medida n\u00e3o atinge apenas os profissionais liberais, que ser\u00e3o obrigados a declarar a totalidade de seus rendimentos, mas tamb\u00e9m os seus clientes, que n\u00e3o poder\u00e3o inventar despesas extras.<\/p>\n<p style=\"text-align: justify;\">Outra brecha tamb\u00e9m ser\u00e1 reduzida. Para diminuir os casos de &#8220;dependentes fantasmas&#8221;, a Receita Federal exige que seja informado o CPF para qualquer dependente do IR com idade superior a 14 anos &#8211; antes a obrigatoriedade partia de 16 anos.<\/p>\n<p style=\"text-align: justify;\">Outra mudan\u00e7a recente \u00e9 a e-Financeira. Criada pela Instru\u00e7\u00e3o Normativa RFB n\u00ba 1.571\/2015, a ferramenta apura se o saldo que a pessoa tem em conta corrente \u00e9 compat\u00edvel com sua varia\u00e7\u00e3o patrimonial. A partir da nova norma, os planos de sa\u00fade, bancos, seguradoras, operadoras de fundos de aposentadoria e demais entidades financeiras devem informar \u00e0 Receita Federal qualquer movimenta\u00e7\u00e3o acima de R$ 2 mil para pessoas jur\u00eddicas e de R$ 6 mil para empresas.<\/p>\n<p style=\"text-align: justify;\">&#8220;Fica mais dif\u00edcil o contribuinte sonegar o que realmente ganha. Imagine que um cidad\u00e3o tenha ganho mensal &#8216;oficial&#8217; de R$ 1 mil e movimente no banco ou no cart\u00e3o de cr\u00e9dito R$ 2 mil. Como explicar isso?&#8221;, exemplifica o analista-tribut\u00e1rio da RFB do Sindicato Nacional do Analistas-Tribut\u00e1rios da RFB (Sindireceita), Francisco Pinto.<\/p>\n<p style=\"text-align: justify;\"><strong>Interc\u00e2mbio internacional<\/strong><\/p>\n<p style=\"text-align: justify;\">Segundo o presidente do Sindicato das Empresas de Servi\u00e7os Cont\u00e1beis e das Empresas de Assessoramento, Per\u00edcias, Informa\u00e7\u00f5es e Pesquisas no Estado de S\u00e3o Paulo (Sescon-SP), M\u00e1rcio Massao Shimomoto, a justificativa para essa nova obriga\u00e7\u00e3o \u00e9 a assinatura do Acordo Intergovernamental (IGA), entre o Brasil e os Estados Unidos para a aplica\u00e7\u00e3o do Foreign Account Tax Compliance.<\/p>\n<p style=\"text-align: justify;\">&#8220;Na pr\u00e1tica, trata-se de um interc\u00e2mbio para a troca de informa\u00e7\u00f5es entre os dois pa\u00edses, de modo checar as transa\u00e7\u00f5es comerciais de brasileiros nos Estados Unidos e vice-versa&#8221;, explica. Embora exista a obrigatoriedade da declara\u00e7\u00e3o de bens e de movimenta\u00e7\u00f5es no exterior, caso o contribuinte n\u00e3o declare o Fisco tem agora acesso \u00e0 informa\u00e7\u00e3o.<\/p>\n<p style=\"text-align: justify;\">A evolu\u00e7\u00e3o da fiscaliza\u00e7\u00e3o da Receita Federal est\u00e1 se ampliando e chegou at\u00e9 mesmo \u00e0s redes sociais. No ano passado, durante uma entrevista sobre a entrega das declara\u00e7\u00f5es, o secret\u00e1rio da Receita Federal, Jorge Rachid disse que os fiscais monitoravam as redes na busca de ind\u00edcios de sonega\u00e7\u00e3o.<\/p>\n<p style=\"text-align: justify;\">&#8220;Realmente somos cada vez mais monitorados pela Receita&#8221;, opina Shimomoto, ressaltando que a e-Financeira confere uma transpar\u00eancia maior nas transa\u00e7\u00f5es financeiras e isso d\u00e1 seguran\u00e7a jur\u00eddica ao contribuinte. Entretanto, ele faz uma ressalva: &#8220;a Receita Federal, assim como os demais \u00f3rg\u00e3os fiscais, deveriam centralizar as informa\u00e7\u00f5es e us\u00e1-las, ao inv\u00e9s de exigir sempre mais dados ao contribuinte&#8221;, sentencia.<\/p>\n<p style=\"text-align: justify;\">&#8220;Hoje o Fisco faz o cruzamento de informa\u00e7\u00f5es enviadas do Cadastro Nacional de Pessoa Jur\u00eddica (CNPJ) e do CPF de diferentes segmentos, como sa\u00fade, seguradoras e escrit\u00f3rios de advocacias. No caso de profissionais da sa\u00fade, por exemplo, com a obrigatoriedade da especifica\u00e7\u00e3o do CPF do cliente h\u00e1 um monitoramento total por parte do Fisco. Isso \u00e9 poss\u00edvel porque a Receita Federal evoluiu tecnologicamente a fim de obter o controle de suas opera\u00e7\u00f5es. O resultado se traduz em aumento de arrecada\u00e7\u00e3o com base na tecnologia&#8221;, opina o contador Altair F\u00e1varo.<\/p>\n<p style=\"text-align: justify;\"><strong>Malha fina<\/strong><\/p>\n<p style=\"text-align: justify;\">O presidente do Conselho Regional de Contabilidade do Estado de S\u00e3o Paulo (CRCSP), Gildo Freire de Ara\u00fajo, admite que a intelig\u00eancia fiscal implantada no Pa\u00eds proporciona \u00e0 Receita Federal maior efici\u00eancia na recupera\u00e7\u00e3o de impostos e aplica\u00e7\u00e3o de multas por infra\u00e7\u00e3o. &#8220;Cada vez mais, o Fisco passa a ter as informa\u00e7\u00f5es necess\u00e1rias para o cruzamento fiscal. O contribuinte apenas confirma os dados, alterando ou incluindo, se necess\u00e1ria alguma informa\u00e7\u00e3o, e finalizando o processo com a apura\u00e7\u00e3o tribut\u00e1ria final&#8221;, diz.<\/p>\n<p style=\"text-align: justify;\">Ara\u00fajo acredita que o cruzamento de informa\u00e7\u00f5es da Receita levar\u00e1 a um aumento no n\u00famero de retidos na malha fina. Entretanto, os n\u00fameros da Receita Federal n\u00e3o confirmam essa hip\u00f3tese. Ap\u00f3s o processamento das declara\u00e7\u00f5es de IRPF 2015, 617.695 permaneceram na malha fina. A quantidade de declara\u00e7\u00f5es retidas hoje em malha fiscal corresponde a 2,1% do total de 29.593.673 (originais e retificadoras) de Declara\u00e7\u00e3o de Imposto de Renda Pessoa F\u00edsica 2015 (DIRPF) entregues e 2,3% das DIRPF 2015 originais, que somaram 27.239.930. &#8220;No passado n\u00e3o muito distante, esse percentual chegava a 4% do total de declara\u00e7\u00f5es retidas&#8221;, lembra o analista-tribut\u00e1rio do Sindireceita.<\/p>\n<p style=\"text-align: justify;\"><em>Com informa\u00e7\u00f5es da Receita Federal e\u00a0DCI &#8211; SP.<\/em><\/p>\n","protected":false},"excerpt":{"rendered":"<p>O prazo para envio terminou \u00e0s 23h59 de sexta-feira (29). Multa m\u00ednima \u00e9 de R$ 165,74, mas pode atingir 20% do imposto devido. A Receita Federal recebeu 27.960.663 declara\u00e7\u00f5es do IR, segundo balan\u00e7o divulgado na madrugada deste s\u00e1bado (30). A estimativa \u00e9 que 239 mil contribuintes tenham perdido o prazo para entregar do documento, pois [&hellip;]<\/p>\n","protected":false},"author":3,"featured_media":756,"comment_status":"open","ping_status":"open","sticky":false,"template":"","format":"standard","meta":{"jetpack_post_was_ever_published":false,"_jetpack_newsletter_access":"","_jetpack_dont_email_post_to_subs":false,"_jetpack_newsletter_tier_id":0,"_jetpack_memberships_contains_paywalled_content":false,"_jetpack_memberships_contains_paid_content":false,"footnotes":"","jetpack_publicize_message":"","jetpack_publicize_feature_enabled":true,"jetpack_social_post_already_shared":true,"jetpack_social_options":{"image_generator_settings":{"template":"highway","default_image_id":0,"font":"","enabled":false},"version":2}},"categories":[22],"tags":[21,225,35,108,229,115,226,116,111],"class_list":["post-1206","post","type-post","status-publish","format-standard","has-post-thumbnail","hentry","category-geral","tag-contabilidade","tag-fina","tag-fisco","tag-imposto","tag-ir","tag-irpf","tag-malha","tag-prazo","tag-renda"],"jetpack_publicize_connections":[],"jetpack_featured_media_url":"https:\/\/i0.wp.com\/cfcontabil.com\/cf\/wp-content\/uploads\/2016\/05\/Imposto_Renda_IR_Prazo-1.jpg?fit=620%2C412&ssl=1","jetpack_sharing_enabled":true,"jetpack_shortlink":"https:\/\/wp.me\/p2wklX-js","jetpack-related-posts":[{"id":1146,"url":"https:\/\/cfcontabil.com\/cf\/perdeu-o-prazo-para-a-declaracao-do-imposto-de-renda-veja-o-que-fazer\/","url_meta":{"origin":1206,"position":0},"title":"Perdeu o prazo para a declara\u00e7\u00e3o do Imposto de Renda? Veja o que fazer","author":"Ab\u00edlio Gon\u00e7alves","date":"29 de abril de 2017","format":false,"excerpt":"O prazo para enviar a declara\u00e7\u00e3o do imposto de renda acabou na sexta-feira (28). Alguns brasileiros perderam o prazo e n\u00e3o acertaram as contas com o Le\u00e3o. A especialista em imposto de renda da Thompson Reuters, Vanessa Miranda, explica que o melhor caminho \u00e9 baixar o programa e mandar a\u2026","rel":"","context":"Em &quot;Departamento Fiscal&quot;","block_context":{"text":"Departamento Fiscal","link":"https:\/\/cfcontabil.com\/cf\/category\/df\/"},"img":{"alt_text":"","src":"https:\/\/i0.wp.com\/cfcontabil.com\/cf\/wp-content\/uploads\/2017\/02\/irpf2017-1.png?fit=490%2C247&ssl=1&resize=350%2C200","width":350,"height":200},"classes":[]},{"id":1225,"url":"https:\/\/cfcontabil.com\/cf\/programa-da-dirpf-2017-ja-esta-disponivel-para-download\/","url_meta":{"origin":1206,"position":1},"title":"Programa da DIRPF 2017 j\u00e1 est\u00e1 dispon\u00edvel para download","author":"Ab\u00edlio Gon\u00e7alves","date":"23 de fevereiro de 2017","format":false,"excerpt":"Encontra-se dispon\u00edvel para instala\u00e7\u00e3o o programa do Imposto de Renda Pessoa F\u00edsica 2017, para quem quer antecipar os lan\u00e7amentos na sua declara\u00e7\u00e3o. Acesse:\u00a0http:\/\/idg.receita.fazenda.gov.br\/interface\/cidadao\/irpf\/2017\/download Lembre-se: a temporada de entrega das declara\u00e7\u00f5es come\u00e7a somente depois do carnaval, em 2 de mar\u00e7o, e se estende at\u00e9 28 de abril. Os contribuintes que enviarem\u2026","rel":"","context":"Em &quot;Departamento Fiscal&quot;","block_context":{"text":"Departamento Fiscal","link":"https:\/\/cfcontabil.com\/cf\/category\/df\/"},"img":{"alt_text":"","src":"https:\/\/i0.wp.com\/cfcontabil.com\/cf\/wp-content\/uploads\/2017\/02\/irpf2017-1.png?fit=490%2C247&ssl=1&resize=350%2C200","width":350,"height":200},"classes":[]},{"id":752,"url":"https:\/\/cfcontabil.com\/cf\/ate-ontem-mais-de-6-milhoes-ainda-nao-declararam-ir\/","url_meta":{"origin":1206,"position":2},"title":"At\u00e9 ontem mais de 6 milh\u00f5es ainda n\u00e3o declararam IR","author":"Ab\u00edlio Gon\u00e7alves","date":"29 de abril de 2016","format":false,"excerpt":"Esse total esperado\u00a0representa 22,1% das 28,5 milh\u00f5es de declara\u00e7\u00f5es esperadas. Prazo vai at\u00e9 dia 29; Fisco recebeu at\u00e9 hoje 22,18 milh\u00f5es de declara\u00e7\u00f5es. A Receita Federal informou que recebeu, at\u00e9 as 11h desta quinta-feira (28), 22,18 milh\u00f5es de declara\u00e7\u00f5es de Imposto de Renda Pessoa F\u00edsica (IRPF) 2016, ano-base 2015. Com\u2026","rel":"","context":"Em &quot;Geral&quot;","block_context":{"text":"Geral","link":"https:\/\/cfcontabil.com\/cf\/category\/geral\/"},"img":{"alt_text":"IRPF","src":"https:\/\/i0.wp.com\/cfcontabil.com\/cf\/wp-content\/uploads\/2016\/04\/IRPF.jpg?resize=350%2C200","width":350,"height":200,"srcset":"https:\/\/i0.wp.com\/cfcontabil.com\/cf\/wp-content\/uploads\/2016\/04\/IRPF.jpg?resize=350%2C200 1x, https:\/\/i0.wp.com\/cfcontabil.com\/cf\/wp-content\/uploads\/2016\/04\/IRPF.jpg?resize=525%2C300 1.5x, https:\/\/i0.wp.com\/cfcontabil.com\/cf\/wp-content\/uploads\/2016\/04\/IRPF.jpg?resize=700%2C400 2x"},"classes":[]},{"id":596,"url":"https:\/\/cfcontabil.com\/cf\/ultimo-dia-para-o-irpf-2015-e-hoje\/","url_meta":{"origin":1206,"position":3},"title":"\u00daltimo dia para o IRPF 2015 \u00e9 hoje!","author":"Ab\u00edlio Gon\u00e7alves","date":"30 de abril de 2015","format":false,"excerpt":"Faltando poucas horas para encerrar o prazo da Declara\u00e7\u00e3o do Imposto de Renda ainda tem muito contribuinte em busca de acertar as contas com o le\u00e3o. E para quem deixou a declara\u00e7\u00e3o do Imposto de Renda 2015 para as \u00faltimas horas do prazo, \u00e0s 23h59min de hoje,\u00a0vale ficar atento \u00e0s\u2026","rel":"","context":"Em &quot;Geral&quot;","block_context":{"text":"Geral","link":"https:\/\/cfcontabil.com\/cf\/category\/geral\/"},"img":{"alt_text":"","src":"https:\/\/i0.wp.com\/cfcontabil.com\/cf\/wp-content\/uploads\/2015\/04\/leao-2.jpg?fit=620%2C412&ssl=1&resize=350%2C200","width":350,"height":200,"srcset":"https:\/\/i0.wp.com\/cfcontabil.com\/cf\/wp-content\/uploads\/2015\/04\/leao-2.jpg?fit=620%2C412&ssl=1&resize=350%2C200 1x, https:\/\/i0.wp.com\/cfcontabil.com\/cf\/wp-content\/uploads\/2015\/04\/leao-2.jpg?fit=620%2C412&ssl=1&resize=525%2C300 1.5x"},"classes":[]},{"id":1138,"url":"https:\/\/cfcontabil.com\/cf\/mais-de-7-milhoes-de-contribuintes-deixam-o-ir-para-a-ultima-hora\/","url_meta":{"origin":1206,"position":4},"title":"Mais de 7 milh\u00f5es de contribuintes deixam o IR para a \u00faltima hora","author":"Ab\u00edlio Gon\u00e7alves","date":"26 de abril de 2017","format":false,"excerpt":"A Receita Federal informou que at\u00e9 o fim dessa quarta-feira, dia 26, recebeu cerca de 20,89 milh\u00f5es de declara\u00e7\u00f5es do Imposto de Renda da Pessoa F\u00edsica (IRPF) 2017. O que significa que quase 8 milh\u00f5es de contribuintes est\u00e3o deixando para os \u00faltimos momentos, pois s\u00e3o esperados 28,3 milh\u00f5es de documentos.\u2026","rel":"","context":"Em &quot;Departamento Fiscal&quot;","block_context":{"text":"Departamento Fiscal","link":"https:\/\/cfcontabil.com\/cf\/category\/df\/"},"img":{"alt_text":"","src":"","width":0,"height":0},"classes":[]},{"id":1210,"url":"https:\/\/cfcontabil.com\/cf\/voce-pode-ja-estar-devendo-para-a-receita-antes-mesmo-de-declarar-seu-ir\/","url_meta":{"origin":1206,"position":5},"title":"Voc\u00ea pode j\u00e1 estar devendo para a Receita antes mesmo de declarar seu IR","author":"Ab\u00edlio Gon\u00e7alves","date":"10 de fevereiro de 2017","format":false,"excerpt":"Existem algumas situa\u00e7\u00f5es em que a mordida do Le\u00e3o acontece muito antes do fim de abril, quando termina o prazo para apresentar a declara\u00e7\u00e3o. Voc\u00ea ainda nem pensou em preparar a declara\u00e7\u00e3o de Imposto de Renda deste ano, mas pode j\u00e1 estar devendo para a Receita Federal. Existem algumas situa\u00e7\u00f5es\u2026","rel":"","context":"Em &quot;Departamento Fiscal&quot;","block_context":{"text":"Departamento Fiscal","link":"https:\/\/cfcontabil.com\/cf\/category\/df\/"},"img":{"alt_text":"","src":"https:\/\/i0.wp.com\/cfcontabil.com\/cf\/wp-content\/uploads\/2016\/04\/leao_do_imposto_de_renda.jpg?resize=350%2C200","width":350,"height":200,"srcset":"https:\/\/i0.wp.com\/cfcontabil.com\/cf\/wp-content\/uploads\/2016\/04\/leao_do_imposto_de_renda.jpg?resize=350%2C200 1x, https:\/\/i0.wp.com\/cfcontabil.com\/cf\/wp-content\/uploads\/2016\/04\/leao_do_imposto_de_renda.jpg?resize=525%2C300 1.5x"},"classes":[]}],"jetpack_likes_enabled":true,"_links":{"self":[{"href":"https:\/\/cfcontabil.com\/cf\/wp-json\/wp\/v2\/posts\/1206","targetHints":{"allow":["GET"]}}],"collection":[{"href":"https:\/\/cfcontabil.com\/cf\/wp-json\/wp\/v2\/posts"}],"about":[{"href":"https:\/\/cfcontabil.com\/cf\/wp-json\/wp\/v2\/types\/post"}],"author":[{"embeddable":true,"href":"https:\/\/cfcontabil.com\/cf\/wp-json\/wp\/v2\/users\/3"}],"replies":[{"embeddable":true,"href":"https:\/\/cfcontabil.com\/cf\/wp-json\/wp\/v2\/comments?post=1206"}],"version-history":[{"count":0,"href":"https:\/\/cfcontabil.com\/cf\/wp-json\/wp\/v2\/posts\/1206\/revisions"}],"wp:featuredmedia":[{"embeddable":true,"href":"https:\/\/cfcontabil.com\/cf\/wp-json\/wp\/v2\/media\/756"}],"wp:attachment":[{"href":"https:\/\/cfcontabil.com\/cf\/wp-json\/wp\/v2\/media?parent=1206"}],"wp:term":[{"taxonomy":"category","embeddable":true,"href":"https:\/\/cfcontabil.com\/cf\/wp-json\/wp\/v2\/categories?post=1206"},{"taxonomy":"post_tag","embeddable":true,"href":"https:\/\/cfcontabil.com\/cf\/wp-json\/wp\/v2\/tags?post=1206"}],"curies":[{"name":"wp","href":"https:\/\/api.w.org\/{rel}","templated":true}]}}