{"id":1208,"date":"2017-01-16T14:15:02","date_gmt":"2017-01-16T16:15:02","guid":{"rendered":"http:\/\/cfcontabil.com\/cf\/?p=807"},"modified":"2017-01-16T14:15:02","modified_gmt":"2017-01-16T16:15:02","slug":"opcao-para-2017-simples-nacional-simei","status":"publish","type":"post","link":"https:\/\/cfcontabil.com\/cf\/opcao-para-2017-simples-nacional-simei\/","title":{"rendered":"Op\u00e7\u00e3o Para 2017: SIMPLES NACIONAL &#8211; SIMEI"},"content":{"rendered":"<p style=\"text-align: center;\" align=\"justify\"><span style=\"font-family: Arial; font-size: small;\">O prazo de op\u00e7\u00e3o pelo regime do <span style=\"color: #0000ff;\"><strong>\u201cSimples Nacional\u201d<\/strong><\/span> e do <span style=\"color: #0000ff;\"><strong>\u201cSIMEI\u201d <\/strong><\/span>encerrar\u00e1 no <span style=\"color: #0000ff;\"><strong>dia 31.01.2017<\/strong><\/span>.<\/span><\/p>\n<p style=\"text-align: justify;\" align=\"justify\"><img data-recalc-dims=\"1\" fetchpriority=\"high\" decoding=\"async\" class=\"aligncenter size-full\" src=\"https:\/\/i0.wp.com\/jornalocal.com.br\/site\/wp-content\/uploads\/2012\/01\/2012_01_3108_09_0431493simplesncaional.jpg?resize=450%2C288\" alt=\"\" width=\"450\" height=\"288\" \/><\/p>\n<p style=\"text-align: justify;\" align=\"justify\"><span style=\"font-family: Arial; font-size: small;\">A op\u00e7\u00e3o poder\u00e1 ser realizada para o contribuinte que se enquadrar nas defini\u00e7\u00f5es do artigo 3\u00b0 da Lei Complementar n\u00b0 123\/2006 e n\u00e3o se enquadrar nas veda\u00e7\u00f5es listadas no <a href=\"http:\/\/www.econeteditora.com.br\/bdi\/lei\/06\/lei123_complementar_2006.asp#art17\" target=\"_parent\" rel=\"noopener noreferrer\">artigo 17<\/a>.<\/span><\/p>\n<p style=\"text-align: justify;\" align=\"justify\"><span style=\"font-family: Arial; font-size: small;\">O local para realizar o pedido \u00e9 no Portal do Simples Nacional, caso n\u00e3o haja pend\u00eancias, o pedido ser\u00e1 deferido; havendo pend\u00eancias, devem ser regularizadas at\u00e9 o prazo final.<\/span><\/p>\n<p style=\"text-align: justify;\" align=\"justify\"><span style=\"font-family: Arial; font-size: small;\">D\u00e9bitos com exigibilidade n\u00e3o suspensa ou irregularidade cadastral com as Fazendas P\u00fablicas Federal, Estadual ou Municipal s\u00e3o um dos itens de veda\u00e7\u00e3o \u00e0 op\u00e7\u00e3o pelo Simples Nacional.<\/span><\/p>\n<p style=\"text-align: justify;\" align=\"justify\"><span style=\"font-family: Arial; font-size: small;\">O optante ter\u00e1 o resultado da op\u00e7\u00e3o por meio do acompanhamento do pedido pelo pr\u00f3prio contribuinte. A op\u00e7\u00e3o \u00e9 irretrat\u00e1vel para todo o ano-calend\u00e1rio, podendo ser cancelada at\u00e9 o final do prazo da op\u00e7\u00e3o.<\/span><\/p>\n<p style=\"text-align: justify;\" align=\"justify\"><span style=\"font-family: Arial; font-size: small;\">Para o agendamento que n\u00e3o foi aceito em 2016, o contribuinte poder\u00e1 realizar a op\u00e7\u00e3o at\u00e9 o final do m\u00eas de janeiro.<\/span><\/p>\n","protected":false},"excerpt":{"rendered":"<p>O prazo de op\u00e7\u00e3o pelo regime do \u201cSimples Nacional\u201d e do \u201cSIMEI\u201d encerrar\u00e1 no dia 31.01.2017. A op\u00e7\u00e3o poder\u00e1 ser realizada para o contribuinte que se enquadrar nas defini\u00e7\u00f5es do artigo 3\u00b0 da Lei Complementar n\u00b0 123\/2006 e n\u00e3o se enquadrar nas veda\u00e7\u00f5es listadas no artigo 17. O local para realizar o pedido \u00e9 no [&hellip;]<\/p>\n","protected":false},"author":3,"featured_media":0,"comment_status":"open","ping_status":"open","sticky":false,"template":"","format":"standard","meta":{"jetpack_post_was_ever_published":false,"_jetpack_newsletter_access":"","_jetpack_dont_email_post_to_subs":false,"_jetpack_newsletter_tier_id":0,"_jetpack_memberships_contains_paywalled_content":false,"_jetpack_memberships_contains_paid_content":false,"footnotes":"","jetpack_publicize_message":"","jetpack_publicize_feature_enabled":true,"jetpack_social_post_already_shared":true,"jetpack_social_options":{"image_generator_settings":{"template":"highway","default_image_id":0,"font":"","enabled":false},"version":2}},"categories":[46],"tags":[257,211,282,283,259,213,284],"class_list":["post-1208","post","type-post","status-publish","format-standard","hentry","category-df","tag-mei","tag-nacional","tag-opcao","tag-regime","tag-simei","tag-simples","tag-tributario"],"jetpack_publicize_connections":[],"jetpack_featured_media_url":"","jetpack_sharing_enabled":true,"jetpack_shortlink":"https:\/\/wp.me\/p2wklX-ju","jetpack-related-posts":[{"id":412,"url":"https:\/\/cfcontabil.com\/cf\/agendamento-da-opcao-pelo-simples-nacional-2014\/","url_meta":{"origin":1208,"position":0},"title":"Agendamento da Op\u00e7\u00e3o pelo Simples Nacional 2014","author":"Vin\u00edcius Moizinho","date":"4 de dezembro de 2013","format":false,"excerpt":"Bom dia, prezados! O recado hoje \u00e9 bem r\u00e1pido. Gostar\u00edamos de lembr\u00e1-los que j\u00e1\u00a0est\u00e1 dispon\u00edvel o servi\u00e7o de agendamento da op\u00e7\u00e3o pelo Simples Nacional para o ano-calend\u00e1rio 2014.\u00a0 \u00a0 Confira maiores detalhes! Agendamento para o ano-calend\u00e1rio 2014 Conforme \u00e9 explicado pela Receita Federal, esse servi\u00e7o objetiva facilitar o processo de\u2026","rel":"","context":"Em &quot;Contabilidade em geral&quot;","block_context":{"text":"Contabilidade em geral","link":"https:\/\/cfcontabil.com\/cf\/category\/contabilidade-2\/"},"img":{"alt_text":"","src":"https:\/\/i0.wp.com\/www.mauronegruni.com.br\/wp-content\/uploads\/2013\/09\/simplesNacional2192-300x3001.jpg?resize=350%2C200","width":350,"height":200},"classes":[]},{"id":2401,"url":"https:\/\/cfcontabil.com\/cf\/pequenas-empresas-tem-ate-o-dia-29-de-janeiro-para-aderir-ao-simples-nacional\/","url_meta":{"origin":1208,"position":1},"title":"Pequenas empresas t\u00eam at\u00e9 o dia 29 de janeiro para aderir ao Simples Nacional","author":"Ab\u00edlio Gon\u00e7alves","date":"12 de janeiro de 2021","format":false,"excerpt":"Solicita\u00e7\u00e3o \u00e9 realizada somente pela internet e pode ser feita tanto por empresas j\u00e1 em atividade como para as que est\u00e3o em in\u00edcio de funcionamento. As microempresas e empresas de pequeno porte t\u00eam at\u00e9 o dia 29 de janeiro para optar pelo regime tribut\u00e1rio do Simples Nacional. A solicita\u00e7\u00e3o pode\u2026","rel":"","context":"Em &quot;Contabilidade em geral&quot;","block_context":{"text":"Contabilidade em geral","link":"https:\/\/cfcontabil.com\/cf\/category\/contabilidade-2\/"},"img":{"alt_text":"","src":"https:\/\/i0.wp.com\/cfcontabil.com\/cf\/wp-content\/uploads\/2020\/11\/Simples_Blog.jpg.600x335_q85_box-022957556_crop_detail.jpg?fit=600%2C335&ssl=1&resize=350%2C200","width":350,"height":200,"srcset":"https:\/\/i0.wp.com\/cfcontabil.com\/cf\/wp-content\/uploads\/2020\/11\/Simples_Blog.jpg.600x335_q85_box-022957556_crop_detail.jpg?fit=600%2C335&ssl=1&resize=350%2C200 1x, https:\/\/i0.wp.com\/cfcontabil.com\/cf\/wp-content\/uploads\/2020\/11\/Simples_Blog.jpg.600x335_q85_box-022957556_crop_detail.jpg?fit=600%2C335&ssl=1&resize=525%2C300 1.5x"},"classes":[]},{"id":861,"url":"https:\/\/cfcontabil.com\/cf\/opcao-pelo-simples-nacional\/","url_meta":{"origin":1208,"position":2},"title":"Op\u00e7\u00e3o pelo Simples Nacional","author":"Ab\u00edlio Gon\u00e7alves","date":"23 de janeiro de 2017","format":false,"excerpt":"Podem optar pelo Simples Nacional as microempresas (ME) e empresas de pequeno porte (EPP) que n\u00e3o incorram em nenhuma das veda\u00e7\u00f5es previstas na Lei Complementar 123, de 2006. A empresa poder\u00e1 fazer novo pedido de op\u00e7\u00e3o pelo Simples Nacional at\u00e9 o dia 31\/01\/2017. Conhe\u00e7a os detalhes previstos para a situa\u00e7\u00e3o\u2026","rel":"","context":"Em &quot;Consultoria Empresarial&quot;","block_context":{"text":"Consultoria Empresarial","link":"https:\/\/cfcontabil.com\/cf\/category\/consultoria\/"},"img":{"alt_text":"","src":"https:\/\/i0.wp.com\/cfcontabil.com\/cf\/wp-content\/uploads\/2017\/01\/simples-1.jpg?fit=520%2C271&ssl=1&resize=350%2C200","width":350,"height":200},"classes":[]},{"id":2047,"url":"https:\/\/cfcontabil.com\/cf\/empresas-que-nao-regularizaram-pendencias-sao-excluidas-do-simples\/","url_meta":{"origin":1208,"position":3},"title":"Empresas que n\u00e3o regularizaram pend\u00eancias s\u00e3o exclu\u00eddas do Simples","author":"Ab\u00edlio Gon\u00e7alves","date":"14 de janeiro de 2020","format":false,"excerpt":"Contribuinte que resolver situa\u00e7\u00e3o poder\u00e1 pedir reinclus\u00e3o no regime As micro e pequenas empresas que n\u00e3o regularizaram as pend\u00eancias com o Simples Nacional \u2013 regime tribut\u00e1rio especial para pequenos neg\u00f3cios \u2013 foram exclu\u00eddas do programa no in\u00edcio de 2020 (dia 1\u00ba). Elas ter\u00e3o at\u00e9 31 de janeiro para resolverem a\u2026","rel":"","context":"Em \"Exclus\u00e3o\"","block_context":{"text":"Exclus\u00e3o","link":"https:\/\/cfcontabil.com\/cf\/tag\/exclusao\/"},"img":{"alt_text":"","src":"https:\/\/i0.wp.com\/cfcontabil.com\/cf\/wp-content\/uploads\/2020\/01\/exclusao-simples-nacional.jpg?fit=600%2C310&ssl=1&resize=350%2C200","width":350,"height":200,"srcset":"https:\/\/i0.wp.com\/cfcontabil.com\/cf\/wp-content\/uploads\/2020\/01\/exclusao-simples-nacional.jpg?fit=600%2C310&ssl=1&resize=350%2C200 1x, https:\/\/i0.wp.com\/cfcontabil.com\/cf\/wp-content\/uploads\/2020\/01\/exclusao-simples-nacional.jpg?fit=600%2C310&ssl=1&resize=525%2C300 1.5x"},"classes":[]},{"id":1869,"url":"https:\/\/cfcontabil.com\/cf\/receita-federal-ameaca-17-mil-empresas-por-dividas-no-df\/","url_meta":{"origin":1208,"position":4},"title":"Receita Federal amea\u00e7a 17 mil empresas por d\u00edvidas no DF","author":"Ab\u00edlio Gon\u00e7alves","date":"11 de novembro de 2019","format":false,"excerpt":"Inadimpl\u00eancia deve ser quitada at\u00e9 fim do ano para que empresariado n\u00e3o seja for\u00e7ado a deixar o Simples Nacional e ver riscos ao neg\u00f3cio Receita Federal\u00a0decidiu mirar em 17.304 microempresas e empresas de pequeno porte do Distrito Federal que optaram pelo sistema\u00a0Simples Nacional\u00a0e mant\u00eam d\u00edvidas com o Fisco nacional. A\u2026","rel":"","context":"Em &quot;Departamento Fiscal&quot;","block_context":{"text":"Departamento Fiscal","link":"https:\/\/cfcontabil.com\/cf\/category\/df\/"},"img":{"alt_text":"","src":"https:\/\/i0.wp.com\/cfcontabil.com\/cf\/wp-content\/uploads\/2017\/02\/receita-federal-1-1.png?fit=702%2C325&ssl=1&resize=350%2C200","width":350,"height":200,"srcset":"https:\/\/i0.wp.com\/cfcontabil.com\/cf\/wp-content\/uploads\/2017\/02\/receita-federal-1-1.png?fit=702%2C325&ssl=1&resize=350%2C200 1x, https:\/\/i0.wp.com\/cfcontabil.com\/cf\/wp-content\/uploads\/2017\/02\/receita-federal-1-1.png?fit=702%2C325&ssl=1&resize=525%2C300 1.5x, https:\/\/i0.wp.com\/cfcontabil.com\/cf\/wp-content\/uploads\/2017\/02\/receita-federal-1-1.png?fit=702%2C325&ssl=1&resize=700%2C400 2x"},"classes":[]},{"id":2533,"url":"https:\/\/cfcontabil.com\/cf\/mei-tem-ate-31-de-agosto-de-2021-para-regularizar-seus-debitos\/","url_meta":{"origin":1208,"position":5},"title":"MEI tem at\u00e9 31 de agosto de 2021 para regularizar seus d\u00e9bitos","author":"Ab\u00edlio Gon\u00e7alves","date":"5 de agosto de 2021","format":false,"excerpt":"At\u00e9 o dia 31\/08\/2021, o MEI\u00a0poder\u00e1\u00a0regularizar\u00a0seus d\u00e9bitos (INSS, ISS e ICMS)\u00a0por meio de recolhimento em DAS, acessando o\u00a0PGMEI,\u00a0ou\u00a0parcelando.\u00a0 A\u00a0partir de setembro, a Receita Federal (RFB) encaminhar\u00e1\u00a0os d\u00e9bitos\u00a0apurados nas\u00a0Declara\u00e7\u00f5es Anuais Simplificadas para o Microempreendedor Individual\u00a0(DASN-Simei), n\u00e3o regularizados, para inscri\u00e7\u00e3o em D\u00edvida Ativa. O envio \u00e0 D\u00edvida Ativa ser\u00e1 da seguinte forma:\u2013\u2026","rel":"","context":"Em &quot;Geral&quot;","block_context":{"text":"Geral","link":"https:\/\/cfcontabil.com\/cf\/category\/geral\/"},"img":{"alt_text":"","src":"https:\/\/i0.wp.com\/cfcontabil.com\/cf\/wp-content\/uploads\/2017\/03\/mei-micro-empreendedor-individual-696x287-1.jpg?fit=696%2C287&ssl=1&resize=350%2C200","width":350,"height":200,"srcset":"https:\/\/i0.wp.com\/cfcontabil.com\/cf\/wp-content\/uploads\/2017\/03\/mei-micro-empreendedor-individual-696x287-1.jpg?fit=696%2C287&ssl=1&resize=350%2C200 1x, https:\/\/i0.wp.com\/cfcontabil.com\/cf\/wp-content\/uploads\/2017\/03\/mei-micro-empreendedor-individual-696x287-1.jpg?fit=696%2C287&ssl=1&resize=525%2C300 1.5x"},"classes":[]}],"jetpack_likes_enabled":true,"_links":{"self":[{"href":"https:\/\/cfcontabil.com\/cf\/wp-json\/wp\/v2\/posts\/1208","targetHints":{"allow":["GET"]}}],"collection":[{"href":"https:\/\/cfcontabil.com\/cf\/wp-json\/wp\/v2\/posts"}],"about":[{"href":"https:\/\/cfcontabil.com\/cf\/wp-json\/wp\/v2\/types\/post"}],"author":[{"embeddable":true,"href":"https:\/\/cfcontabil.com\/cf\/wp-json\/wp\/v2\/users\/3"}],"replies":[{"embeddable":true,"href":"https:\/\/cfcontabil.com\/cf\/wp-json\/wp\/v2\/comments?post=1208"}],"version-history":[{"count":0,"href":"https:\/\/cfcontabil.com\/cf\/wp-json\/wp\/v2\/posts\/1208\/revisions"}],"wp:attachment":[{"href":"https:\/\/cfcontabil.com\/cf\/wp-json\/wp\/v2\/media?parent=1208"}],"wp:term":[{"taxonomy":"category","embeddable":true,"href":"https:\/\/cfcontabil.com\/cf\/wp-json\/wp\/v2\/categories?post=1208"},{"taxonomy":"post_tag","embeddable":true,"href":"https:\/\/cfcontabil.com\/cf\/wp-json\/wp\/v2\/tags?post=1208"}],"curies":[{"name":"wp","href":"https:\/\/api.w.org\/{rel}","templated":true}]}}