{"id":1211,"date":"2017-02-13T06:00:46","date_gmt":"2017-02-13T08:00:46","guid":{"rendered":"http:\/\/cfcontabil.com\/cf\/?p=946"},"modified":"2017-02-13T06:00:46","modified_gmt":"2017-02-13T08:00:46","slug":"conhecer-o-ponto-de-equilibrio-e-a-margem-de-seguranca-conduz-a-certeza","status":"publish","type":"post","link":"https:\/\/cfcontabil.com\/cf\/conhecer-o-ponto-de-equilibrio-e-a-margem-de-seguranca-conduz-a-certeza\/","title":{"rendered":"Conhecer o ponto de equil\u00edbrio e a margem de seguran\u00e7a conduz \u00e0 certeza"},"content":{"rendered":"<p style=\"text-align: justify;\">Saber qual \u00e9 o ponto de equil\u00edbrio de cada produto ou servi\u00e7o e especialmente o ponto de equil\u00edbrio geral da empresa \u00e9 fundamental.<\/p>\n<p style=\"text-align: justify;\">Ambos s\u00e3o baluartes que sustentam e garantem confian\u00e7a na tomada de decis\u00e3o.<\/p>\n<p style=\"text-align: justify;\"><img data-recalc-dims=\"1\" fetchpriority=\"high\" decoding=\"async\" class=\"aligncenter size-full\" src=\"https:\/\/i0.wp.com\/sites.google.com\/site\/davidcasarotto\/_\/rsrc\/1317488962445\/ponto-de-equilibrio-contabil-financeiro-e-gerencial\/Sem%20t%C3%ADtulo.jpg?resize=665%2C336&#038;ssl=1\" width=\"665\" height=\"336\" \/><\/p>\n<p style=\"text-align: justify;\">Confira o artigo completo:<!--more--><\/p>\n<p class=\"CorpoA\" style=\"text-align: justify;\">Muito se fala em Ponto de Equil\u00edbrio (PE), dividido em Cont\u00e1bil, Econ\u00f4mico e Financeiro ou de Caixa. Com este instrumento \u00e9 poss\u00edvel calcular o montante de faturamento m\u00ednimo necess\u00e1rio somente para cobrir todos os custos e despesas vari\u00e1veis e fixos, portanto sem restar lucro. No c\u00e1lculo do PE Cont\u00e1bil s\u00e3o considerados todos os custos e despesas; j\u00e1 no PE Econ\u00f4mico \u00e9 acrescido o custo de oportunidade (perspectiva de ganho em outro investimento) e no PE Financeiro desconsideram-se a deprecia\u00e7\u00e3o e a amortiza\u00e7\u00e3o, pois tratam-se de custos que n\u00e3o afetam o caixa (despesas n\u00e3o pagas, apenas escrituradas).<\/p>\n<p class=\"CorpoA\" style=\"text-align: justify;\">\u00a0Agora que est\u00e1 entendido que o Ponto de Equil\u00edbrio nada mais \u00e9 do que um indicador de seguran\u00e7a que apresenta o quanto \u00e9 necess\u00e1rio vender para igualar os custos totais envolvidos na opera\u00e7\u00e3o \u00e9 necess\u00e1rio pensar se tal indicador tem valor para o neg\u00f3cio em an\u00e1lise, ou seja, para que serve.<\/p>\n<p class=\"CorpoA\" style=\"text-align: justify;\">\u00a0Uma empresa que explora a presta\u00e7\u00e3o de servi\u00e7os cont\u00e1beis tamb\u00e9m pode calcular o PE, ou seja, o faturamento m\u00ednimo necess\u00e1rio para cobrir todos os custos envolvidos (funcion\u00e1rios, encargos e despesas fixas e vari\u00e1veis). Com este indicador sempre atualizado a luz vermelha ser\u00e1 acesa prontamente para sinalizar a necessidade de tomar decis\u00f5es: buscar novos clientes, aproveitar melhor os clientes da carteira ou, a parte que mais d\u00f3i, reduzir os custos envolvidos, o que muitas vezes implica no corte de funcion\u00e1rios.<\/p>\n<p class=\"CorpoA\" style=\"text-align: justify;\">\u00a0 Para exemplificar considere uma empresa cont\u00e1bil que possui os custos fixos totais de R$ 60 mil reais (incluso os sal\u00e1rios) e 12% de impostos sobre o faturamento. Uma simples conta mostra que o faturar R$ 68.181,82 \u00e9 suficiente para cobrir todos os custos. Se o faturamento m\u00e9dio mensal da empresa for de R$ 100 mil, a Margem de Seguran\u00e7a ser\u00e1 maior que 30%, ou seja, n\u00e3o haver\u00e1 preju\u00edzo se perder clientes ou o faturamento for reduzido em at\u00e9 31,82% ((100.000,00 \u2013 68.181,82) \/ 100.000,00).<\/p>\n<p class=\"CorpoA\" style=\"text-align: justify;\">\u00a0Segue a demonstra\u00e7\u00e3o do c\u00e1lculo do Ponto de Equil\u00edbrio:<\/p>\n<p class=\"CorpoA\" style=\"text-align: justify;\">PE = CT \/ (100% &#8211; CV), onde: CT = Custos Totais, CV = Custos Vari\u00e1veis)<\/p>\n<p class=\"CorpoA\" style=\"text-align: justify;\">PE = 60.000,00 \/ (100% &#8211; 12%) = 68.181,82<\/p>\n<p class=\"CorpoA\" style=\"text-align: justify;\">\u00a0 Desta forma sabe-se que ap\u00f3s o PE (68.181,82) come\u00e7ar\u00e1 o lucro, o que n\u00e3o significa dizer que todo excedente seja o lucro. Ainda \u00e9 necess\u00e1rio deduzir os custos vari\u00e1veis, neste caso os 12% dos impostos. Ent\u00e3o, no caso do faturamento de R$ 100 mil com excedente de R$ 31.818,18 (100.000,00 \u2013 61.181,82), ap\u00f3s deduzir o imposto de R$ 3.818,18 (31.818,18 x 12%) o lucro l\u00edquido ser\u00e1 R$ 28.000,00 (31.818,18 \u2013 3.818,18), ou seja, 28% do faturamento total.<\/p>\n<p class=\"CorpoA\" style=\"text-align: justify;\">\u00a0O indicador PE n\u00e3o tem por finalidade acomodar o gestor que honrar\u00e1 todos os compromissos sabendo que o faturamento pode cair 30% ou mais. Sem informa\u00e7\u00f5es, a perda de um cliente tira a calma do empres\u00e1rio, vira motivo de exagerada preocupa\u00e7\u00e3o e \u00e0s vezes at\u00e9 mesmo de atitudes precipitadas, como a rescis\u00e3o de contratos de trabalho de alguns auxiliares. Conhecer o Ponto de Equil\u00edbrio possibilita considerar se o impacto do contrato perdido \u00e9 significativo e a buscar solu\u00e7\u00f5es mais adequadas.<\/p>\n<p class=\"CorpoA\" style=\"text-align: justify;\">\u00a0O empres\u00e1rio pode definir a margem de seguran\u00e7a ideal. Quanto maior, melhor, pois o desejo \u00e9 de que o faturamento sempre cres\u00e7a, mas em determinados momentos ocorre o oposto ao almejado.<\/p>\n<p class=\"CorpoA\" style=\"text-align: justify;\">\u00a0 \u00c9 vital controlar o desespero, o que \u00e9 feito com informa\u00e7\u00f5es de qualidade. E, neste sentido, tanto o Ponto de Equil\u00edbrio quanto a Margem de Seguran\u00e7a no faturamento s\u00e3o duas das quais nunca se deve abrir m\u00e3o.<\/p>\n<p class=\"CorpoA\" style=\"text-align: right;\"><strong>Autor do artigo:\u00a0<\/strong><\/p>\n<div class=\"top\" style=\"text-align: right;\">\n<h4>Gilmar Duarte &#8211; Contador<\/h4>\n<\/div>\n<div class=\"clear\" style=\"text-align: right;\"><\/div>\n<p style=\"text-align: right;\">Palestrante, autor dos livros &#8220;Honor\u00e1rios Cont\u00e1beis&#8221; e &#8220;Como Ganhar Dinheiro na Presta\u00e7\u00e3o de Servi\u00e7os&#8221;, contador, diretor do Grupo Dygran e membro da Copsec do Sescap\/PR. <a href=\"http:\/\/www.gilmarduarte.com.br\/\" target=\"_blank\" rel=\"nofollow noopener noreferrer\">http:\/\/www.gilmarduarte.com.br<\/a>\u00a0&#8211; facebook.com\/GilmarDuartePalestrante<\/p>\n<p style=\"text-align: right;\"><em>Fonte: Portal Cont\u00e1beis<\/em><\/p>\n","protected":false},"excerpt":{"rendered":"<p>Saber qual \u00e9 o ponto de equil\u00edbrio de cada produto ou servi\u00e7o e especialmente o ponto de equil\u00edbrio geral da empresa \u00e9 fundamental. Ambos s\u00e3o baluartes que sustentam e garantem confian\u00e7a na tomada de decis\u00e3o. Confira o artigo completo:<\/p>\n","protected":false},"author":3,"featured_media":1492,"comment_status":"open","ping_status":"open","sticky":false,"template":"","format":"standard","meta":{"jetpack_post_was_ever_published":false,"_jetpack_newsletter_access":"","_jetpack_dont_email_post_to_subs":false,"_jetpack_newsletter_tier_id":0,"_jetpack_memberships_contains_paywalled_content":false,"_jetpack_memberships_contains_paid_content":false,"footnotes":"","jetpack_publicize_message":"","jetpack_publicize_feature_enabled":true,"jetpack_social_post_already_shared":true,"jetpack_social_options":{"image_generator_settings":{"template":"highway","default_image_id":0,"font":"","enabled":false},"version":2}},"categories":[69],"tags":[388,389,94,21,390,391,392,393],"class_list":["post-1211","post","type-post","status-publish","format-standard","has-post-thumbnail","hentry","category-contabilidade-2","tag-analise","tag-balanco","tag-calculo","tag-contabilidade","tag-equilibrio","tag-margem","tag-ponto","tag-seguranca"],"jetpack_publicize_connections":[],"jetpack_featured_media_url":"https:\/\/i0.wp.com\/cfcontabil.com\/cf\/wp-content\/uploads\/2017\/02\/Contabilidade-Geral-1.jpg?fit=2000%2C1333&ssl=1","jetpack_sharing_enabled":true,"jetpack_shortlink":"https:\/\/wp.me\/p2wklX-jx","jetpack-related-posts":[{"id":1830,"url":"https:\/\/cfcontabil.com\/cf\/o-futuro-do-profissional-de-contabilidade-e-a-inteligencia-artificial\/","url_meta":{"origin":1211,"position":0},"title":"O futuro do Profissional de Contabilidade e a Intelig\u00eancia Artificial","author":"Ab\u00edlio Gon\u00e7alves","date":"30 de outubro de 2019","format":false,"excerpt":"Vivemos num tempo de grande avan\u00e7o tecnol\u00f3gico. Esse avan\u00e7o atingiu praticamente todas as \u00e1reas do conhecimento humano e em velocidade exponencial. Como ficam o contabilista e a Contabilidade nesse contexto? Vivemos num tempo de grande avan\u00e7o tecnol\u00f3gico. Esse avan\u00e7o atingiu praticamente todas as \u00e1reas do conhecimento humano e em velocidade\u2026","rel":"","context":"Em &quot;Contabilidade em geral&quot;","block_context":{"text":"Contabilidade em geral","link":"https:\/\/cfcontabil.com\/cf\/category\/contabilidade-2\/"},"img":{"alt_text":"","src":"https:\/\/i0.wp.com\/cfcontabil.com\/cf\/wp-content\/uploads\/2019\/10\/servi%C3%A7o_software.jpg?fit=701%2C438&ssl=1&resize=350%2C200","width":350,"height":200,"srcset":"https:\/\/i0.wp.com\/cfcontabil.com\/cf\/wp-content\/uploads\/2019\/10\/servi%C3%A7o_software.jpg?fit=701%2C438&ssl=1&resize=350%2C200 1x, https:\/\/i0.wp.com\/cfcontabil.com\/cf\/wp-content\/uploads\/2019\/10\/servi%C3%A7o_software.jpg?fit=701%2C438&ssl=1&resize=525%2C300 1.5x, https:\/\/i0.wp.com\/cfcontabil.com\/cf\/wp-content\/uploads\/2019\/10\/servi%C3%A7o_software.jpg?fit=701%2C438&ssl=1&resize=700%2C400 2x"},"classes":[]},{"id":1203,"url":"https:\/\/cfcontabil.com\/cf\/bons-contadores-contatos-ruins\/","url_meta":{"origin":1211,"position":1},"title":"Bons contadores, contatos ruins","author":"Vin\u00edcius Moizinho","date":"24 de maio de 2013","format":false,"excerpt":"Salve, salve prezados! Passado quase um m\u00eas do conturbado per\u00edodo onde pessoas f\u00edsicas correm contra o tempo para prestar contas ao n\u00e3o-t\u00e3o-querido-assim le\u00e3o de estima\u00e7\u00e3o do Fisco, volto abordando um tema interessante para reflex\u00e3o. Considere: determinados tipos de servi\u00e7o demandam certo grau de qualifica\u00e7\u00e3o para que sejam realizados. Alguns com\u2026","rel":"","context":"Em &quot;Consultoria Empresarial&quot;","block_context":{"text":"Consultoria Empresarial","link":"https:\/\/cfcontabil.com\/cf\/category\/consultoria\/"},"img":{"alt_text":"","src":"","width":0,"height":0},"classes":[]},{"id":2989,"url":"https:\/\/cfcontabil.com\/cf\/dicas-para-iniciar-seu-negocio\/","url_meta":{"origin":1211,"position":2},"title":"DICAS PARA INICIAR SEU NEG\u00d3CIO","author":"Ab\u00edlio Gon\u00e7alves","date":"16 de maio de 2024","format":false,"excerpt":"A jornada de empreender um neg\u00f3cio \u00e9 repleta de desafios emocionantes, mas tamb\u00e9m pode ser um terreno escorregadio onde muitas empresas acabam fechando prematuramente, muitas vezes por falta de preparo e orienta\u00e7\u00e3o adequada desde o in\u00edcio. Aqui na CF CONT\u00c1BIL DIGITAL, entendemos o qu\u00e3o crucial \u00e9 o papel da contabilidade\u2026","rel":"","context":"Em &quot;Geral&quot;","block_context":{"text":"Geral","link":"https:\/\/cfcontabil.com\/cf\/category\/geral\/"},"img":{"alt_text":"","src":"https:\/\/i0.wp.com\/cfcontabil.com\/cf\/wp-content\/uploads\/2024\/05\/cfcontabil-blog-dicas-empreender.png?fit=1200%2C675&ssl=1&resize=350%2C200","width":350,"height":200,"srcset":"https:\/\/i0.wp.com\/cfcontabil.com\/cf\/wp-content\/uploads\/2024\/05\/cfcontabil-blog-dicas-empreender.png?fit=1200%2C675&ssl=1&resize=350%2C200 1x, https:\/\/i0.wp.com\/cfcontabil.com\/cf\/wp-content\/uploads\/2024\/05\/cfcontabil-blog-dicas-empreender.png?fit=1200%2C675&ssl=1&resize=525%2C300 1.5x, https:\/\/i0.wp.com\/cfcontabil.com\/cf\/wp-content\/uploads\/2024\/05\/cfcontabil-blog-dicas-empreender.png?fit=1200%2C675&ssl=1&resize=700%2C400 2x, https:\/\/i0.wp.com\/cfcontabil.com\/cf\/wp-content\/uploads\/2024\/05\/cfcontabil-blog-dicas-empreender.png?fit=1200%2C675&ssl=1&resize=1050%2C600 3x"},"classes":[]},{"id":45,"url":"https:\/\/cfcontabil.com\/cf\/estamos-de-olho\/","url_meta":{"origin":1211,"position":3},"title":"Estamos de olho!","author":"Vin\u00edcius Moizinho","date":"6 de julho de 2012","format":false,"excerpt":"Boas not\u00edcias, contadores. No \u00faltimo dia 04 (quarta-feira) obtivemos uma importante apesar de n\u00e3o t\u00e3o expressiva vit\u00f3ria. Representantes da classe cont\u00e1bil do pa\u00eds, acompanhados da Vice-Presiidente de Fiscaliza\u00e7\u00e3o, \u00c9tica e Disciplina do CRC\/DF, Sandra Maria Batista, foram ao gabinete do Senador Armando Monteiro (PTB\/PE) para discutir o Projeto de Lei\u2026","rel":"","context":"Em &quot;Geral&quot;","block_context":{"text":"Geral","link":"https:\/\/cfcontabil.com\/cf\/category\/geral\/"},"img":{"alt_text":"","src":"https:\/\/i0.wp.com\/2.bp.blogspot.com\/-QYahUhbnBrk\/TaO68CjbxtI\/AAAAAAAAAKw\/oD_MP2Jsxug\/s1600\/Contabilidade.JPG?resize=350%2C200","width":350,"height":200},"classes":[]},{"id":3045,"url":"https:\/\/cfcontabil.com\/cf\/a-importancia-da-contabilidade-no-terceiro-setor-sustentabilidade-e-transparencia-para-associacoes-e-ongs\/","url_meta":{"origin":1211,"position":4},"title":"A Import\u00e2ncia da Contabilidade no Terceiro Setor: Sustentabilidade e Transpar\u00eancia para Associa\u00e7\u00f5es e ONGs","author":"Ab\u00edlio Gon\u00e7alves","date":"9 de dezembro de 2024","format":false,"excerpt":"A contabilidade no terceiro setor desempenha um papel crucial para garantir a integridade e a efici\u00eancia de organiza\u00e7\u00f5es sem fins lucrativos. Associa\u00e7\u00f5es e ONGs, que frequentemente dependem de doa\u00e7\u00f5es e parcerias, precisam de uma base cont\u00e1bil s\u00f3lida para gerenciar recursos, prestar contas e assegurar sua sustentabilidade. Vamos explorar os pilares\u2026","rel":"","context":"Em &quot;Geral&quot;","block_context":{"text":"Geral","link":"https:\/\/cfcontabil.com\/cf\/category\/geral\/"},"img":{"alt_text":"","src":"https:\/\/i0.wp.com\/cfcontabil.com\/cf\/wp-content\/uploads\/2024\/12\/DALL%C2%B7E-2024-12-09-11.02.42-3setor.webp?fit=1200%2C686&ssl=1&resize=350%2C200","width":350,"height":200,"srcset":"https:\/\/i0.wp.com\/cfcontabil.com\/cf\/wp-content\/uploads\/2024\/12\/DALL%C2%B7E-2024-12-09-11.02.42-3setor.webp?fit=1200%2C686&ssl=1&resize=350%2C200 1x, https:\/\/i0.wp.com\/cfcontabil.com\/cf\/wp-content\/uploads\/2024\/12\/DALL%C2%B7E-2024-12-09-11.02.42-3setor.webp?fit=1200%2C686&ssl=1&resize=525%2C300 1.5x, https:\/\/i0.wp.com\/cfcontabil.com\/cf\/wp-content\/uploads\/2024\/12\/DALL%C2%B7E-2024-12-09-11.02.42-3setor.webp?fit=1200%2C686&ssl=1&resize=700%2C400 2x, https:\/\/i0.wp.com\/cfcontabil.com\/cf\/wp-content\/uploads\/2024\/12\/DALL%C2%B7E-2024-12-09-11.02.42-3setor.webp?fit=1200%2C686&ssl=1&resize=1050%2C600 3x"},"classes":[]},{"id":2293,"url":"https:\/\/cfcontabil.com\/cf\/dia-do-trabalho-pandemia-da-covid-19-trouxe-mudancas-na-rotina-dos-profissionais-da-contabilidade\/","url_meta":{"origin":1211,"position":5},"title":"Dia do Trabalho: Pandemia da Covid-19 trouxe mudan\u00e7as na rotina dos profissionais da contabilidade","author":"Ab\u00edlio Gon\u00e7alves","date":"5 de maio de 2020","format":false,"excerpt":"A limita\u00e7\u00e3o do contato social e da circula\u00e7\u00e3o de pessoas, como forma de combate e controle \u00e0 pandemia da Covid-19, e a crise econ\u00f4mica gerada pela doen\u00e7a impactaram diretamente na vida do trabalhador. Como um elo importante da cadeia econ\u00f4mica dos pa\u00edses, os profissionais da contabilidade sentem os efeitos da\u2026","rel":"","context":"Em &quot;Geral&quot;","block_context":{"text":"Geral","link":"https:\/\/cfcontabil.com\/cf\/category\/geral\/"},"img":{"alt_text":"","src":"https:\/\/i0.wp.com\/cfcontabil.com\/cf\/wp-content\/uploads\/2020\/04\/coronavirus-continentes-mundo.jpeg?resize=350%2C200","width":350,"height":200,"srcset":"https:\/\/i0.wp.com\/cfcontabil.com\/cf\/wp-content\/uploads\/2020\/04\/coronavirus-continentes-mundo.jpeg?resize=350%2C200 1x, https:\/\/i0.wp.com\/cfcontabil.com\/cf\/wp-content\/uploads\/2020\/04\/coronavirus-continentes-mundo.jpeg?resize=525%2C300 1.5x"},"classes":[]}],"jetpack_likes_enabled":true,"_links":{"self":[{"href":"https:\/\/cfcontabil.com\/cf\/wp-json\/wp\/v2\/posts\/1211","targetHints":{"allow":["GET"]}}],"collection":[{"href":"https:\/\/cfcontabil.com\/cf\/wp-json\/wp\/v2\/posts"}],"about":[{"href":"https:\/\/cfcontabil.com\/cf\/wp-json\/wp\/v2\/types\/post"}],"author":[{"embeddable":true,"href":"https:\/\/cfcontabil.com\/cf\/wp-json\/wp\/v2\/users\/3"}],"replies":[{"embeddable":true,"href":"https:\/\/cfcontabil.com\/cf\/wp-json\/wp\/v2\/comments?post=1211"}],"version-history":[{"count":0,"href":"https:\/\/cfcontabil.com\/cf\/wp-json\/wp\/v2\/posts\/1211\/revisions"}],"wp:featuredmedia":[{"embeddable":true,"href":"https:\/\/cfcontabil.com\/cf\/wp-json\/wp\/v2\/media\/1492"}],"wp:attachment":[{"href":"https:\/\/cfcontabil.com\/cf\/wp-json\/wp\/v2\/media?parent=1211"}],"wp:term":[{"taxonomy":"category","embeddable":true,"href":"https:\/\/cfcontabil.com\/cf\/wp-json\/wp\/v2\/categories?post=1211"},{"taxonomy":"post_tag","embeddable":true,"href":"https:\/\/cfcontabil.com\/cf\/wp-json\/wp\/v2\/tags?post=1211"}],"curies":[{"name":"wp","href":"https:\/\/api.w.org\/{rel}","templated":true}]}}