{"id":1212,"date":"2017-02-17T06:00:16","date_gmt":"2017-02-17T08:00:16","guid":{"rendered":"http:\/\/cfcontabil.com\/cf\/?p=949"},"modified":"2017-02-17T06:00:16","modified_gmt":"2017-02-17T08:00:16","slug":"autonomos-e-profissionais-liberais-tem-ate-28-de-fevereiro-para-recolher-a-contribuicao-sindical","status":"publish","type":"post","link":"https:\/\/cfcontabil.com\/cf\/autonomos-e-profissionais-liberais-tem-ate-28-de-fevereiro-para-recolher-a-contribuicao-sindical\/","title":{"rendered":"Aut\u00f4nomos e profissionais liberais t\u00eam at\u00e9 28 de fevereiro para recolher a contribui\u00e7\u00e3o sindical"},"content":{"rendered":"<p style=\"text-align: justify;\"><strong>Pagamento deve ser feito mesmo que o profissional n\u00e3o seja sindicalizado<\/strong><\/p>\n<p style=\"text-align: justify;\">Todos os profissionais com registro de aut\u00f4nomos e profissionais liberais s\u00e3o obrigados a recolher a contribui\u00e7\u00e3o sindical anual. O prazo termina em 28 de fevereiro.\u00a0 O pagamento precisa ser feito mesmo que o trabalhador n\u00e3o seja filiado a nenhum sindicato.<\/p>\n<p style=\"text-align: justify;\"><img fetchpriority=\"high\" decoding=\"async\" class=\"aligncenter size-full\" src=\"https:\/\/encrypted-tbn1.gstatic.com\/images?q=tbn:ANd9GcRWaj6YRu9L3lYxtPHsWHfVBSXxtxHgPjUe5BXY3sQVkeCURtDsMg\" width=\"302\" height=\"167\" \/><br \/>\nO recolhimento \u00e9 feito em favor do sindicato de classe que representa o profissional. Est\u00e3o isentos apenas os profissionais que confirmarem que a atividade exercida n\u00e3o tem fins lucrativos. Essa comprova\u00e7\u00e3o deve ser feita por meio de um requerimento dirigido ao Minist\u00e9rio do Trabalho.<\/p>\n<p>Para fazer o pagamento, o aut\u00f4nomo vai precisar de uma Guia de Recolhimento de Contribui\u00e7\u00e3o Sindical Urbana (GRCSU), dispon\u00edvel em todos os canais da Caixa, como ag\u00eancias banc\u00e1rias, casas lot\u00e9ricas, correspondentes banc\u00e1rios e postos de autoatendimento. As ag\u00eancias do Banco do Brasil e os estabelecimentos banc\u00e1rios integrantes do Sistema de Arrecada\u00e7\u00e3o de Tributos Federais tamb\u00e9m disponibilizam a Guia.<\/p>\n<p>Como calcular o valor da contribui\u00e7\u00e3o:<!--more--><\/p>\n<p style=\"text-align: justify;\">O valor da contribui\u00e7\u00e3o est\u00e1 expresso no artigo 580 da Consolida\u00e7\u00e3o das Leis do Trabalho (CLT) http:\/\/www.planalto.gov.br\/ccivil_03\/leis\/L6386.htm, e segue as seguintes regras:<\/p>\n<p>&#8211; Trabalhadores aut\u00f4nomos e profissionais liberais contribuem com 30% do maior Valor de Refer\u00eancia, fixado pelo Poder Executivo. O valor atual \u00e9 de R$ 19,0083.<\/p>\n<p>&#8211; Aqueles organizados em firma ou empresa, com capital social registrado, recolher\u00e3o a contribui\u00e7\u00e3o sindical de acordo com a tabela progressiva.<\/p>\n<p>&#8211; As organiza\u00e7\u00f5es que n\u00e3o estejam obrigadas ao registro de capital social para efeito do c\u00e1lculo da contribui\u00e7\u00e3o sindical dever\u00e3o considerar o valor resultante de 40% sobre o movimento econ\u00f4mico registrado no exerc\u00edcio anterior (artigo 580, \u00a7 5\u00b0 da CLT) para chegar ao capital social. Depois de estabelecerem esse valor, devem fazer o c\u00e1lculo conforme a tabela acima.\u00a0 Esse c\u00e1lculo deve ser informado \u00e0 respectiva entidade sindical ou ao Minist\u00e9rio do Trabalho.<\/p>\n<p>Fonte: www.trabalho.gov.br<\/p>\n","protected":false},"excerpt":{"rendered":"<p>Pagamento deve ser feito mesmo que o profissional n\u00e3o seja sindicalizado Todos os profissionais com registro de aut\u00f4nomos e profissionais liberais s\u00e3o obrigados a recolher a contribui\u00e7\u00e3o sindical anual. O prazo termina em 28 de fevereiro.\u00a0 O pagamento precisa ser feito mesmo que o trabalhador n\u00e3o seja filiado a nenhum sindicato. O recolhimento \u00e9 feito [&hellip;]<\/p>\n","protected":false},"author":3,"featured_media":1493,"comment_status":"open","ping_status":"open","sticky":false,"template":"","format":"standard","meta":{"jetpack_post_was_ever_published":false,"_jetpack_newsletter_access":"","_jetpack_dont_email_post_to_subs":false,"_jetpack_newsletter_tier_id":0,"_jetpack_memberships_contains_paywalled_content":false,"_jetpack_memberships_contains_paid_content":false,"footnotes":"","jetpack_publicize_message":"#Aut\u00f4nomos e #profissionais #liberais t\u00eam at\u00e9 28 de fevereiro para recolher a contribui\u00e7\u00e3o sindical","jetpack_publicize_feature_enabled":true,"jetpack_social_post_already_shared":true,"jetpack_social_options":{"image_generator_settings":{"template":"highway","default_image_id":0,"font":"","enabled":false},"version":2}},"categories":[29],"tags":[394,289,96,334,395,396],"class_list":["post-1212","post","type-post","status-publish","format-standard","has-post-thumbnail","hentry","category-dp","tag-autonomo","tag-contribuicao","tag-pagamento","tag-profissional","tag-sindical","tag-valor"],"jetpack_publicize_connections":[],"jetpack_featured_media_url":"https:\/\/i0.wp.com\/cfcontabil.com\/cf\/wp-content\/uploads\/2017\/02\/profissionais-1.jpg?fit=650%2C400&ssl=1","jetpack_sharing_enabled":true,"jetpack_shortlink":"https:\/\/wp.me\/p2wklX-jy","jetpack-related-posts":[{"id":1057,"url":"https:\/\/cfcontabil.com\/cf\/contribuicao-sindical-dos-trabalhadores-e-descontada-em-marco\/","url_meta":{"origin":1212,"position":0},"title":"Contribui\u00e7\u00e3o sindical dos trabalhadores \u00e9 descontada em mar\u00e7o","author":"Ab\u00edlio Gon\u00e7alves","date":"13 de mar\u00e7o de 2017","format":false,"excerpt":"Pagamento \u00e9 obrigat\u00f3rio e equivale a um dia de trabalho do empregado. Mar\u00e7o \u00e9 o m\u00eas da contribui\u00e7\u00e3o sindical dos trabalhadores. Todos os empregados, sindicalizados ou n\u00e3o, s\u00e3o obrigados a contribuir com o equivalente a um dia de trabalho. O desconto \u00e9 feito pela empresa diretamente na folha de pagamento\u2026","rel":"","context":"Em &quot;Departamento Pessoal&quot;","block_context":{"text":"Departamento Pessoal","link":"https:\/\/cfcontabil.com\/cf\/category\/dp\/"},"img":{"alt_text":"","src":"https:\/\/i0.wp.com\/cfcontabil.com\/cf\/wp-content\/uploads\/2017\/03\/contribuicao-sindical-1.png?fit=600%2C336&ssl=1&resize=350%2C200","width":350,"height":200,"srcset":"https:\/\/i0.wp.com\/cfcontabil.com\/cf\/wp-content\/uploads\/2017\/03\/contribuicao-sindical-1.png?fit=600%2C336&ssl=1&resize=350%2C200 1x, https:\/\/i0.wp.com\/cfcontabil.com\/cf\/wp-content\/uploads\/2017\/03\/contribuicao-sindical-1.png?fit=600%2C336&ssl=1&resize=525%2C300 1.5x"},"classes":[]},{"id":811,"url":"https:\/\/cfcontabil.com\/cf\/salario-de-contribuicao-e-salario-familia\/","url_meta":{"origin":1212,"position":1},"title":"SAL\u00c1RIO-DE-CONTRIBUI\u00c7\u00c3O E SAL\u00c1RIO-FAM\u00cdLIA","author":"Ab\u00edlio Gon\u00e7alves","date":"18 de janeiro de 2017","format":false,"excerpt":"Foi publicada no Di\u00e1rio Oficial da Uni\u00e3o desta segunda-feira, 16.01.2017, a\u00a0Portaria MF n\u00b0 008\/2017,\u00a0que estabelece a\u00a0nova tabela de sal\u00e1rio-de-contribui\u00e7\u00e3o do segurado empregado, empregado dom\u00e9stico e trabalhador avulso. Esta nova tabela dever\u00e1 ser utilizada para pagamento de remunera\u00e7\u00e3o\u00a0a partir de\u00a001.01.2017. Sal\u00e1rio-de-contribui\u00e7\u00e3o Al\u00edquota para fins de recolhimento ao INSS (%) at\u00e9 R$\u2026","rel":"","context":"Em &quot;Departamento Pessoal&quot;","block_context":{"text":"Departamento Pessoal","link":"https:\/\/cfcontabil.com\/cf\/category\/dp\/"},"img":{"alt_text":"","src":"https:\/\/i0.wp.com\/cfcontabil.com\/cf\/wp-content\/uploads\/2017\/01\/logo-inss-previdencia-social-1.png?fit=1000%2C604&ssl=1&resize=350%2C200","width":350,"height":200,"srcset":"https:\/\/i0.wp.com\/cfcontabil.com\/cf\/wp-content\/uploads\/2017\/01\/logo-inss-previdencia-social-1.png?fit=1000%2C604&ssl=1&resize=350%2C200 1x, https:\/\/i0.wp.com\/cfcontabil.com\/cf\/wp-content\/uploads\/2017\/01\/logo-inss-previdencia-social-1.png?fit=1000%2C604&ssl=1&resize=525%2C300 1.5x, https:\/\/i0.wp.com\/cfcontabil.com\/cf\/wp-content\/uploads\/2017\/01\/logo-inss-previdencia-social-1.png?fit=1000%2C604&ssl=1&resize=700%2C400 2x"},"classes":[]},{"id":1317,"url":"https:\/\/cfcontabil.com\/cf\/conhece-o-esocial-domestico-nos-podemos-ajudar\/","url_meta":{"origin":1212,"position":2},"title":"Conhece o eSocial Dom\u00e9stico? N\u00f3s podemos ajudar!","author":"Ab\u00edlio Gon\u00e7alves","date":"7 de junho de 2018","format":false,"excerpt":"Ativo desde 2015, o\u00a0e-Social \u00e9 um sistema que foi desenvolvido para minimizar os problemas de pagamentos de direitos aos trabalhadores dom\u00e9sticos, de forma que eles tenham garantido o pagamento de todos os seus direitos por lei. Um sistema que permite o empregador encaminhar informa\u00e7\u00f5es trabalhistas de forma mais pr\u00e1tica para\u2026","rel":"","context":"Em &quot;Departamento Pessoal&quot;","block_context":{"text":"Departamento Pessoal","link":"https:\/\/cfcontabil.com\/cf\/category\/dp\/"},"img":{"alt_text":"","src":"https:\/\/i0.wp.com\/cfcontabil.com\/cf\/wp-content\/uploads\/2018\/06\/esocial-domestico-1.jpg?fit=600%2C450&ssl=1&resize=350%2C200","width":350,"height":200,"srcset":"https:\/\/i0.wp.com\/cfcontabil.com\/cf\/wp-content\/uploads\/2018\/06\/esocial-domestico-1.jpg?fit=600%2C450&ssl=1&resize=350%2C200 1x, https:\/\/i0.wp.com\/cfcontabil.com\/cf\/wp-content\/uploads\/2018\/06\/esocial-domestico-1.jpg?fit=600%2C450&ssl=1&resize=525%2C300 1.5x"},"classes":[]},{"id":1215,"url":"https:\/\/cfcontabil.com\/cf\/receita-federal-vai-notificar-14-mil-empresas-suspeitas-de-sonegacao\/","url_meta":{"origin":1212,"position":3},"title":"Receita Federal vai notificar 14 mil empresas suspeitas de sonega\u00e7\u00e3o","author":"Ab\u00edlio Gon\u00e7alves","date":"17 de fevereiro de 2017","format":false,"excerpt":"Contribuintes prestaram informa\u00e7\u00f5es incorretas para n\u00e3o pagar al\u00edquota de 20% da contribui\u00e7\u00e3o patronal BRAS\u00cdLIA - A Receita Federal come\u00e7ou, nesta quarta-feira, a notificar 14 mil empresas que foram inclu\u00eddas na malha fina das pessoas jur\u00eddicas por suspeita de sonega\u00e7\u00e3o. De acordo com o Fisco, essa \u00e9 a primeira etapa de\u2026","rel":"","context":"Em &quot;Departamento Fiscal&quot;","block_context":{"text":"Departamento Fiscal","link":"https:\/\/cfcontabil.com\/cf\/category\/df\/"},"img":{"alt_text":"","src":"https:\/\/i0.wp.com\/ogimg.infoglobo.com.br\/economia\/19926885-a76-0ae\/FT1086A\/420\/dinheiro5.jpg?resize=350%2C200&ssl=1","width":350,"height":200,"srcset":"https:\/\/i0.wp.com\/ogimg.infoglobo.com.br\/economia\/19926885-a76-0ae\/FT1086A\/420\/dinheiro5.jpg?resize=350%2C200&ssl=1 1x, https:\/\/i0.wp.com\/ogimg.infoglobo.com.br\/economia\/19926885-a76-0ae\/FT1086A\/420\/dinheiro5.jpg?resize=525%2C300&ssl=1 1.5x"},"classes":[]},{"id":2224,"url":"https:\/\/cfcontabil.com\/cf\/fgts-e-ferias-de-domesticas-o-que-preciso-fazer-no-esocial\/","url_meta":{"origin":1212,"position":4},"title":"FGTS e F\u00e9rias de Dom\u00e9sticas: O que preciso fazer no eSocial?","author":"Ab\u00edlio Gon\u00e7alves","date":"5 de abril de 2020","format":false,"excerpt":"A MP 927\/2020 permite a todos os empregadores suspender o recolhimento de FGTS at\u00e9 maio. A MP 927\/2020 permitiu a suspens\u00e3o de recolhimento do Fundo de Garantia por Tempo de Servi\u00e7o,\u00a0FGTS,\u00a0por parte dos empregadores. Com a medida, fica suspensa a obrigatoriedade do recolhimento referente aos per\u00edodos de mar\u00e7o, abril e\u2026","rel":"","context":"Em &quot;Departamento Pessoal&quot;","block_context":{"text":"Departamento Pessoal","link":"https:\/\/cfcontabil.com\/cf\/category\/dp\/"},"img":{"alt_text":"","src":"https:\/\/i0.wp.com\/cfcontabil.com\/cf\/wp-content\/uploads\/2020\/04\/mp927.jpeg?fit=768%2C423&ssl=1&resize=350%2C200","width":350,"height":200,"srcset":"https:\/\/i0.wp.com\/cfcontabil.com\/cf\/wp-content\/uploads\/2020\/04\/mp927.jpeg?fit=768%2C423&ssl=1&resize=350%2C200 1x, https:\/\/i0.wp.com\/cfcontabil.com\/cf\/wp-content\/uploads\/2020\/04\/mp927.jpeg?fit=768%2C423&ssl=1&resize=525%2C300 1.5x, https:\/\/i0.wp.com\/cfcontabil.com\/cf\/wp-content\/uploads\/2020\/04\/mp927.jpeg?fit=768%2C423&ssl=1&resize=700%2C400 2x"},"classes":[]},{"id":1911,"url":"https:\/\/cfcontabil.com\/cf\/mudancas-nas-aliquotas-de-contribuicao-previdenciaria-comecarao-a-valer-em-marco-de-2020\/","url_meta":{"origin":1212,"position":5},"title":"Mudan\u00e7as nas al\u00edquotas de contribui\u00e7\u00e3o previdenci\u00e1ria come\u00e7ar\u00e3o a valer em mar\u00e7o de 2020","author":"Ab\u00edlio Gon\u00e7alves","date":"18 de novembro de 2019","format":false,"excerpt":"A\u00a0reforma da Previd\u00eancia\u00a0foi publicada no Di\u00e1rio Oficial na \u00faltima quarta-feira (dia 13) e, com isso, as novas regras de concess\u00e3o de aposentadoria e pens\u00e3o por morte j\u00e1 come\u00e7aram a valer. As\u00a0mudan\u00e7as nas al\u00edquotas de contribui\u00e7\u00e3o previdenci\u00e1ria\u00a0de servidores p\u00fablicos e segurados do Instituto Nacional do Seguro Social (INSS), por\u00e9m, s\u00f3 come\u00e7ar\u00e3o\u2026","rel":"","context":"Em &quot;Departamento Pessoal&quot;","block_context":{"text":"Departamento Pessoal","link":"https:\/\/cfcontabil.com\/cf\/category\/dp\/"},"img":{"alt_text":"","src":"https:\/\/i0.wp.com\/cfcontabil.com\/cf\/wp-content\/uploads\/2017\/01\/logo-inss-previdencia-social-1.png?fit=1000%2C604&ssl=1&resize=350%2C200","width":350,"height":200,"srcset":"https:\/\/i0.wp.com\/cfcontabil.com\/cf\/wp-content\/uploads\/2017\/01\/logo-inss-previdencia-social-1.png?fit=1000%2C604&ssl=1&resize=350%2C200 1x, https:\/\/i0.wp.com\/cfcontabil.com\/cf\/wp-content\/uploads\/2017\/01\/logo-inss-previdencia-social-1.png?fit=1000%2C604&ssl=1&resize=525%2C300 1.5x, https:\/\/i0.wp.com\/cfcontabil.com\/cf\/wp-content\/uploads\/2017\/01\/logo-inss-previdencia-social-1.png?fit=1000%2C604&ssl=1&resize=700%2C400 2x"},"classes":[]}],"jetpack_likes_enabled":true,"_links":{"self":[{"href":"https:\/\/cfcontabil.com\/cf\/wp-json\/wp\/v2\/posts\/1212","targetHints":{"allow":["GET"]}}],"collection":[{"href":"https:\/\/cfcontabil.com\/cf\/wp-json\/wp\/v2\/posts"}],"about":[{"href":"https:\/\/cfcontabil.com\/cf\/wp-json\/wp\/v2\/types\/post"}],"author":[{"embeddable":true,"href":"https:\/\/cfcontabil.com\/cf\/wp-json\/wp\/v2\/users\/3"}],"replies":[{"embeddable":true,"href":"https:\/\/cfcontabil.com\/cf\/wp-json\/wp\/v2\/comments?post=1212"}],"version-history":[{"count":0,"href":"https:\/\/cfcontabil.com\/cf\/wp-json\/wp\/v2\/posts\/1212\/revisions"}],"wp:featuredmedia":[{"embeddable":true,"href":"https:\/\/cfcontabil.com\/cf\/wp-json\/wp\/v2\/media\/1493"}],"wp:attachment":[{"href":"https:\/\/cfcontabil.com\/cf\/wp-json\/wp\/v2\/media?parent=1212"}],"wp:term":[{"taxonomy":"category","embeddable":true,"href":"https:\/\/cfcontabil.com\/cf\/wp-json\/wp\/v2\/categories?post=1212"},{"taxonomy":"post_tag","embeddable":true,"href":"https:\/\/cfcontabil.com\/cf\/wp-json\/wp\/v2\/tags?post=1212"}],"curies":[{"name":"wp","href":"https:\/\/api.w.org\/{rel}","templated":true}]}}