{"id":1214,"date":"2017-02-20T06:00:53","date_gmt":"2017-02-20T09:00:53","guid":{"rendered":"http:\/\/cfcontabil.com\/cf\/?p=964"},"modified":"2017-02-20T06:00:53","modified_gmt":"2017-02-20T09:00:53","slug":"contribuinte-que-aderiu-ao-rerct-e-retificou-a-dirpf-esta-dispensado-da-multa-de-mora","status":"publish","type":"post","link":"https:\/\/cfcontabil.com\/cf\/contribuinte-que-aderiu-ao-rerct-e-retificou-a-dirpf-esta-dispensado-da-multa-de-mora\/","title":{"rendered":"Contribuinte que aderiu ao RERCT e retificou a DIRPF est\u00e1 dispensado da multa de mora"},"content":{"rendered":"<p style=\"text-align: justify;\">A Receita Federal esclarece que adotou provid\u00eancias para cancelar eventuais cobran\u00e7as indevidas da multa de mora neste caso, n\u00e3o havendo necessidade de qualquer manifesta\u00e7\u00e3o do contribuinte<\/p>\n<p>O contribuinte que aderiu ao Regime Especial de Regulariza\u00e7\u00e3o Cambial e Tribut\u00e1ria (RERCT) e retificou a sua declara\u00e7\u00e3o do imposto de renda para incluir rendimentos originados do patrim\u00f4nio regularizado, deve pagar o imposto de renda decorrente da retifica\u00e7\u00e3o somente pelo valor original, sem incid\u00eancia da multa de mora, nos termos do \u00a7 7\u00b0 do art. 4\u00b0 da Lei n\u00b0 13.254, de 13 de janeiro de 2016.<\/p>\n<p>A Receita Federal esclarece que adotou provid\u00eancias para cancelar eventuais cobran\u00e7as indevidas da multa de mora neste caso, n\u00e3o havendo necessidade de qualquer manifesta\u00e7\u00e3o do contribuinte.<\/p>\n<p style=\"text-align: justify;\">Fonte:\u00a0RFB de 15.02.2017<\/p>\n","protected":false},"excerpt":{"rendered":"<p>A Receita Federal esclarece que adotou provid\u00eancias para cancelar eventuais cobran\u00e7as indevidas da multa de mora neste caso, n\u00e3o havendo necessidade de qualquer manifesta\u00e7\u00e3o do contribuinte O contribuinte que aderiu ao Regime Especial de Regulariza\u00e7\u00e3o Cambial e Tribut\u00e1ria (RERCT) e retificou a sua declara\u00e7\u00e3o do imposto de renda para incluir rendimentos originados do patrim\u00f4nio regularizado, [&hellip;]<\/p>\n","protected":false},"author":3,"featured_media":1494,"comment_status":"open","ping_status":"open","sticky":false,"template":"","format":"standard","meta":{"jetpack_post_was_ever_published":false,"_jetpack_newsletter_access":"","_jetpack_dont_email_post_to_subs":false,"_jetpack_newsletter_tier_id":0,"_jetpack_memberships_contains_paywalled_content":false,"_jetpack_memberships_contains_paid_content":false,"footnotes":"","jetpack_publicize_message":"","jetpack_publicize_feature_enabled":true,"jetpack_social_post_already_shared":true,"jetpack_social_options":{"image_generator_settings":{"template":"highway","default_image_id":0,"font":"","enabled":false},"version":2}},"categories":[22],"tags":[247,107,108,115,110,111],"class_list":["post-1214","post","type-post","status-publish","format-standard","has-post-thumbnail","hentry","category-geral","tag-contribuinte","tag-fisica","tag-imposto","tag-irpf","tag-pessoa","tag-renda"],"jetpack_publicize_connections":[],"jetpack_featured_media_url":"https:\/\/i0.wp.com\/cfcontabil.com\/cf\/wp-content\/uploads\/2017\/02\/irpfrfb-1.jpg?fit=640%2C340&ssl=1","jetpack_sharing_enabled":true,"jetpack_shortlink":"https:\/\/wp.me\/p2wklX-jA","jetpack-related-posts":[{"id":1234,"url":"https:\/\/cfcontabil.com\/cf\/contribuintes-devem-estar-atentos-aos-termos-do-ir\/","url_meta":{"origin":1214,"position":0},"title":"Contribuintes devem estar atentos aos termos do IR","author":"Ab\u00edlio Gon\u00e7alves","date":"8 de mar\u00e7o de 2017","format":false,"excerpt":"Na retifica\u00e7\u00e3o \u00e9 poss\u00edvel corrigir erros da declara\u00e7\u00e3o enviada Na hora de preencher a declara\u00e7\u00e3o de Imposto de Renda, a quantidade de termos cont\u00e1beis pode confundir quem deve informar os rendimentos \u00e0 Receita Federal. \u00c9 preciso estar atento a esses conceitos para evitar erros e multas por inconsist\u00eancias. Confira alguns\u2026","rel":"","context":"Em &quot;Departamento Fiscal&quot;","block_context":{"text":"Departamento Fiscal","link":"https:\/\/cfcontabil.com\/cf\/category\/df\/"},"img":{"alt_text":"","src":"https:\/\/i0.wp.com\/cfcontabil.com\/cf\/wp-content\/uploads\/2017\/03\/ir-2016-declaracao-retificadora_615x300.png?resize=350%2C200","width":350,"height":200,"srcset":"https:\/\/i0.wp.com\/cfcontabil.com\/cf\/wp-content\/uploads\/2017\/03\/ir-2016-declaracao-retificadora_615x300.png?resize=350%2C200 1x, https:\/\/i0.wp.com\/cfcontabil.com\/cf\/wp-content\/uploads\/2017\/03\/ir-2016-declaracao-retificadora_615x300.png?resize=525%2C300 1.5x"},"classes":[]},{"id":735,"url":"https:\/\/cfcontabil.com\/cf\/saiba-como-acompanhar-a-situacao-da-sua-declaracao-de-ir-2016\/","url_meta":{"origin":1214,"position":1},"title":"Saiba como acompanhar a situa\u00e7\u00e3o da sua declara\u00e7\u00e3o de IR 2016","author":"Ab\u00edlio Gon\u00e7alves","date":"5 de abril de 2016","format":false,"excerpt":"Uma d\u00favida\u00a0frequente nesta \u00e9poca \u00e9 como identificar se \u00a0a declara\u00e7\u00e3o transmitida n\u00e3o caiu na temida \"Malha Fina\". \u00c9 uma tarefa relativamente simples e muito recomendada\u00a0para acompanhar a sua situa\u00e7\u00e3o junto a Receita Federal e evitar surpresas. Acompanhe a mat\u00e9ria reproduzida abaixo e saiba tudo o que precisa: A Receita Federal\u2026","rel":"","context":"Em &quot;Consultoria Empresarial&quot;","block_context":{"text":"Consultoria Empresarial","link":"https:\/\/cfcontabil.com\/cf\/category\/consultoria\/"},"img":{"alt_text":"","src":"https:\/\/i0.wp.com\/imguol.com\/c\/noticias\/2015\/03\/09\/selo-imposto-de-renda--ilustracoes-para-o-passo-a-passo-1425935483435_615x300.jpg?resize=350%2C200","width":350,"height":200,"srcset":"https:\/\/i0.wp.com\/imguol.com\/c\/noticias\/2015\/03\/09\/selo-imposto-de-renda--ilustracoes-para-o-passo-a-passo-1425935483435_615x300.jpg?resize=350%2C200 1x, https:\/\/i0.wp.com\/imguol.com\/c\/noticias\/2015\/03\/09\/selo-imposto-de-renda--ilustracoes-para-o-passo-a-passo-1425935483435_615x300.jpg?resize=525%2C300 1.5x"},"classes":[]},{"id":596,"url":"https:\/\/cfcontabil.com\/cf\/ultimo-dia-para-o-irpf-2015-e-hoje\/","url_meta":{"origin":1214,"position":2},"title":"\u00daltimo dia para o IRPF 2015 \u00e9 hoje!","author":"Ab\u00edlio Gon\u00e7alves","date":"30 de abril de 2015","format":false,"excerpt":"Faltando poucas horas para encerrar o prazo da Declara\u00e7\u00e3o do Imposto de Renda ainda tem muito contribuinte em busca de acertar as contas com o le\u00e3o. E para quem deixou a declara\u00e7\u00e3o do Imposto de Renda 2015 para as \u00faltimas horas do prazo, \u00e0s 23h59min de hoje,\u00a0vale ficar atento \u00e0s\u2026","rel":"","context":"Em &quot;Geral&quot;","block_context":{"text":"Geral","link":"https:\/\/cfcontabil.com\/cf\/category\/geral\/"},"img":{"alt_text":"","src":"https:\/\/i0.wp.com\/cfcontabil.com\/cf\/wp-content\/uploads\/2015\/04\/leao-2.jpg?fit=620%2C412&ssl=1&resize=350%2C200","width":350,"height":200,"srcset":"https:\/\/i0.wp.com\/cfcontabil.com\/cf\/wp-content\/uploads\/2015\/04\/leao-2.jpg?fit=620%2C412&ssl=1&resize=350%2C200 1x, https:\/\/i0.wp.com\/cfcontabil.com\/cf\/wp-content\/uploads\/2015\/04\/leao-2.jpg?fit=620%2C412&ssl=1&resize=525%2C300 1.5x"},"classes":[]},{"id":1132,"url":"https:\/\/cfcontabil.com\/cf\/ajuda-profissional-evita-problemas-com-o-leao\/","url_meta":{"origin":1214,"position":3},"title":"Ajuda profissional evita problemas com o Le\u00e3o","author":"Ab\u00edlio Gon\u00e7alves","date":"20 de abril de 2017","format":false,"excerpt":"Quem se sente inseguro para declarar o IR ou tem grande patrim\u00f4nio, por exemplo, pode recorrer a um contador. Quem entregou o documento com algum erro ou informa\u00e7\u00e3o incompleta pode enviar uma declara\u00e7\u00e3o retificadora at\u00e9 o dia 28 de abril. A cada ano, a Receita Federal vem aprimorando o programa\u2026","rel":"","context":"Em &quot;Departamento Fiscal&quot;","block_context":{"text":"Departamento Fiscal","link":"https:\/\/cfcontabil.com\/cf\/category\/df\/"},"img":{"alt_text":"","src":"https:\/\/i0.wp.com\/cfcontabil.com\/cf\/wp-content\/uploads\/2016\/05\/Imposto_Renda_IR_Prazo-1.jpg?fit=620%2C412&ssl=1&resize=350%2C200","width":350,"height":200,"srcset":"https:\/\/i0.wp.com\/cfcontabil.com\/cf\/wp-content\/uploads\/2016\/05\/Imposto_Renda_IR_Prazo-1.jpg?fit=620%2C412&ssl=1&resize=350%2C200 1x, https:\/\/i0.wp.com\/cfcontabil.com\/cf\/wp-content\/uploads\/2016\/05\/Imposto_Renda_IR_Prazo-1.jpg?fit=620%2C412&ssl=1&resize=525%2C300 1.5x"},"classes":[]},{"id":1235,"url":"https:\/\/cfcontabil.com\/cf\/saiba-como-alterar-o-banco-para-ressarcimento-de-impostos\/","url_meta":{"origin":1214,"position":4},"title":"Saiba como alterar o banco para ressarcimento de impostos","author":"Ab\u00edlio Gon\u00e7alves","date":"9 de mar\u00e7o de 2017","format":false,"excerpt":"Contribuintes devem atualizar dados na retifica\u00e7\u00e3o do Imposto de Renda Quem pretende alterar a conta banc\u00e1ria na qual deve receber a restitui\u00e7\u00e3o do Imposto de Renda precisa ficar atento para garantir o cr\u00e9dito dos valores. Depois de preencher e enviar a declara\u00e7\u00e3o do IR, cujo prazo teve\u00a0in\u00edcio na quinta-feira (2),\u2026","rel":"","context":"Em &quot;Departamento Fiscal&quot;","block_context":{"text":"Departamento Fiscal","link":"https:\/\/cfcontabil.com\/cf\/category\/df\/"},"img":{"alt_text":"","src":"https:\/\/i0.wp.com\/cfcontabil.com\/cf\/wp-content\/uploads\/2017\/02\/imposto-de-renda-2017-1.jpg?fit=640%2C365&ssl=1&resize=350%2C200","width":350,"height":200,"srcset":"https:\/\/i0.wp.com\/cfcontabil.com\/cf\/wp-content\/uploads\/2017\/02\/imposto-de-renda-2017-1.jpg?fit=640%2C365&ssl=1&resize=350%2C200 1x, https:\/\/i0.wp.com\/cfcontabil.com\/cf\/wp-content\/uploads\/2017\/02\/imposto-de-renda-2017-1.jpg?fit=640%2C365&ssl=1&resize=525%2C300 1.5x"},"classes":[]},{"id":1798,"url":"https:\/\/cfcontabil.com\/cf\/exigencia-de-cpf-no-imposto-de-renda-faz-12-milhao-de-dependentes-desaparecer\/","url_meta":{"origin":1214,"position":5},"title":"Exig\u00eancia de CPF no Imposto de Renda faz 1,2 milh\u00e3o de dependentes &#8216;desaparecer&#8217;","author":"Ab\u00edlio Gon\u00e7alves","date":"18 de outubro de 2019","format":false,"excerpt":"Mais rigor do Fisco derruba o n\u00famero de crian\u00e7as e adolescentes na declara\u00e7\u00e3o de pessoa f\u00edsica Em apenas um ano, entre 2017 e 2018, cerca de 1,2 milh\u00e3o de crian\u00e7as e adolescentes desapareceram das declara\u00e7\u00f5es de IR (Imposto de Renda) captadas pela Receita Federal. Levantamento feito pelo Fisco mostra que\u2026","rel":"","context":"Em &quot;Imposto de Renda&quot;","block_context":{"text":"Imposto de Renda","link":"https:\/\/cfcontabil.com\/cf\/category\/imposto-de-renda\/"},"img":{"alt_text":"","src":"https:\/\/i0.wp.com\/cfcontabil.com\/cf\/wp-content\/uploads\/2017\/02\/irpfrfb-1.jpg?fit=640%2C340&ssl=1&resize=350%2C200","width":350,"height":200,"srcset":"https:\/\/i0.wp.com\/cfcontabil.com\/cf\/wp-content\/uploads\/2017\/02\/irpfrfb-1.jpg?fit=640%2C340&ssl=1&resize=350%2C200 1x, https:\/\/i0.wp.com\/cfcontabil.com\/cf\/wp-content\/uploads\/2017\/02\/irpfrfb-1.jpg?fit=640%2C340&ssl=1&resize=525%2C300 1.5x"},"classes":[]}],"jetpack_likes_enabled":true,"_links":{"self":[{"href":"https:\/\/cfcontabil.com\/cf\/wp-json\/wp\/v2\/posts\/1214","targetHints":{"allow":["GET"]}}],"collection":[{"href":"https:\/\/cfcontabil.com\/cf\/wp-json\/wp\/v2\/posts"}],"about":[{"href":"https:\/\/cfcontabil.com\/cf\/wp-json\/wp\/v2\/types\/post"}],"author":[{"embeddable":true,"href":"https:\/\/cfcontabil.com\/cf\/wp-json\/wp\/v2\/users\/3"}],"replies":[{"embeddable":true,"href":"https:\/\/cfcontabil.com\/cf\/wp-json\/wp\/v2\/comments?post=1214"}],"version-history":[{"count":0,"href":"https:\/\/cfcontabil.com\/cf\/wp-json\/wp\/v2\/posts\/1214\/revisions"}],"wp:featuredmedia":[{"embeddable":true,"href":"https:\/\/cfcontabil.com\/cf\/wp-json\/wp\/v2\/media\/1494"}],"wp:attachment":[{"href":"https:\/\/cfcontabil.com\/cf\/wp-json\/wp\/v2\/media?parent=1214"}],"wp:term":[{"taxonomy":"category","embeddable":true,"href":"https:\/\/cfcontabil.com\/cf\/wp-json\/wp\/v2\/categories?post=1214"},{"taxonomy":"post_tag","embeddable":true,"href":"https:\/\/cfcontabil.com\/cf\/wp-json\/wp\/v2\/tags?post=1214"}],"curies":[{"name":"wp","href":"https:\/\/api.w.org\/{rel}","templated":true}]}}