{"id":1215,"date":"2017-02-17T12:00:40","date_gmt":"2017-02-17T14:00:40","guid":{"rendered":"http:\/\/cfcontabil.com\/cf\/?p=966"},"modified":"2017-02-17T12:00:40","modified_gmt":"2017-02-17T14:00:40","slug":"receita-federal-vai-notificar-14-mil-empresas-suspeitas-de-sonegacao","status":"publish","type":"post","link":"https:\/\/cfcontabil.com\/cf\/receita-federal-vai-notificar-14-mil-empresas-suspeitas-de-sonegacao\/","title":{"rendered":"Receita Federal vai notificar 14 mil empresas suspeitas de sonega\u00e7\u00e3o"},"content":{"rendered":"<p><strong>Contribuintes prestaram informa\u00e7\u00f5es incorretas para n\u00e3o pagar al\u00edquota de 20% da contribui\u00e7\u00e3o patronal<\/strong><\/p>\n<p>BRAS\u00cdLIA &#8211; A Receita Federal come\u00e7ou, nesta quarta-feira, a notificar 14 mil empresas que foram inclu\u00eddas na malha fina das pessoas jur\u00eddicas por suspeita de sonega\u00e7\u00e3o. De acordo com o Fisco, essa \u00e9 a primeira etapa de um projeto que investiga irregularidades no pagamento da contribui\u00e7\u00e3o previdenci\u00e1ria.<\/p>\n<p><img data-recalc-dims=\"1\" fetchpriority=\"high\" decoding=\"async\" class=\"aligncenter size-full\" src=\"https:\/\/i0.wp.com\/ogimg.infoglobo.com.br\/economia\/19926885-a76-0ae\/FT1086A\/420\/dinheiro5.jpg?resize=699%2C420&#038;ssl=1\" width=\"699\" height=\"420\" \/><!--more--><\/p>\n<p style=\"text-align: justify;\">Foram verificados ind\u00edcios de que esses contribuintes prestaram informa\u00e7\u00f5es incorretas e se declararam como optantes do Simples na Guia de Recolhimento do FGTS e de Informa\u00e7\u00f5es \u00e0 Previd\u00eancia Social (GFIP) para n\u00e3o ter pagar a al\u00edquota de 20% da contribui\u00e7\u00e3o patronal e nem o Grau de Incid\u00eancia de Incapacidade Laborativa\u00a0decorrente dos Riscos do Ambiente de Trabalho (GILRAT) sobre o valor da folha de sal\u00e1rios.<\/p>\n<p style=\"text-align: justify;\">Os contribuintes ser\u00e3o notificados por cartas que come\u00e7am a ser enviadas hoje. O total de ind\u00edcios de evas\u00e3o tribut\u00e1ria verificado nesta opera\u00e7\u00e3o, apenas para o ano de 2013, \u00e9 de aproximadamente R$ 511 milh\u00f5es. O Fisco alerta que, se houver erro nas informa\u00e7\u00f5es fornecidas ou pagamento a menor da contribui\u00e7\u00e3o previdenci\u00e1ria, o contribuinte poder\u00e1 se autorregularizar, corrigindo a pend\u00eancia at\u00e9 o in\u00edcio do procedimento fiscal, previsto para mar\u00e7o de 2017.<\/p>\n<p style=\"text-align: justify;\">As orienta\u00e7\u00f5es para a autorregulariza\u00e7\u00e3o, podem ser consultadas na p\u00e1gina da Receita na internet (<a title=\"\" href=\"http:\/\/www.rfb.gov.br\/\" rel=\"external\">www.rfb.gov.br<\/a>). O acesso deve ser feito por assinatura digital. Caso o contribuinte n\u00e3o acerte sua situa\u00e7\u00e3o e seja autuado, ele pode ter que pagar multas que chegam a 225%. A Receita tamb\u00e9m poder\u00e1 encaminhar den\u00fancia ao Minist\u00e9rio P\u00fablico Federal por crime de sonega\u00e7\u00e3o fiscal.<\/p>\n<p><a href=\"http:\/\/oglobo.globo.com\/economia\/receita-federal-vai-notificar-14-mil-empresas-suspeitas-de-sonegacao-20932465#ixzz4Yw0ET7Fv\">Fonte: http:\/\/oglobo.globo.com\/economia\/receita-federal-vai-notificar-14-mil-empresas-suspeitas-de-sonegacao-20932465#ixzz4Yw0ET7Fv<\/a><\/p>\n","protected":false},"excerpt":{"rendered":"<p>Contribuintes prestaram informa\u00e7\u00f5es incorretas para n\u00e3o pagar al\u00edquota de 20% da contribui\u00e7\u00e3o patronal BRAS\u00cdLIA &#8211; A Receita Federal come\u00e7ou, nesta quarta-feira, a notificar 14 mil empresas que foram inclu\u00eddas na malha fina das pessoas jur\u00eddicas por suspeita de sonega\u00e7\u00e3o. De acordo com o Fisco, essa \u00e9 a primeira etapa de um projeto que investiga irregularidades [&hellip;]<\/p>\n","protected":false},"author":3,"featured_media":0,"comment_status":"open","ping_status":"open","sticky":false,"template":"","format":"standard","meta":{"jetpack_post_was_ever_published":false,"_jetpack_newsletter_access":"","_jetpack_dont_email_post_to_subs":true,"_jetpack_newsletter_tier_id":0,"_jetpack_memberships_contains_paywalled_content":false,"_jetpack_memberships_contains_paid_content":false,"footnotes":"","jetpack_publicize_message":"","jetpack_publicize_feature_enabled":true,"jetpack_social_post_already_shared":true,"jetpack_social_options":{"image_generator_settings":{"template":"highway","default_image_id":0,"font":"","enabled":false},"version":2}},"categories":[46],"tags":[289,247,71,195,234,181,401,402,74,245],"class_list":["post-1215","post","type-post","status-publish","format-standard","hentry","category-df","tag-contribuicao","tag-contribuinte","tag-federal","tag-fiscalizacao","tag-inss","tag-multa","tag-notificacao","tag-previdenciaria","tag-receita","tag-sonegacao"],"jetpack_publicize_connections":[],"jetpack_featured_media_url":"","jetpack_sharing_enabled":true,"jetpack_shortlink":"https:\/\/wp.me\/p2wklX-jB","jetpack-related-posts":[{"id":886,"url":"https:\/\/cfcontabil.com\/cf\/receita-federal-esclarece-regra-de-contribuicao-previdenciaria-devida-por-contribuinte-individual\/","url_meta":{"origin":1215,"position":0},"title":"Receita Federal esclarece regra de contribui\u00e7\u00e3o previdenci\u00e1ria devida por contribuinte individual","author":"Ab\u00edlio Gon\u00e7alves","date":"28 de janeiro de 2017","format":false,"excerpt":"Ato Declarat\u00f3rio Interpretativo (ADI) RFB n\u00b0 1\/2017 explica base de c\u00e1lculo da contribui\u00e7\u00e3o devida por transportador aut\u00f4nomo Foi publicado hoje no Di\u00e1rio Oficial da Uni\u00e3o o ADI n\u00b0 1\/2017 que disp\u00f5e sobre a contribui\u00e7\u00e3o previdenci\u00e1ria devida pelo contribuinte individual que presta servi\u00e7o a empresa por interm\u00e9dio de cooperativa de trabalho.\u2026","rel":"","context":"Em &quot;Departamento Pessoal&quot;","block_context":{"text":"Departamento Pessoal","link":"https:\/\/cfcontabil.com\/cf\/category\/dp\/"},"img":{"alt_text":"","src":"https:\/\/i0.wp.com\/www.inssextrato.org\/wp-content\/uploads\/2016\/06\/inss-contribuinte-individual.gif?resize=350%2C200","width":350,"height":200},"classes":[]},{"id":1072,"url":"https:\/\/cfcontabil.com\/cf\/receita-federal-estabelece-a-obrigatoriedade-a-escrituracao-digital-de-retencoes-e-outras-informacoes-fiscais-efd-reinf\/","url_meta":{"origin":1215,"position":1},"title":"Receita Federal estabelece a obrigatoriedade \u00e0 Escritura\u00e7\u00e3o Digital de Reten\u00e7\u00f5es e Outras Informa\u00e7\u00f5es Fiscais (EFD-Reinf)","author":"Ab\u00edlio Gon\u00e7alves","date":"17 de mar\u00e7o de 2017","format":false,"excerpt":"EFD-Reinf tem informa\u00e7\u00f5es prestadas na Dirf e na GFIP. Foi publicada hoje no Di\u00e1rio Ofical da Uni\u00e3o a IN RFB n\u00b0 1701 que estabelece a obrigatoriedade \u00e0 Escritura\u00e7\u00e3o Digital de Reten\u00e7\u00f5es e Outras Informa\u00e7\u00f5es Fiscais (EFD-Reinf). Com a institui\u00e7\u00e3o da EFD-Reinf, cuja obriga\u00e7\u00e3o de entrega dever\u00e1 ser cumprida a partir\u2026","rel":"","context":"Em &quot;Departamento Fiscal&quot;","block_context":{"text":"Departamento Fiscal","link":"https:\/\/cfcontabil.com\/cf\/category\/df\/"},"img":{"alt_text":"","src":"https:\/\/i0.wp.com\/cfcontabil.com\/cf\/wp-content\/uploads\/2017\/02\/receita-federal-1-1.png?fit=702%2C325&ssl=1&resize=350%2C200","width":350,"height":200,"srcset":"https:\/\/i0.wp.com\/cfcontabil.com\/cf\/wp-content\/uploads\/2017\/02\/receita-federal-1-1.png?fit=702%2C325&ssl=1&resize=350%2C200 1x, https:\/\/i0.wp.com\/cfcontabil.com\/cf\/wp-content\/uploads\/2017\/02\/receita-federal-1-1.png?fit=702%2C325&ssl=1&resize=525%2C300 1.5x, https:\/\/i0.wp.com\/cfcontabil.com\/cf\/wp-content\/uploads\/2017\/02\/receita-federal-1-1.png?fit=702%2C325&ssl=1&resize=700%2C400 2x"},"classes":[]},{"id":802,"url":"https:\/\/cfcontabil.com\/cf\/divulgado-o-cronograma-do-irpf-2017-pela-receita-federal\/","url_meta":{"origin":1215,"position":2},"title":"Divulgado o cronograma do IRPF 2017 pela Receita Federal","author":"Ab\u00edlio Gon\u00e7alves","date":"9 de janeiro de 2017","format":false,"excerpt":"\u00c9 importante saber que al\u00e9m da \u00a0Declara\u00e7\u00e3o de Ajuste Anual da Pessoa F\u00edsica, v\u00e1rios programas e aplicativos auxiliares que visam facilitar o cumprimento das obriga\u00e7\u00f5es tribut\u00e1rias por parte dos contribuintes. Fique atento as datas e n\u00e3o perca os prazos, na d\u00favida, busque um contador para ajudar: A Secretaria da Receita\u2026","rel":"","context":"Em &quot;Geral&quot;","block_context":{"text":"Geral","link":"https:\/\/cfcontabil.com\/cf\/category\/geral\/"},"img":{"alt_text":"","src":"https:\/\/i0.wp.com\/cfcontabil.com\/cf\/wp-content\/uploads\/2017\/01\/leao-imposto-renda-original1-1.jpeg?fit=620%2C349&ssl=1&resize=350%2C200","width":350,"height":200,"srcset":"https:\/\/i0.wp.com\/cfcontabil.com\/cf\/wp-content\/uploads\/2017\/01\/leao-imposto-renda-original1-1.jpeg?fit=620%2C349&ssl=1&resize=350%2C200 1x, https:\/\/i0.wp.com\/cfcontabil.com\/cf\/wp-content\/uploads\/2017\/01\/leao-imposto-renda-original1-1.jpeg?fit=620%2C349&ssl=1&resize=525%2C300 1.5x"},"classes":[]},{"id":709,"url":"https:\/\/cfcontabil.com\/cf\/patroes-devem-redobrar-a-atencao-para-deduzir-o-imposto-de-renda-dos-domesticos\/","url_meta":{"origin":1215,"position":3},"title":"Patr\u00f5es devem redobrar a aten\u00e7\u00e3o para deduzir o Imposto de Renda dos dom\u00e9sticos","author":"Ab\u00edlio Gon\u00e7alves","date":"30 de mar\u00e7o de 2016","format":false,"excerpt":"Sob pol\u00eamica, o benef\u00edcio que o contribuinte tem ao lan\u00e7ar na declara\u00e7\u00e3o do Imposto de Renda os gastos com empregado dom\u00e9stico \u00e9 limitado. Para obter o desconto que pode levar \u00e0 redu\u00e7\u00e3o do IR a pagar ou ao aumento da restitui\u00e7\u00e3o, \u00e9 preciso ter muito cuidado no preenchimento dos dados\u2026","rel":"","context":"Em &quot;Geral&quot;","block_context":{"text":"Geral","link":"https:\/\/cfcontabil.com\/cf\/category\/geral\/"},"img":{"alt_text":"","src":"https:\/\/i0.wp.com\/cfcontabil.com\/cf\/wp-content\/uploads\/2016\/03\/domestica-1.jpeg?fit=600%2C315&ssl=1&resize=350%2C200","width":350,"height":200,"srcset":"https:\/\/i0.wp.com\/cfcontabil.com\/cf\/wp-content\/uploads\/2016\/03\/domestica-1.jpeg?fit=600%2C315&ssl=1&resize=350%2C200 1x, https:\/\/i0.wp.com\/cfcontabil.com\/cf\/wp-content\/uploads\/2016\/03\/domestica-1.jpeg?fit=600%2C315&ssl=1&resize=525%2C300 1.5x"},"classes":[]},{"id":1911,"url":"https:\/\/cfcontabil.com\/cf\/mudancas-nas-aliquotas-de-contribuicao-previdenciaria-comecarao-a-valer-em-marco-de-2020\/","url_meta":{"origin":1215,"position":4},"title":"Mudan\u00e7as nas al\u00edquotas de contribui\u00e7\u00e3o previdenci\u00e1ria come\u00e7ar\u00e3o a valer em mar\u00e7o de 2020","author":"Ab\u00edlio Gon\u00e7alves","date":"18 de novembro de 2019","format":false,"excerpt":"A\u00a0reforma da Previd\u00eancia\u00a0foi publicada no Di\u00e1rio Oficial na \u00faltima quarta-feira (dia 13) e, com isso, as novas regras de concess\u00e3o de aposentadoria e pens\u00e3o por morte j\u00e1 come\u00e7aram a valer. As\u00a0mudan\u00e7as nas al\u00edquotas de contribui\u00e7\u00e3o previdenci\u00e1ria\u00a0de servidores p\u00fablicos e segurados do Instituto Nacional do Seguro Social (INSS), por\u00e9m, s\u00f3 come\u00e7ar\u00e3o\u2026","rel":"","context":"Em &quot;Departamento Pessoal&quot;","block_context":{"text":"Departamento Pessoal","link":"https:\/\/cfcontabil.com\/cf\/category\/dp\/"},"img":{"alt_text":"","src":"https:\/\/i0.wp.com\/cfcontabil.com\/cf\/wp-content\/uploads\/2017\/01\/logo-inss-previdencia-social-1.png?fit=1000%2C604&ssl=1&resize=350%2C200","width":350,"height":200,"srcset":"https:\/\/i0.wp.com\/cfcontabil.com\/cf\/wp-content\/uploads\/2017\/01\/logo-inss-previdencia-social-1.png?fit=1000%2C604&ssl=1&resize=350%2C200 1x, https:\/\/i0.wp.com\/cfcontabil.com\/cf\/wp-content\/uploads\/2017\/01\/logo-inss-previdencia-social-1.png?fit=1000%2C604&ssl=1&resize=525%2C300 1.5x, https:\/\/i0.wp.com\/cfcontabil.com\/cf\/wp-content\/uploads\/2017\/01\/logo-inss-previdencia-social-1.png?fit=1000%2C604&ssl=1&resize=700%2C400 2x"},"classes":[]},{"id":680,"url":"https:\/\/cfcontabil.com\/cf\/novas-ferramentas-utilizadas-pela-receita-federal-em-2016-na-fiscalizacao\/","url_meta":{"origin":1215,"position":5},"title":"Novas ferramentas utilizadas pela Receita Federal em 2016 na fiscaliza\u00e7\u00e3o","author":"Ab\u00edlio Gon\u00e7alves","date":"18 de mar\u00e7o de 2016","format":false,"excerpt":"O\u00a0Plano Anual da Fiscaliza\u00e7\u00e3o\u00a0da Secretaria da Receita Federal do Brasil para o ano-calend\u00e1rio de 2016 listou as novas estrat\u00e9gias de fiscaliza\u00e7\u00e3o que ser\u00e3o utilizadas em 2016. De acordo com o relat\u00f3rio, a Receita espera autuar em 2016 algo em torno de R$ 155,4 bilh\u00f5es e tem em vista 20 mil\u2026","rel":"","context":"Em &quot;Consultoria Empresarial&quot;","block_context":{"text":"Consultoria Empresarial","link":"https:\/\/cfcontabil.com\/cf\/category\/consultoria\/"},"img":{"alt_text":"","src":"https:\/\/i0.wp.com\/cfcontabil.com\/cf\/wp-content\/uploads\/2016\/03\/Receita-Federal-9-1.png?fit=825%2C367&ssl=1&resize=350%2C200","width":350,"height":200,"srcset":"https:\/\/i0.wp.com\/cfcontabil.com\/cf\/wp-content\/uploads\/2016\/03\/Receita-Federal-9-1.png?fit=825%2C367&ssl=1&resize=350%2C200 1x, https:\/\/i0.wp.com\/cfcontabil.com\/cf\/wp-content\/uploads\/2016\/03\/Receita-Federal-9-1.png?fit=825%2C367&ssl=1&resize=525%2C300 1.5x, https:\/\/i0.wp.com\/cfcontabil.com\/cf\/wp-content\/uploads\/2016\/03\/Receita-Federal-9-1.png?fit=825%2C367&ssl=1&resize=700%2C400 2x"},"classes":[]}],"jetpack_likes_enabled":true,"_links":{"self":[{"href":"https:\/\/cfcontabil.com\/cf\/wp-json\/wp\/v2\/posts\/1215","targetHints":{"allow":["GET"]}}],"collection":[{"href":"https:\/\/cfcontabil.com\/cf\/wp-json\/wp\/v2\/posts"}],"about":[{"href":"https:\/\/cfcontabil.com\/cf\/wp-json\/wp\/v2\/types\/post"}],"author":[{"embeddable":true,"href":"https:\/\/cfcontabil.com\/cf\/wp-json\/wp\/v2\/users\/3"}],"replies":[{"embeddable":true,"href":"https:\/\/cfcontabil.com\/cf\/wp-json\/wp\/v2\/comments?post=1215"}],"version-history":[{"count":0,"href":"https:\/\/cfcontabil.com\/cf\/wp-json\/wp\/v2\/posts\/1215\/revisions"}],"wp:attachment":[{"href":"https:\/\/cfcontabil.com\/cf\/wp-json\/wp\/v2\/media?parent=1215"}],"wp:term":[{"taxonomy":"category","embeddable":true,"href":"https:\/\/cfcontabil.com\/cf\/wp-json\/wp\/v2\/categories?post=1215"},{"taxonomy":"post_tag","embeddable":true,"href":"https:\/\/cfcontabil.com\/cf\/wp-json\/wp\/v2\/tags?post=1215"}],"curies":[{"name":"wp","href":"https:\/\/api.w.org\/{rel}","templated":true}]}}