{"id":1217,"date":"2017-02-22T06:00:58","date_gmt":"2017-02-22T09:00:58","guid":{"rendered":"http:\/\/cfcontabil.com\/cf\/?p=977"},"modified":"2017-02-22T06:00:58","modified_gmt":"2017-02-22T09:00:58","slug":"imposto-de-renda-da-pessoa-fisica-acertar-e-uma-tarefa-dificil","status":"publish","type":"post","link":"https:\/\/cfcontabil.com\/cf\/imposto-de-renda-da-pessoa-fisica-acertar-e-uma-tarefa-dificil\/","title":{"rendered":"Imposto de Renda da Pessoa F\u00edsica: acertar \u00e9 uma tarefa dif\u00edcil"},"content":{"rendered":"<blockquote>\n<p style=\"text-align: justify;\">\u201c&#8230;n\u00e3o existe nada que seja t\u00e3o satisfat\u00f3rio ao esp\u00edrito, que tanto defina nosso car\u00e1ter, quanto darmos tudo de n\u00f3s mesmos para levar adiante uma tarefa dif\u00edcil.\u201d<\/p>\n<\/blockquote>\n<p style=\"text-align: justify;\">\u2014 Barack Hussein Obama, presidente dos Estados Unidos, discurso de posse, 20\/1\/2009.<\/p>\n<p style=\"text-align: justify;\">\nNa pr\u00f3xima quinta-feira, 23, a Secretaria da Receita Federal do Brasil dever\u00e1 divulgar as instru\u00e7\u00f5es necess\u00e1rias ao preenchimento da DIRPF, a Declara\u00e7\u00e3o de Imposto de Renda das Pessoas F\u00edsicas.<\/p>\n<p style=\"text-align: justify;\"><!--more--><\/p>\n<p style=\"text-align: justify;\">\nNessa ocasi\u00e3o ser\u00e3o informados os limites de abatimentos com despesas e dependentes, a tabela progressiva para c\u00e1lculo do imposto devido, enfim tudo o que torna poss\u00edvel o cumprimento da obriga\u00e7\u00e3o anual a cargo das pessoas f\u00edsicas.<\/p>\n<p>Com o crescente, generalizado e cada vez mais simples uso da inform\u00e1tica, a declara\u00e7\u00e3o j\u00e1 n\u00e3o oferece dificuldades para a maioria dos contribuintes. Para as pessoas que n\u00e3o se sintam familiarizadas com isso, aconselha-se a consulta a um profissional de contabilidade.<\/p>\n<p>Em algumas faculdades, sindicatos ou associa\u00e7\u00f5es de classe pode-se encontrar essa ajuda gratuitamente, eis que o trabalho do profissional \u00e9 volunt\u00e1rio e faz parte do treinamento dos formandos.<\/p>\n<p>A primeira considera\u00e7\u00e3o a ser levada em conta \u00e9 a obriga\u00e7\u00e3o do contribuinte em n\u00e3o omitir rendimentos, observar os limites dos abatimentos e, em hip\u00f3tese alguma, lan\u00e7ar m\u00e3o de documentos destinados a abatimentos que tenham sido obtidos de forma il\u00edcita. Vejamos alguns casos.<\/p>\n<p>Recibos \u201cfrios\u201d<\/p>\n<p>J\u00e1 houve um caso rumoroso em que profissional da \u00e1rea da sa\u00fade, em cumplicidade com um escrit\u00f3rio que se dizia de contabilidade, passou a \u201cvender\u201d recibos de tratamentos dispendiosos que jamais foram feitos, mediante o pagamento de um percentual do seu valor.<\/p>\n<p>O sistema de processamento de dados constatou que o mesmo profissional de sa\u00fade poderia estar agindo de forma il\u00edcita. Expediu intima\u00e7\u00f5es para os supostos \u201cclientes\u201d.<\/p>\n<p>Alguns desses \u201cclientes\u201d nem sabiam onde se localizava o consult\u00f3rio onde fizeram \u201ctratamento\u201d, outros n\u00e3o souberam explicar porque o realizaram ou mesmo n\u00e3o se lembravam se os pagamentos foram feitos em cheque, dinheiro ou cart\u00e3o. Enfim, \u00e9 a velha hist\u00f3ria: \u201cn\u00e3o existe crime perfeito; existe crime mal investigado.\u201d<\/p>\n<p>Os contribuintes que aguardavam restitui\u00e7\u00f5es tiveram que pagar imposto e elevadas multas, mas o profissional de sa\u00fade e o seu c\u00famplice tiveram que enfrentar processo criminal e um deles deixou de ser prim\u00e1rio e por pouco n\u00e3o passou a \u201cver o sol quadrado\u201d.<\/p>\n<p>Doa\u00e7\u00f5es<\/p>\n<p>O recebimento de doa\u00e7\u00f5es em bens ou dinheiro pela pessoa f\u00edsica n\u00e3o representa nenhuma ilegalidade. Mas \u00e9 imprescind\u00edvel que haja prova documental que a ateste. No caso de im\u00f3vel, uma escritura. Note-se que incide o ITCMD (Imposto de Transmiss\u00e3o Causa Mortis e Doa\u00e7\u00f5es) devido ao estado, cuja al\u00edquota neste Estado atinge a 4%.<\/p>\n<p>O mais importante no caso \u00e9 que o doador tenha condi\u00e7\u00f5es de justificar a origem do que doou. Por exemplo: se uma pessoa faz a terceiro uma doa\u00e7\u00e3o em cheque de expressivo valor sem ter motivo razo\u00e1vel, podendo alegar \u201cgenerosidade\u201d ou \u201camizade\u201d. Mas n\u00e3o basta ao donat\u00e1rio que depositou o valor em sua conta recolher o imposto para eximir-se de dar explica\u00e7\u00f5es ao fisco. Se isso fosse aceit\u00e1vel, poderia o assaltante do banco depositar o produto do crime em sua conta e declarar o valor ao fisco, pagar o imposto e assim ficar isento de explica\u00e7\u00f5es quanto \u00e0 origem?<\/p>\n<p>Desatualiza\u00e7\u00e3o dos valores<\/p>\n<p>Em nossa coluna de 25 de janeiro de 2016 fizemos alguns coment\u00e1rios ao apontar as injusti\u00e7as de que ocorre com a n\u00e3o atualiza\u00e7\u00e3o dos valores constantes da legisla\u00e7\u00e3o do Imposto de Renda desde 1996.\u00a0 Isso prejudica especialmente os assalariados, que s\u00e3o os contribuintes com menor possibilidade de contornar tais perdas.<\/p>\n<p>A respeito disso manifestou-se o Sindifisco (Sindicato Nacional dos Auditores da Receita Federal) e apontou que, prevista a aplica\u00e7\u00e3o de reajuste de pouco mais de 6% sobre a tabela do imposto em rela\u00e7\u00e3o \u00e0 de 2016, os contribuintes sujeitam-se a uma defasagem de mais de 80% no recolhimento. Ou seja, o preju\u00edzo \u00e9 maior para o contribuinte das faixas menores de incid\u00eancia, que deveriam estar isentos.<\/p>\n<p>Ganhos de capital<\/p>\n<p>Na aliena\u00e7\u00e3o de bens que integram o patrim\u00f4nio do contribuinte (im\u00f3veis, por exemplo), \u00e9 de Justi\u00e7a que na apura\u00e7\u00e3o desses supostos \u201cganhos\u201d o valor original de aquisi\u00e7\u00e3o seja integralmente corrigido. N\u00e3o \u00e9 razo\u00e1vel que, para tais efeitos, prevale\u00e7a o entendimento de que a corre\u00e7\u00e3o s\u00f3 exista at\u00e9 1995.\u00a0 Tamb\u00e9m n\u00e3o faz sentido \u201cisen\u00e7\u00e3o\u201d para valor de menos de 500 mil na aliena\u00e7\u00e3o do \u00fanico im\u00f3vel. Justi\u00e7a se faz de forma integral. N\u00e3o existe justi\u00e7a \u201cmeia boca\u201d,<\/p>\n<p>Abatimentos<\/p>\n<p>Todos os abatimentos sujeitos a limites est\u00e3o fora da realidade.\u00a0 Mesmo sem ter em m\u00e3os a tabela que deve ser divulgada dentro de tr\u00eas dias, sabe-se que a corre\u00e7\u00e3o deve ser de pouco mais de 6%. Se assim for, cada dependente dever\u00e1 sobreviver com pouco mais de R$ 200,00 por m\u00eas! E as \u201cdespesas\u201d com sua educa\u00e7\u00e3o estariam limitadas a cerca de R$ 350,00 mensais! N\u00e3o h\u00e1 d\u00favida: as autoridades fazend\u00e1rias est\u00e3o brincando. Talvez isso que est\u00e1 para sair seja mais uma fantasia de carnaval.<\/p>\n<p>No caso das \u201cdespesas\u201d de educa\u00e7\u00e3o \u2014 que deveriam ser consideradas como investimentos (\u00e9 assim nos pa\u00edses civilizados), simplesmente n\u00e3o poderia existir qualquer limite, bastando apenas adequada comprova\u00e7\u00e3o, como se permite em rela\u00e7\u00e3o aos gastos com sa\u00fade. Afinal, sa\u00fade e educa\u00e7\u00e3o s\u00e3o direitos sociais previstos da Constitui\u00e7\u00e3o.<\/p>\n<p>Quanto \u00e0 educa\u00e7\u00e3o, recomendo a leitura da not\u00edcia aqui publicada em 7 de janeiro (Limite para deduzir gasto com educa\u00e7\u00e3o do IR \u00e9 inconstitucional), onde pode ser encontrada a liminar concedida pelo juiz federal da 21\u00aa Vara de S\u00e3o Paulo. Ali tamb\u00e9m se noticia que desde 2013 est\u00e1 em andamento no STF a ADI 4.927, apresentada pelo Conselho Federal da OAB no mesmo sentido. Educa\u00e7\u00e3o \u00e9 t\u00e3o essencial quanto a sa\u00fade e n\u00e3o pode ter limites! Vamos lutar para que outras entidades legitimadas constitucionalmente participem dessa luta.<\/p>\n<p>A cita\u00e7\u00e3o inicial da coluna de hoje, trecho de discurso de posse do ex-presidente dos Estados Unidos, \u00e9 singela lembran\u00e7a da necessidade que todos n\u00f3s seres humanos temos de \u201cdarmos tudo de n\u00f3s mesmos para levar adiante uma tarefa dif\u00edcil\u201d. Lutar pelo conceito de Justi\u00e7a Tribut\u00e1ria nestes tempos e neste pa\u00eds \u00e9 mesmo tarefa dif\u00edcil, mas \u201cn\u00e3o existe nada que seja t\u00e3o satisfat\u00f3rio ao esp\u00edrito, que tanto defina nosso car\u00e1ter&#8230;\u201d.<\/p>\n<p style=\"text-align: justify;\">Fonte:\u00a0Consultor Jur\u00eddico<\/p>\n","protected":false},"excerpt":{"rendered":"<p>\u201c&#8230;n\u00e3o existe nada que seja t\u00e3o satisfat\u00f3rio ao esp\u00edrito, que tanto defina nosso car\u00e1ter, quanto darmos tudo de n\u00f3s mesmos para levar adiante uma tarefa dif\u00edcil.\u201d \u2014 Barack Hussein Obama, presidente dos Estados Unidos, discurso de posse, 20\/1\/2009. Na pr\u00f3xima quinta-feira, 23, a Secretaria da Receita Federal do Brasil dever\u00e1 divulgar as instru\u00e7\u00f5es necess\u00e1rias ao [&hellip;]<\/p>\n","protected":false},"author":3,"featured_media":742,"comment_status":"open","ping_status":"open","sticky":false,"template":"","format":"standard","meta":{"jetpack_post_was_ever_published":false,"_jetpack_newsletter_access":"","_jetpack_dont_email_post_to_subs":false,"_jetpack_newsletter_tier_id":0,"_jetpack_memberships_contains_paywalled_content":false,"_jetpack_memberships_contains_paid_content":false,"footnotes":"","jetpack_publicize_message":"#ImpostodeRenda da Pessoa F\u00edsica: acertar \u00e9 uma tarefa dif\u00edcil","jetpack_publicize_feature_enabled":true,"jetpack_social_post_already_shared":true,"jetpack_social_options":{"image_generator_settings":{"template":"highway","default_image_id":0,"font":"","enabled":false},"version":2}},"categories":[46],"tags":[280,71,107,108,115,110,74,111],"class_list":["post-1217","post","type-post","status-publish","format-standard","has-post-thumbnail","hentry","category-df","tag-dirpf","tag-federal","tag-fisica","tag-imposto","tag-irpf","tag-pessoa","tag-receita","tag-renda"],"jetpack_publicize_connections":[],"jetpack_featured_media_url":"https:\/\/i0.wp.com\/cfcontabil.com\/cf\/wp-content\/uploads\/2016\/04\/leao_do_imposto_de_renda-1.jpg?fit=620%2C345&ssl=1","jetpack_sharing_enabled":true,"jetpack_shortlink":"https:\/\/wp.me\/p2wklX-jD","jetpack-related-posts":[{"id":920,"url":"https:\/\/cfcontabil.com\/cf\/receita-federal-altera-regras-de-informacoes-de-dependentes-na-dirpf\/","url_meta":{"origin":1217,"position":0},"title":"Receita Federal altera regras de informa\u00e7\u00f5es de dependentes na Dirpf","author":"Ab\u00edlio Gon\u00e7alves","date":"2 de fevereiro de 2017","format":false,"excerpt":"Foi publicada hoje no Di\u00e1rio Oficial da Uni\u00e3o a Instru\u00e7\u00e3o Normativa RFB n\u00ba 1688, que determina que os contribuintes que desejarem incluir seus dependentes na declara\u00e7\u00e3o do Imposto de Renda de 2017 dever\u00e3o registr\u00e1-los no Cadastro de Pessoas F\u00edsicas (CPF), caso tenham 12 anos ou mais. At\u00e9 ent\u00e3o, a obrigatoriedade\u2026","rel":"","context":"Em &quot;Geral&quot;","block_context":{"text":"Geral","link":"https:\/\/cfcontabil.com\/cf\/category\/geral\/"},"img":{"alt_text":"","src":"https:\/\/i0.wp.com\/cfcontabil.com\/cf\/wp-content\/uploads\/2017\/02\/DEPENDENTES-1.png?fit=940%2C788&ssl=1&resize=350%2C200","width":350,"height":200,"srcset":"https:\/\/i0.wp.com\/cfcontabil.com\/cf\/wp-content\/uploads\/2017\/02\/DEPENDENTES-1.png?fit=940%2C788&ssl=1&resize=350%2C200 1x, https:\/\/i0.wp.com\/cfcontabil.com\/cf\/wp-content\/uploads\/2017\/02\/DEPENDENTES-1.png?fit=940%2C788&ssl=1&resize=525%2C300 1.5x, https:\/\/i0.wp.com\/cfcontabil.com\/cf\/wp-content\/uploads\/2017\/02\/DEPENDENTES-1.png?fit=940%2C788&ssl=1&resize=700%2C400 2x"},"classes":[]},{"id":1214,"url":"https:\/\/cfcontabil.com\/cf\/contribuinte-que-aderiu-ao-rerct-e-retificou-a-dirpf-esta-dispensado-da-multa-de-mora\/","url_meta":{"origin":1217,"position":1},"title":"Contribuinte que aderiu ao RERCT e retificou a DIRPF est\u00e1 dispensado da multa de mora","author":"Ab\u00edlio Gon\u00e7alves","date":"20 de fevereiro de 2017","format":false,"excerpt":"A Receita Federal esclarece que adotou provid\u00eancias para cancelar eventuais cobran\u00e7as indevidas da multa de mora neste caso, n\u00e3o havendo necessidade de qualquer manifesta\u00e7\u00e3o do contribuinte O contribuinte que aderiu ao Regime Especial de Regulariza\u00e7\u00e3o Cambial e Tribut\u00e1ria (RERCT) e retificou a sua declara\u00e7\u00e3o do imposto de renda para incluir\u2026","rel":"","context":"Em &quot;Geral&quot;","block_context":{"text":"Geral","link":"https:\/\/cfcontabil.com\/cf\/category\/geral\/"},"img":{"alt_text":"","src":"https:\/\/i0.wp.com\/cfcontabil.com\/cf\/wp-content\/uploads\/2017\/02\/irpfrfb-1.jpg?fit=640%2C340&ssl=1&resize=350%2C200","width":350,"height":200,"srcset":"https:\/\/i0.wp.com\/cfcontabil.com\/cf\/wp-content\/uploads\/2017\/02\/irpfrfb-1.jpg?fit=640%2C340&ssl=1&resize=350%2C200 1x, https:\/\/i0.wp.com\/cfcontabil.com\/cf\/wp-content\/uploads\/2017\/02\/irpfrfb-1.jpg?fit=640%2C340&ssl=1&resize=525%2C300 1.5x"},"classes":[]},{"id":1218,"url":"https:\/\/cfcontabil.com\/cf\/instrucoes-normativas-sobre-imposto-de-renda\/","url_meta":{"origin":1217,"position":2},"title":"Instru\u00e7\u00f5es Normativas sobre Imposto de Renda","author":"Ab\u00edlio Gon\u00e7alves","date":"22 de fevereiro de 2017","format":false,"excerpt":"A Receita Federal publicou hoje (22.02) v\u00e1rias Instru\u00e7\u00f5es Normativas com regras sobre o imposto de renda, para o exerc\u00edcio de 2017: Instru\u00e7\u00e3o Normativa 1696 - programa multiplataforma da Declara\u00e7\u00e3o de Ajuste Anual do Imposto sobre a Renda da Pessoa F\u00edsica, da Declara\u00e7\u00e3o Final de Esp\u00f3lio e da Declara\u00e7\u00e3o de Sa\u00edda\u2026","rel":"","context":"Em &quot;Departamento Fiscal&quot;","block_context":{"text":"Departamento Fiscal","link":"https:\/\/cfcontabil.com\/cf\/category\/df\/"},"img":{"alt_text":"","src":"","width":0,"height":0},"classes":[]},{"id":1053,"url":"https:\/\/cfcontabil.com\/cf\/receita-federal-publica-orientacoes-sobre-a-doacao-de-recursos-para-os-fundos-beneficentes-na-dirpf-2017\/","url_meta":{"origin":1217,"position":3},"title":"Receita Federal publica orienta\u00e7\u00f5es sobre a doa\u00e7\u00e3o de recursos para os fundos beneficentes na DIRPF 2017","author":"Ab\u00edlio Gon\u00e7alves","date":"13 de mar\u00e7o de 2017","format":false,"excerpt":"J\u00e1 est\u00e1 dispon\u00edvel um guia para orientar o cidad\u00e3o sobre a doa\u00e7\u00e3o de recursos na Declara\u00e7\u00e3o de Imposto de Renda 2017 e auxiliar na destina\u00e7\u00e3o de valores para os fundos dos Direitos da Crian\u00e7a e do Adolescente, Fundos do Idoso, Fundo Nacional de Cultura, Fundos de Financiamento da Ind\u00fastria Cinematogr\u00e1fica\u2026","rel":"","context":"Em &quot;Departamento Fiscal&quot;","block_context":{"text":"Departamento Fiscal","link":"https:\/\/cfcontabil.com\/cf\/category\/df\/"},"img":{"alt_text":"","src":"https:\/\/i0.wp.com\/cfcontabil.com\/cf\/wp-content\/uploads\/2017\/02\/irpfrfb-1.jpg?fit=640%2C340&ssl=1&resize=350%2C200","width":350,"height":200,"srcset":"https:\/\/i0.wp.com\/cfcontabil.com\/cf\/wp-content\/uploads\/2017\/02\/irpfrfb-1.jpg?fit=640%2C340&ssl=1&resize=350%2C200 1x, https:\/\/i0.wp.com\/cfcontabil.com\/cf\/wp-content\/uploads\/2017\/02\/irpfrfb-1.jpg?fit=640%2C340&ssl=1&resize=525%2C300 1.5x"},"classes":[]},{"id":802,"url":"https:\/\/cfcontabil.com\/cf\/divulgado-o-cronograma-do-irpf-2017-pela-receita-federal\/","url_meta":{"origin":1217,"position":4},"title":"Divulgado o cronograma do IRPF 2017 pela Receita Federal","author":"Ab\u00edlio Gon\u00e7alves","date":"9 de janeiro de 2017","format":false,"excerpt":"\u00c9 importante saber que al\u00e9m da \u00a0Declara\u00e7\u00e3o de Ajuste Anual da Pessoa F\u00edsica, v\u00e1rios programas e aplicativos auxiliares que visam facilitar o cumprimento das obriga\u00e7\u00f5es tribut\u00e1rias por parte dos contribuintes. Fique atento as datas e n\u00e3o perca os prazos, na d\u00favida, busque um contador para ajudar: A Secretaria da Receita\u2026","rel":"","context":"Em &quot;Geral&quot;","block_context":{"text":"Geral","link":"https:\/\/cfcontabil.com\/cf\/category\/geral\/"},"img":{"alt_text":"","src":"https:\/\/i0.wp.com\/cfcontabil.com\/cf\/wp-content\/uploads\/2017\/01\/leao-imposto-renda-original1-1.jpeg?fit=620%2C349&ssl=1&resize=350%2C200","width":350,"height":200,"srcset":"https:\/\/i0.wp.com\/cfcontabil.com\/cf\/wp-content\/uploads\/2017\/01\/leao-imposto-renda-original1-1.jpeg?fit=620%2C349&ssl=1&resize=350%2C200 1x, https:\/\/i0.wp.com\/cfcontabil.com\/cf\/wp-content\/uploads\/2017\/01\/leao-imposto-renda-original1-1.jpeg?fit=620%2C349&ssl=1&resize=525%2C300 1.5x"},"classes":[]},{"id":1225,"url":"https:\/\/cfcontabil.com\/cf\/programa-da-dirpf-2017-ja-esta-disponivel-para-download\/","url_meta":{"origin":1217,"position":5},"title":"Programa da DIRPF 2017 j\u00e1 est\u00e1 dispon\u00edvel para download","author":"Ab\u00edlio Gon\u00e7alves","date":"23 de fevereiro de 2017","format":false,"excerpt":"Encontra-se dispon\u00edvel para instala\u00e7\u00e3o o programa do Imposto de Renda Pessoa F\u00edsica 2017, para quem quer antecipar os lan\u00e7amentos na sua declara\u00e7\u00e3o. Acesse:\u00a0http:\/\/idg.receita.fazenda.gov.br\/interface\/cidadao\/irpf\/2017\/download Lembre-se: a temporada de entrega das declara\u00e7\u00f5es come\u00e7a somente depois do carnaval, em 2 de mar\u00e7o, e se estende at\u00e9 28 de abril. Os contribuintes que enviarem\u2026","rel":"","context":"Em &quot;Departamento Fiscal&quot;","block_context":{"text":"Departamento Fiscal","link":"https:\/\/cfcontabil.com\/cf\/category\/df\/"},"img":{"alt_text":"","src":"https:\/\/i0.wp.com\/cfcontabil.com\/cf\/wp-content\/uploads\/2017\/02\/irpf2017-1.png?fit=490%2C247&ssl=1&resize=350%2C200","width":350,"height":200},"classes":[]}],"jetpack_likes_enabled":true,"_links":{"self":[{"href":"https:\/\/cfcontabil.com\/cf\/wp-json\/wp\/v2\/posts\/1217","targetHints":{"allow":["GET"]}}],"collection":[{"href":"https:\/\/cfcontabil.com\/cf\/wp-json\/wp\/v2\/posts"}],"about":[{"href":"https:\/\/cfcontabil.com\/cf\/wp-json\/wp\/v2\/types\/post"}],"author":[{"embeddable":true,"href":"https:\/\/cfcontabil.com\/cf\/wp-json\/wp\/v2\/users\/3"}],"replies":[{"embeddable":true,"href":"https:\/\/cfcontabil.com\/cf\/wp-json\/wp\/v2\/comments?post=1217"}],"version-history":[{"count":0,"href":"https:\/\/cfcontabil.com\/cf\/wp-json\/wp\/v2\/posts\/1217\/revisions"}],"wp:featuredmedia":[{"embeddable":true,"href":"https:\/\/cfcontabil.com\/cf\/wp-json\/wp\/v2\/media\/742"}],"wp:attachment":[{"href":"https:\/\/cfcontabil.com\/cf\/wp-json\/wp\/v2\/media?parent=1217"}],"wp:term":[{"taxonomy":"category","embeddable":true,"href":"https:\/\/cfcontabil.com\/cf\/wp-json\/wp\/v2\/categories?post=1217"},{"taxonomy":"post_tag","embeddable":true,"href":"https:\/\/cfcontabil.com\/cf\/wp-json\/wp\/v2\/tags?post=1217"}],"curies":[{"name":"wp","href":"https:\/\/api.w.org\/{rel}","templated":true}]}}