{"id":1219,"date":"2017-02-23T06:00:26","date_gmt":"2017-02-23T09:00:26","guid":{"rendered":"http:\/\/cfcontabil.com\/cf\/?p=989"},"modified":"2017-02-23T06:00:26","modified_gmt":"2017-02-23T09:00:26","slug":"esocial-disponibiliza-o-comprovante-de-rendimentos-para-os-empregadores-domesticos","status":"publish","type":"post","link":"https:\/\/cfcontabil.com\/cf\/esocial-disponibiliza-o-comprovante-de-rendimentos-para-os-empregadores-domesticos\/","title":{"rendered":"eSocial disponibiliza o Comprovante de Rendimentos para os empregadores dom\u00e9sticos"},"content":{"rendered":"<p style=\"text-align: justify;\">Mais uma nova funcionalidade est\u00e1 dispon\u00edvel aos empregadores dom\u00e9sticos no eSocial: a gera\u00e7\u00e3o do Comprovante de Rendimentos ser\u00e1 feita automaticamente pelo sistema. Este documento deve ser emitido pelos empregadores que fizeram reten\u00e7\u00e3o de Imposto de Renda na Fonte (IRRF) do seu empregado dom\u00e9stico no ano de 2016.<\/p>\n<p style=\"text-align: justify;\">O Comprovante dever\u00e1 ser impresso, assinado e entregue ao trabalhador.<\/p>\n<p>A funcionalidade est\u00e1 dispon\u00edvel no menu Folha\/Recebimentos e Pagamentos &gt; Informe de Rendimentos.<\/p>\n<p><a href=\"https:\/\/i0.wp.com\/cfcontabil.com\/cf\/wp-content\/uploads\/2016\/03\/domestica.jpeg\"><img data-recalc-dims=\"1\" fetchpriority=\"high\" decoding=\"async\" class=\"aligncenter size-full wp-image-711\" src=\"https:\/\/i0.wp.com\/cfcontabil.com\/cf\/wp-content\/uploads\/2016\/03\/domestica.jpeg?resize=600%2C315\" alt=\"\" width=\"600\" height=\"315\" \/><\/a><\/p>\n","protected":false},"excerpt":{"rendered":"<p>Mais uma nova funcionalidade est\u00e1 dispon\u00edvel aos empregadores dom\u00e9sticos no eSocial: a gera\u00e7\u00e3o do Comprovante de Rendimentos ser\u00e1 feita automaticamente pelo sistema. Este documento deve ser emitido pelos empregadores que fizeram reten\u00e7\u00e3o de Imposto de Renda na Fonte (IRRF) do seu empregado dom\u00e9stico no ano de 2016. O Comprovante dever\u00e1 ser impresso, assinado e entregue [&hellip;]<\/p>\n","protected":false},"author":3,"featured_media":1498,"comment_status":"open","ping_status":"open","sticky":false,"template":"","format":"standard","meta":{"jetpack_post_was_ever_published":false,"_jetpack_newsletter_access":"","_jetpack_dont_email_post_to_subs":false,"_jetpack_newsletter_tier_id":0,"_jetpack_memberships_contains_paywalled_content":false,"_jetpack_memberships_contains_paid_content":false,"footnotes":"","jetpack_publicize_message":"","jetpack_publicize_feature_enabled":true,"jetpack_social_post_already_shared":true,"jetpack_social_options":{"image_generator_settings":{"template":"highway","default_image_id":0,"font":"","enabled":false},"version":2}},"categories":[29],"tags":[409,191,192,281,108,410,411,412,340],"class_list":["post-1219","post","type-post","status-publish","format-standard","has-post-thumbnail","hentry","category-dp","tag-comprovante","tag-domestico","tag-empregado","tag-fonte","tag-imposto","tag-informe","tag-irrf","tag-rendimentos","tag-retido"],"jetpack_publicize_connections":[],"jetpack_featured_media_url":"https:\/\/i0.wp.com\/cfcontabil.com\/cf\/wp-content\/uploads\/2017\/02\/comprovante-rendimentos-1.jpg?fit=630%2C280&ssl=1","jetpack_sharing_enabled":true,"jetpack_shortlink":"https:\/\/wp.me\/p2wklX-jF","jetpack-related-posts":[{"id":343,"url":"https:\/\/cfcontabil.com\/cf\/irpf-2013-chegando-ao-fim\/","url_meta":{"origin":1219,"position":0},"title":"IRPF 2013 chegando ao fim!","author":"Ab\u00edlio Gon\u00e7alves","date":"17 de abril de 2013","format":false,"excerpt":"Se aproxima o fim do prazo de entrega da Declara\u00e7\u00e3o do Imposto de Renda Pessoa F\u00edsica de 2013, que encerra dia 30 de abril. Est\u00e1 obrigado a apresentar a declara\u00e7\u00e3o quem recebeu rendimentos tribut\u00e1veis superiores a R$ 24.556,65 em 2012 (ano-base para a declara\u00e7\u00e3o do IR de 2013), mas h\u00e1\u2026","rel":"","context":"Em &quot;Geral&quot;","block_context":{"text":"Geral","link":"https:\/\/cfcontabil.com\/cf\/category\/geral\/"},"img":{"alt_text":"Imposto de Renda","src":"https:\/\/i0.wp.com\/www.blogdajoice.com\/wp-content\/uploads\/2013\/03\/Charge-Le%C3%A3o-Imposto-de-Renda.jpg?resize=350%2C200","width":350,"height":200},"classes":[]},{"id":466,"url":"https:\/\/cfcontabil.com\/cf\/imposto-de-renda-2014-1o-de-marco-a-30-de-abril\/","url_meta":{"origin":1219,"position":1},"title":"Imposto de Renda 2014 ~ Regras e Esclarecimentos","author":"Vin\u00edcius Moizinho","date":"20 de fevereiro de 2014","format":false,"excerpt":"Boa tarde, prezados. Como deve ser de seu conhecimento, estamos em \u00e9poca de elabora\u00e7\u00e3o das Declara\u00e7\u00f5es de Imposto de Renda - Pessoa F\u00edsica 2014, per\u00edodo compreendido entre 06\u00a0de Mar\u00e7o e 30 de Abril, de acordo com os rendimentos referentes ao ano-calend\u00e1rio 2013. Est\u00e1 com d\u00favidas? Quer saber mais a respeito?\u2026","rel":"","context":"Em &quot;Departamento Fiscal&quot;","block_context":{"text":"Departamento Fiscal","link":"https:\/\/cfcontabil.com\/cf\/category\/df\/"},"img":{"alt_text":"","src":"https:\/\/i0.wp.com\/cfcontabil.com\/cf\/wp-content\/uploads\/2013\/10\/IMPOSTO-597x245-2.jpg?fit=597%2C245&ssl=1&resize=350%2C200","width":350,"height":200,"srcset":"https:\/\/i0.wp.com\/cfcontabil.com\/cf\/wp-content\/uploads\/2013\/10\/IMPOSTO-597x245-2.jpg?fit=597%2C245&ssl=1&resize=350%2C200 1x, https:\/\/i0.wp.com\/cfcontabil.com\/cf\/wp-content\/uploads\/2013\/10\/IMPOSTO-597x245-2.jpg?fit=597%2C245&ssl=1&resize=525%2C300 1.5x"},"classes":[]},{"id":2121,"url":"https:\/\/cfcontabil.com\/cf\/irpf-2020-prazo-e-ate-dia-28-para-receber-o-informe-de-rendimentos\/","url_meta":{"origin":1219,"position":2},"title":"IRPF 2020: Prazo \u00e9 at\u00e9 dia 28 para receber o informe de rendimentos","author":"Ab\u00edlio Gon\u00e7alves","date":"26 de fevereiro de 2020","format":false,"excerpt":"Estamos a poucos dias para iniciar a entrega a Declara\u00e7\u00e3o do Imposto de Renda Pessoa F\u00edsica de 2020, portanto \u00e9 importante ter uma aten\u00e7\u00e3o especial a documenta\u00e7\u00e3o necess\u00e1ria. Um dos documentos mais importantes \u00e9 o informe de rendimentos, pois nele cont\u00e9m todas as informa\u00e7\u00f5es prestadas pelas empresas, bancos e corretoras\u2026","rel":"","context":"Em &quot;Departamento Fiscal&quot;","block_context":{"text":"Departamento Fiscal","link":"https:\/\/cfcontabil.com\/cf\/category\/df\/"},"img":{"alt_text":"","src":"https:\/\/i0.wp.com\/cfcontabil.com\/cf\/wp-content\/uploads\/2020\/02\/Informe-de-Rendimentos-IRPF-2.jpg?fit=1080%2C1080&ssl=1&resize=350%2C200","width":350,"height":200,"srcset":"https:\/\/i0.wp.com\/cfcontabil.com\/cf\/wp-content\/uploads\/2020\/02\/Informe-de-Rendimentos-IRPF-2.jpg?fit=1080%2C1080&ssl=1&resize=350%2C200 1x, https:\/\/i0.wp.com\/cfcontabil.com\/cf\/wp-content\/uploads\/2020\/02\/Informe-de-Rendimentos-IRPF-2.jpg?fit=1080%2C1080&ssl=1&resize=525%2C300 1.5x, https:\/\/i0.wp.com\/cfcontabil.com\/cf\/wp-content\/uploads\/2020\/02\/Informe-de-Rendimentos-IRPF-2.jpg?fit=1080%2C1080&ssl=1&resize=700%2C400 2x, https:\/\/i0.wp.com\/cfcontabil.com\/cf\/wp-content\/uploads\/2020\/02\/Informe-de-Rendimentos-IRPF-2.jpg?fit=1080%2C1080&ssl=1&resize=1050%2C600 3x"},"classes":[]},{"id":1881,"url":"https:\/\/cfcontabil.com\/cf\/novas-funcionalidades-deixam-o-esocial-web-domestico-ainda-mais-simples\/","url_meta":{"origin":1219,"position":3},"title":"Novas funcionalidades deixam o eSocial Web Dom\u00e9stico ainda mais simples","author":"Ab\u00edlio Gon\u00e7alves","date":"12 de novembro de 2019","format":false,"excerpt":"O m\u00f3dulo web dom\u00e9stico passou por grandes mudan\u00e7as a partir desta segunda (11) Novas ferramentas amig\u00e1veis e intuitivas: assistente \"passo a passo\" para f\u00e9rias e desligamento, lan\u00e7amento autom\u00e1tico da primeira parcela do 13\u00ba, alertas na p\u00e1gina principal, reajuste salarial simplificado. Diversas mudan\u00e7as entraram em vigor nesta segunda-feira\u00a0(11). E ainda h\u00e1\u2026","rel":"","context":"Em &quot;Departamento Pessoal&quot;","block_context":{"text":"Departamento Pessoal","link":"https:\/\/cfcontabil.com\/cf\/category\/dp\/"},"img":{"alt_text":"","src":"https:\/\/i0.wp.com\/cfcontabil.com\/cf\/wp-content\/uploads\/2018\/06\/esocial-domestico-1.jpg?fit=600%2C450&ssl=1&resize=350%2C200","width":350,"height":200,"srcset":"https:\/\/i0.wp.com\/cfcontabil.com\/cf\/wp-content\/uploads\/2018\/06\/esocial-domestico-1.jpg?fit=600%2C450&ssl=1&resize=350%2C200 1x, https:\/\/i0.wp.com\/cfcontabil.com\/cf\/wp-content\/uploads\/2018\/06\/esocial-domestico-1.jpg?fit=600%2C450&ssl=1&resize=525%2C300 1.5x"},"classes":[]},{"id":2224,"url":"https:\/\/cfcontabil.com\/cf\/fgts-e-ferias-de-domesticas-o-que-preciso-fazer-no-esocial\/","url_meta":{"origin":1219,"position":4},"title":"FGTS e F\u00e9rias de Dom\u00e9sticas: O que preciso fazer no eSocial?","author":"Ab\u00edlio Gon\u00e7alves","date":"5 de abril de 2020","format":false,"excerpt":"A MP 927\/2020 permite a todos os empregadores suspender o recolhimento de FGTS at\u00e9 maio. A MP 927\/2020 permitiu a suspens\u00e3o de recolhimento do Fundo de Garantia por Tempo de Servi\u00e7o,\u00a0FGTS,\u00a0por parte dos empregadores. Com a medida, fica suspensa a obrigatoriedade do recolhimento referente aos per\u00edodos de mar\u00e7o, abril e\u2026","rel":"","context":"Em &quot;Departamento Pessoal&quot;","block_context":{"text":"Departamento Pessoal","link":"https:\/\/cfcontabil.com\/cf\/category\/dp\/"},"img":{"alt_text":"","src":"https:\/\/i0.wp.com\/cfcontabil.com\/cf\/wp-content\/uploads\/2020\/04\/mp927.jpeg?fit=768%2C423&ssl=1&resize=350%2C200","width":350,"height":200,"srcset":"https:\/\/i0.wp.com\/cfcontabil.com\/cf\/wp-content\/uploads\/2020\/04\/mp927.jpeg?fit=768%2C423&ssl=1&resize=350%2C200 1x, https:\/\/i0.wp.com\/cfcontabil.com\/cf\/wp-content\/uploads\/2020\/04\/mp927.jpeg?fit=768%2C423&ssl=1&resize=525%2C300 1.5x, https:\/\/i0.wp.com\/cfcontabil.com\/cf\/wp-content\/uploads\/2020\/04\/mp927.jpeg?fit=768%2C423&ssl=1&resize=700%2C400 2x"},"classes":[]},{"id":3490,"url":"https:\/\/cfcontabil.com\/cf\/imposto-de-renda-2026-guia-completo-para-organizar-sua-documentacao-hoje-mesmo\/","url_meta":{"origin":1219,"position":5},"title":"Imposto de Renda 2026: Guia Completo para Organizar sua Documenta\u00e7\u00e3o Hoje Mesmo","author":"Ab\u00edlio Gon\u00e7alves","date":"4 de mar\u00e7o de 2026","format":false,"excerpt":"A temporada do Imposto de Renda Pessoa F\u00edsica (IRPF) est\u00e1 se aproximando. Embora as datas oficiais exatas e as regras finais ainda dependam da publica\u00e7\u00e3o das normas pela Receita Federal, as previs\u00f5es para 2026 indicam que o prazo de entrega deve come\u00e7ar em 16 de mar\u00e7o e se estender at\u00e9\u2026","rel":"","context":"Em &quot;Geral&quot;","block_context":{"text":"Geral","link":"https:\/\/cfcontabil.com\/cf\/category\/geral\/"},"img":{"alt_text":"","src":"https:\/\/i0.wp.com\/cfcontabil.com\/cf\/wp-content\/uploads\/2026\/03\/blog-capa-ir2026-scaled.png?fit=1200%2C670&ssl=1&resize=350%2C200","width":350,"height":200,"srcset":"https:\/\/i0.wp.com\/cfcontabil.com\/cf\/wp-content\/uploads\/2026\/03\/blog-capa-ir2026-scaled.png?fit=1200%2C670&ssl=1&resize=350%2C200 1x, https:\/\/i0.wp.com\/cfcontabil.com\/cf\/wp-content\/uploads\/2026\/03\/blog-capa-ir2026-scaled.png?fit=1200%2C670&ssl=1&resize=525%2C300 1.5x, https:\/\/i0.wp.com\/cfcontabil.com\/cf\/wp-content\/uploads\/2026\/03\/blog-capa-ir2026-scaled.png?fit=1200%2C670&ssl=1&resize=700%2C400 2x, https:\/\/i0.wp.com\/cfcontabil.com\/cf\/wp-content\/uploads\/2026\/03\/blog-capa-ir2026-scaled.png?fit=1200%2C670&ssl=1&resize=1050%2C600 3x"},"classes":[]}],"jetpack_likes_enabled":true,"_links":{"self":[{"href":"https:\/\/cfcontabil.com\/cf\/wp-json\/wp\/v2\/posts\/1219","targetHints":{"allow":["GET"]}}],"collection":[{"href":"https:\/\/cfcontabil.com\/cf\/wp-json\/wp\/v2\/posts"}],"about":[{"href":"https:\/\/cfcontabil.com\/cf\/wp-json\/wp\/v2\/types\/post"}],"author":[{"embeddable":true,"href":"https:\/\/cfcontabil.com\/cf\/wp-json\/wp\/v2\/users\/3"}],"replies":[{"embeddable":true,"href":"https:\/\/cfcontabil.com\/cf\/wp-json\/wp\/v2\/comments?post=1219"}],"version-history":[{"count":0,"href":"https:\/\/cfcontabil.com\/cf\/wp-json\/wp\/v2\/posts\/1219\/revisions"}],"wp:featuredmedia":[{"embeddable":true,"href":"https:\/\/cfcontabil.com\/cf\/wp-json\/wp\/v2\/media\/1498"}],"wp:attachment":[{"href":"https:\/\/cfcontabil.com\/cf\/wp-json\/wp\/v2\/media?parent=1219"}],"wp:term":[{"taxonomy":"category","embeddable":true,"href":"https:\/\/cfcontabil.com\/cf\/wp-json\/wp\/v2\/categories?post=1219"},{"taxonomy":"post_tag","embeddable":true,"href":"https:\/\/cfcontabil.com\/cf\/wp-json\/wp\/v2\/tags?post=1219"}],"curies":[{"name":"wp","href":"https:\/\/api.w.org\/{rel}","templated":true}]}}