{"id":1220,"date":"2017-02-22T15:00:40","date_gmt":"2017-02-22T18:00:40","guid":{"rendered":"http:\/\/cfcontabil.com\/cf\/?p=994"},"modified":"2017-02-22T15:00:40","modified_gmt":"2017-02-22T18:00:40","slug":"receita-pedira-e-mail-e-numero-de-celular-na-declaracao-de-ir-deste-ano","status":"publish","type":"post","link":"https:\/\/cfcontabil.com\/cf\/receita-pedira-e-mail-e-numero-de-celular-na-declaracao-de-ir-deste-ano\/","title":{"rendered":"Receita pedir\u00e1 e-mail e n\u00famero de celular na declara\u00e7\u00e3o de IR deste ano"},"content":{"rendered":"<p style=\"text-align: justify;\">A Receita Federal passar\u00e1 a pedir e-mail e n\u00famero de celular dos contribuintes na declara\u00e7\u00e3o de Imposto de Renda deste ano. O preenchimento dessas informa\u00e7\u00f5es n\u00e3o ser\u00e1 obrigat\u00f3rio. A Receita garante que os dados ser\u00e3o coletados somente para ampliar o cadastro e s\u00f3 ser\u00e3o utilizados com aviso-pr\u00e9vio e autoriza\u00e7\u00e3o dos contribuintes.<\/p>\n<p>Segundo o supervisor do Imposto de Renda, Joaquim Adir, a Receita continua a n\u00e3o enviar e-mails para os contribuintes.<\/p>\n<p>CPF de dependentes<\/p>\n<p>Em entrevista para apresentar informa\u00e7\u00f5es sobre a declara\u00e7\u00e3o deste ano, Adir disse ainda que nos pr\u00f3ximos anos \u00e9 poss\u00edvel que a Receita passe a exigir CPF de todos os dependentes de qualquer idade. Na declara\u00e7\u00e3o deste ano, dependentes com 12 anos ou mais devem ter o CPF informado. Em 2016, a idade para obrigatoriedade de apresenta\u00e7\u00e3o do CPF era 14 anos. \u201cMuitos cart\u00f3rios j\u00e1 emitem a certid\u00e3o de nascimento com o CPF. \u00c9 uma garantia de identifica\u00e7\u00e3o, facilita o trabalho de cruzamento\u201d, argumentou.<\/p>\n<p>A partir das 9h de amanh\u00e3 (23), o programa de gera\u00e7\u00e3o da declara\u00e7\u00e3o j\u00e1 poder\u00e1 ser baixado pela internet e o envio ser\u00e1 liberado a partir das 8h do dia 2 de mar\u00e7o. O prazo vai at\u00e9 as 23h59m59s, no hor\u00e1rio de Bras\u00edlia, do dia 28 de abril.<\/p>\n<p>Fonte:\u00a0Ag\u00eancia Brasil<\/p>\n","protected":false},"excerpt":{"rendered":"<p>A Receita Federal passar\u00e1 a pedir e-mail e n\u00famero de celular dos contribuintes na declara\u00e7\u00e3o de Imposto de Renda deste ano. O preenchimento dessas informa\u00e7\u00f5es n\u00e3o ser\u00e1 obrigat\u00f3rio. A Receita garante que os dados ser\u00e3o coletados somente para ampliar o cadastro e s\u00f3 ser\u00e3o utilizados com aviso-pr\u00e9vio e autoriza\u00e7\u00e3o dos contribuintes. Segundo o supervisor do [&hellip;]<\/p>\n","protected":false},"author":3,"featured_media":1499,"comment_status":"open","ping_status":"open","sticky":false,"template":"","format":"standard","meta":{"jetpack_post_was_ever_published":false,"_jetpack_newsletter_access":"","_jetpack_dont_email_post_to_subs":false,"_jetpack_newsletter_tier_id":0,"_jetpack_memberships_contains_paywalled_content":false,"_jetpack_memberships_contains_paid_content":false,"footnotes":"","jetpack_publicize_message":"Receita pedir\u00e1 e-mail e n\u00famero de celular na declara\u00e7\u00e3o de #IR deste ano","jetpack_publicize_feature_enabled":true,"jetpack_social_post_already_shared":true,"jetpack_social_options":{"image_generator_settings":{"template":"highway","default_image_id":0,"font":"","enabled":false},"version":2}},"categories":[46],"tags":[380,106,369,413,107,108,110,111,414],"class_list":["post-1220","post","type-post","status-publish","format-standard","has-post-thumbnail","hentry","category-df","tag-cpf","tag-declaracao","tag-dependente","tag-email","tag-fisica","tag-imposto","tag-pessoa","tag-renda","tag-telefone"],"jetpack_publicize_connections":[],"jetpack_featured_media_url":"https:\/\/i0.wp.com\/cfcontabil.com\/cf\/wp-content\/uploads\/2017\/02\/telefone-email-1.png?fit=454%2C170&ssl=1","jetpack_sharing_enabled":true,"jetpack_shortlink":"https:\/\/wp.me\/p2wklX-jG","jetpack-related-posts":[{"id":1798,"url":"https:\/\/cfcontabil.com\/cf\/exigencia-de-cpf-no-imposto-de-renda-faz-12-milhao-de-dependentes-desaparecer\/","url_meta":{"origin":1220,"position":0},"title":"Exig\u00eancia de CPF no Imposto de Renda faz 1,2 milh\u00e3o de dependentes &#8216;desaparecer&#8217;","author":"Ab\u00edlio Gon\u00e7alves","date":"18 de outubro de 2019","format":false,"excerpt":"Mais rigor do Fisco derruba o n\u00famero de crian\u00e7as e adolescentes na declara\u00e7\u00e3o de pessoa f\u00edsica Em apenas um ano, entre 2017 e 2018, cerca de 1,2 milh\u00e3o de crian\u00e7as e adolescentes desapareceram das declara\u00e7\u00f5es de IR (Imposto de Renda) captadas pela Receita Federal. Levantamento feito pelo Fisco mostra que\u2026","rel":"","context":"Em &quot;Imposto de Renda&quot;","block_context":{"text":"Imposto de Renda","link":"https:\/\/cfcontabil.com\/cf\/category\/imposto-de-renda\/"},"img":{"alt_text":"","src":"https:\/\/i0.wp.com\/cfcontabil.com\/cf\/wp-content\/uploads\/2017\/02\/irpfrfb-1.jpg?fit=640%2C340&ssl=1&resize=350%2C200","width":350,"height":200,"srcset":"https:\/\/i0.wp.com\/cfcontabil.com\/cf\/wp-content\/uploads\/2017\/02\/irpfrfb-1.jpg?fit=640%2C340&ssl=1&resize=350%2C200 1x, https:\/\/i0.wp.com\/cfcontabil.com\/cf\/wp-content\/uploads\/2017\/02\/irpfrfb-1.jpg?fit=640%2C340&ssl=1&resize=525%2C300 1.5x"},"classes":[]},{"id":920,"url":"https:\/\/cfcontabil.com\/cf\/receita-federal-altera-regras-de-informacoes-de-dependentes-na-dirpf\/","url_meta":{"origin":1220,"position":1},"title":"Receita Federal altera regras de informa\u00e7\u00f5es de dependentes na Dirpf","author":"Ab\u00edlio Gon\u00e7alves","date":"2 de fevereiro de 2017","format":false,"excerpt":"Foi publicada hoje no Di\u00e1rio Oficial da Uni\u00e3o a Instru\u00e7\u00e3o Normativa RFB n\u00ba 1688, que determina que os contribuintes que desejarem incluir seus dependentes na declara\u00e7\u00e3o do Imposto de Renda de 2017 dever\u00e3o registr\u00e1-los no Cadastro de Pessoas F\u00edsicas (CPF), caso tenham 12 anos ou mais. At\u00e9 ent\u00e3o, a obrigatoriedade\u2026","rel":"","context":"Em &quot;Geral&quot;","block_context":{"text":"Geral","link":"https:\/\/cfcontabil.com\/cf\/category\/geral\/"},"img":{"alt_text":"","src":"https:\/\/i0.wp.com\/cfcontabil.com\/cf\/wp-content\/uploads\/2017\/02\/DEPENDENTES-1.png?fit=940%2C788&ssl=1&resize=350%2C200","width":350,"height":200,"srcset":"https:\/\/i0.wp.com\/cfcontabil.com\/cf\/wp-content\/uploads\/2017\/02\/DEPENDENTES-1.png?fit=940%2C788&ssl=1&resize=350%2C200 1x, https:\/\/i0.wp.com\/cfcontabil.com\/cf\/wp-content\/uploads\/2017\/02\/DEPENDENTES-1.png?fit=940%2C788&ssl=1&resize=525%2C300 1.5x, https:\/\/i0.wp.com\/cfcontabil.com\/cf\/wp-content\/uploads\/2017\/02\/DEPENDENTES-1.png?fit=940%2C788&ssl=1&resize=700%2C400 2x"},"classes":[]},{"id":1458,"url":"https:\/\/cfcontabil.com\/cf\/irpf-2019-regras-liberadas-mas-contribuintes-terao-uma-semana-a-menos-para-entrega\/","url_meta":{"origin":1220,"position":2},"title":"IRPF 2019 &#8211; Regras liberadas, mas contribuintes ter\u00e3o uma semana a menos para entrega","author":"Ab\u00edlio Gon\u00e7alves","date":"22 de fevereiro de 2019","format":false,"excerpt":"Em 2018, estavam obrigados a acertar as contas com o le\u00e3o todos os contribuintes que receberam mais de R$ 28.559,70 no ano anterior. Publicadas as regras hoje (22.02) no Di\u00e1rio Oficial da Uni\u00e3o. Quem ganhou mais de R$ 28.559,70 em 2018 \u00e9 obrigado a fazer a declara\u00e7\u00e3o do Imposto de\u2026","rel":"","context":"Em &quot;Geral&quot;","block_context":{"text":"Geral","link":"https:\/\/cfcontabil.com\/cf\/category\/geral\/"},"img":{"alt_text":"","src":"https:\/\/i0.wp.com\/cfcontabil.com\/cf\/wp-content\/uploads\/2017\/02\/irpfrfb-1.jpg?fit=640%2C340&ssl=1&resize=350%2C200","width":350,"height":200,"srcset":"https:\/\/i0.wp.com\/cfcontabil.com\/cf\/wp-content\/uploads\/2017\/02\/irpfrfb-1.jpg?fit=640%2C340&ssl=1&resize=350%2C200 1x, https:\/\/i0.wp.com\/cfcontabil.com\/cf\/wp-content\/uploads\/2017\/02\/irpfrfb-1.jpg?fit=640%2C340&ssl=1&resize=525%2C300 1.5x"},"classes":[]},{"id":1205,"url":"https:\/\/cfcontabil.com\/cf\/os-dedos-duros-do-ir-que-te-fazem-cair-na-malha-fina\/","url_meta":{"origin":1220,"position":3},"title":"Os dedos-duros do IR que te fazem cair na malha fina","author":"Ab\u00edlio Gon\u00e7alves","date":"12 de abril de 2016","format":false,"excerpt":"O contribuinte que est\u00e1 obrigado a declarar o Imposto de Renda (IR) 2016 precisa ter aten\u00e7\u00e3o redobrada ao preencher alguns dados da declara\u00e7\u00e3o que \"deduram\" ao Fisco eventuais omiss\u00f5es ou inconsist\u00eancias. A cada ano, a Receita Federal exige que mais empresas e entidades enviem informa\u00e7\u00f5es sobre as movimenta\u00e7\u00f5es dos contribuintes\u2026","rel":"","context":"Em &quot;Geral&quot;","block_context":{"text":"Geral","link":"https:\/\/cfcontabil.com\/cf\/category\/geral\/"},"img":{"alt_text":"","src":"","width":0,"height":0},"classes":[]},{"id":2112,"url":"https:\/\/cfcontabil.com\/cf\/contribuintes-podem-baixar-programa-do-imposto-de-renda-2020-nesta-quinta-feira-20\/","url_meta":{"origin":1220,"position":4},"title":"Contribuintes podem baixar programa do Imposto de Renda 2020 nesta quinta-feira (20)","author":"Ab\u00edlio Gon\u00e7alves","date":"20 de fevereiro de 2020","format":false,"excerpt":"Receita Federal espera receber 32 milh\u00f5es de declara\u00e7\u00f5es de pessoas f\u00edsicas https:\/\/www.youtube.com\/watch?v=UpwbSoIuHaA&feature=youtu.be Contribuinte que atrasar a entrega do IRPF 2020 pagar\u00e1 multa de 1% sobre o imposto devido ao m\u00eas. O valor m\u00ednimo \u00e9 de R$ 165,74. - Foto: Secom\/PR Apartir das 8h desta quinta-feira (20), contribuintes poder\u00e3o baixar o\u2026","rel":"","context":"Em &quot;Departamento Fiscal&quot;","block_context":{"text":"Departamento Fiscal","link":"https:\/\/cfcontabil.com\/cf\/category\/df\/"},"img":{"alt_text":"","src":"https:\/\/i0.wp.com\/cfcontabil.com\/cf\/wp-content\/uploads\/2020\/02\/IRPF-regras-youtube.jpeg?fit=1200%2C675&ssl=1&resize=350%2C200","width":350,"height":200,"srcset":"https:\/\/i0.wp.com\/cfcontabil.com\/cf\/wp-content\/uploads\/2020\/02\/IRPF-regras-youtube.jpeg?fit=1200%2C675&ssl=1&resize=350%2C200 1x, https:\/\/i0.wp.com\/cfcontabil.com\/cf\/wp-content\/uploads\/2020\/02\/IRPF-regras-youtube.jpeg?fit=1200%2C675&ssl=1&resize=525%2C300 1.5x, https:\/\/i0.wp.com\/cfcontabil.com\/cf\/wp-content\/uploads\/2020\/02\/IRPF-regras-youtube.jpeg?fit=1200%2C675&ssl=1&resize=700%2C400 2x, https:\/\/i0.wp.com\/cfcontabil.com\/cf\/wp-content\/uploads\/2020\/02\/IRPF-regras-youtube.jpeg?fit=1200%2C675&ssl=1&resize=1050%2C600 3x"},"classes":[]},{"id":2129,"url":"https:\/\/cfcontabil.com\/cf\/irpf-2020-todos-os-dependentes-devem-possuir-cpf-no-imposto-de-renda\/","url_meta":{"origin":1220,"position":5},"title":"IRPF 2020: todos os dependentes devem possuir CPF no Imposto de Renda","author":"Ab\u00edlio Gon\u00e7alves","date":"28 de fevereiro de 2020","format":false,"excerpt":"A\u00a0Receita Federal\u00a0j\u00e1 liberou o\u00a0download do programa\u00a0do Imposto de Renda da Pessoa F\u00edsica de 2020 (IRPF 2020), referente ao ano-base 2019. A\u00a0entrega da declara\u00e7\u00e3o\u00a0come\u00e7ar\u00e1 no dia\u00a02 de mar\u00e7o, a partir das 8h, e se estender\u00e1 at\u00e9 30 de abril. Quem pretender declarar um dependente, portanto, precisa garantir que essa pessoa, seja\u2026","rel":"","context":"Em &quot;Departamento Fiscal&quot;","block_context":{"text":"Departamento Fiscal","link":"https:\/\/cfcontabil.com\/cf\/category\/df\/"},"img":{"alt_text":"","src":"https:\/\/i0.wp.com\/cfcontabil.com\/cf\/wp-content\/uploads\/2020\/01\/cpf.jpg?fit=768%2C490&ssl=1&resize=350%2C200","width":350,"height":200,"srcset":"https:\/\/i0.wp.com\/cfcontabil.com\/cf\/wp-content\/uploads\/2020\/01\/cpf.jpg?fit=768%2C490&ssl=1&resize=350%2C200 1x, https:\/\/i0.wp.com\/cfcontabil.com\/cf\/wp-content\/uploads\/2020\/01\/cpf.jpg?fit=768%2C490&ssl=1&resize=525%2C300 1.5x, https:\/\/i0.wp.com\/cfcontabil.com\/cf\/wp-content\/uploads\/2020\/01\/cpf.jpg?fit=768%2C490&ssl=1&resize=700%2C400 2x"},"classes":[]}],"jetpack_likes_enabled":true,"_links":{"self":[{"href":"https:\/\/cfcontabil.com\/cf\/wp-json\/wp\/v2\/posts\/1220","targetHints":{"allow":["GET"]}}],"collection":[{"href":"https:\/\/cfcontabil.com\/cf\/wp-json\/wp\/v2\/posts"}],"about":[{"href":"https:\/\/cfcontabil.com\/cf\/wp-json\/wp\/v2\/types\/post"}],"author":[{"embeddable":true,"href":"https:\/\/cfcontabil.com\/cf\/wp-json\/wp\/v2\/users\/3"}],"replies":[{"embeddable":true,"href":"https:\/\/cfcontabil.com\/cf\/wp-json\/wp\/v2\/comments?post=1220"}],"version-history":[{"count":0,"href":"https:\/\/cfcontabil.com\/cf\/wp-json\/wp\/v2\/posts\/1220\/revisions"}],"wp:featuredmedia":[{"embeddable":true,"href":"https:\/\/cfcontabil.com\/cf\/wp-json\/wp\/v2\/media\/1499"}],"wp:attachment":[{"href":"https:\/\/cfcontabil.com\/cf\/wp-json\/wp\/v2\/media?parent=1220"}],"wp:term":[{"taxonomy":"category","embeddable":true,"href":"https:\/\/cfcontabil.com\/cf\/wp-json\/wp\/v2\/categories?post=1220"},{"taxonomy":"post_tag","embeddable":true,"href":"https:\/\/cfcontabil.com\/cf\/wp-json\/wp\/v2\/tags?post=1220"}],"curies":[{"name":"wp","href":"https:\/\/api.w.org\/{rel}","templated":true}]}}