{"id":1221,"date":"2017-02-23T12:00:09","date_gmt":"2017-02-23T15:00:09","guid":{"rendered":"http:\/\/cfcontabil.com\/cf\/?p=972"},"modified":"2017-02-23T12:00:09","modified_gmt":"2017-02-23T15:00:09","slug":"balanco-dos-pedidos-de-opcao-em-janeiro-de-2017","status":"publish","type":"post","link":"https:\/\/cfcontabil.com\/cf\/balanco-dos-pedidos-de-opcao-em-janeiro-de-2017\/","title":{"rendered":"Balan\u00e7o dos Pedidos de Op\u00e7\u00e3o em Janeiro de 2017"},"content":{"rendered":"<p style=\"text-align: justify;\">No m\u00eas de Janeiro de 2017 foram recebidos 396.200 pedidos de op\u00e7\u00e3o pelo Simples Nacional, sendo 29.521 de empresas novas e 366.679 de empresas j\u00e1 em atividade.<\/p>\n<p>Para as empresas j\u00e1 em atividade observou-se um acr\u00e9scimo de 1,3% no n\u00famero de pedidos de op\u00e7\u00e3o em compara\u00e7\u00e3o com Janeiro\/2016, quando houve 362.021 pedidos.<\/p>\n<p><!--more--><\/p>\n<p>SITUA\u00c7\u00c3O DOS PEDIDOS DO M\u00caS DE JANEIRO\/2017<\/p>\n<p>DEFERIDOS &#8211; 25.680 empresas novas &#8211; 195.983 empresas constitu\u00eddas &#8211; total 221.663 &#8211; 55,95%<\/p>\n<p>CANCELADOS &#8211; 14.563 empresas constitu\u00eddas &#8211; total 14.563 &#8211; 3,68%<\/p>\n<p>INDEFERIDOS &#8211; 3.841 empresas novas &#8211; 156.133 empresas constitu\u00eddas &#8211; total 159.974 &#8211; 40,38%<\/p>\n<p>TOTAL &#8211; 29.521 empresas novas &#8211; 366.679 empresas constitu\u00eddas &#8211; total 396.200 &#8211; 100,00%<\/p>\n<p>A situa\u00e7\u00e3o em 16\/02\/2017 aponta que 221.663 pedidos foram deferidos, 14.563 cancelados e 159.674 indeferidos.<\/p>\n<p>Al\u00e9m dos pedidos de janeiro de 2017, houve 27.463 op\u00e7\u00f5es de empresas em atividade deferidas nos meses de novembro e dezembro\/2016, durante o per\u00edodo de agendamento da op\u00e7\u00e3o 2017.<\/p>\n<p>O quadro a seguir consolida os n\u00fameros do per\u00edodo de agendamento e o de op\u00e7\u00e3o em Janeiro\/2017:<\/p>\n<p>SITUA\u00c7\u00c3O DOS PEDIDOS INCLUINDO-SE O AGENDAMENTO<\/p>\n<p>DEFERIDOS &#8211; 25.680 empresas novas &#8211; 195.983 empresas constitu\u00eddas &#8211; total 221.663 &#8211; 52,32%<\/p>\n<p>DEFERIDOS POR MEIO DO AGENDAMENTO (NOV E DEZ\/2016) &#8211; 27.463 empresas constitu\u00eddas &#8211; total 27.463 &#8211; 6,48%<\/p>\n<p>TOTAL DE DEFERIDOS &#8211; 25.680 empresas novas &#8211; 223.446 empresas constitu\u00eddas &#8211; total 249.126 &#8211; 58,80%<\/p>\n<p>CANCELADOS &#8211; 14.563 empresas constitu\u00eddas &#8211; total 14.563 &#8211; 3,44%<\/p>\n<p>INDEFERIDOS &#8211; 3.841 empresas novas &#8211; 156.133 empresas constitu\u00eddas &#8211; total 159.974 &#8211; 37,76%<\/p>\n<p>TOTAL &#8211; 29.521 empresas novas &#8211; 394.142 empresas constitu\u00eddas &#8211; total 423.663 &#8211; 100,00%<\/p>\n<p>Comparando-se os resultados com base no mesmo per\u00edodo em 2016, verifica-se que o percentual de indeferimentos permaneceu exatamente no mesmo patamar, representando 37,76% da quantidade total de pedidos.<\/p>\n<p>Balan\u00e7o das op\u00e7\u00f5es em Janeiro de 2016<\/p>\n<p>Os termos de indeferimento podem ser acessados pelos servi\u00e7os &#8220;Domic\u00edlio Tribut\u00e1rio Eletr\u00f4nico do Simples Nacional&#8221; e &#8220;Acompanhamento da Formaliza\u00e7\u00e3o da Op\u00e7\u00e3o pelo Simples Nacional&#8221;, no portal do Simples Nacional.<\/p>\n<p>Os dados anal\u00edticos por unidade federativa ou munic\u00edpio est\u00e3o dispon\u00edveis no Portal do Simples Nacional, Estat\u00edsticas, Estat\u00edsticas de Optantes pelo Simples Nacional, Estat\u00edstica de Pedidos de Op\u00e7\u00e3o pelo Simples.<\/p>\n<p>Fonte: Portal do Simples<\/p>\n","protected":false},"excerpt":{"rendered":"<p>No m\u00eas de Janeiro de 2017 foram recebidos 396.200 pedidos de op\u00e7\u00e3o pelo Simples Nacional, sendo 29.521 de empresas novas e 366.679 de empresas j\u00e1 em atividade. Para as empresas j\u00e1 em atividade observou-se um acr\u00e9scimo de 1,3% no n\u00famero de pedidos de op\u00e7\u00e3o em compara\u00e7\u00e3o com Janeiro\/2016, quando houve 362.021 pedidos.<\/p>\n","protected":false},"author":3,"featured_media":1484,"comment_status":"open","ping_status":"open","sticky":false,"template":"","format":"standard","meta":{"jetpack_post_was_ever_published":false,"_jetpack_newsletter_access":"","_jetpack_dont_email_post_to_subs":false,"_jetpack_newsletter_tier_id":0,"_jetpack_memberships_contains_paywalled_content":false,"_jetpack_memberships_contains_paid_content":false,"footnotes":"","jetpack_publicize_message":"Balan\u00e7o dos Pedidos de Op\u00e7\u00e3o em Janeiro de 2017","jetpack_publicize_feature_enabled":true,"jetpack_social_post_already_shared":true,"jetpack_social_options":{"image_generator_settings":{"template":"highway","default_image_id":0,"font":"","enabled":false},"version":2}},"categories":[22],"tags":[211,282,213,415,297],"class_list":["post-1221","post","type-post","status-publish","format-standard","has-post-thumbnail","hentry","category-geral","tag-nacional","tag-opcao","tag-simples","tag-situacao","tag-tributaria"],"jetpack_publicize_connections":[],"jetpack_featured_media_url":"https:\/\/i0.wp.com\/cfcontabil.com\/cf\/wp-content\/uploads\/2016\/03\/simples-1.jpg?fit=520%2C271&ssl=1","jetpack_sharing_enabled":true,"jetpack_shortlink":"https:\/\/wp.me\/p2wklX-jH","jetpack-related-posts":[{"id":861,"url":"https:\/\/cfcontabil.com\/cf\/opcao-pelo-simples-nacional\/","url_meta":{"origin":1221,"position":0},"title":"Op\u00e7\u00e3o pelo Simples Nacional","author":"Ab\u00edlio Gon\u00e7alves","date":"23 de janeiro de 2017","format":false,"excerpt":"Podem optar pelo Simples Nacional as microempresas (ME) e empresas de pequeno porte (EPP) que n\u00e3o incorram em nenhuma das veda\u00e7\u00f5es previstas na Lei Complementar 123, de 2006. A empresa poder\u00e1 fazer novo pedido de op\u00e7\u00e3o pelo Simples Nacional at\u00e9 o dia 31\/01\/2017. Conhe\u00e7a os detalhes previstos para a situa\u00e7\u00e3o\u2026","rel":"","context":"Em &quot;Consultoria Empresarial&quot;","block_context":{"text":"Consultoria Empresarial","link":"https:\/\/cfcontabil.com\/cf\/category\/consultoria\/"},"img":{"alt_text":"","src":"https:\/\/i0.wp.com\/cfcontabil.com\/cf\/wp-content\/uploads\/2017\/01\/simples-1.jpg?fit=520%2C271&ssl=1&resize=350%2C200","width":350,"height":200},"classes":[]},{"id":2401,"url":"https:\/\/cfcontabil.com\/cf\/pequenas-empresas-tem-ate-o-dia-29-de-janeiro-para-aderir-ao-simples-nacional\/","url_meta":{"origin":1221,"position":1},"title":"Pequenas empresas t\u00eam at\u00e9 o dia 29 de janeiro para aderir ao Simples Nacional","author":"Ab\u00edlio Gon\u00e7alves","date":"12 de janeiro de 2021","format":false,"excerpt":"Solicita\u00e7\u00e3o \u00e9 realizada somente pela internet e pode ser feita tanto por empresas j\u00e1 em atividade como para as que est\u00e3o em in\u00edcio de funcionamento. As microempresas e empresas de pequeno porte t\u00eam at\u00e9 o dia 29 de janeiro para optar pelo regime tribut\u00e1rio do Simples Nacional. A solicita\u00e7\u00e3o pode\u2026","rel":"","context":"Em &quot;Contabilidade em geral&quot;","block_context":{"text":"Contabilidade em geral","link":"https:\/\/cfcontabil.com\/cf\/category\/contabilidade-2\/"},"img":{"alt_text":"","src":"https:\/\/i0.wp.com\/cfcontabil.com\/cf\/wp-content\/uploads\/2020\/11\/Simples_Blog.jpg.600x335_q85_box-022957556_crop_detail.jpg?fit=600%2C335&ssl=1&resize=350%2C200","width":350,"height":200,"srcset":"https:\/\/i0.wp.com\/cfcontabil.com\/cf\/wp-content\/uploads\/2020\/11\/Simples_Blog.jpg.600x335_q85_box-022957556_crop_detail.jpg?fit=600%2C335&ssl=1&resize=350%2C200 1x, https:\/\/i0.wp.com\/cfcontabil.com\/cf\/wp-content\/uploads\/2020\/11\/Simples_Blog.jpg.600x335_q85_box-022957556_crop_detail.jpg?fit=600%2C335&ssl=1&resize=525%2C300 1.5x"},"classes":[]},{"id":1208,"url":"https:\/\/cfcontabil.com\/cf\/opcao-para-2017-simples-nacional-simei\/","url_meta":{"origin":1221,"position":2},"title":"Op\u00e7\u00e3o Para 2017: SIMPLES NACIONAL &#8211; SIMEI","author":"Ab\u00edlio Gon\u00e7alves","date":"16 de janeiro de 2017","format":false,"excerpt":"O prazo de op\u00e7\u00e3o pelo regime do \u201cSimples Nacional\u201d e do \u201cSIMEI\u201d encerrar\u00e1 no dia 31.01.2017. A op\u00e7\u00e3o poder\u00e1 ser realizada para o contribuinte que se enquadrar nas defini\u00e7\u00f5es do artigo 3\u00b0 da Lei Complementar n\u00b0 123\/2006 e n\u00e3o se enquadrar nas veda\u00e7\u00f5es listadas no artigo 17. O local para\u2026","rel":"","context":"Em &quot;Departamento Fiscal&quot;","block_context":{"text":"Departamento Fiscal","link":"https:\/\/cfcontabil.com\/cf\/category\/df\/"},"img":{"alt_text":"","src":"https:\/\/i0.wp.com\/jornalocal.com.br\/site\/wp-content\/uploads\/2012\/01\/2012_01_3108_09_0431493simplesncaional.jpg?resize=350%2C200","width":350,"height":200},"classes":[]},{"id":2047,"url":"https:\/\/cfcontabil.com\/cf\/empresas-que-nao-regularizaram-pendencias-sao-excluidas-do-simples\/","url_meta":{"origin":1221,"position":3},"title":"Empresas que n\u00e3o regularizaram pend\u00eancias s\u00e3o exclu\u00eddas do Simples","author":"Ab\u00edlio Gon\u00e7alves","date":"14 de janeiro de 2020","format":false,"excerpt":"Contribuinte que resolver situa\u00e7\u00e3o poder\u00e1 pedir reinclus\u00e3o no regime As micro e pequenas empresas que n\u00e3o regularizaram as pend\u00eancias com o Simples Nacional \u2013 regime tribut\u00e1rio especial para pequenos neg\u00f3cios \u2013 foram exclu\u00eddas do programa no in\u00edcio de 2020 (dia 1\u00ba). Elas ter\u00e3o at\u00e9 31 de janeiro para resolverem a\u2026","rel":"","context":"Em \"Exclus\u00e3o\"","block_context":{"text":"Exclus\u00e3o","link":"https:\/\/cfcontabil.com\/cf\/tag\/exclusao\/"},"img":{"alt_text":"","src":"https:\/\/i0.wp.com\/cfcontabil.com\/cf\/wp-content\/uploads\/2020\/01\/exclusao-simples-nacional.jpg?fit=600%2C310&ssl=1&resize=350%2C200","width":350,"height":200,"srcset":"https:\/\/i0.wp.com\/cfcontabil.com\/cf\/wp-content\/uploads\/2020\/01\/exclusao-simples-nacional.jpg?fit=600%2C310&ssl=1&resize=350%2C200 1x, https:\/\/i0.wp.com\/cfcontabil.com\/cf\/wp-content\/uploads\/2020\/01\/exclusao-simples-nacional.jpg?fit=600%2C310&ssl=1&resize=525%2C300 1.5x"},"classes":[]},{"id":412,"url":"https:\/\/cfcontabil.com\/cf\/agendamento-da-opcao-pelo-simples-nacional-2014\/","url_meta":{"origin":1221,"position":4},"title":"Agendamento da Op\u00e7\u00e3o pelo Simples Nacional 2014","author":"Vin\u00edcius Moizinho","date":"4 de dezembro de 2013","format":false,"excerpt":"Bom dia, prezados! O recado hoje \u00e9 bem r\u00e1pido. Gostar\u00edamos de lembr\u00e1-los que j\u00e1\u00a0est\u00e1 dispon\u00edvel o servi\u00e7o de agendamento da op\u00e7\u00e3o pelo Simples Nacional para o ano-calend\u00e1rio 2014.\u00a0 \u00a0 Confira maiores detalhes! Agendamento para o ano-calend\u00e1rio 2014 Conforme \u00e9 explicado pela Receita Federal, esse servi\u00e7o objetiva facilitar o processo de\u2026","rel":"","context":"Em &quot;Contabilidade em geral&quot;","block_context":{"text":"Contabilidade em geral","link":"https:\/\/cfcontabil.com\/cf\/category\/contabilidade-2\/"},"img":{"alt_text":"","src":"https:\/\/i0.wp.com\/www.mauronegruni.com.br\/wp-content\/uploads\/2013\/09\/simplesNacional2192-300x3001.jpg?resize=350%2C200","width":350,"height":200},"classes":[]},{"id":1240,"url":"https:\/\/cfcontabil.com\/cf\/novas-regras-para-aderir-ao-pert\/","url_meta":{"origin":1221,"position":5},"title":"Novas regras para aderir ao PERT","author":"Ab\u00edlio Gon\u00e7alves","date":"28 de junho de 2017","format":false,"excerpt":"A\u00a0Receita Federal do Brasil e a Procuradoria Geral da Fazenda Nacional\u00a0publicaram na \u00faltima semana as regras para ades\u00e3o ao seu\u00a0Programa de Parcelamento de D\u00edvidas Tribut\u00e1rias, conhecido como\u00a0PERT. O intuito destes \u00f3rg\u00e3os \u00e9\u00a0aumentar a arrecada\u00e7\u00e3o\u00a0ao\u00a0facilitar o pagamento\u00a0de d\u00e9bitos dos contribuintes. Sendo assim, o papel do Contador nesta hist\u00f3ria \u00e9 ajudar o\u2026","rel":"","context":"Em &quot;Departamento Fiscal&quot;","block_context":{"text":"Departamento Fiscal","link":"https:\/\/cfcontabil.com\/cf\/category\/df\/"},"img":{"alt_text":"","src":"","width":0,"height":0},"classes":[]}],"jetpack_likes_enabled":true,"_links":{"self":[{"href":"https:\/\/cfcontabil.com\/cf\/wp-json\/wp\/v2\/posts\/1221","targetHints":{"allow":["GET"]}}],"collection":[{"href":"https:\/\/cfcontabil.com\/cf\/wp-json\/wp\/v2\/posts"}],"about":[{"href":"https:\/\/cfcontabil.com\/cf\/wp-json\/wp\/v2\/types\/post"}],"author":[{"embeddable":true,"href":"https:\/\/cfcontabil.com\/cf\/wp-json\/wp\/v2\/users\/3"}],"replies":[{"embeddable":true,"href":"https:\/\/cfcontabil.com\/cf\/wp-json\/wp\/v2\/comments?post=1221"}],"version-history":[{"count":0,"href":"https:\/\/cfcontabil.com\/cf\/wp-json\/wp\/v2\/posts\/1221\/revisions"}],"wp:featuredmedia":[{"embeddable":true,"href":"https:\/\/cfcontabil.com\/cf\/wp-json\/wp\/v2\/media\/1484"}],"wp:attachment":[{"href":"https:\/\/cfcontabil.com\/cf\/wp-json\/wp\/v2\/media?parent=1221"}],"wp:term":[{"taxonomy":"category","embeddable":true,"href":"https:\/\/cfcontabil.com\/cf\/wp-json\/wp\/v2\/categories?post=1221"},{"taxonomy":"post_tag","embeddable":true,"href":"https:\/\/cfcontabil.com\/cf\/wp-json\/wp\/v2\/tags?post=1221"}],"curies":[{"name":"wp","href":"https:\/\/api.w.org\/{rel}","templated":true}]}}