{"id":1222,"date":"2017-02-24T12:00:13","date_gmt":"2017-02-24T15:00:13","guid":{"rendered":"http:\/\/cfcontabil.com\/cf\/?p=974"},"modified":"2017-02-24T12:00:13","modified_gmt":"2017-02-24T15:00:13","slug":"ministro-garante-que-modernizacao-da-clt-mantem-direitos-dos-trabalhadores","status":"publish","type":"post","link":"https:\/\/cfcontabil.com\/cf\/ministro-garante-que-modernizacao-da-clt-mantem-direitos-dos-trabalhadores\/","title":{"rendered":"Ministro garante que moderniza\u00e7\u00e3o da CLT mant\u00e9m direitos dos trabalhadores"},"content":{"rendered":"<p style=\"text-align: justify;\">O ministro do Trabalho, Ronaldo Nogueira, garantiu nesta quinta-feira (16) que a proposta de moderniza\u00e7\u00e3o das leis trabalhistas enviada pelo governo federal ao Congresso Nacional assegura os direitos dos trabalhadores. Durante audi\u00eancia da Comiss\u00e3o Especial da Reforma Trabalhista da C\u00e2mara dos Deputados, ele explicou aos parlamentares que o projeto n\u00e3o retira nenhum direito e d\u00e1 seguran\u00e7a jur\u00eddica aos acordos coletivos. \u201cEstamos convergentes em um ponto: ningu\u00e9m de n\u00f3s quer tirar direito dos trabalhadores. Podemos ter opini\u00f5es diferentes, mas todos somos convergentes em n\u00e3o tirar direito do trabalhador, combater a precariza\u00e7\u00e3o e trazer seguran\u00e7a jur\u00eddica\u201d, afirmou.<\/p>\n<p>A audi\u00eancia, que lotou o plen\u00e1rio 4, contou com a participa\u00e7\u00e3o do presidente do Tribunal Superior do Trabalho (TST), Ives Gandra da Silva Martins Filho, e do procurador-geral do Trabalho, Ronaldo Curado Fleury. Ronaldo Nogueira lembrou que o debate sobre a moderniza\u00e7\u00e3o da Consolida\u00e7\u00e3o das Leis do Trabalho (CLT) \u00e9 importante, porque permite melhorar o que foi apresentado pelo governo. \u201cO di\u00e1logo social aprimora a proposta, que \u00e9 ancorada em tr\u00eas eixos: consolidar os direitos, trazer seguran\u00e7a jur\u00eddica e criar oportunidade de ocupa\u00e7\u00e3o para todos\u201d, afirmou.<\/p>\n<p><!--more--><\/p>\n<p>O ministro disse que, com 13 milh\u00f5es de desempregados, o Brasil precisa oferecer seguran\u00e7a jur\u00eddica nos contratos de trabalho. \u201cCom a proposta, o governo regulamenta o que j\u00e1 est\u00e1 previsto na Constitui\u00e7\u00e3o e na CLT, dando for\u00e7a de lei que permite ao trabalhador escolher a forma mais vantajosa para usufruir dos seus direitos\u201d, defendeu.<\/p>\n<p>Novo \u00e2nimo &#8211; O grande desafio \u00e9 assegurar os empregos que existem e criar ambiente para gerar novos empregos. Ronaldo Nogueira lembrou que em 2016 o fechamento de vagas de emprego j\u00e1 foi menor do que o registrado em 2015, o que aponta para uma compreens\u00e3o dos empregadores quanto \u00e0s medidas adotadas pelo governo. \u201cS\u00f3 o fato de o governo encaminhar uma proposta ao parlamento j\u00e1 trouxe ao mercado um \u00e2nimo, no sentido de voltar a contratar\u201d, afirmou.<\/p>\n<p>Ele tamb\u00e9m citou Portaria do Minist\u00e9rio do Trabalho de 2011, que j\u00e1 permite o controle da jornada de trabalho sem a necessidade de ponto eletr\u00f4nico, desde que isso seja ajustado por acordo coletivo. \u201cNa nossa proposta, estamos trazendo esse dispositivo para o projeto de lei\u201d, ponderou.<\/p>\n<p>Ronaldo Nogueira refor\u00e7ou a previs\u00e3o de que a moderniza\u00e7\u00e3o das leis trabalhistas resultar\u00e1 na gera\u00e7\u00e3o de cerca de 5 milh\u00f5es de empregos, no m\u00e9dio e longo prazos. Ele explicou aos deputados que o c\u00e1lculo se baseia em um estudo da Organiza\u00e7\u00e3o para a Coopera\u00e7\u00e3o e Desenvolvimento Econ\u00f4mico (OCDE), considerando os impactos observados em pa\u00edses desenvolvidos que t\u00eam uma legisla\u00e7\u00e3o semelhante \u00e0 proposta pelo governo do presidente Michel Temer.<\/p>\n<p>Segundo o ministro, o estudo da OCDE mostra que, nesses pa\u00edses, 16% a 17% dos trabalhadores atuam sob contratos tempor\u00e1rios ou de jornada parcial, enquanto no Brasil o \u00edndice \u00e9 de apenas 6%. \u201cO Brasil pode atingir esse n\u00edvel de crescimento\u201d, explicou.<\/p>\n<p>Consenso m\u00ednimo &#8211; Ives Gandra Filho defendeu a necessidade de moderniza\u00e7\u00e3o, lembrando que a Justi\u00e7a do Trabalho sofre muitos atrasos devido ao grande n\u00famero de a\u00e7\u00f5es \u2013 s\u00f3 em 2016, foram mais de 3 milh\u00f5es de novas a\u00e7\u00f5es trabalhistas no Brasil \u2013, principalmente envolvendo quest\u00f5es como ass\u00e9dio moral, carga hor\u00e1ria e horas extras. \u201cPrecisamos ter uma seguran\u00e7a maior. E essas s\u00e3o propostas muito positivas, porque s\u00e3o fruto de um consenso m\u00ednimo\u201d, destacou o presidente do TST.<\/p>\n<p>O consenso m\u00ednimo tamb\u00e9m foi apontado como positivo pelo relator da Comiss\u00e3o Especial, deputado Rog\u00e9rio Marinho (PSDB-RN). Ele elogiou a atua\u00e7\u00e3o do ministro Ronaldo Nogueira. \u201cO ministro do Trabalho demonstrou uma capacidade extraordin\u00e1ria de negocia\u00e7\u00e3o, transitando entre todas as centrais sindicais para apresentar uma proposta de consenso m\u00ednimo\u201d, comentou o relator.<\/p>\n<p>Minist\u00e9rio do Trabalho<br \/>\nAssessoria de Imprensa<br \/>\nDaniel Hirschmann<br \/>\nSupervis\u00e3o: Eliana Camejo<br \/>\neliana.camejo@mte.gov.br<\/p>\n","protected":false},"excerpt":{"rendered":"<p>O ministro do Trabalho, Ronaldo Nogueira, garantiu nesta quinta-feira (16) que a proposta de moderniza\u00e7\u00e3o das leis trabalhistas enviada pelo governo federal ao Congresso Nacional assegura os direitos dos trabalhadores. Durante audi\u00eancia da Comiss\u00e3o Especial da Reforma Trabalhista da C\u00e2mara dos Deputados, ele explicou aos parlamentares que o projeto n\u00e3o retira nenhum direito e d\u00e1 [&hellip;]<\/p>\n","protected":false},"author":3,"featured_media":1496,"comment_status":"open","ping_status":"open","sticky":false,"template":"","format":"standard","meta":{"jetpack_post_was_ever_published":false,"_jetpack_newsletter_access":"","_jetpack_dont_email_post_to_subs":false,"_jetpack_newsletter_tier_id":0,"_jetpack_memberships_contains_paywalled_content":false,"_jetpack_memberships_contains_paid_content":false,"footnotes":"","jetpack_publicize_message":"Ministro garante que moderniza\u00e7\u00e3o da CLT mant\u00e9m direitos dos trabalhadores","jetpack_publicize_feature_enabled":true,"jetpack_social_post_already_shared":true,"jetpack_social_options":{"image_generator_settings":{"template":"highway","default_image_id":0,"font":"","enabled":false},"version":2}},"categories":[29],"tags":[416,417,342,336,418,165,45],"class_list":["post-1222","post","type-post","status-publish","format-standard","has-post-thumbnail","hentry","category-dp","tag-cateira","tag-ctps","tag-lei","tag-ministerio","tag-mordenizacao","tag-trabalhador","tag-trabalho"],"jetpack_publicize_connections":[],"jetpack_featured_media_url":"https:\/\/i0.wp.com\/cfcontabil.com\/cf\/wp-content\/uploads\/2017\/02\/ctps-digital-1.jpg?fit=1200%2C627&ssl=1","jetpack_sharing_enabled":true,"jetpack_shortlink":"https:\/\/wp.me\/p2wklX-jI","jetpack-related-posts":[{"id":1084,"url":"https:\/\/cfcontabil.com\/cf\/ministro-reafirma-compromisso-com-trabalhadores-na-modernizacao-da-clt\/","url_meta":{"origin":1222,"position":0},"title":"Ministro reafirma compromisso com trabalhadores na moderniza\u00e7\u00e3o da CLT","author":"Ab\u00edlio Gon\u00e7alves","date":"24 de mar\u00e7o de 2017","format":false,"excerpt":"Durante reuni\u00e3o de grupo de estudo formado com centrais sindicais, Ronaldo Nogueira garantiu que proposta do governo mant\u00e9m direitos e defendeu o fortalecimento dos sindicatos O ministro do Trabalho, Ronaldo Nogueira, assegurou aos l\u00edderes das principais centrais sindicais que a proposta de moderniza\u00e7\u00e3o da Consolida\u00e7\u00e3o das Leis Trabalhistas (CLT) n\u00e3o\u2026","rel":"","context":"Em &quot;Departamento Pessoal&quot;","block_context":{"text":"Departamento Pessoal","link":"https:\/\/cfcontabil.com\/cf\/category\/dp\/"},"img":{"alt_text":"","src":"https:\/\/i0.wp.com\/cfcontabil.com\/cf\/wp-content\/uploads\/2017\/02\/ctps-digital-1.jpg?fit=1200%2C627&ssl=1&resize=350%2C200","width":350,"height":200,"srcset":"https:\/\/i0.wp.com\/cfcontabil.com\/cf\/wp-content\/uploads\/2017\/02\/ctps-digital-1.jpg?fit=1200%2C627&ssl=1&resize=350%2C200 1x, https:\/\/i0.wp.com\/cfcontabil.com\/cf\/wp-content\/uploads\/2017\/02\/ctps-digital-1.jpg?fit=1200%2C627&ssl=1&resize=525%2C300 1.5x, https:\/\/i0.wp.com\/cfcontabil.com\/cf\/wp-content\/uploads\/2017\/02\/ctps-digital-1.jpg?fit=1200%2C627&ssl=1&resize=700%2C400 2x, https:\/\/i0.wp.com\/cfcontabil.com\/cf\/wp-content\/uploads\/2017\/02\/ctps-digital-1.jpg?fit=1200%2C627&ssl=1&resize=1050%2C600 3x"},"classes":[]},{"id":888,"url":"https:\/\/cfcontabil.com\/cf\/ministerio-do-trabalho-se-posiciona-sobre-empresas-autuadas-em-trabalho-analogo-a-escravidao\/","url_meta":{"origin":1222,"position":1},"title":"Minist\u00e9rio do Trabalho se posiciona sobre empresas autuadas em trabalho an\u00e1logo \u00e0 escravid\u00e3o","author":"Ab\u00edlio Gon\u00e7alves","date":"30 de janeiro de 2017","format":false,"excerpt":"Grupo de Trabalho tem prazo at\u00e9 29 de julho para definir diretrizes sobre o tema O Minist\u00e9rio do Trabalho considera a divulga\u00e7\u00e3o do Cadastro de Empregadores que tenham submetido trabalhadores a condi\u00e7\u00f5es an\u00e1logas \u00e0 de escravo um dos relevantes instrumentos de combate a essa pr\u00e1tica que atenta contra o princ\u00edpio\u2026","rel":"","context":"Em &quot;Departamento Pessoal&quot;","block_context":{"text":"Departamento Pessoal","link":"https:\/\/cfcontabil.com\/cf\/category\/dp\/"},"img":{"alt_text":"","src":"https:\/\/i0.wp.com\/cfcontabil.com\/cf\/wp-content\/uploads\/2016\/03\/ctps-1.jpeg?fit=635%2C423&ssl=1&resize=350%2C200","width":350,"height":200,"srcset":"https:\/\/i0.wp.com\/cfcontabil.com\/cf\/wp-content\/uploads\/2016\/03\/ctps-1.jpeg?fit=635%2C423&ssl=1&resize=350%2C200 1x, https:\/\/i0.wp.com\/cfcontabil.com\/cf\/wp-content\/uploads\/2016\/03\/ctps-1.jpeg?fit=635%2C423&ssl=1&resize=525%2C300 1.5x"},"classes":[]},{"id":1840,"url":"https:\/\/cfcontabil.com\/cf\/entregadores-motoboys-e-frentistas-terao-aposentadoria-especial-no-inss\/","url_meta":{"origin":1222,"position":2},"title":"Entregadores, motoboys e frentistas ter\u00e3o aposentadoria especial no INSS","author":"Ab\u00edlio Gon\u00e7alves","date":"1 de novembro de 2019","format":false,"excerpt":"Muitos destes trabalhadores utilizam aplicativos de entrega de comida ou pequenas encomendas. A\u00a0Reforma da Previd\u00eancia\u00a0n\u00e3o vai mexer com a aposentadoria de atividades de risco. Com isso, seguran\u00e7as e vigilantes patrimoniais, frentistas e trabalhadores em postos de combust\u00edveis, motoboys e entregadores, motorista de caminh\u00e3o-tanque, eletricit\u00e1rios expostos a tens\u00e3o acima de 250\u2026","rel":"","context":"Em &quot;Departamento Pessoal&quot;","block_context":{"text":"Departamento Pessoal","link":"https:\/\/cfcontabil.com\/cf\/category\/dp\/"},"img":{"alt_text":"","src":"https:\/\/i0.wp.com\/cfcontabil.com\/cf\/wp-content\/uploads\/2019\/10\/motoboy.jpg?fit=679%2C452&ssl=1&resize=350%2C200","width":350,"height":200,"srcset":"https:\/\/i0.wp.com\/cfcontabil.com\/cf\/wp-content\/uploads\/2019\/10\/motoboy.jpg?fit=679%2C452&ssl=1&resize=350%2C200 1x, https:\/\/i0.wp.com\/cfcontabil.com\/cf\/wp-content\/uploads\/2019\/10\/motoboy.jpg?fit=679%2C452&ssl=1&resize=525%2C300 1.5x"},"classes":[]},{"id":875,"url":"https:\/\/cfcontabil.com\/cf\/ministerio-publico-do-trabalho-condena-reforma-trabalhista\/","url_meta":{"origin":1222,"position":3},"title":"Minist\u00e9rio P\u00fablico do Trabalho condena reforma trabalhista","author":"Ab\u00edlio Gon\u00e7alves","date":"27 de janeiro de 2017","format":false,"excerpt":"O Minist\u00e9rio P\u00fablico do Trabalho (MPT) afirmou nesta ter\u00e7a-feira, 24, que s\u00e3o \u201cinconstitucionais\u201d as mudan\u00e7as na\u00a0legisla\u00e7\u00e3o trabalhista\u00a0propostas pelo governo federal, que tramitam no Congresso. O estudo, elaborado por 12 procuradores do Trabalho, pede a rejei\u00e7\u00e3o por completo de dois projetos de lei e a altera\u00e7\u00e3o na reda\u00e7\u00e3o de outros dois.\u2026","rel":"","context":"Em &quot;Departamento Pessoal&quot;","block_context":{"text":"Departamento Pessoal","link":"https:\/\/cfcontabil.com\/cf\/category\/dp\/"},"img":{"alt_text":"","src":"https:\/\/i0.wp.com\/cfcontabil.com\/cf\/wp-content\/uploads\/2016\/03\/ctps-1.jpeg?fit=635%2C423&ssl=1&resize=350%2C200","width":350,"height":200,"srcset":"https:\/\/i0.wp.com\/cfcontabil.com\/cf\/wp-content\/uploads\/2016\/03\/ctps-1.jpeg?fit=635%2C423&ssl=1&resize=350%2C200 1x, https:\/\/i0.wp.com\/cfcontabil.com\/cf\/wp-content\/uploads\/2016\/03\/ctps-1.jpeg?fit=635%2C423&ssl=1&resize=525%2C300 1.5x"},"classes":[]},{"id":2375,"url":"https:\/\/cfcontabil.com\/cf\/13o-salario-deve-ser-integral-para-quem-teve-jornada-reduzida-diz-governo\/","url_meta":{"origin":1222,"position":4},"title":"13\u00ba sal\u00e1rio deve ser integral para quem teve jornada reduzida, diz governo","author":"Ab\u00edlio Gon\u00e7alves","date":"18 de novembro de 2020","format":false,"excerpt":"Segundo o documento, o benef\u00edcio natalino \u00e9 calculado com base na remunera\u00e7\u00e3o integral do m\u00eas de dezembro, sem influ\u00eancia das redu\u00e7\u00f5es tempor\u00e1rias de jornada e sal\u00e1rio. BAIXE O ARQUIVO COMPLETO: SEI_ME-11826535-Nota-T\u00e9cnicaBaixar O governo divulgou uma nota t\u00e9cnica em que define que\u00a0o 13\u00ba sal\u00e1rio deve ser pago integramente para quem teve\u2026","rel":"","context":"Em &quot;Departamento Pessoal&quot;","block_context":{"text":"Departamento Pessoal","link":"https:\/\/cfcontabil.com\/cf\/category\/dp\/"},"img":{"alt_text":"","src":"https:\/\/i0.wp.com\/cfcontabil.com\/cf\/wp-content\/uploads\/2019\/10\/dinheiro.jpg?fit=670%2C400&ssl=1&resize=350%2C200","width":350,"height":200,"srcset":"https:\/\/i0.wp.com\/cfcontabil.com\/cf\/wp-content\/uploads\/2019\/10\/dinheiro.jpg?fit=670%2C400&ssl=1&resize=350%2C200 1x, https:\/\/i0.wp.com\/cfcontabil.com\/cf\/wp-content\/uploads\/2019\/10\/dinheiro.jpg?fit=670%2C400&ssl=1&resize=525%2C300 1.5x"},"classes":[]},{"id":1907,"url":"https:\/\/cfcontabil.com\/cf\/fim-de-ano-abre-milhares-de-vagas-temporarias-e-esporadicas-veja-como-funciona-cada-contratacao\/","url_meta":{"origin":1222,"position":5},"title":"Fim de ano abre milhares de vagas tempor\u00e1rias e espor\u00e1dicas; veja como funciona cada contrata\u00e7\u00e3o","author":"Ab\u00edlio Gon\u00e7alves","date":"18 de novembro de 2019","format":false,"excerpt":"Al\u00e9m das vagas tempor\u00e1rias, que s\u00e3o o principal recurso usado pelas empresas para atender \u00e0 demanda extra de servi\u00e7os, h\u00e1 ainda as vagas intermitentes, que atendem \u00e0 necessidade de trabalhos em per\u00edodos alternados. Para atender \u00e0 demanda de final de ano, os \u00faltimos meses do ano trazem milhares de oportunidades\u2026","rel":"","context":"Em &quot;Departamento Pessoal&quot;","block_context":{"text":"Departamento Pessoal","link":"https:\/\/cfcontabil.com\/cf\/category\/dp\/"},"img":{"alt_text":"","src":"https:\/\/i0.wp.com\/cfcontabil.com\/cf\/wp-content\/uploads\/2019\/11\/carteira-trabalho.jpg?fit=826%2C371&ssl=1&resize=350%2C200","width":350,"height":200,"srcset":"https:\/\/i0.wp.com\/cfcontabil.com\/cf\/wp-content\/uploads\/2019\/11\/carteira-trabalho.jpg?fit=826%2C371&ssl=1&resize=350%2C200 1x, https:\/\/i0.wp.com\/cfcontabil.com\/cf\/wp-content\/uploads\/2019\/11\/carteira-trabalho.jpg?fit=826%2C371&ssl=1&resize=525%2C300 1.5x, https:\/\/i0.wp.com\/cfcontabil.com\/cf\/wp-content\/uploads\/2019\/11\/carteira-trabalho.jpg?fit=826%2C371&ssl=1&resize=700%2C400 2x"},"classes":[]}],"jetpack_likes_enabled":true,"_links":{"self":[{"href":"https:\/\/cfcontabil.com\/cf\/wp-json\/wp\/v2\/posts\/1222","targetHints":{"allow":["GET"]}}],"collection":[{"href":"https:\/\/cfcontabil.com\/cf\/wp-json\/wp\/v2\/posts"}],"about":[{"href":"https:\/\/cfcontabil.com\/cf\/wp-json\/wp\/v2\/types\/post"}],"author":[{"embeddable":true,"href":"https:\/\/cfcontabil.com\/cf\/wp-json\/wp\/v2\/users\/3"}],"replies":[{"embeddable":true,"href":"https:\/\/cfcontabil.com\/cf\/wp-json\/wp\/v2\/comments?post=1222"}],"version-history":[{"count":0,"href":"https:\/\/cfcontabil.com\/cf\/wp-json\/wp\/v2\/posts\/1222\/revisions"}],"wp:featuredmedia":[{"embeddable":true,"href":"https:\/\/cfcontabil.com\/cf\/wp-json\/wp\/v2\/media\/1496"}],"wp:attachment":[{"href":"https:\/\/cfcontabil.com\/cf\/wp-json\/wp\/v2\/media?parent=1222"}],"wp:term":[{"taxonomy":"category","embeddable":true,"href":"https:\/\/cfcontabil.com\/cf\/wp-json\/wp\/v2\/categories?post=1222"},{"taxonomy":"post_tag","embeddable":true,"href":"https:\/\/cfcontabil.com\/cf\/wp-json\/wp\/v2\/tags?post=1222"}],"curies":[{"name":"wp","href":"https:\/\/api.w.org\/{rel}","templated":true}]}}