{"id":1223,"date":"2017-02-25T05:00:23","date_gmt":"2017-02-25T08:00:23","guid":{"rendered":"http:\/\/cfcontabil.com\/cf\/?p=980"},"modified":"2017-02-25T05:00:23","modified_gmt":"2017-02-25T08:00:23","slug":"fiscalizacao-sera-reforcada-no-carnaval-contra-o-trabalho-infantil","status":"publish","type":"post","link":"https:\/\/cfcontabil.com\/cf\/fiscalizacao-sera-reforcada-no-carnaval-contra-o-trabalho-infantil\/","title":{"rendered":"Fiscaliza\u00e7\u00e3o ser\u00e1 refor\u00e7ada no Carnaval contra o Trabalho Infantil"},"content":{"rendered":"<p style=\"text-align: justify;\">Auditores fiscais do Minist\u00e9rio do Trabalho estar\u00e3o de plant\u00e3o nas principais cidades do pa\u00eds<\/p>\n<p>O combate ao trabalho infantil vai ganhar refor\u00e7o no Carnaval. As equipes de fiscaliza\u00e7\u00e3o do Minist\u00e9rio do Trabalho far\u00e3o plant\u00e3o nos principais centros do pa\u00eds, sobretudo onde estiverem ocorrendo grandes eventos. O diretor do Departamento de Fiscaliza\u00e7\u00e3o do Trabalho do Minist\u00e9rio, Jo\u00e3o Paulo Ferreira Machado, lembra que as atividades nas festas carnavalescas s\u00e3o normalmente nas ruas ou em casas noturnas. E em nenhum desses locais \u00e9 permitido o trabalho para menores de 18 anos.<\/p>\n<p>\u201cS\u00e3o locais que deixam as crian\u00e7as e adolescentes expostos a todo o tipo de viol\u00eancia, inclusive sexual, f\u00edsica e psicol\u00f3gica. Por isso, o trabalho nesses ambientes se enquadra nas atividades relacionadas na Lista das Piores Formas de Trabalho Infantil, a Lista TIP\u201d, explica.<\/p>\n<p style=\"text-align: justify;\"><!--more--><\/p>\n<figure style=\"width: 956px\" class=\"wp-caption aligncenter\"><img data-recalc-dims=\"1\" fetchpriority=\"high\" decoding=\"async\" class=\"size-full\" src=\"https:\/\/i0.wp.com\/cr.i.uol.com.br\/album\/cuidados_carnaval_f_005.jpg?resize=956%2C500\" width=\"956\" height=\"500\" \/><figcaption class=\"wp-caption-text\">Cr\u00e9dito da imagem: UOL<\/figcaption><\/figure>\n<p style=\"text-align: justify;\">\nNo Brasil, o trabalho n\u00e3o \u00e9 permitido sob qualquer condi\u00e7\u00e3o para crian\u00e7as e adolescentes entre zero e 13 anos, e a partir dos 14 anos pode-se trabalhar como aprendiz. Dos 16 aos 18 anos, as atividades laborais s\u00e3o permitidas, desde que n\u00e3o aconte\u00e7am das 22h \u00e0s 5h, n\u00e3o sejam insalubres ou perigosas e n\u00e3o fa\u00e7am parte da Lista TIP.<\/p>\n<p><strong>Atividades perigosas<\/strong> &#8211; Embora grandes eventos como o Carnaval n\u00e3o estejam diretamente citados na Lista TIP, os trabalhos que envolvem essa festa est\u00e3o descritas no Decreto n\u00b0 6.481, de 2008, que trata do tema. L\u00e1 est\u00e3o relacionadas 89 atividades consideradas perigosas \u00e0 sa\u00fade e seguran\u00e7a dos adolescentes. Entre elas, todos os tipos de servi\u00e7os que envolvem bebidas alco\u00f3licas ou que sejam prestados em \u201cprost\u00edbulos, boates, bares, cabar\u00e9s, danceterias, casas de massagem, saunas, mot\u00e9is, salas ou lugares de espet\u00e1culos obscenos, salas de jogos de azar e estabelecimentos an\u00e1logos\u201d, bem como os realizados em ruas e logradouros p\u00fablicos.<\/p>\n<p><strong>Apoio da popula\u00e7\u00e3o<\/strong> &#8211; Apesar dos fiscais estarem presentes no Carnaval, Jo\u00e3o pede que a popula\u00e7\u00e3o colabore n\u00e3o comprando bebidas e alimentos de crian\u00e7as e adolescentes. \u201cA crian\u00e7a exposta a esse tipo de trabalho, deixa de estar protegida em casa ou estudando para ser submetida a uma situa\u00e7\u00e3o de risco. E a sociedade n\u00e3o pode incentivar esse tipo de conduta. Se voc\u00ea est\u00e1 preocupado e deseja ajudar, ajude denunciando o trabalho infantil \u00e0 rede de prote\u00e7\u00e3o\u201d.<\/p>\n<p><strong>Denuncie<\/strong> &#8211; As den\u00fancias de trabalho infantil podem ser feitas em qualquer ag\u00eancia, ger\u00eancia ou superintend\u00eancia do Minist\u00e9rio do Trabalho no Brasil. Por telefone, a den\u00fancia pode ser feita pelo servi\u00e7o Disque 100 do governo federal, o Disque Direitos Humanos, que recebe todos os tipos de den\u00fancia de viola\u00e7\u00e3o contra crian\u00e7as e adolescentes.<\/p>\n<p>Fonte: www.mte.gov.br<\/p>\n","protected":false},"excerpt":{"rendered":"<p>Auditores fiscais do Minist\u00e9rio do Trabalho estar\u00e3o de plant\u00e3o nas principais cidades do pa\u00eds O combate ao trabalho infantil vai ganhar refor\u00e7o no Carnaval. As equipes de fiscaliza\u00e7\u00e3o do Minist\u00e9rio do Trabalho far\u00e3o plant\u00e3o nos principais centros do pa\u00eds, sobretudo onde estiverem ocorrendo grandes eventos. O diretor do Departamento de Fiscaliza\u00e7\u00e3o do Trabalho do Minist\u00e9rio, [&hellip;]<\/p>\n","protected":false},"author":3,"featured_media":1497,"comment_status":"open","ping_status":"open","sticky":false,"template":"","format":"standard","meta":{"jetpack_post_was_ever_published":false,"_jetpack_newsletter_access":"","_jetpack_dont_email_post_to_subs":false,"_jetpack_newsletter_tier_id":0,"_jetpack_memberships_contains_paywalled_content":false,"_jetpack_memberships_contains_paid_content":false,"footnotes":"","jetpack_publicize_message":"","jetpack_publicize_feature_enabled":true,"jetpack_social_post_already_shared":true,"jetpack_social_options":{"image_generator_settings":{"template":"highway","default_image_id":0,"font":"","enabled":false},"version":2}},"categories":[22],"tags":[419,420,421,422,423,45],"class_list":["post-1223","post","type-post","status-publish","format-standard","has-post-thumbnail","hentry","category-geral","tag-carnaval","tag-crianca","tag-cuidados","tag-festa","tag-infantil","tag-trabalho"],"jetpack_publicize_connections":[],"jetpack_featured_media_url":"https:\/\/i0.wp.com\/cfcontabil.com\/cf\/wp-content\/uploads\/2017\/02\/carnavalcrianca-1.jpg?fit=700%2C448&ssl=1","jetpack_sharing_enabled":true,"jetpack_shortlink":"https:\/\/wp.me\/p2wklX-jJ","jetpack-related-posts":[{"id":1160,"url":"https:\/\/cfcontabil.com\/cf\/encontrados-92-412-trabalhadores-sem-registro-formal-em-2016\/","url_meta":{"origin":1223,"position":0},"title":"Encontrados 92.412 trabalhadores sem registro formal em 2016","author":"Ab\u00edlio Gon\u00e7alves","date":"25 de maio de 2017","format":false,"excerpt":"Auditores fiscais do Trabalho realizaram mais de 11 mil a\u00e7\u00f5es fiscais no pa\u00eds no ano passado Em 2016 foram encontrados 92.412 empregados sem registro formal nas mais de 11 mil a\u00e7\u00f5es fiscais realizadas pelos auditores fiscais do Trabalho em estabelecimentos comerciais no pa\u00eds. O maior n\u00famero de empregados sem registro\u2026","rel":"","context":"Em &quot;Departamento Pessoal&quot;","block_context":{"text":"Departamento Pessoal","link":"https:\/\/cfcontabil.com\/cf\/category\/dp\/"},"img":{"alt_text":"","src":"https:\/\/i0.wp.com\/cfcontabil.com\/cf\/wp-content\/uploads\/2017\/05\/carteira-de-trabalho-1.jpg?fit=590%2C302&ssl=1&resize=350%2C200","width":350,"height":200,"srcset":"https:\/\/i0.wp.com\/cfcontabil.com\/cf\/wp-content\/uploads\/2017\/05\/carteira-de-trabalho-1.jpg?fit=590%2C302&ssl=1&resize=350%2C200 1x, https:\/\/i0.wp.com\/cfcontabil.com\/cf\/wp-content\/uploads\/2017\/05\/carteira-de-trabalho-1.jpg?fit=590%2C302&ssl=1&resize=525%2C300 1.5x"},"classes":[]},{"id":1228,"url":"https:\/\/cfcontabil.com\/cf\/quase-200-mil-empresas-devem-fgts-de-empregados-e-ex-funcionarios\/","url_meta":{"origin":1223,"position":1},"title":"Quase 200 mil empresas devem FGTS de empregados e ex-funcion\u00e1rios","author":"Ab\u00edlio Gon\u00e7alves","date":"2 de mar\u00e7o de 2017","format":false,"excerpt":"Cerca de 7 milh\u00f5es de trabalhadores n\u00e3o tiveram dep\u00f3sitos do Fundo de Garantia do Tempo de Servi\u00e7o (FGTS), incluindo contas ativas e inativas, feitos corretamente pelos seus empregadores. S\u00e3o 198,7 mil empresas devedoras de dep\u00f3sitos de FGTS, segundo informa\u00e7\u00f5es da Procuradoria-Geral da Fazenda Nacional (PGFN), \u00f3rg\u00e3o vinculado ao Minist\u00e9rio da\u2026","rel":"","context":"Em &quot;Departamento Pessoal&quot;","block_context":{"text":"Departamento Pessoal","link":"https:\/\/cfcontabil.com\/cf\/category\/dp\/"},"img":{"alt_text":"","src":"https:\/\/i0.wp.com\/cfcontabil.com\/cf\/wp-content\/uploads\/2016\/03\/FGTS-1.jpg?fit=715%2C270&ssl=1&resize=350%2C200","width":350,"height":200,"srcset":"https:\/\/i0.wp.com\/cfcontabil.com\/cf\/wp-content\/uploads\/2016\/03\/FGTS-1.jpg?fit=715%2C270&ssl=1&resize=350%2C200 1x, https:\/\/i0.wp.com\/cfcontabil.com\/cf\/wp-content\/uploads\/2016\/03\/FGTS-1.jpg?fit=715%2C270&ssl=1&resize=525%2C300 1.5x, https:\/\/i0.wp.com\/cfcontabil.com\/cf\/wp-content\/uploads\/2016\/03\/FGTS-1.jpg?fit=715%2C270&ssl=1&resize=700%2C400 2x"},"classes":[]},{"id":2098,"url":"https:\/\/cfcontabil.com\/cf\/carnaval-comercio-do-df-funcionara-pela-1a-vez-no-domingo-e-na-segunda\/","url_meta":{"origin":1223,"position":2},"title":"Carnaval: com\u00e9rcio do DF funcionar\u00e1 pela 1\u00aa vez no domingo e na segunda","author":"Ab\u00edlio Gon\u00e7alves","date":"29 de janeiro de 2020","format":false,"excerpt":"O\u00a0carnaval\u00a0\u00e9 um dos feriados mais esperados do pa\u00eds. Em\u00a0Bras\u00edlia, a festa que demorou a se consolidar, hoje apresenta uma diversidade de op\u00e7\u00f5es para os foli\u00f5es. Entre bloquinhos e festivais de m\u00fasica, a alegria tamb\u00e9m contagia a\u00a0economia. Segundo o Sindicato do Com\u00e9rcio Varejista (Sindivarejista), em 2019, foram gerados cerca de 2\u2026","rel":"","context":"Em &quot;Geral&quot;","block_context":{"text":"Geral","link":"https:\/\/cfcontabil.com\/cf\/category\/geral\/"},"img":{"alt_text":"","src":"https:\/\/i0.wp.com\/cfcontabil.com\/cf\/wp-content\/uploads\/2019\/11\/Bandeira-DF.jpg?fit=608%2C342&ssl=1&resize=350%2C200","width":350,"height":200,"srcset":"https:\/\/i0.wp.com\/cfcontabil.com\/cf\/wp-content\/uploads\/2019\/11\/Bandeira-DF.jpg?fit=608%2C342&ssl=1&resize=350%2C200 1x, https:\/\/i0.wp.com\/cfcontabil.com\/cf\/wp-content\/uploads\/2019\/11\/Bandeira-DF.jpg?fit=608%2C342&ssl=1&resize=525%2C300 1.5x"},"classes":[]},{"id":888,"url":"https:\/\/cfcontabil.com\/cf\/ministerio-do-trabalho-se-posiciona-sobre-empresas-autuadas-em-trabalho-analogo-a-escravidao\/","url_meta":{"origin":1223,"position":3},"title":"Minist\u00e9rio do Trabalho se posiciona sobre empresas autuadas em trabalho an\u00e1logo \u00e0 escravid\u00e3o","author":"Ab\u00edlio Gon\u00e7alves","date":"30 de janeiro de 2017","format":false,"excerpt":"Grupo de Trabalho tem prazo at\u00e9 29 de julho para definir diretrizes sobre o tema O Minist\u00e9rio do Trabalho considera a divulga\u00e7\u00e3o do Cadastro de Empregadores que tenham submetido trabalhadores a condi\u00e7\u00f5es an\u00e1logas \u00e0 de escravo um dos relevantes instrumentos de combate a essa pr\u00e1tica que atenta contra o princ\u00edpio\u2026","rel":"","context":"Em &quot;Departamento Pessoal&quot;","block_context":{"text":"Departamento Pessoal","link":"https:\/\/cfcontabil.com\/cf\/category\/dp\/"},"img":{"alt_text":"","src":"https:\/\/i0.wp.com\/cfcontabil.com\/cf\/wp-content\/uploads\/2016\/03\/ctps-1.jpeg?fit=635%2C423&ssl=1&resize=350%2C200","width":350,"height":200,"srcset":"https:\/\/i0.wp.com\/cfcontabil.com\/cf\/wp-content\/uploads\/2016\/03\/ctps-1.jpeg?fit=635%2C423&ssl=1&resize=350%2C200 1x, https:\/\/i0.wp.com\/cfcontabil.com\/cf\/wp-content\/uploads\/2016\/03\/ctps-1.jpeg?fit=635%2C423&ssl=1&resize=525%2C300 1.5x"},"classes":[]},{"id":1084,"url":"https:\/\/cfcontabil.com\/cf\/ministro-reafirma-compromisso-com-trabalhadores-na-modernizacao-da-clt\/","url_meta":{"origin":1223,"position":4},"title":"Ministro reafirma compromisso com trabalhadores na moderniza\u00e7\u00e3o da CLT","author":"Ab\u00edlio Gon\u00e7alves","date":"24 de mar\u00e7o de 2017","format":false,"excerpt":"Durante reuni\u00e3o de grupo de estudo formado com centrais sindicais, Ronaldo Nogueira garantiu que proposta do governo mant\u00e9m direitos e defendeu o fortalecimento dos sindicatos O ministro do Trabalho, Ronaldo Nogueira, assegurou aos l\u00edderes das principais centrais sindicais que a proposta de moderniza\u00e7\u00e3o da Consolida\u00e7\u00e3o das Leis Trabalhistas (CLT) n\u00e3o\u2026","rel":"","context":"Em &quot;Departamento Pessoal&quot;","block_context":{"text":"Departamento Pessoal","link":"https:\/\/cfcontabil.com\/cf\/category\/dp\/"},"img":{"alt_text":"","src":"https:\/\/i0.wp.com\/cfcontabil.com\/cf\/wp-content\/uploads\/2017\/02\/ctps-digital-1.jpg?fit=1200%2C627&ssl=1&resize=350%2C200","width":350,"height":200,"srcset":"https:\/\/i0.wp.com\/cfcontabil.com\/cf\/wp-content\/uploads\/2017\/02\/ctps-digital-1.jpg?fit=1200%2C627&ssl=1&resize=350%2C200 1x, https:\/\/i0.wp.com\/cfcontabil.com\/cf\/wp-content\/uploads\/2017\/02\/ctps-digital-1.jpg?fit=1200%2C627&ssl=1&resize=525%2C300 1.5x, https:\/\/i0.wp.com\/cfcontabil.com\/cf\/wp-content\/uploads\/2017\/02\/ctps-digital-1.jpg?fit=1200%2C627&ssl=1&resize=700%2C400 2x, https:\/\/i0.wp.com\/cfcontabil.com\/cf\/wp-content\/uploads\/2017\/02\/ctps-digital-1.jpg?fit=1200%2C627&ssl=1&resize=1050%2C600 3x"},"classes":[]},{"id":670,"url":"https:\/\/cfcontabil.com\/cf\/com-esocial-a-fiscalizacao-vai-crescer\/","url_meta":{"origin":1223,"position":5},"title":"Com eSocial a fiscaliza\u00e7\u00e3o vai crescer","author":"Ab\u00edlio Gon\u00e7alves","date":"12 de mar\u00e7o de 2016","format":false,"excerpt":"Sistema exigir\u00e1 das empresas informa\u00e7\u00f5es sobre condi\u00e7\u00f5es do trabalho Em janeiro de 2017, come\u00e7ou a valer o m\u00f3dulo referente \u00e0 Seguran\u00e7a e Sa\u00fade do Trabalho (SST) do eSocial, que vai exigir das empresas informa\u00e7\u00f5es sobre condi\u00e7\u00f5es ambientais do trabalho e rotinas dos funcion\u00e1rios. O impacto dessa mudan\u00e7a ser\u00e1 gigantesco na\u2026","rel":"","context":"Em &quot;Departamento Pessoal&quot;","block_context":{"text":"Departamento Pessoal","link":"https:\/\/cfcontabil.com\/cf\/category\/dp\/"},"img":{"alt_text":"","src":"https:\/\/i0.wp.com\/cfcontabil.com\/cf\/wp-content\/uploads\/2016\/03\/e-social-1.jpg?fit=467%2C322&ssl=1&resize=350%2C200","width":350,"height":200},"classes":[]}],"jetpack_likes_enabled":true,"_links":{"self":[{"href":"https:\/\/cfcontabil.com\/cf\/wp-json\/wp\/v2\/posts\/1223","targetHints":{"allow":["GET"]}}],"collection":[{"href":"https:\/\/cfcontabil.com\/cf\/wp-json\/wp\/v2\/posts"}],"about":[{"href":"https:\/\/cfcontabil.com\/cf\/wp-json\/wp\/v2\/types\/post"}],"author":[{"embeddable":true,"href":"https:\/\/cfcontabil.com\/cf\/wp-json\/wp\/v2\/users\/3"}],"replies":[{"embeddable":true,"href":"https:\/\/cfcontabil.com\/cf\/wp-json\/wp\/v2\/comments?post=1223"}],"version-history":[{"count":0,"href":"https:\/\/cfcontabil.com\/cf\/wp-json\/wp\/v2\/posts\/1223\/revisions"}],"wp:featuredmedia":[{"embeddable":true,"href":"https:\/\/cfcontabil.com\/cf\/wp-json\/wp\/v2\/media\/1497"}],"wp:attachment":[{"href":"https:\/\/cfcontabil.com\/cf\/wp-json\/wp\/v2\/media?parent=1223"}],"wp:term":[{"taxonomy":"category","embeddable":true,"href":"https:\/\/cfcontabil.com\/cf\/wp-json\/wp\/v2\/categories?post=1223"},{"taxonomy":"post_tag","embeddable":true,"href":"https:\/\/cfcontabil.com\/cf\/wp-json\/wp\/v2\/tags?post=1223"}],"curies":[{"name":"wp","href":"https:\/\/api.w.org\/{rel}","templated":true}]}}