{"id":1224,"date":"2017-02-23T09:00:20","date_gmt":"2017-02-23T12:00:20","guid":{"rendered":"http:\/\/cfcontabil.com\/cf\/?p=997"},"modified":"2017-02-23T09:00:20","modified_gmt":"2017-02-23T12:00:20","slug":"confira-as-regras-da-declaracao-do-irpf-2017","status":"publish","type":"post","link":"https:\/\/cfcontabil.com\/cf\/confira-as-regras-da-declaracao-do-irpf-2017\/","title":{"rendered":"Confira as regras da Declara\u00e7\u00e3o do IRPF 2017"},"content":{"rendered":"<p><strong>O prazo de entrega vai de 2 de mar\u00e7o a 28 de abril de 2017<\/strong><\/p>\n<p>Na manh\u00e3 de hoje (22\/2), a Receita Federal anunciou em coletiva de imprensa as principais novidades e regras do Imposto de Renda das Pessoas F\u00edsicas para este ano. Entre as inova\u00e7\u00f5es est\u00e1 a atualiza\u00e7\u00e3o autom\u00e1tica do programa gerador de declara\u00e7\u00f5es do Imposto de Renda Pessoa F\u00edsica \u2013 PGD IRPF. Agora \u00e9 poss\u00edvel atualizar a vers\u00e3o do aplicativo, sem a necessidade de baixar o programa. A atualiza\u00e7\u00e3o poder\u00e1 ser feita automaticamente ao abrir o PGD IRPF 2017 ou pelo declarante, por meio do menu \u2013 ferramentas \u2013 verificar atualiza\u00e7\u00f5es.<\/p>\n<p>Al\u00e9m disso, em rela\u00e7\u00e3o \u00e0 inclus\u00e3o de CPF para dependentes na DIRPF, a obrigatoriedade passa a ser a partir dos 12 anos ou mais, completados at\u00e9 a data de 31\/12\/2016, conforme Instru\u00e7\u00e3o Normativa RFB n\u00b0 1688, de 31\/1\/2017.<\/p>\n<p><!--more--><br \/>\nA entrega da declara\u00e7\u00e3o tamb\u00e9m poder\u00e1 ser feita sem a necessidade de instala\u00e7\u00e3o do Receitanet. O programa Receitanet foi incorporado ao \u2013 PGD IRPF, n\u00e3o sendo mais necess\u00e1rio sua instala\u00e7\u00e3o em separado. Esse ano o sistema tamb\u00e9m ir\u00e1 recuperar os nomes ao digitar o n\u00famero do CPF ou CNPJ.<\/p>\n<p>Segundo o auditor-fiscal Joaquim Adir, supervisor nacional do IR, a expectativa \u00e9 de que 28,3 milh\u00f5es de contribuintes entreguem a Declara\u00e7\u00e3o do IRPF 2017.<\/p>\n<p>O prazo de entrega vai de 2 de mar\u00e7o a 28 de abril de 2017 e o programa para preenchimento da Declara\u00e7\u00e3o de Ajuste Anual do Imposto sobre a Renda da Pessoa F\u00edsica de 2017, referente ao ano-calend\u00e1rio de 2016, estar\u00e1 dispon\u00edvel para download amanh\u00e3 no site da Receita Federal.<\/p>\n<p>Vale lembrar que a partir do dia 23 de fevereiro o rascunho da declara\u00e7\u00e3o ficar\u00e1 dispon\u00edvel apenas para importa\u00e7\u00e3o de dados, retornando \u00e0s demais fun\u00e7\u00f5es no dia 2 de maio, j\u00e1 como rascunho da declara\u00e7\u00e3o de 2017.<\/p>\n<p>Participaram tamb\u00e9m da coletiva o chefe da Divis\u00e3o de Impostos sobre a Renda de Pessoa F\u00edsica e a Propriedade Rural, auditor-fiscal Newton Raimundo Barbosa e a auditora-fiscal Andr\u00e9a Legal. Eles informaram \u00e0 imprensa as regras gerais do IRPF 2017, que est\u00e3o na Instru\u00e7\u00e3o Normativa RFB 1.960, publicada no DOU de hoje, 22\/2\/2017.<\/p>\n<p>Saiba mais sobre as regras do IRPF 2017. <a href=\"http:\/\/idg.receita.fazenda.gov.br\/noticias\/ascom\/2017\/fevereiro\/arquivos-e-imagens\/irpf2017.pdf\">http:\/\/idg.receita.fazenda.gov.br\/noticias\/ascom\/2017\/fevereiro\/arquivos-e-imagens\/irpf2017.pdf<\/a><\/p>\n<p>Fonte: RFB<\/p>\n","protected":false},"excerpt":{"rendered":"<p>O prazo de entrega vai de 2 de mar\u00e7o a 28 de abril de 2017 Na manh\u00e3 de hoje (22\/2), a Receita Federal anunciou em coletiva de imprensa as principais novidades e regras do Imposto de Renda das Pessoas F\u00edsicas para este ano. Entre as inova\u00e7\u00f5es est\u00e1 a atualiza\u00e7\u00e3o autom\u00e1tica do programa gerador de declara\u00e7\u00f5es [&hellip;]<\/p>\n","protected":false},"author":3,"featured_media":0,"comment_status":"open","ping_status":"open","sticky":false,"template":"","format":"standard","meta":{"jetpack_post_was_ever_published":false,"_jetpack_newsletter_access":"","_jetpack_dont_email_post_to_subs":false,"_jetpack_newsletter_tier_id":0,"_jetpack_memberships_contains_paywalled_content":false,"_jetpack_memberships_contains_paid_content":false,"footnotes":"","jetpack_publicize_message":"Confira as regras da Declara\u00e7\u00e3o do #IRPF 2017","jetpack_publicize_feature_enabled":true,"jetpack_social_post_already_shared":true,"jetpack_social_options":{"image_generator_settings":{"template":"highway","default_image_id":0,"font":"","enabled":false},"version":2}},"categories":[46],"tags":[347,106,107,108,110,188,403,111],"class_list":["post-1224","post","type-post","status-publish","format-standard","hentry","category-df","tag-347","tag-declaracao","tag-fisica","tag-imposto","tag-pessoa","tag-programa","tag-regras","tag-renda"],"jetpack_publicize_connections":[],"jetpack_featured_media_url":"","jetpack_sharing_enabled":true,"jetpack_shortlink":"https:\/\/wp.me\/p2wklX-jK","jetpack-related-posts":[{"id":1075,"url":"https:\/\/cfcontabil.com\/cf\/receita-federal-lanca-video-do-imposto-de-renda-2017\/","url_meta":{"origin":1224,"position":0},"title":"Receita Federal lan\u00e7a v\u00eddeo do Imposto de Renda 2017","author":"Ab\u00edlio Gon\u00e7alves","date":"21 de mar\u00e7o de 2017","format":false,"excerpt":"A TV Receita acaba de lan\u00e7ar v\u00eddeo em anima\u00e7\u00e3o para a divulga\u00e7\u00e3o do IRPF 2017. As imagens apresentam as novidades da declara\u00e7\u00e3o deste ano, al\u00e9m de enfatizar de forma l\u00fadica e simplificada os pontos b\u00e1sicos da declara\u00e7\u00e3o de imposto de renda pessoa f\u00edsica. Com bom humor e de forma descontra\u00edda,\u2026","rel":"","context":"Em &quot;Departamento Fiscal&quot;","block_context":{"text":"Departamento Fiscal","link":"https:\/\/cfcontabil.com\/cf\/category\/df\/"},"img":{"alt_text":"","src":"https:\/\/i0.wp.com\/cfcontabil.com\/cf\/wp-content\/uploads\/2017\/02\/irpf2017-1.png?fit=490%2C247&ssl=1&resize=350%2C200","width":350,"height":200},"classes":[]},{"id":1098,"url":"https:\/\/cfcontabil.com\/cf\/receita-federal-ja-recebeu-mais-de-59-milhoes-de-declaracoes-do-irpf-2017\/","url_meta":{"origin":1224,"position":1},"title":"Receita Federal j\u00e1 recebeu mais de 5,9 milh\u00f5es de declara\u00e7\u00f5es do IRPF 2017","author":"Ab\u00edlio Gon\u00e7alves","date":"30 de mar\u00e7o de 2017","format":false,"excerpt":"O prazo de entrega termina 28 de abril Hoje (27\/3) at\u00e9 as 17 horas, 5.978.202 declara\u00e7\u00f5es foram recebidas pelos sistemas da Receita. De acordo com o supervisor nacional do IR, auditor-fiscal Joaquim Adir, a expectativa \u00e9 de que 28,3 milh\u00f5es de contribuintes entreguem a declara\u00e7\u00e3o. O prazo de entrega da\u2026","rel":"","context":"Em &quot;Departamento Fiscal&quot;","block_context":{"text":"Departamento Fiscal","link":"https:\/\/cfcontabil.com\/cf\/category\/df\/"},"img":{"alt_text":"","src":"https:\/\/i0.wp.com\/cfcontabil.com\/cf\/wp-content\/uploads\/2017\/02\/irpfrfb-1.jpg?fit=640%2C340&ssl=1&resize=350%2C200","width":350,"height":200,"srcset":"https:\/\/i0.wp.com\/cfcontabil.com\/cf\/wp-content\/uploads\/2017\/02\/irpfrfb-1.jpg?fit=640%2C340&ssl=1&resize=350%2C200 1x, https:\/\/i0.wp.com\/cfcontabil.com\/cf\/wp-content\/uploads\/2017\/02\/irpfrfb-1.jpg?fit=640%2C340&ssl=1&resize=525%2C300 1.5x"},"classes":[]},{"id":1107,"url":"https:\/\/cfcontabil.com\/cf\/mais-de-78-milhoes-de-declaracoes-do-irpf-2017-foram-recebidas-pela-receita\/","url_meta":{"origin":1224,"position":2},"title":"Mais de 7,8 milh\u00f5es de declara\u00e7\u00f5es do IRPF 2017 foram recebidas pela Receita","author":"Ab\u00edlio Gon\u00e7alves","date":"5 de abril de 2017","format":false,"excerpt":"At\u00e9 as 17 horas hoje (3\/4), 7.832.321 declara\u00e7\u00f5es foram recebidas pelos sistemas da Receita. De acordo com o supervisor nacional do IR, auditor-fiscal Joaquim Adir, a expectativa \u00e9 de que 28,3 milh\u00f5es de contribuintes entreguem a declara\u00e7\u00e3o. O prazo de entrega da declara\u00e7\u00e3o vai at\u00e9 28 de abril. Neste ano\u2026","rel":"","context":"Em &quot;Departamento Fiscal&quot;","block_context":{"text":"Departamento Fiscal","link":"https:\/\/cfcontabil.com\/cf\/category\/df\/"},"img":{"alt_text":"","src":"https:\/\/i0.wp.com\/cfcontabil.com\/cf\/wp-content\/uploads\/2017\/02\/irpf2017-1.png?fit=490%2C247&ssl=1&resize=350%2C200","width":350,"height":200},"classes":[]},{"id":1118,"url":"https:\/\/cfcontabil.com\/cf\/receita-federal-registra-10-milhoes-de-declaracoes-do-irpf\/","url_meta":{"origin":1224,"position":3},"title":"Receita Federal registra 10 milh\u00f5es de declara\u00e7\u00f5es do IRPF","author":"Ab\u00edlio Gon\u00e7alves","date":"11 de abril de 2017","format":false,"excerpt":"Faltam 18 dias para o fim do prazo At\u00e9 as 17 horas desta segunda-feira,10 de abril, 10.002.889 de declara\u00e7\u00f5es foram recebidas pela Receita. A expectativa \u00e9 de que 28,3 milh\u00f5es de contribuintes entreguem a DIRPF 2017. O prazo de entrega termina em 28 de abril. Neste ano o programa Receitanet\u2026","rel":"","context":"Em &quot;Departamento Fiscal&quot;","block_context":{"text":"Departamento Fiscal","link":"https:\/\/cfcontabil.com\/cf\/category\/df\/"},"img":{"alt_text":"","src":"https:\/\/i0.wp.com\/cfcontabil.com\/cf\/wp-content\/uploads\/2017\/02\/irpfrfb-1.jpg?fit=640%2C340&ssl=1&resize=350%2C200","width":350,"height":200,"srcset":"https:\/\/i0.wp.com\/cfcontabil.com\/cf\/wp-content\/uploads\/2017\/02\/irpfrfb-1.jpg?fit=640%2C340&ssl=1&resize=350%2C200 1x, https:\/\/i0.wp.com\/cfcontabil.com\/cf\/wp-content\/uploads\/2017\/02\/irpfrfb-1.jpg?fit=640%2C340&ssl=1&resize=525%2C300 1.5x"},"classes":[]},{"id":802,"url":"https:\/\/cfcontabil.com\/cf\/divulgado-o-cronograma-do-irpf-2017-pela-receita-federal\/","url_meta":{"origin":1224,"position":4},"title":"Divulgado o cronograma do IRPF 2017 pela Receita Federal","author":"Ab\u00edlio Gon\u00e7alves","date":"9 de janeiro de 2017","format":false,"excerpt":"\u00c9 importante saber que al\u00e9m da \u00a0Declara\u00e7\u00e3o de Ajuste Anual da Pessoa F\u00edsica, v\u00e1rios programas e aplicativos auxiliares que visam facilitar o cumprimento das obriga\u00e7\u00f5es tribut\u00e1rias por parte dos contribuintes. Fique atento as datas e n\u00e3o perca os prazos, na d\u00favida, busque um contador para ajudar: A Secretaria da Receita\u2026","rel":"","context":"Em &quot;Geral&quot;","block_context":{"text":"Geral","link":"https:\/\/cfcontabil.com\/cf\/category\/geral\/"},"img":{"alt_text":"","src":"https:\/\/i0.wp.com\/cfcontabil.com\/cf\/wp-content\/uploads\/2017\/01\/leao-imposto-renda-original1-1.jpeg?fit=620%2C349&ssl=1&resize=350%2C200","width":350,"height":200,"srcset":"https:\/\/i0.wp.com\/cfcontabil.com\/cf\/wp-content\/uploads\/2017\/01\/leao-imposto-renda-original1-1.jpeg?fit=620%2C349&ssl=1&resize=350%2C200 1x, https:\/\/i0.wp.com\/cfcontabil.com\/cf\/wp-content\/uploads\/2017\/01\/leao-imposto-renda-original1-1.jpeg?fit=620%2C349&ssl=1&resize=525%2C300 1.5x"},"classes":[]},{"id":1225,"url":"https:\/\/cfcontabil.com\/cf\/programa-da-dirpf-2017-ja-esta-disponivel-para-download\/","url_meta":{"origin":1224,"position":5},"title":"Programa da DIRPF 2017 j\u00e1 est\u00e1 dispon\u00edvel para download","author":"Ab\u00edlio Gon\u00e7alves","date":"23 de fevereiro de 2017","format":false,"excerpt":"Encontra-se dispon\u00edvel para instala\u00e7\u00e3o o programa do Imposto de Renda Pessoa F\u00edsica 2017, para quem quer antecipar os lan\u00e7amentos na sua declara\u00e7\u00e3o. Acesse:\u00a0http:\/\/idg.receita.fazenda.gov.br\/interface\/cidadao\/irpf\/2017\/download Lembre-se: a temporada de entrega das declara\u00e7\u00f5es come\u00e7a somente depois do carnaval, em 2 de mar\u00e7o, e se estende at\u00e9 28 de abril. Os contribuintes que enviarem\u2026","rel":"","context":"Em &quot;Departamento Fiscal&quot;","block_context":{"text":"Departamento Fiscal","link":"https:\/\/cfcontabil.com\/cf\/category\/df\/"},"img":{"alt_text":"","src":"https:\/\/i0.wp.com\/cfcontabil.com\/cf\/wp-content\/uploads\/2017\/02\/irpf2017-1.png?fit=490%2C247&ssl=1&resize=350%2C200","width":350,"height":200},"classes":[]}],"jetpack_likes_enabled":true,"_links":{"self":[{"href":"https:\/\/cfcontabil.com\/cf\/wp-json\/wp\/v2\/posts\/1224","targetHints":{"allow":["GET"]}}],"collection":[{"href":"https:\/\/cfcontabil.com\/cf\/wp-json\/wp\/v2\/posts"}],"about":[{"href":"https:\/\/cfcontabil.com\/cf\/wp-json\/wp\/v2\/types\/post"}],"author":[{"embeddable":true,"href":"https:\/\/cfcontabil.com\/cf\/wp-json\/wp\/v2\/users\/3"}],"replies":[{"embeddable":true,"href":"https:\/\/cfcontabil.com\/cf\/wp-json\/wp\/v2\/comments?post=1224"}],"version-history":[{"count":0,"href":"https:\/\/cfcontabil.com\/cf\/wp-json\/wp\/v2\/posts\/1224\/revisions"}],"wp:attachment":[{"href":"https:\/\/cfcontabil.com\/cf\/wp-json\/wp\/v2\/media?parent=1224"}],"wp:term":[{"taxonomy":"category","embeddable":true,"href":"https:\/\/cfcontabil.com\/cf\/wp-json\/wp\/v2\/categories?post=1224"},{"taxonomy":"post_tag","embeddable":true,"href":"https:\/\/cfcontabil.com\/cf\/wp-json\/wp\/v2\/tags?post=1224"}],"curies":[{"name":"wp","href":"https:\/\/api.w.org\/{rel}","templated":true}]}}