{"id":1225,"date":"2017-02-23T09:39:30","date_gmt":"2017-02-23T12:39:30","guid":{"rendered":"http:\/\/cfcontabil.com\/cf\/?p=999"},"modified":"2017-02-23T09:39:30","modified_gmt":"2017-02-23T12:39:30","slug":"programa-da-dirpf-2017-ja-esta-disponivel-para-download","status":"publish","type":"post","link":"https:\/\/cfcontabil.com\/cf\/programa-da-dirpf-2017-ja-esta-disponivel-para-download\/","title":{"rendered":"Programa da DIRPF 2017 j\u00e1 est\u00e1 dispon\u00edvel para download"},"content":{"rendered":"<p style=\"text-align: justify;\">Encontra-se dispon\u00edvel para instala\u00e7\u00e3o o programa do Imposto de Renda Pessoa F\u00edsica 2017, para quem quer antecipar os lan\u00e7amentos na sua declara\u00e7\u00e3o.<\/p>\n<p>Acesse:\u00a0<a href=\"http:\/\/idg.receita.fazenda.gov.br\/interface\/cidadao\/irpf\/2017\/download\">http:\/\/idg.receita.fazenda.gov.br\/interface\/cidadao\/irpf\/2017\/download<\/a><\/p>\n<p style=\"text-align: justify;\">Lembre-se: a temporada de entrega das declara\u00e7\u00f5es come\u00e7a somente depois do carnaval, <strong>em 2 de mar\u00e7o<\/strong>, e se estende at\u00e9 28 de abril.<\/p>\n<div class=\"mc-column content-text active-extra-styles \" style=\"text-align: justify;\" data-block-type=\"unstyled\" data-block-weight=\"37\">\n<p class=\"content-text__container \" data-track-category=\"Link no Texto\" data-track-links=\"\">Os contribuintes que enviarem a declara\u00e7\u00e3o no in\u00edcio do prazo, sem erros, omiss\u00f5es ou inconsist\u00eancias, tamb\u00e9m receber\u00e3o mais cedo as restitui\u00e7\u00f5es do Imposto de Renda. Idosos, portadores de doen\u00e7a grave e deficientes f\u00edsicos ou mentais t\u00eam prioridade.<\/p>\n<\/div>\n<div class=\"mc-column content-text active-extra-styles \" style=\"text-align: justify;\" data-block-type=\"unstyled\" data-block-weight=\"24\">\n<p class=\"content-text__container \" data-track-category=\"Link no Texto\" data-track-links=\"\">As restitui\u00e7\u00f5es come\u00e7ar\u00e3o a ser pagas em 16 de junho, e seguem at\u00e9 dezembro, para os contribuintes cujas declara\u00e7\u00f5es n\u00e3o ca\u00edram em malha fina.<\/p>\n<\/div>\n<div class=\"mc-column content-text active-extra-styles \" data-block-type=\"unstyled\" data-block-weight=\"30\">\n<p class=\"content-text__container \" style=\"text-align: justify;\" data-track-category=\"Link no Texto\" data-track-links=\"\">A multa para o contribuinte que n\u00e3o fizer a declara\u00e7\u00e3o ou entreg\u00e1-la fora do prazo ser\u00e1 de, no m\u00ednimo, R$ 165,74. O valor m\u00e1ximo correspondente a 20% do imposto devido.<\/p>\n<\/div>\n","protected":false},"excerpt":{"rendered":"<p>Encontra-se dispon\u00edvel para instala\u00e7\u00e3o o programa do Imposto de Renda Pessoa F\u00edsica 2017, para quem quer antecipar os lan\u00e7amentos na sua declara\u00e7\u00e3o. Acesse:\u00a0http:\/\/idg.receita.fazenda.gov.br\/interface\/cidadao\/irpf\/2017\/download Lembre-se: a temporada de entrega das declara\u00e7\u00f5es come\u00e7a somente depois do carnaval, em 2 de mar\u00e7o, e se estende at\u00e9 28 de abril. Os contribuintes que enviarem a declara\u00e7\u00e3o no in\u00edcio do [&hellip;]<\/p>\n","protected":false},"author":3,"featured_media":1500,"comment_status":"open","ping_status":"open","sticky":false,"template":"","format":"standard","meta":{"jetpack_post_was_ever_published":false,"_jetpack_newsletter_access":"","_jetpack_dont_email_post_to_subs":true,"_jetpack_newsletter_tier_id":0,"_jetpack_memberships_contains_paywalled_content":false,"_jetpack_memberships_contains_paid_content":false,"footnotes":"","jetpack_publicize_message":"","jetpack_publicize_feature_enabled":true,"jetpack_social_post_already_shared":true,"jetpack_social_options":{"image_generator_settings":{"template":"highway","default_image_id":0,"font":"","enabled":false},"version":2}},"categories":[46],"tags":[347,106,280,107,108,115,110,188,111],"class_list":["post-1225","post","type-post","status-publish","format-standard","has-post-thumbnail","hentry","category-df","tag-347","tag-declaracao","tag-dirpf","tag-fisica","tag-imposto","tag-irpf","tag-pessoa","tag-programa","tag-renda"],"jetpack_publicize_connections":[],"jetpack_featured_media_url":"https:\/\/i0.wp.com\/cfcontabil.com\/cf\/wp-content\/uploads\/2017\/02\/irpf2017-1.png?fit=490%2C247&ssl=1","jetpack_sharing_enabled":true,"jetpack_shortlink":"https:\/\/wp.me\/p2wklX-jL","jetpack-related-posts":[{"id":1224,"url":"https:\/\/cfcontabil.com\/cf\/confira-as-regras-da-declaracao-do-irpf-2017\/","url_meta":{"origin":1225,"position":0},"title":"Confira as regras da Declara\u00e7\u00e3o do IRPF 2017","author":"Ab\u00edlio Gon\u00e7alves","date":"23 de fevereiro de 2017","format":false,"excerpt":"O prazo de entrega vai de 2 de mar\u00e7o a 28 de abril de 2017 Na manh\u00e3 de hoje (22\/2), a Receita Federal anunciou em coletiva de imprensa as principais novidades e regras do Imposto de Renda das Pessoas F\u00edsicas para este ano. Entre as inova\u00e7\u00f5es est\u00e1 a atualiza\u00e7\u00e3o autom\u00e1tica\u2026","rel":"","context":"Em &quot;Departamento Fiscal&quot;","block_context":{"text":"Departamento Fiscal","link":"https:\/\/cfcontabil.com\/cf\/category\/df\/"},"img":{"alt_text":"","src":"","width":0,"height":0},"classes":[]},{"id":802,"url":"https:\/\/cfcontabil.com\/cf\/divulgado-o-cronograma-do-irpf-2017-pela-receita-federal\/","url_meta":{"origin":1225,"position":1},"title":"Divulgado o cronograma do IRPF 2017 pela Receita Federal","author":"Ab\u00edlio Gon\u00e7alves","date":"9 de janeiro de 2017","format":false,"excerpt":"\u00c9 importante saber que al\u00e9m da \u00a0Declara\u00e7\u00e3o de Ajuste Anual da Pessoa F\u00edsica, v\u00e1rios programas e aplicativos auxiliares que visam facilitar o cumprimento das obriga\u00e7\u00f5es tribut\u00e1rias por parte dos contribuintes. Fique atento as datas e n\u00e3o perca os prazos, na d\u00favida, busque um contador para ajudar: A Secretaria da Receita\u2026","rel":"","context":"Em &quot;Geral&quot;","block_context":{"text":"Geral","link":"https:\/\/cfcontabil.com\/cf\/category\/geral\/"},"img":{"alt_text":"","src":"https:\/\/i0.wp.com\/cfcontabil.com\/cf\/wp-content\/uploads\/2017\/01\/leao-imposto-renda-original1-1.jpeg?fit=620%2C349&ssl=1&resize=350%2C200","width":350,"height":200,"srcset":"https:\/\/i0.wp.com\/cfcontabil.com\/cf\/wp-content\/uploads\/2017\/01\/leao-imposto-renda-original1-1.jpeg?fit=620%2C349&ssl=1&resize=350%2C200 1x, https:\/\/i0.wp.com\/cfcontabil.com\/cf\/wp-content\/uploads\/2017\/01\/leao-imposto-renda-original1-1.jpeg?fit=620%2C349&ssl=1&resize=525%2C300 1.5x"},"classes":[]},{"id":920,"url":"https:\/\/cfcontabil.com\/cf\/receita-federal-altera-regras-de-informacoes-de-dependentes-na-dirpf\/","url_meta":{"origin":1225,"position":2},"title":"Receita Federal altera regras de informa\u00e7\u00f5es de dependentes na Dirpf","author":"Ab\u00edlio Gon\u00e7alves","date":"2 de fevereiro de 2017","format":false,"excerpt":"Foi publicada hoje no Di\u00e1rio Oficial da Uni\u00e3o a Instru\u00e7\u00e3o Normativa RFB n\u00ba 1688, que determina que os contribuintes que desejarem incluir seus dependentes na declara\u00e7\u00e3o do Imposto de Renda de 2017 dever\u00e3o registr\u00e1-los no Cadastro de Pessoas F\u00edsicas (CPF), caso tenham 12 anos ou mais. At\u00e9 ent\u00e3o, a obrigatoriedade\u2026","rel":"","context":"Em &quot;Geral&quot;","block_context":{"text":"Geral","link":"https:\/\/cfcontabil.com\/cf\/category\/geral\/"},"img":{"alt_text":"","src":"https:\/\/i0.wp.com\/cfcontabil.com\/cf\/wp-content\/uploads\/2017\/02\/DEPENDENTES-1.png?fit=940%2C788&ssl=1&resize=350%2C200","width":350,"height":200,"srcset":"https:\/\/i0.wp.com\/cfcontabil.com\/cf\/wp-content\/uploads\/2017\/02\/DEPENDENTES-1.png?fit=940%2C788&ssl=1&resize=350%2C200 1x, https:\/\/i0.wp.com\/cfcontabil.com\/cf\/wp-content\/uploads\/2017\/02\/DEPENDENTES-1.png?fit=940%2C788&ssl=1&resize=525%2C300 1.5x, https:\/\/i0.wp.com\/cfcontabil.com\/cf\/wp-content\/uploads\/2017\/02\/DEPENDENTES-1.png?fit=940%2C788&ssl=1&resize=700%2C400 2x"},"classes":[]},{"id":1053,"url":"https:\/\/cfcontabil.com\/cf\/receita-federal-publica-orientacoes-sobre-a-doacao-de-recursos-para-os-fundos-beneficentes-na-dirpf-2017\/","url_meta":{"origin":1225,"position":3},"title":"Receita Federal publica orienta\u00e7\u00f5es sobre a doa\u00e7\u00e3o de recursos para os fundos beneficentes na DIRPF 2017","author":"Ab\u00edlio Gon\u00e7alves","date":"13 de mar\u00e7o de 2017","format":false,"excerpt":"J\u00e1 est\u00e1 dispon\u00edvel um guia para orientar o cidad\u00e3o sobre a doa\u00e7\u00e3o de recursos na Declara\u00e7\u00e3o de Imposto de Renda 2017 e auxiliar na destina\u00e7\u00e3o de valores para os fundos dos Direitos da Crian\u00e7a e do Adolescente, Fundos do Idoso, Fundo Nacional de Cultura, Fundos de Financiamento da Ind\u00fastria Cinematogr\u00e1fica\u2026","rel":"","context":"Em &quot;Departamento Fiscal&quot;","block_context":{"text":"Departamento Fiscal","link":"https:\/\/cfcontabil.com\/cf\/category\/df\/"},"img":{"alt_text":"","src":"https:\/\/i0.wp.com\/cfcontabil.com\/cf\/wp-content\/uploads\/2017\/02\/irpfrfb-1.jpg?fit=640%2C340&ssl=1&resize=350%2C200","width":350,"height":200,"srcset":"https:\/\/i0.wp.com\/cfcontabil.com\/cf\/wp-content\/uploads\/2017\/02\/irpfrfb-1.jpg?fit=640%2C340&ssl=1&resize=350%2C200 1x, https:\/\/i0.wp.com\/cfcontabil.com\/cf\/wp-content\/uploads\/2017\/02\/irpfrfb-1.jpg?fit=640%2C340&ssl=1&resize=525%2C300 1.5x"},"classes":[]},{"id":1218,"url":"https:\/\/cfcontabil.com\/cf\/instrucoes-normativas-sobre-imposto-de-renda\/","url_meta":{"origin":1225,"position":4},"title":"Instru\u00e7\u00f5es Normativas sobre Imposto de Renda","author":"Ab\u00edlio Gon\u00e7alves","date":"22 de fevereiro de 2017","format":false,"excerpt":"A Receita Federal publicou hoje (22.02) v\u00e1rias Instru\u00e7\u00f5es Normativas com regras sobre o imposto de renda, para o exerc\u00edcio de 2017: Instru\u00e7\u00e3o Normativa 1696 - programa multiplataforma da Declara\u00e7\u00e3o de Ajuste Anual do Imposto sobre a Renda da Pessoa F\u00edsica, da Declara\u00e7\u00e3o Final de Esp\u00f3lio e da Declara\u00e7\u00e3o de Sa\u00edda\u2026","rel":"","context":"Em &quot;Departamento Fiscal&quot;","block_context":{"text":"Departamento Fiscal","link":"https:\/\/cfcontabil.com\/cf\/category\/df\/"},"img":{"alt_text":"","src":"","width":0,"height":0},"classes":[]},{"id":1231,"url":"https:\/\/cfcontabil.com\/cf\/irpf-2017-a-entrega-da-declaracao-comecou-hoje\/","url_meta":{"origin":1225,"position":5},"title":"IRPF 2017 &#8211; A entrega da declara\u00e7\u00e3o come\u00e7ou hoje","author":"Ab\u00edlio Gon\u00e7alves","date":"2 de mar\u00e7o de 2017","format":false,"excerpt":"A CF Cont\u00e1bil\u00a0est\u00e1 pronta para atender e\u00a0orientar seus clientes e parceiros nas quest\u00f5es relativas \u00e0 entrega da Declara\u00e7\u00e3o de Ajuste Anual, s\u00e3o nossos servi\u00e7os: \u2022\u00a0Preenchimento da DIRPF \u2022 Situa\u00e7\u00f5es de Obrigatoriedade \u2022 C\u00e1lculo e Dedu\u00e7\u00f5es \u2022 Mat\u00e9rias Relacionadas \u2022 Varia\u00e7\u00e3o Patrimonial \u2022 Legisla\u00e7\u00e3o \u2022 Restitui\u00e7\u00e3o \u2022 Anos Anteriores \u2022 Declara\u00e7\u00f5es\u2026","rel":"","context":"Em &quot;Geral&quot;","block_context":{"text":"Geral","link":"https:\/\/cfcontabil.com\/cf\/category\/geral\/"},"img":{"alt_text":"","src":"https:\/\/i0.wp.com\/cfcontabil.com\/cf\/wp-content\/uploads\/2017\/02\/irpf2017-1.png?fit=490%2C247&ssl=1&resize=350%2C200","width":350,"height":200},"classes":[]}],"jetpack_likes_enabled":true,"_links":{"self":[{"href":"https:\/\/cfcontabil.com\/cf\/wp-json\/wp\/v2\/posts\/1225","targetHints":{"allow":["GET"]}}],"collection":[{"href":"https:\/\/cfcontabil.com\/cf\/wp-json\/wp\/v2\/posts"}],"about":[{"href":"https:\/\/cfcontabil.com\/cf\/wp-json\/wp\/v2\/types\/post"}],"author":[{"embeddable":true,"href":"https:\/\/cfcontabil.com\/cf\/wp-json\/wp\/v2\/users\/3"}],"replies":[{"embeddable":true,"href":"https:\/\/cfcontabil.com\/cf\/wp-json\/wp\/v2\/comments?post=1225"}],"version-history":[{"count":0,"href":"https:\/\/cfcontabil.com\/cf\/wp-json\/wp\/v2\/posts\/1225\/revisions"}],"wp:featuredmedia":[{"embeddable":true,"href":"https:\/\/cfcontabil.com\/cf\/wp-json\/wp\/v2\/media\/1500"}],"wp:attachment":[{"href":"https:\/\/cfcontabil.com\/cf\/wp-json\/wp\/v2\/media?parent=1225"}],"wp:term":[{"taxonomy":"category","embeddable":true,"href":"https:\/\/cfcontabil.com\/cf\/wp-json\/wp\/v2\/categories?post=1225"},{"taxonomy":"post_tag","embeddable":true,"href":"https:\/\/cfcontabil.com\/cf\/wp-json\/wp\/v2\/tags?post=1225"}],"curies":[{"name":"wp","href":"https:\/\/api.w.org\/{rel}","templated":true}]}}