{"id":1226,"date":"2017-02-27T06:00:10","date_gmt":"2017-02-27T09:00:10","guid":{"rendered":"http:\/\/cfcontabil.com\/cf\/?p=1003"},"modified":"2017-02-27T06:00:10","modified_gmt":"2017-02-27T09:00:10","slug":"atencao-aos-prazos-esocial-para-empresas-esta-chegando-e-deve-ser-prioridade-em-2017","status":"publish","type":"post","link":"https:\/\/cfcontabil.com\/cf\/atencao-aos-prazos-esocial-para-empresas-esta-chegando-e-deve-ser-prioridade-em-2017\/","title":{"rendered":"Aten\u00e7\u00e3o aos prazos: eSocial para empresas est\u00e1 chegando e deve ser prioridade em 2017"},"content":{"rendered":"<p style=\"text-align: justify;\">O eSocial, que faz parte do cotidiano dos empregadores dom\u00e9sticos desde 2015, dever\u00e1 ser adotado por todas as empresas do pa\u00eds a partir de <strong>janeiro de 2018<\/strong>.<\/p>\n<p style=\"text-align: justify;\">Se a sua organiza\u00e7\u00e3o ainda est\u00e1 confusa com os prazos, fique atento: o ambiente de testes estar\u00e1 dispon\u00edvel a partir de julho deste ano. At\u00e9 l\u00e1, \u00e9 fundamental que as companhias adequem seus processos, corrijam as informa\u00e7\u00f5es contratuais desatualizadas e integrem seus sistemas. O projeto come\u00e7a a ser implantado de fato em janeiro de 2018, para companhias com faturamento acima de R$ 78 milh\u00f5es.<\/p>\n<p style=\"text-align: justify;\">Apesar da proximidade da data de entrada em vigor do projeto, muitas companhias ainda n\u00e3o est\u00e3o preparadas para cumprir os novos formatos e prazos exigidos pelo eSocial.<\/p>\n<p><img data-recalc-dims=\"1\" decoding=\"async\" class=\"aligncenter size-full\" src=\"https:\/\/i0.wp.com\/www.contabeis.com.br\/Arquivar\/_resources\/newsimages\/6db5267223dd150a974c1ce90d0c0aaa.jpg?resize=300%2C138\" width=\"300\" height=\"138\" \/><\/p>\n<div class=\"patrocinio\" style=\"text-align: justify;\">Antes de mais nada, \u00e9 importante destacar que o projeto n\u00e3o trar\u00e1 mudan\u00e7as apenas aos sistemas, mas \u00e0 pr\u00f3pria cultura da organiza\u00e7\u00e3o, pois exigir\u00e1 uma revis\u00e3o dos processos das \u00e1reas envolvidas na entrega das obriga\u00e7\u00f5es trabalhistas.<\/div>\n<p><!--more--><\/p>\n<div class=\"patrocinio\"><\/div>\n<div class=\"patrocinio\">O RH, como todos sabem, ser\u00e1 o departamento mais impactado. Por isso, nesse artigo eu cito alguns motivos pelos quais acredito que o eSocial deveria estar no topo da lista de demandas urgentes de todo RH.<\/div>\n<p style=\"text-align: justify;\">Primeiramente, destaco que o eSocial demandar\u00e1 muitas informa\u00e7\u00f5es que n\u00e3o s\u00e3o cobradas atualmente, sendo necess\u00e1rias adapta\u00e7\u00f5es nos processos de contrata\u00e7\u00e3o, <a class=\"classtermo\" href=\"http:\/\/www.contabeis.com.br\/termos-contabeis\/ferias\">f\u00e9rias,<\/a> afastamento, desligamento, transfer\u00eancia entre empresas, dentre tantos outros. Claramente o governo quer colocar a legisla\u00e7\u00e3o em pr\u00e1tica e, consequentemente, identificar desde as pequenas at\u00e9 as grandes n\u00e3o-conformidades das empresas. Percebemos isso, por exemplo, na exig\u00eancia de informa\u00e7\u00f5es referentes \u00e0 marca\u00e7\u00e3o de ponto eletr\u00f4nico e cotas de Jovens Aprendizes e de Pessoas com Defici\u00eancia (PCD).<\/p>\n<p style=\"text-align: justify;\">Quando avaliamos as exig\u00eancias relacionadas aos colaboradores, \u00e9 importante refor\u00e7ar que algumas dessas informa\u00e7\u00f5es n\u00e3o s\u00e3o originadas na pr\u00f3pria empresa. Por isso, \u00e9 preciso que os trabalhadores tenham ci\u00eancia de que devem notificar \u00e0 empresa caso haja altera\u00e7\u00e3o em sua condi\u00e7\u00e3o atual (como altera\u00e7\u00f5es do estado civil e grau de instru\u00e7\u00e3o, por exemplo) e que os \u00f3rg\u00e3os do governo federal &#8211; como Caixa Econ\u00f4mica Federal, Minist\u00e9rio do Trabalho, Receita Federal, dentre outros &#8211; utilizar\u00e3o o eSocial como fonte para atualiza\u00e7\u00e3o das informa\u00e7\u00f5es de seus sistemas.<\/p>\n<p style=\"text-align: justify;\">Outro ponto cr\u00edtico do projeto \u00e9 a dificuldade de presta\u00e7\u00e3o de informa\u00e7\u00f5es retroativas. O famoso \u201cjeitinho\u201d n\u00e3o ter\u00e1 vez. Muitos eventos passar\u00e3o a ter seus prazos legais cobrados, como o de admiss\u00e3o, que dever\u00e1 ser enviado at\u00e9 o final do dia que antecede a contrata\u00e7\u00e3o. Altera\u00e7\u00f5es de contrato, como aumento de sal\u00e1rio ou troca de fun\u00e7\u00e3o, dever\u00e3o ser informadas ao eSocial at\u00e9 o dia sete do m\u00eas subsequente, a partir do momento em que acontecerem. Neste ponto, as empresas dever\u00e3o determinar pol\u00edticas mais r\u00edgidas de prazos para notifica\u00e7\u00e3o dessas mudan\u00e7as por parte dos gestores.<\/p>\n<p style=\"text-align: justify;\">S\u00e3o muitos os motivos que me levam a refor\u00e7ar que o eSocial deve ser prioridade em 2017 para as companhias. Vale lembrar que o ambiente de testes j\u00e1 estar\u00e1 dispon\u00edvel em julho deste ano. Meu conselho \u00e9 que, se sua empresa n\u00e3o come\u00e7ou a se movimentar, inicie o quanto antes! Se a adequa\u00e7\u00e3o est\u00e1 em andamento, mapeie todos os poss\u00edveis gaps do processo, pois certamente eles n\u00e3o passar\u00e3o despercebidos pelo eSocial.<\/p>\n<p><strong>S\u00e1ttila Silva<\/strong>\u00a0&#8211;\u00a0<em>Gerente de Planejamento da LG lugar de gente, est\u00e1 \u00e0 frente do projeto eSocial na empresa e participa do grupo de empresas piloto do governo federal desde 2010.<\/em><\/p>\n<p>Fonte:<a href=\"http:\/\/www.administradores.com.br\/noticias\/cotidiano\/atencao-aos-prazos-esocial-para-empresas-esta-chegando-e-deve-ser-prioridade-em-2017\/117031\/\" target=\"_blank\" rel=\"noopener noreferrer\"> Administradores<\/a><\/p>\n","protected":false},"excerpt":{"rendered":"<p>O eSocial, que faz parte do cotidiano dos empregadores dom\u00e9sticos desde 2015, dever\u00e1 ser adotado por todas as empresas do pa\u00eds a partir de janeiro de 2018. Se a sua organiza\u00e7\u00e3o ainda est\u00e1 confusa com os prazos, fique atento: o ambiente de testes estar\u00e1 dispon\u00edvel a partir de julho deste ano. At\u00e9 l\u00e1, \u00e9 fundamental [&hellip;]<\/p>\n","protected":false},"author":3,"featured_media":1482,"comment_status":"open","ping_status":"open","sticky":false,"template":"","format":"standard","meta":{"jetpack_post_was_ever_published":false,"_jetpack_newsletter_access":"","_jetpack_dont_email_post_to_subs":false,"_jetpack_newsletter_tier_id":0,"_jetpack_memberships_contains_paywalled_content":false,"_jetpack_memberships_contains_paid_content":false,"footnotes":"","jetpack_publicize_message":"Aten\u00e7\u00e3o aos prazos: eSocial para empresas est\u00e1 chegando e deve ser prioridade em 2017","jetpack_publicize_feature_enabled":true,"jetpack_social_post_already_shared":true,"jetpack_social_options":{"image_generator_settings":{"template":"highway","default_image_id":0,"font":"","enabled":false},"version":2}},"categories":[29],"tags":[424,425,47,78,426,299,427,295,428,209,45],"class_list":["post-1226","post","type-post","status-publish","format-standard","has-post-thumbnail","hentry","category-dp","tag-acessorias","tag-declaracoes","tag-empresas","tag-esocial","tag-humanos","tag-informacoes","tag-obrigacoes","tag-previdencia","tag-recursos","tag-trabalhadores","tag-trabalho"],"jetpack_publicize_connections":[],"jetpack_featured_media_url":"https:\/\/i0.wp.com\/cfcontabil.com\/cf\/wp-content\/uploads\/2016\/03\/esocial-1374759873-2.png?fit=439%2C339&ssl=1","jetpack_sharing_enabled":true,"jetpack_shortlink":"https:\/\/wp.me\/p2wklX-jM","jetpack-related-posts":[{"id":1272,"url":"https:\/\/cfcontabil.com\/cf\/esocial-libera-ambiente-de-testes-para-todas-as-empresas-do-pais\/","url_meta":{"origin":1226,"position":0},"title":"eSocial libera ambiente de testes para todas as empresas do pa\u00eds","author":"Ab\u00edlio Gon\u00e7alves","date":"7 de agosto de 2017","format":false,"excerpt":"Etapa tem como objetivo preparar o setor produtivo para o in\u00edcio da obrigatoriedade do sistema em 2018 O eSocial disponibiliza, a partir da ter\u00e7a-feira (1\u00b0), o acesso ao ambiente de testes da plataforma para todas as empresas do pa\u00eds. A etapa tem como objetivo preparar o setor produtivo para o\u2026","rel":"","context":"Em &quot;Departamento Fiscal&quot;","block_context":{"text":"Departamento Fiscal","link":"https:\/\/cfcontabil.com\/cf\/category\/df\/"},"img":{"alt_text":"","src":"https:\/\/i0.wp.com\/cfcontabil.com\/cf\/wp-content\/uploads\/2017\/06\/esocial-462x234-1.png?fit=462%2C234&ssl=1&resize=350%2C200","width":350,"height":200},"classes":[]},{"id":1244,"url":"https:\/\/cfcontabil.com\/cf\/esocial-libera-ambiente-de-testes-para-empresas\/","url_meta":{"origin":1226,"position":1},"title":"eSocial libera ambiente de testes para empresas","author":"Ab\u00edlio Gon\u00e7alves","date":"30 de junho de 2017","format":false,"excerpt":"Processo ocorrer\u00e1 em duas etapas e contemplar\u00e1, neste primeiro momento, empresas de TI. A partir de segunda-feira (26), empresas de tecnologia de informa\u00e7\u00e3o podem testar o eSocial, um sistema para facilitar a administra\u00e7\u00e3o de informa\u00e7\u00f5es relativas aos trabalhadores. As empresas v\u00e3o ter um ganho de produtividade e redu\u00e7\u00e3o de processos.\u2026","rel":"","context":"Em &quot;Departamento Pessoal&quot;","block_context":{"text":"Departamento Pessoal","link":"https:\/\/cfcontabil.com\/cf\/category\/dp\/"},"img":{"alt_text":"","src":"https:\/\/i0.wp.com\/cfcontabil.com\/cf\/wp-content\/uploads\/2017\/06\/esocial-pasta-1.jpg?fit=1000%2C591&ssl=1&resize=350%2C200","width":350,"height":200,"srcset":"https:\/\/i0.wp.com\/cfcontabil.com\/cf\/wp-content\/uploads\/2017\/06\/esocial-pasta-1.jpg?fit=1000%2C591&ssl=1&resize=350%2C200 1x, https:\/\/i0.wp.com\/cfcontabil.com\/cf\/wp-content\/uploads\/2017\/06\/esocial-pasta-1.jpg?fit=1000%2C591&ssl=1&resize=525%2C300 1.5x, https:\/\/i0.wp.com\/cfcontabil.com\/cf\/wp-content\/uploads\/2017\/06\/esocial-pasta-1.jpg?fit=1000%2C591&ssl=1&resize=700%2C400 2x"},"classes":[]},{"id":1396,"url":"https:\/\/cfcontabil.com\/cf\/a-2a-fase-do-esocial\/","url_meta":{"origin":1226,"position":2},"title":"A 2\u00aa fase do eSocial","author":"Ab\u00edlio Gon\u00e7alves","date":"16 de outubro de 2018","format":false,"excerpt":"Empresas com faturamento at\u00e9 R$ 78 milh\u00f5es iniciaram em 10 de outubro de 2018 A\u00a0segunda fase do eSocial tem in\u00edcio nesta quarta-feira, dia 10 de outubro, abrangendo entidades empresariais com faturamento de at\u00e9 R$ 78 milh\u00f5es no ano de 2016 e que n\u00e3o sejam optantes pelo Simples Nacional. Essa etapa\u2026","rel":"","context":"Em &quot;Departamento Pessoal&quot;","block_context":{"text":"Departamento Pessoal","link":"https:\/\/cfcontabil.com\/cf\/category\/dp\/"},"img":{"alt_text":"","src":"https:\/\/i0.wp.com\/cfcontabil.com\/cf\/wp-content\/uploads\/2017\/06\/esocial-462x234-1.png?fit=462%2C234&ssl=1&resize=350%2C200","width":350,"height":200},"classes":[]},{"id":1343,"url":"https:\/\/cfcontabil.com\/cf\/esocial-passa-a-valer-para-todas-as-empresas-do-pais-a-partir-de-16-de-julho\/","url_meta":{"origin":1226,"position":3},"title":"ESocial Passa a Valer Para Todas as Empresas do Pa\u00eds a Partir de 16 de Julho","author":"Ab\u00edlio Gon\u00e7alves","date":"14 de julho de 2018","format":false,"excerpt":"A partir do dia 16 de julho, todas as empresas privadas do pa\u00eds, incluindo micro e pequenas empresas e microempreendedores individuais\u00a0(MEIs)\u00a0que possuam empregados, dever\u00e3o utilizar o Sistema de Escritura\u00e7\u00e3o Digital das Obriga\u00e7\u00f5es Fiscais, Previdenci\u00e1rias e Trabalhistas\u00a0(eSocial)\u00a0. Esse grupo representa 4 milh\u00f5es de empregadores e cerca de 30 milh\u00f5es de trabalhadores.\u2026","rel":"","context":"Em &quot;Departamento Pessoal&quot;","block_context":{"text":"Departamento Pessoal","link":"https:\/\/cfcontabil.com\/cf\/category\/dp\/"},"img":{"alt_text":"","src":"https:\/\/i0.wp.com\/cfcontabil.com\/cf\/wp-content\/uploads\/2018\/07\/Cronograma_de_implanta%C3%A7%C3%A3o_do_eSocial-1.png?fit=1024%2C768&ssl=1&resize=350%2C200","width":350,"height":200,"srcset":"https:\/\/i0.wp.com\/cfcontabil.com\/cf\/wp-content\/uploads\/2018\/07\/Cronograma_de_implanta%C3%A7%C3%A3o_do_eSocial-1.png?fit=1024%2C768&ssl=1&resize=350%2C200 1x, https:\/\/i0.wp.com\/cfcontabil.com\/cf\/wp-content\/uploads\/2018\/07\/Cronograma_de_implanta%C3%A7%C3%A3o_do_eSocial-1.png?fit=1024%2C768&ssl=1&resize=525%2C300 1.5x, https:\/\/i0.wp.com\/cfcontabil.com\/cf\/wp-content\/uploads\/2018\/07\/Cronograma_de_implanta%C3%A7%C3%A3o_do_eSocial-1.png?fit=1024%2C768&ssl=1&resize=700%2C400 2x"},"classes":[]},{"id":2027,"url":"https:\/\/cfcontabil.com\/cf\/medias-empresas-concluem-migracao-para-esocial\/","url_meta":{"origin":1226,"position":4},"title":"M\u00e9dias empresas concluem migra\u00e7\u00e3o para eSocial","author":"Ab\u00edlio Gon\u00e7alves","date":"2 de janeiro de 2020","format":false,"excerpt":"Dados de seguran\u00e7a do trabalhador passam a ser inseridos no sistema Sistema informatizado de presta\u00e7\u00e3o de informa\u00e7\u00f5es de empresas e trabalhadores, o\u00a0eSocial\u00a0torna-se completamente obrigat\u00f3rio para os m\u00e9dios empregadores a partir de\u00a0hoje\u00a0(2). Cerca de 1,24 milh\u00e3o de m\u00e9dias empresas, que faturam at\u00e9 R$ 78 milh\u00f5es por ano, dever\u00e3o inserir os dados\u2026","rel":"","context":"Em &quot;Departamento Pessoal&quot;","block_context":{"text":"Departamento Pessoal","link":"https:\/\/cfcontabil.com\/cf\/category\/dp\/"},"img":{"alt_text":"","src":"https:\/\/i0.wp.com\/cfcontabil.com\/cf\/wp-content\/uploads\/2017\/06\/esocial-462x234-1.png?fit=462%2C234&ssl=1&resize=350%2C200","width":350,"height":200},"classes":[]},{"id":1410,"url":"https:\/\/cfcontabil.com\/cf\/multas-do-esocial-situacoes-que-podem-gerar-penalidades\/","url_meta":{"origin":1226,"position":5},"title":"Multas do eSocial: situa\u00e7\u00f5es que podem gerar penalidades","author":"Ab\u00edlio Gon\u00e7alves","date":"19 de outubro de 2018","format":false,"excerpt":"O eSocial j\u00e1 est\u00e1 sendo implementado nas empresas de todo o pa\u00eds, desde janeiro de 2018. Apesar das garantias de mais praticidade e cumprimento dos direitos trabalhistas, nem todo mundo est\u00e1 se adequando \u00e0 plataforma. Se a sua empresa est\u00e1 com alguma dificuldade, \u00e9 bom correr atr\u00e1s de solu\u00e7\u00f5es para\u2026","rel":"","context":"Em &quot;Departamento Pessoal&quot;","block_context":{"text":"Departamento Pessoal","link":"https:\/\/cfcontabil.com\/cf\/category\/dp\/"},"img":{"alt_text":"","src":"https:\/\/i0.wp.com\/cfcontabil.com\/cf\/wp-content\/uploads\/2018\/10\/esocial-24-09-2-750x430-1.jpg?fit=750%2C430&ssl=1&resize=350%2C200","width":350,"height":200,"srcset":"https:\/\/i0.wp.com\/cfcontabil.com\/cf\/wp-content\/uploads\/2018\/10\/esocial-24-09-2-750x430-1.jpg?fit=750%2C430&ssl=1&resize=350%2C200 1x, https:\/\/i0.wp.com\/cfcontabil.com\/cf\/wp-content\/uploads\/2018\/10\/esocial-24-09-2-750x430-1.jpg?fit=750%2C430&ssl=1&resize=525%2C300 1.5x, https:\/\/i0.wp.com\/cfcontabil.com\/cf\/wp-content\/uploads\/2018\/10\/esocial-24-09-2-750x430-1.jpg?fit=750%2C430&ssl=1&resize=700%2C400 2x"},"classes":[]}],"jetpack_likes_enabled":true,"_links":{"self":[{"href":"https:\/\/cfcontabil.com\/cf\/wp-json\/wp\/v2\/posts\/1226","targetHints":{"allow":["GET"]}}],"collection":[{"href":"https:\/\/cfcontabil.com\/cf\/wp-json\/wp\/v2\/posts"}],"about":[{"href":"https:\/\/cfcontabil.com\/cf\/wp-json\/wp\/v2\/types\/post"}],"author":[{"embeddable":true,"href":"https:\/\/cfcontabil.com\/cf\/wp-json\/wp\/v2\/users\/3"}],"replies":[{"embeddable":true,"href":"https:\/\/cfcontabil.com\/cf\/wp-json\/wp\/v2\/comments?post=1226"}],"version-history":[{"count":0,"href":"https:\/\/cfcontabil.com\/cf\/wp-json\/wp\/v2\/posts\/1226\/revisions"}],"wp:featuredmedia":[{"embeddable":true,"href":"https:\/\/cfcontabil.com\/cf\/wp-json\/wp\/v2\/media\/1482"}],"wp:attachment":[{"href":"https:\/\/cfcontabil.com\/cf\/wp-json\/wp\/v2\/media?parent=1226"}],"wp:term":[{"taxonomy":"category","embeddable":true,"href":"https:\/\/cfcontabil.com\/cf\/wp-json\/wp\/v2\/categories?post=1226"},{"taxonomy":"post_tag","embeddable":true,"href":"https:\/\/cfcontabil.com\/cf\/wp-json\/wp\/v2\/tags?post=1226"}],"curies":[{"name":"wp","href":"https:\/\/api.w.org\/{rel}","templated":true}]}}