{"id":1227,"date":"2017-02-23T15:00:34","date_gmt":"2017-02-23T18:00:34","guid":{"rendered":"http:\/\/cfcontabil.com\/cf\/?p=1005"},"modified":"2017-02-23T15:00:34","modified_gmt":"2017-02-23T18:00:34","slug":"prazo-para-entrega-da-dirf-se-encerra-em-27-de-fevereiro","status":"publish","type":"post","link":"https:\/\/cfcontabil.com\/cf\/prazo-para-entrega-da-dirf-se-encerra-em-27-de-fevereiro\/","title":{"rendered":"Prazo para entrega da DIRF se encerra em 27 de fevereiro"},"content":{"rendered":"<p style=\"text-align: justify;\">Aten\u00e7\u00e3o: em alguns casos documento tem que ser entregue mesmo por quem n\u00e3o reteve IR<\/p>\n<p>O prazo para apresenta\u00e7\u00e3o da <strong>DIRF2017<\/strong> se encerra as 23h59min59s, hor\u00e1rio de Bras\u00edlia, de 27 de fevereiro de 2017.<\/p>\n<p style=\"text-align: justify;\">A Receita Federal alerta que entre as hip\u00f3teses de obrigatoriedade de apresenta\u00e7\u00e3o da Declara\u00e7\u00e3o do Imposto Retido na Fonte (DIRF) encontram-se situa\u00e7\u00f5es em que n\u00e3o houve reten\u00e7\u00e3o do Imposto de Renda no ano-calend\u00e1rio 2016. As regras foram definidas na Instru\u00e7\u00e3o Normativa RFB n\u00b0 1.671 de 22\/11\/2016.<\/p>\n<p>Essas situa\u00e7\u00f5es de obrigatoriedade para quem n\u00e3o efetuou reten\u00e7\u00e3o do imposto se destinam a ampliar o controle tribut\u00e1rio sobre determinadas opera\u00e7\u00f5es e ampliar mecanismos de combate \u00e0 evas\u00e3o tribut\u00e1ria.<\/p>\n<p>Os <strong>obrigados a apresentar<\/strong> a DIRF 2017, ainda que n\u00e3o tenham efetuado reten\u00e7\u00e3o no ano-calend\u00e1rio 2016 s\u00e3o:<\/p>\n<p><!--more--><br \/>\na) candidatos a cargos eletivos, inclusive vices e suplentes; e<\/p>\n<p>b) as pessoas f\u00edsicas e jur\u00eddicas domiciliadas no Pa\u00eds que efetuarem pagamento, cr\u00e9dito, entrega, emprego ou remessa a pessoa f\u00edsica ou jur\u00eddica residente ou domiciliada no exterior, de valores referentes a:<\/p>\n<p>1. aplica\u00e7\u00f5es em fundos de investimento de convers\u00e3o de d\u00e9bitos externos;<\/p>\n<p>2. royalties, servi\u00e7os t\u00e9cnicos e de assist\u00eancia t\u00e9cnica;<\/p>\n<p>3. juros e comiss\u00f5es em geral;<\/p>\n<p>4. juros sobre o capital pr\u00f3prio;<\/p>\n<p>5. aluguel e arrendamento;<\/p>\n<p>6. aplica\u00e7\u00f5es financeiras em fundos ou em entidades de investimento coletivo;<\/p>\n<p>7. carteiras de valores mobili\u00e1rios e mercados de renda fixa ou renda vari\u00e1vel;<\/p>\n<p>8. fretes internacionais;<\/p>\n<p>9. previd\u00eancia complementar;<\/p>\n<p>10. remunera\u00e7\u00e3o de direitos;<\/p>\n<p>11. obras audiovisuais, cinematogr\u00e1ficas e videof\u00f4nicas;<\/p>\n<p>12. lucros e dividendos distribu\u00eddos<\/p>\n<p>13. cobertura de gastos pessoais, no exterior, de pessoas f\u00edsicas residentes no Pa\u00eds, em viagens de turismo, neg\u00f3cios, servi\u00e7o, treinamento ou miss\u00f5es oficiais;<\/p>\n<p>14. rendimentos de que trata o art. 1\u00b0 do Decreto n\u00b0 6.761, de 5 de fevereiro de 2009, que tiveram a al\u00edquota do imposto sobre a renda reduzida a 0% (zero por cento);<\/p>\n<p>15. demais rendimentos considerados como rendas e proventos de qualquer natureza, na forma prevista na legisla\u00e7\u00e3o espec\u00edfica<\/p>\n","protected":false},"excerpt":{"rendered":"<p>Aten\u00e7\u00e3o: em alguns casos documento tem que ser entregue mesmo por quem n\u00e3o reteve IR O prazo para apresenta\u00e7\u00e3o da DIRF2017 se encerra as 23h59min59s, hor\u00e1rio de Bras\u00edlia, de 27 de fevereiro de 2017. A Receita Federal alerta que entre as hip\u00f3teses de obrigatoriedade de apresenta\u00e7\u00e3o da Declara\u00e7\u00e3o do Imposto Retido na Fonte (DIRF) encontram-se [&hellip;]<\/p>\n","protected":false},"author":3,"featured_media":0,"comment_status":"open","ping_status":"open","sticky":false,"template":"","format":"standard","meta":{"jetpack_post_was_ever_published":false,"_jetpack_newsletter_access":"","_jetpack_dont_email_post_to_subs":false,"_jetpack_newsletter_tier_id":0,"_jetpack_memberships_contains_paywalled_content":false,"_jetpack_memberships_contains_paid_content":false,"footnotes":"","jetpack_publicize_message":"","jetpack_publicize_feature_enabled":true,"jetpack_social_post_already_shared":true,"jetpack_social_options":{"image_generator_settings":{"template":"highway","default_image_id":0,"font":"","enabled":false},"version":2}},"categories":[29],"tags":[106,339,350,281,108,188,111,340],"class_list":["post-1227","post","type-post","status-publish","format-standard","hentry","category-dp","tag-declaracao","tag-dirf","tag-entrega","tag-fonte","tag-imposto","tag-programa","tag-renda","tag-retido"],"jetpack_publicize_connections":[],"jetpack_featured_media_url":"","jetpack_sharing_enabled":true,"jetpack_shortlink":"https:\/\/wp.me\/p2wklX-jN","jetpack-related-posts":[{"id":894,"url":"https:\/\/cfcontabil.com\/cf\/receita-federal-disponibiliza-o-programa-gerador-da-dirf-2017\/","url_meta":{"origin":1227,"position":0},"title":"Receita Federal disponibiliza o Programa Gerador da DIRF 2017","author":"Ab\u00edlio Gon\u00e7alves","date":"27 de janeiro de 2017","format":false,"excerpt":"A Declara\u00e7\u00e3o do Imposto de Renda Retido na Fonte \u2013 DIRF \u2013 \u00e9 uma obriga\u00e7\u00e3o tribut\u00e1ria acess\u00f3ria devida por todas as pessoas jur\u00eddicas \u2013 independentemente da forma de tributa\u00e7\u00e3o perante o imposto de renda \u2013 da reten\u00e7\u00e3o do IRF - Imposto de Renda na Fonte. Aten\u00e7\u00e3o ao prazo de entrega\u2026","rel":"","context":"Em &quot;Departamento Pessoal&quot;","block_context":{"text":"Departamento Pessoal","link":"https:\/\/cfcontabil.com\/cf\/category\/dp\/"},"img":{"alt_text":"","src":"https:\/\/i0.wp.com\/cfcontabil.com\/cf\/wp-content\/uploads\/2017\/01\/dirf-2017-tem-novo-prazo-de-entrega-1.png?fit=1200%2C627&ssl=1&resize=350%2C200","width":350,"height":200,"srcset":"https:\/\/i0.wp.com\/cfcontabil.com\/cf\/wp-content\/uploads\/2017\/01\/dirf-2017-tem-novo-prazo-de-entrega-1.png?fit=1200%2C627&ssl=1&resize=350%2C200 1x, https:\/\/i0.wp.com\/cfcontabil.com\/cf\/wp-content\/uploads\/2017\/01\/dirf-2017-tem-novo-prazo-de-entrega-1.png?fit=1200%2C627&ssl=1&resize=525%2C300 1.5x, https:\/\/i0.wp.com\/cfcontabil.com\/cf\/wp-content\/uploads\/2017\/01\/dirf-2017-tem-novo-prazo-de-entrega-1.png?fit=1200%2C627&ssl=1&resize=700%2C400 2x, https:\/\/i0.wp.com\/cfcontabil.com\/cf\/wp-content\/uploads\/2017\/01\/dirf-2017-tem-novo-prazo-de-entrega-1.png?fit=1200%2C627&ssl=1&resize=1050%2C600 3x"},"classes":[]},{"id":2108,"url":"https:\/\/cfcontabil.com\/cf\/dirf-sem-erros-prepare-se-para-a-entrega\/","url_meta":{"origin":1227,"position":1},"title":"DIRF sem erros: prepare-se para a entrega","author":"Ab\u00edlio Gon\u00e7alves","date":"18 de fevereiro de 2020","format":false,"excerpt":"O prazo para entregar a DIRF referente ao ano-calend\u00e1rio 2019 \u00e9 dia 28 de fevereiro de 2020, a DIRF tem como objetivo informar os rendimentos pagos e\/ou reten\u00e7\u00f5es na fonte sob algumas circunst\u00e2ncias previstas na legisla\u00e7\u00e3o. O prazo para entregar a DIRF referente ao ano-calend\u00e1rio 2019 \u00e9 dia 28 de\u2026","rel":"","context":"Em &quot;Departamento Fiscal&quot;","block_context":{"text":"Departamento Fiscal","link":"https:\/\/cfcontabil.com\/cf\/category\/df\/"},"img":{"alt_text":"","src":"https:\/\/i0.wp.com\/cfcontabil.com\/cf\/wp-content\/uploads\/2019\/11\/dirf-imposto-renda.jpg?fit=609%2C503&ssl=1&resize=350%2C200","width":350,"height":200,"srcset":"https:\/\/i0.wp.com\/cfcontabil.com\/cf\/wp-content\/uploads\/2019\/11\/dirf-imposto-renda.jpg?fit=609%2C503&ssl=1&resize=350%2C200 1x, https:\/\/i0.wp.com\/cfcontabil.com\/cf\/wp-content\/uploads\/2019\/11\/dirf-imposto-renda.jpg?fit=609%2C503&ssl=1&resize=525%2C300 1.5x"},"classes":[]},{"id":1968,"url":"https:\/\/cfcontabil.com\/cf\/receita-federal-divulga-norma-sobre-a-declaracao-do-imposto-sobre-a-renda-retido-na-fonte-2020\/","url_meta":{"origin":1227,"position":2},"title":"Receita Federal divulga norma sobre a Declara\u00e7\u00e3o do Imposto sobre a Renda Retido na Fonte 2020","author":"Ab\u00edlio Gon\u00e7alves","date":"29 de novembro de 2019","format":false,"excerpt":"Declara\u00e7\u00e3o dever\u00e1 ser apresentada at\u00e9 as 23h59min59s do dia 28 de fevereiro de 2020 Foi publicada hoje, no Di\u00e1rio Oficial da Uni\u00e3o, a\u00a0Instru\u00e7\u00e3o Normativa RFB n\u00ba 1.915, de 2019, que disp\u00f5e sobre a Declara\u00e7\u00e3o do Imposto sobre a Renda Retido na Fonte referente ao ano-calend\u00e1rio de 2019 \u2013 Dirf 2020.\u2026","rel":"","context":"Em &quot;Departamento Fiscal&quot;","block_context":{"text":"Departamento Fiscal","link":"https:\/\/cfcontabil.com\/cf\/category\/df\/"},"img":{"alt_text":"","src":"https:\/\/i0.wp.com\/cfcontabil.com\/cf\/wp-content\/uploads\/2019\/11\/dirf-imposto-renda-banner.png?fit=886%2C346&ssl=1&resize=350%2C200","width":350,"height":200,"srcset":"https:\/\/i0.wp.com\/cfcontabil.com\/cf\/wp-content\/uploads\/2019\/11\/dirf-imposto-renda-banner.png?fit=886%2C346&ssl=1&resize=350%2C200 1x, https:\/\/i0.wp.com\/cfcontabil.com\/cf\/wp-content\/uploads\/2019\/11\/dirf-imposto-renda-banner.png?fit=886%2C346&ssl=1&resize=525%2C300 1.5x, https:\/\/i0.wp.com\/cfcontabil.com\/cf\/wp-content\/uploads\/2019\/11\/dirf-imposto-renda-banner.png?fit=886%2C346&ssl=1&resize=700%2C400 2x"},"classes":[]},{"id":900,"url":"https:\/\/cfcontabil.com\/cf\/alterada-a-data-de-entrega-da-dirf-2017\/","url_meta":{"origin":1227,"position":3},"title":"Alterada a data de entrega da DIRF 2017","author":"Ab\u00edlio Gon\u00e7alves","date":"27 de janeiro de 2017","format":false,"excerpt":"INSTRU\u00c7\u00c3O NORMATIVA RFB N\u00ba\u00a01686,\u00a0DE\u00a026 DE JANEIRO DE 2017 (Publicado(a) no DOU de 27\/01\/2017, se\u00e7\u00e3o 1, p\u00e1g. 24)\u00a0\u00a0 Altera a Instru\u00e7\u00e3o Normativa RFB n\u00ba 1.671, de 22 de novembro de 2016, que disp\u00f5e sobre a Declara\u00e7\u00e3o do Imposto sobre a Renda Retido na Fonte relativa ao ano-calend\u00e1rio de 2016 e a\u2026","rel":"","context":"Em &quot;Departamento Pessoal&quot;","block_context":{"text":"Departamento Pessoal","link":"https:\/\/cfcontabil.com\/cf\/category\/dp\/"},"img":{"alt_text":"","src":"https:\/\/i0.wp.com\/cfcontabil.com\/cf\/wp-content\/uploads\/2017\/01\/dirf-2017-tem-novo-prazo-de-entrega-1.png?fit=1200%2C627&ssl=1&resize=350%2C200","width":350,"height":200,"srcset":"https:\/\/i0.wp.com\/cfcontabil.com\/cf\/wp-content\/uploads\/2017\/01\/dirf-2017-tem-novo-prazo-de-entrega-1.png?fit=1200%2C627&ssl=1&resize=350%2C200 1x, https:\/\/i0.wp.com\/cfcontabil.com\/cf\/wp-content\/uploads\/2017\/01\/dirf-2017-tem-novo-prazo-de-entrega-1.png?fit=1200%2C627&ssl=1&resize=525%2C300 1.5x, https:\/\/i0.wp.com\/cfcontabil.com\/cf\/wp-content\/uploads\/2017\/01\/dirf-2017-tem-novo-prazo-de-entrega-1.png?fit=1200%2C627&ssl=1&resize=700%2C400 2x, https:\/\/i0.wp.com\/cfcontabil.com\/cf\/wp-content\/uploads\/2017\/01\/dirf-2017-tem-novo-prazo-de-entrega-1.png?fit=1200%2C627&ssl=1&resize=1050%2C600 3x"},"classes":[]},{"id":877,"url":"https:\/\/cfcontabil.com\/cf\/atraso-em-liberacao-de-programa-da-dirf-pode-comprometer-a-declaracao-de-imposto-de-renda\/","url_meta":{"origin":1227,"position":4},"title":"Atraso em libera\u00e7\u00e3o de programa da Dirf pode comprometer a declara\u00e7\u00e3o de imposto de renda","author":"Ab\u00edlio Gon\u00e7alves","date":"26 de janeiro de 2017","format":false,"excerpt":"CFC encaminhou\u00a0of\u00edcio para Receita solicitando a imediata disponibiliza\u00e7\u00e3o de programa de transmiss\u00e3o da DIRF O Conselho Federal de Contabilidade (CFC) enviou, nesta ter\u00e7a-feira (24), of\u00edcio ao secret\u00e1rio da Receita Federal, Jorge Rachid, pedindo a prorroga\u00e7\u00e3o do prazo de entrega da Declara\u00e7\u00e3o do Imposto de Renda Retido na Fonte (Dirf), previsto\u2026","rel":"","context":"Em &quot;Departamento Pessoal&quot;","block_context":{"text":"Departamento Pessoal","link":"https:\/\/cfcontabil.com\/cf\/category\/dp\/"},"img":{"alt_text":"","src":"https:\/\/i0.wp.com\/cfcontabil.com\/cf\/wp-content\/uploads\/2017\/01\/DIRF_698x57613-1.jpg?fit=1000%2C826&ssl=1&resize=350%2C200","width":350,"height":200,"srcset":"https:\/\/i0.wp.com\/cfcontabil.com\/cf\/wp-content\/uploads\/2017\/01\/DIRF_698x57613-1.jpg?fit=1000%2C826&ssl=1&resize=350%2C200 1x, https:\/\/i0.wp.com\/cfcontabil.com\/cf\/wp-content\/uploads\/2017\/01\/DIRF_698x57613-1.jpg?fit=1000%2C826&ssl=1&resize=525%2C300 1.5x, https:\/\/i0.wp.com\/cfcontabil.com\/cf\/wp-content\/uploads\/2017\/01\/DIRF_698x57613-1.jpg?fit=1000%2C826&ssl=1&resize=700%2C400 2x"},"classes":[]},{"id":1231,"url":"https:\/\/cfcontabil.com\/cf\/irpf-2017-a-entrega-da-declaracao-comecou-hoje\/","url_meta":{"origin":1227,"position":5},"title":"IRPF 2017 &#8211; A entrega da declara\u00e7\u00e3o come\u00e7ou hoje","author":"Ab\u00edlio Gon\u00e7alves","date":"2 de mar\u00e7o de 2017","format":false,"excerpt":"A CF Cont\u00e1bil\u00a0est\u00e1 pronta para atender e\u00a0orientar seus clientes e parceiros nas quest\u00f5es relativas \u00e0 entrega da Declara\u00e7\u00e3o de Ajuste Anual, s\u00e3o nossos servi\u00e7os: \u2022\u00a0Preenchimento da DIRPF \u2022 Situa\u00e7\u00f5es de Obrigatoriedade \u2022 C\u00e1lculo e Dedu\u00e7\u00f5es \u2022 Mat\u00e9rias Relacionadas \u2022 Varia\u00e7\u00e3o Patrimonial \u2022 Legisla\u00e7\u00e3o \u2022 Restitui\u00e7\u00e3o \u2022 Anos Anteriores \u2022 Declara\u00e7\u00f5es\u2026","rel":"","context":"Em &quot;Geral&quot;","block_context":{"text":"Geral","link":"https:\/\/cfcontabil.com\/cf\/category\/geral\/"},"img":{"alt_text":"","src":"https:\/\/i0.wp.com\/cfcontabil.com\/cf\/wp-content\/uploads\/2017\/02\/irpf2017-1.png?fit=490%2C247&ssl=1&resize=350%2C200","width":350,"height":200},"classes":[]}],"jetpack_likes_enabled":true,"_links":{"self":[{"href":"https:\/\/cfcontabil.com\/cf\/wp-json\/wp\/v2\/posts\/1227","targetHints":{"allow":["GET"]}}],"collection":[{"href":"https:\/\/cfcontabil.com\/cf\/wp-json\/wp\/v2\/posts"}],"about":[{"href":"https:\/\/cfcontabil.com\/cf\/wp-json\/wp\/v2\/types\/post"}],"author":[{"embeddable":true,"href":"https:\/\/cfcontabil.com\/cf\/wp-json\/wp\/v2\/users\/3"}],"replies":[{"embeddable":true,"href":"https:\/\/cfcontabil.com\/cf\/wp-json\/wp\/v2\/comments?post=1227"}],"version-history":[{"count":0,"href":"https:\/\/cfcontabil.com\/cf\/wp-json\/wp\/v2\/posts\/1227\/revisions"}],"wp:attachment":[{"href":"https:\/\/cfcontabil.com\/cf\/wp-json\/wp\/v2\/media?parent=1227"}],"wp:term":[{"taxonomy":"category","embeddable":true,"href":"https:\/\/cfcontabil.com\/cf\/wp-json\/wp\/v2\/categories?post=1227"},{"taxonomy":"post_tag","embeddable":true,"href":"https:\/\/cfcontabil.com\/cf\/wp-json\/wp\/v2\/tags?post=1227"}],"curies":[{"name":"wp","href":"https:\/\/api.w.org\/{rel}","templated":true}]}}