{"id":1228,"date":"2017-03-02T09:14:46","date_gmt":"2017-03-02T12:14:46","guid":{"rendered":"http:\/\/cfcontabil.com\/cf\/?p=1008"},"modified":"2017-03-02T09:14:46","modified_gmt":"2017-03-02T12:14:46","slug":"quase-200-mil-empresas-devem-fgts-de-empregados-e-ex-funcionarios","status":"publish","type":"post","link":"https:\/\/cfcontabil.com\/cf\/quase-200-mil-empresas-devem-fgts-de-empregados-e-ex-funcionarios\/","title":{"rendered":"Quase 200 mil empresas devem FGTS de empregados e ex-funcion\u00e1rios"},"content":{"rendered":"<p>Cerca de 7 milh\u00f5es de trabalhadores n\u00e3o tiveram dep\u00f3sitos do Fundo de Garantia do Tempo de Servi\u00e7o (<strong>FGTS<\/strong>), incluindo contas ativas e inativas, feitos corretamente pelos seus empregadores.<\/p>\n<div id=\"intext-28614\">\n<div id=\"anchor_wb76758dddb\">S\u00e3o 198,7 mil empresas devedoras de dep\u00f3sitos de <a class=\"classtermo\" href=\"http:\/\/www.contabeis.com.br\/termos-contabeis\/fgts\">FGTS,<\/a> segundo informa\u00e7\u00f5es da Procuradoria-Geral da Fazenda Nacional (PGFN), \u00f3rg\u00e3o vinculado ao Minist\u00e9rio da Fazenda.<\/div>\n<\/div>\n<p>Com isso, muitos trabalhadores que quiserem sacar o saldo do <a class=\"classtermo\" href=\"http:\/\/www.contabeis.com.br\/termos-contabeis\/fgts\">FGTS<\/a> de uma conta inativa podem ter problemas.<\/p>\n<p>S\u00f3 em S\u00e3o Paulo s\u00e3o 52,8 mil empresas devendo dep\u00f3sitos no <a class=\"classtermo\" href=\"http:\/\/www.contabeis.com.br\/termos-contabeis\/fgts\">FGTS<\/a> de seus empregados e ex-empregados, em um total de R$ 8,69 bilh\u00f5es em d\u00e9bitos.<\/p>\n<p>No Rio de Janeiro as d\u00edvidas chegam a R$ 4,1 bilh\u00f5es, distribu\u00eddos entre 27,7 mil empresas inadimplentes.<\/p>\n<p>De acordo com a procuradoria, s\u00f3 em inscri\u00e7\u00f5es de empresas na d\u00edvida ativa existe um d\u00e9bito de R$ 24,5 bilh\u00f5es. Contudo, nem todas as empresas listadas entre as devedoras est\u00e3o inscritas na d\u00edvida ativa, ou seja, o valor desse d\u00e9bito \u00e9 maior.<\/p>\n<p>Uma empresa s\u00f3 \u00e9 inscrita na d\u00edvida ativa quando n\u00e3o fizer acordo com o Minist\u00e9rio do Trabalho ou fizer o acordo mas n\u00e3o cumpri-lo.<\/p>\n<p>O rombo nas contas dos trabalhadores poderia ser ainda maior. Entre 2013 e 2016, a procuradoria conseguiu recuperar R$ 466,9 milh\u00f5es, efetuando a cobran\u00e7a junto \u00e0s empresas.<\/p>\n<p>Caso o trabalhador verifique que a empresa para a qual trabalha ou trabalhou n\u00e3o fez os dep\u00f3sitos corretamente, ele deve procurar a pr\u00f3pria empresa.<\/p>\n<p>Outra dica \u00e9 ir a uma Superintend\u00eancia Regional do Trabalho, vinculada ao Minist\u00e9rio do Trabalho. O minist\u00e9rio \u00e9 o \u00f3rg\u00e3o respons\u00e1vel por fiscalizar os dep\u00f3sitos nas contas do <a class=\"classtermo\" href=\"http:\/\/www.contabeis.com.br\/termos-contabeis\/fgts\">FGTS<\/a> dos trabalhadores.<\/p>\n<p>Fonte: Ag\u00eancia Brasil<\/p>\n","protected":false},"excerpt":{"rendered":"<p>Cerca de 7 milh\u00f5es de trabalhadores n\u00e3o tiveram dep\u00f3sitos do Fundo de Garantia do Tempo de Servi\u00e7o (FGTS), incluindo contas ativas e inativas, feitos corretamente pelos seus empregadores. S\u00e3o 198,7 mil empresas devedoras de dep\u00f3sitos de FGTS, segundo informa\u00e7\u00f5es da Procuradoria-Geral da Fazenda Nacional (PGFN), \u00f3rg\u00e3o vinculado ao Minist\u00e9rio da Fazenda. Com isso, muitos trabalhadores [&hellip;]<\/p>\n","protected":false},"author":3,"featured_media":715,"comment_status":"open","ping_status":"open","sticky":false,"template":"","format":"standard","meta":{"jetpack_post_was_ever_published":false,"_jetpack_newsletter_access":"","_jetpack_dont_email_post_to_subs":false,"_jetpack_newsletter_tier_id":0,"_jetpack_memberships_contains_paywalled_content":false,"_jetpack_memberships_contains_paid_content":false,"footnotes":"","jetpack_publicize_message":"Quase 200 mil empresas devem FGTS de empregados e ex-funcion\u00e1rios","jetpack_publicize_feature_enabled":true,"jetpack_social_post_already_shared":true,"jetpack_social_options":{"image_generator_settings":{"template":"highway","default_image_id":0,"font":"","enabled":false},"version":2}},"categories":[29],"tags":[310,429,430,79,287],"class_list":["post-1228","post","type-post","status-publish","format-standard","has-post-thumbnail","hentry","category-dp","tag-conta","tag-debito","tag-deposito","tag-fgts","tag-inativa"],"jetpack_publicize_connections":[],"jetpack_featured_media_url":"https:\/\/i0.wp.com\/cfcontabil.com\/cf\/wp-content\/uploads\/2016\/03\/FGTS-1.jpg?fit=715%2C270&ssl=1","jetpack_sharing_enabled":true,"jetpack_shortlink":"https:\/\/wp.me\/p2wklX-jO","jetpack-related-posts":[{"id":1802,"url":"https:\/\/cfcontabil.com\/cf\/cobrancas-do-fgts-so-poderao-ser-feitas-para-dividas-de-ate-5-anos\/","url_meta":{"origin":1228,"position":0},"title":"Cobran\u00e7as do FGTS s\u00f3 poder\u00e3o ser feitas para d\u00edvidas de at\u00e9 5 anos","author":"Ab\u00edlio Gon\u00e7alves","date":"21 de outubro de 2019","format":false,"excerpt":"Uma medida aprovada em 2014 pelo STF reduziu o prazo de cobran\u00e7a de 30 anos para cinco anos. Atualmente, mais de 220 mil empresas est\u00e3o devendo. A partir de novembro, o trabalhador s\u00f3 poder\u00e1 entrar na Justi\u00e7a do Trabalho para cobrar pend\u00eancias do\u00a0Fundo de Garantia do Tempo de Servi\u00e7o (FGTS)\u00a0dos\u2026","rel":"","context":"Em &quot;Departamento Pessoal&quot;","block_context":{"text":"Departamento Pessoal","link":"https:\/\/cfcontabil.com\/cf\/category\/dp\/"},"img":{"alt_text":"","src":"https:\/\/i0.wp.com\/cfcontabil.com\/cf\/wp-content\/uploads\/2019\/10\/FGTS-TRABALHADOR-AGENCIA.jpg?fit=1200%2C1006&ssl=1&resize=350%2C200","width":350,"height":200,"srcset":"https:\/\/i0.wp.com\/cfcontabil.com\/cf\/wp-content\/uploads\/2019\/10\/FGTS-TRABALHADOR-AGENCIA.jpg?fit=1200%2C1006&ssl=1&resize=350%2C200 1x, https:\/\/i0.wp.com\/cfcontabil.com\/cf\/wp-content\/uploads\/2019\/10\/FGTS-TRABALHADOR-AGENCIA.jpg?fit=1200%2C1006&ssl=1&resize=525%2C300 1.5x, https:\/\/i0.wp.com\/cfcontabil.com\/cf\/wp-content\/uploads\/2019\/10\/FGTS-TRABALHADOR-AGENCIA.jpg?fit=1200%2C1006&ssl=1&resize=700%2C400 2x, https:\/\/i0.wp.com\/cfcontabil.com\/cf\/wp-content\/uploads\/2019\/10\/FGTS-TRABALHADOR-AGENCIA.jpg?fit=1200%2C1006&ssl=1&resize=1050%2C600 3x"},"classes":[]},{"id":1455,"url":"https:\/\/cfcontabil.com\/cf\/o-perigo-da-divida-do-fgts-no-esocial\/","url_meta":{"origin":1228,"position":1},"title":"O perigo da d\u00edvida do FGTS no eSocial","author":"Ab\u00edlio Gon\u00e7alves","date":"22 de fevereiro de 2019","format":false,"excerpt":"Caso voc\u00ea ainda n\u00e3o tenha ci\u00eancia, o governo federal recentemente expediu uma lei proibindo o cr\u00e9dito a empresas devedoras do FGTS. E se voc\u00ea est\u00e1 em d\u00e9bito com o FGTS, todo o cuidado \u00e9 pouco: notifica\u00e7\u00e3o, multa e autua\u00e7\u00e3o podem bater na sua porta. A Lei n\u00ba 13.805\/19 prev\u00ea que\u2026","rel":"","context":"Em &quot;Departamento Pessoal&quot;","block_context":{"text":"Departamento Pessoal","link":"https:\/\/cfcontabil.com\/cf\/category\/dp\/"},"img":{"alt_text":"","src":"https:\/\/i0.wp.com\/cfcontabil.com\/cf\/wp-content\/uploads\/2019\/02\/fgtsCAIXA-1.jpg?fit=600%2C293&ssl=1&resize=350%2C200","width":350,"height":200,"srcset":"https:\/\/i0.wp.com\/cfcontabil.com\/cf\/wp-content\/uploads\/2019\/02\/fgtsCAIXA-1.jpg?fit=600%2C293&ssl=1&resize=350%2C200 1x, https:\/\/i0.wp.com\/cfcontabil.com\/cf\/wp-content\/uploads\/2019\/02\/fgtsCAIXA-1.jpg?fit=600%2C293&ssl=1&resize=525%2C300 1.5x"},"classes":[]},{"id":853,"url":"https:\/\/cfcontabil.com\/cf\/saiba-como-sacar-o-fundo-de-garantia-de-contas-inativas-do-fundo-de-garantia\/","url_meta":{"origin":1228,"position":2},"title":"Saiba como sacar o Fundo de Garantia de contas inativas do Fundo de Garantia","author":"Ab\u00edlio Gon\u00e7alves","date":"24 de janeiro de 2017","format":false,"excerpt":"Calend\u00e1rio de saques e locais para retiradas deve ser divulgado a partir de fevereiro e o saldo j\u00e1 pode ser consultado na internet. Em fevereiro, o governo federal vai divulgar um calend\u00e1rio que possibilitar\u00e1 aos trabalhadores o saque integral do Fundo de Garantia do Tempo de Servi\u00e7o (FGTS). A retirada\u2026","rel":"","context":"Em &quot;Departamento Pessoal&quot;","block_context":{"text":"Departamento Pessoal","link":"https:\/\/cfcontabil.com\/cf\/category\/dp\/"},"img":{"alt_text":"","src":"https:\/\/i0.wp.com\/cfcontabil.com\/cf\/wp-content\/uploads\/2017\/01\/fgts-inativo-1.jpg?fit=580%2C273&ssl=1&resize=350%2C200","width":350,"height":200,"srcset":"https:\/\/i0.wp.com\/cfcontabil.com\/cf\/wp-content\/uploads\/2017\/01\/fgts-inativo-1.jpg?fit=580%2C273&ssl=1&resize=350%2C200 1x, https:\/\/i0.wp.com\/cfcontabil.com\/cf\/wp-content\/uploads\/2017\/01\/fgts-inativo-1.jpg?fit=580%2C273&ssl=1&resize=525%2C300 1.5x"},"classes":[]},{"id":713,"url":"https:\/\/cfcontabil.com\/cf\/multa-do-fgts-pode-ameacar-trabalhadores\/","url_meta":{"origin":1228,"position":3},"title":"Multa do FGTS pode amea\u00e7ar trabalhadores","author":"Ab\u00edlio Gon\u00e7alves","date":"31 de mar\u00e7o de 2016","format":false,"excerpt":"Manter um colaborar por mais de 30 anos pode render um \u201cpr\u00eamio\u201d amargo para as empresas brasileiras. Tramita no Senado Federal um projeto de lei que visa aumentar a multa do Fundo de Garantia por Tempo de Servi\u00e7o (FGTS) em at\u00e9 15% para empresas que mantiverem funcion\u00e1rios em seus quadros\u2026","rel":"","context":"Em &quot;Consultoria Empresarial&quot;","block_context":{"text":"Consultoria Empresarial","link":"https:\/\/cfcontabil.com\/cf\/category\/consultoria\/"},"img":{"alt_text":"","src":"https:\/\/i0.wp.com\/cfcontabil.com\/cf\/wp-content\/uploads\/2016\/03\/FGTS-1.jpg?fit=715%2C270&ssl=1&resize=350%2C200","width":350,"height":200,"srcset":"https:\/\/i0.wp.com\/cfcontabil.com\/cf\/wp-content\/uploads\/2016\/03\/FGTS-1.jpg?fit=715%2C270&ssl=1&resize=350%2C200 1x, https:\/\/i0.wp.com\/cfcontabil.com\/cf\/wp-content\/uploads\/2016\/03\/FGTS-1.jpg?fit=715%2C270&ssl=1&resize=525%2C300 1.5x, https:\/\/i0.wp.com\/cfcontabil.com\/cf\/wp-content\/uploads\/2016\/03\/FGTS-1.jpg?fit=715%2C270&ssl=1&resize=700%2C400 2x"},"classes":[]},{"id":1776,"url":"https:\/\/cfcontabil.com\/cf\/recebeu-uma-notificacao-de-debito-do-fgts-o-que-fazer\/","url_meta":{"origin":1228,"position":4},"title":"Recebeu uma Notifica\u00e7\u00e3o de D\u00e9bito do FGTS? O que fazer?","author":"Ab\u00edlio Gon\u00e7alves","date":"17 de outubro de 2019","format":false,"excerpt":"O Governo Federal vem atuando de forma mais acirrada para combater fraudes e sonega\u00e7\u00e3o, agindo atrav\u00e9s de seus Minist\u00e9rios na busca de diminuir os gastos p\u00fablicos e aprimorar a arrecada\u00e7\u00e3o. Com base no\u00a0art. 18, II do Decreto 4.552\/2002, foi criada a Malha Fiscal do\u00a0FGTS, atrav\u00e9s da\u00a0Nota T\u00e9cnica SEI n\u00ba 2\/2019\/DFGTS\/CGFIT\/SIT\/STRAB\/SEPRT-ME,\u00a0para\u2026","rel":"","context":"Em &quot;Departamento Pessoal&quot;","block_context":{"text":"Departamento Pessoal","link":"https:\/\/cfcontabil.com\/cf\/category\/dp\/"},"img":{"alt_text":"","src":"https:\/\/i0.wp.com\/cfcontabil.com\/cf\/wp-content\/uploads\/2017\/03\/FGTS1-1.jpg?fit=1200%2C702&ssl=1&resize=350%2C200","width":350,"height":200,"srcset":"https:\/\/i0.wp.com\/cfcontabil.com\/cf\/wp-content\/uploads\/2017\/03\/FGTS1-1.jpg?fit=1200%2C702&ssl=1&resize=350%2C200 1x, https:\/\/i0.wp.com\/cfcontabil.com\/cf\/wp-content\/uploads\/2017\/03\/FGTS1-1.jpg?fit=1200%2C702&ssl=1&resize=525%2C300 1.5x, https:\/\/i0.wp.com\/cfcontabil.com\/cf\/wp-content\/uploads\/2017\/03\/FGTS1-1.jpg?fit=1200%2C702&ssl=1&resize=700%2C400 2x, https:\/\/i0.wp.com\/cfcontabil.com\/cf\/wp-content\/uploads\/2017\/03\/FGTS1-1.jpg?fit=1200%2C702&ssl=1&resize=1050%2C600 3x"},"classes":[]},{"id":2015,"url":"https:\/\/cfcontabil.com\/cf\/governo-extingue-multa-de-10-sobre-fgts-paga-por-empresas\/","url_meta":{"origin":1228,"position":5},"title":"Governo extingue multa de 10% sobre FGTS paga por empresas","author":"Ab\u00edlio Gon\u00e7alves","date":"13 de dezembro de 2019","format":false,"excerpt":"Lei publicada no Di\u00e1rio Oficial autoriza saque-anivers\u00e1rio e traz mudan\u00e7as no Fundo, entre elas, o fim da contribui\u00e7\u00e3o em caso de demiss\u00e3o sem justa causa As empresas passar\u00e3o a pagar menos encargos em casos de demiss\u00e3o sem justa causa. A\u00a0Lei n\u00ba 13.932, publicada no DOU (Di\u00e1rio Oficial da Uni\u00e3o) nesta\u2026","rel":"","context":"Em &quot;Departamento Pessoal&quot;","block_context":{"text":"Departamento Pessoal","link":"https:\/\/cfcontabil.com\/cf\/category\/dp\/"},"img":{"alt_text":"","src":"https:\/\/i0.wp.com\/cfcontabil.com\/cf\/wp-content\/uploads\/2019\/12\/FGTS-ctps.jpg?fit=600%2C335&ssl=1&resize=350%2C200","width":350,"height":200,"srcset":"https:\/\/i0.wp.com\/cfcontabil.com\/cf\/wp-content\/uploads\/2019\/12\/FGTS-ctps.jpg?fit=600%2C335&ssl=1&resize=350%2C200 1x, https:\/\/i0.wp.com\/cfcontabil.com\/cf\/wp-content\/uploads\/2019\/12\/FGTS-ctps.jpg?fit=600%2C335&ssl=1&resize=525%2C300 1.5x"},"classes":[]}],"jetpack_likes_enabled":true,"_links":{"self":[{"href":"https:\/\/cfcontabil.com\/cf\/wp-json\/wp\/v2\/posts\/1228","targetHints":{"allow":["GET"]}}],"collection":[{"href":"https:\/\/cfcontabil.com\/cf\/wp-json\/wp\/v2\/posts"}],"about":[{"href":"https:\/\/cfcontabil.com\/cf\/wp-json\/wp\/v2\/types\/post"}],"author":[{"embeddable":true,"href":"https:\/\/cfcontabil.com\/cf\/wp-json\/wp\/v2\/users\/3"}],"replies":[{"embeddable":true,"href":"https:\/\/cfcontabil.com\/cf\/wp-json\/wp\/v2\/comments?post=1228"}],"version-history":[{"count":0,"href":"https:\/\/cfcontabil.com\/cf\/wp-json\/wp\/v2\/posts\/1228\/revisions"}],"wp:featuredmedia":[{"embeddable":true,"href":"https:\/\/cfcontabil.com\/cf\/wp-json\/wp\/v2\/media\/715"}],"wp:attachment":[{"href":"https:\/\/cfcontabil.com\/cf\/wp-json\/wp\/v2\/media?parent=1228"}],"wp:term":[{"taxonomy":"category","embeddable":true,"href":"https:\/\/cfcontabil.com\/cf\/wp-json\/wp\/v2\/categories?post=1228"},{"taxonomy":"post_tag","embeddable":true,"href":"https:\/\/cfcontabil.com\/cf\/wp-json\/wp\/v2\/tags?post=1228"}],"curies":[{"name":"wp","href":"https:\/\/api.w.org\/{rel}","templated":true}]}}