{"id":1230,"date":"2017-03-06T06:00:18","date_gmt":"2017-03-06T09:00:18","guid":{"rendered":"http:\/\/cfcontabil.com\/cf\/?p=1013"},"modified":"2017-03-06T06:00:18","modified_gmt":"2017-03-06T09:00:18","slug":"programa-de-regularizacao-tributaria-prt-e-oportunidade-para-retomada-de-negocios","status":"publish","type":"post","link":"https:\/\/cfcontabil.com\/cf\/programa-de-regularizacao-tributaria-prt-e-oportunidade-para-retomada-de-negocios\/","title":{"rendered":"Programa de Regulariza\u00e7\u00e3o Tribut\u00e1ria (PRT) \u00e9 oportunidade para retomada de neg\u00f3cios"},"content":{"rendered":"<p style=\"text-align: justify;\">O PRT estabeleceu condi\u00e7\u00f5es especiais para pagamento de d\u00edvidas de empresas e pessoas f\u00edsicas<\/p>\n<p>Com os objetivos de reduzir lit\u00edgios tribut\u00e1rios e promover a regulariza\u00e7\u00e3o fiscal, o Governo Federal lan\u00e7ou, por meio da Medida Provis\u00f3ria 766, de 2017, o Programa de Regulariza\u00e7\u00e3o Tribut\u00e1ria (PRT), por meio do qual poder\u00e3o ser liquidadas, sob condi\u00e7\u00f5es especiais, quaisquer d\u00edvidas para com a Fazenda Nacional, vencidas at\u00e9 30 de novembro de 2016.<\/p>\n<p style=\"text-align: justify;\">Conhe\u00e7a as formas de regulariza\u00e7\u00e3o oferecidas pelo e-CAC da Receita Federal.<!--more--><\/p>\n<p style=\"text-align: justify;\">\nA regulariza\u00e7\u00e3o pode ser feita por uma das seguintes formas:<\/p>\n<p>1 &#8211; Parcelamento da d\u00edvida at\u00e9 120 presta\u00e7\u00f5es, com parcelas menores nos 3 primeiros anos (0,5% da d\u00edvida em 2017; 0,6% em 2018; 0,7% em 2019 e 0,93% nos 84 meses finais) &#8211; permite um menor comprometimento financeiro nesse per\u00edodo de crise, al\u00e9m de duplicar o prazo atual para parcelamento de d\u00edvidas, de 60 para 120 meses.<\/p>\n<p>2 &#8211; Pagamento \u00e0 vista e em esp\u00e9cie de 20% da d\u00edvida e parcelamento do restante em at\u00e9 96 presta\u00e7\u00f5es mensais e sucessivas.<\/p>\n<p>3 \u2013 Quita\u00e7\u00e3o de at\u00e9 80% da d\u00edvida com eventuais cr\u00e9ditos que possua junto \u00e0 Receita Federal, desde que haja o pagamento de 20% da d\u00edvida \u00e0 vista e em esp\u00e9cie. Alternativamente, os cr\u00e9ditos poder\u00e3o ser utilizados para quitar at\u00e9 76% da d\u00edvida, podendo os 24% restantes ser parcelados em 24 meses. Essa possibilidade de utiliza\u00e7\u00e3o de cr\u00e9ditos est\u00e1 livre de v\u00e1rias das atuais barreiras existentes na compensa\u00e7\u00e3o. \u00c9 poss\u00edvel, por exemplo, compensar d\u00e9bitos previdenci\u00e1rios com cr\u00e9ditos relativos a preju\u00edzos fiscais ou bases de c\u00e1lculo negativa da CSLL, ou ainda com outros cr\u00e9ditos pr\u00f3prios, relativos a tributos administrados pela Receita Federal.<\/p>\n<p>Um outro benef\u00edcio existente no programa \u00e9 a possibilidade de parcelar d\u00e9bitos que n\u00e3o podem ser parcelados no parcelamento convencional. \u00c9 poss\u00edvel, por exemplo, parcelar d\u00e9bitos relativos a tributos pass\u00edveis de reten\u00e7\u00e3o na fonte, retidos e n\u00e3o recolhidos.<\/p>\n<p>O prazo para op\u00e7\u00e3o vai de 1\u00b0 de fevereiro a 31 de maio de 2017. O contribuinte que j\u00e1 estiver em outros programas de refinanciamento poder\u00e1, \u00e0 sua op\u00e7\u00e3o, continuar naqueles programas e aderir ao PRT, ou ainda migrar os d\u00e9bitos dos outros programas para o PRT.<\/p>\n<p>No PRT o Governo teve a preocupa\u00e7\u00e3o de n\u00e3o ser injusto com quem est\u00e1 com suas obriga\u00e7\u00f5es tribut\u00e1rias em dia, por isso n\u00e3o h\u00e1 no programa redu\u00e7\u00f5es de multas ou juros.<\/p>\n<p>Mais informa\u00e7\u00f5es sobre o programa podem ser consultadas aqui ou na Instru\u00e7\u00e3o Normativa RFB n\u00b0 1.687, de 31 de janeiro de 2017, que regulamentou o programa no \u00e2mbito da Receita Federal.<\/p>\n<p>Por fim, \u00e9 importante destacar que os d\u00e9bitos inscritos em D\u00edvida Ativa da Uni\u00e3o dever\u00e3o ser negociados conforme disciplinado pela Procuradoria-Geral da Fazenda Nacional (PGFN), mediante a Portaria PGFN n\u00b0 152, de 02 de fevereiro de 2017.<\/p>\n<p>Fonte: Receita Federal<\/p>\n","protected":false},"excerpt":{"rendered":"<p>O PRT estabeleceu condi\u00e7\u00f5es especiais para pagamento de d\u00edvidas de empresas e pessoas f\u00edsicas Com os objetivos de reduzir lit\u00edgios tribut\u00e1rios e promover a regulariza\u00e7\u00e3o fiscal, o Governo Federal lan\u00e7ou, por meio da Medida Provis\u00f3ria 766, de 2017, o Programa de Regulariza\u00e7\u00e3o Tribut\u00e1ria (PRT), por meio do qual poder\u00e3o ser liquidadas, sob condi\u00e7\u00f5es especiais, quaisquer [&hellip;]<\/p>\n","protected":false},"author":3,"featured_media":1495,"comment_status":"open","ping_status":"open","sticky":false,"template":"","format":"standard","meta":{"jetpack_post_was_ever_published":false,"_jetpack_newsletter_access":"","_jetpack_dont_email_post_to_subs":false,"_jetpack_newsletter_tier_id":0,"_jetpack_memberships_contains_paywalled_content":false,"_jetpack_memberships_contains_paid_content":false,"footnotes":"","jetpack_publicize_message":"Programa de Regulariza\u00e7\u00e3o Tribut\u00e1ria (PRT) \u00e9 oportunidade para retomada de neg\u00f3cios","jetpack_publicize_feature_enabled":true,"jetpack_social_post_already_shared":true,"jetpack_social_options":{"image_generator_settings":{"template":"highway","default_image_id":0,"font":"","enabled":false},"version":2}},"categories":[46],"tags":[432,113,188,399,433,296,297],"class_list":["post-1230","post","type-post","status-publish","format-standard","has-post-thumbnail","hentry","category-df","tag-divida","tag-parcelamento","tag-programa","tag-prt","tag-quitacao","tag-regularizacao","tag-tributaria"],"jetpack_publicize_connections":[],"jetpack_featured_media_url":"https:\/\/i0.wp.com\/cfcontabil.com\/cf\/wp-content\/uploads\/2017\/02\/receita-federal-1-1.png?fit=702%2C325&ssl=1","jetpack_sharing_enabled":true,"jetpack_shortlink":"https:\/\/wp.me\/p2wklX-jQ","jetpack-related-posts":[{"id":1282,"url":"https:\/\/cfcontabil.com\/cf\/receita-federal-encaminhara-debitos-para-inscricao-em-divida-ativa-da-uniao-em-setembro\/","url_meta":{"origin":1230,"position":0},"title":"Receita Federal encaminhar\u00e1 d\u00e9bitos para inscri\u00e7\u00e3o em D\u00edvida Ativa da Uni\u00e3o em setembro","author":"Ab\u00edlio Gon\u00e7alves","date":"29 de agosto de 2017","format":false,"excerpt":"A inscri\u00e7\u00e3o em d\u00edvida ativa implica a incid\u00eancias de encargos legais no \u00e2mbito da execu\u00e7\u00e3o fiscal A Receita Federal informa que no in\u00edcio de setembro de 2017 encaminhar\u00e1 para inscri\u00e7\u00e3o em D\u00edvida Ativa da Uni\u00e3o os d\u00e9bitos para os quais j\u00e1 se encerraram as a\u00e7\u00f5es administrativas de cobran\u00e7a e que\u2026","rel":"","context":"Em &quot;Departamento Fiscal&quot;","block_context":{"text":"Departamento Fiscal","link":"https:\/\/cfcontabil.com\/cf\/category\/df\/"},"img":{"alt_text":"","src":"https:\/\/i0.wp.com\/cfcontabil.com\/cf\/wp-content\/uploads\/2017\/02\/receita-federal-1-1.png?fit=702%2C325&ssl=1&resize=350%2C200","width":350,"height":200,"srcset":"https:\/\/i0.wp.com\/cfcontabil.com\/cf\/wp-content\/uploads\/2017\/02\/receita-federal-1-1.png?fit=702%2C325&ssl=1&resize=350%2C200 1x, https:\/\/i0.wp.com\/cfcontabil.com\/cf\/wp-content\/uploads\/2017\/02\/receita-federal-1-1.png?fit=702%2C325&ssl=1&resize=525%2C300 1.5x, https:\/\/i0.wp.com\/cfcontabil.com\/cf\/wp-content\/uploads\/2017\/02\/receita-federal-1-1.png?fit=702%2C325&ssl=1&resize=700%2C400 2x"},"classes":[]},{"id":925,"url":"https:\/\/cfcontabil.com\/cf\/empresas-pessoas-fisicas-e-orgaos-publicos-poderao-pagar-dividas-vencidas-ate-30-11-2016-usando-creditos-de-prejuizo-fiscal-inclusive-com-a-previdencia\/","url_meta":{"origin":1230,"position":1},"title":"Empresas, pessoas f\u00edsicas e \u00f3rg\u00e3os p\u00fablicos poder\u00e3o pagar d\u00edvidas vencidas at\u00e9 30.11.2016 usando cr\u00e9ditos de preju\u00edzo fiscal, inclusive com a Previd\u00eancia","author":"Ab\u00edlio Gon\u00e7alves","date":"9 de fevereiro de 2017","format":false,"excerpt":"A partir de quarta (01\/02) os contribuintes - tanto pessoas f\u00edsicas quanto jur\u00eddicas e \u00f3rg\u00e3os do poder p\u00fablico - poder\u00e3o regularizar sua situa\u00e7\u00e3o tribut\u00e1ria perante a Receita Federal do Brasil, seguindo as condi\u00e7\u00f5es especiais determinadas pelo Programa de Regulariza\u00e7\u00e3o Tribut\u00e1ria(PRT). A ades\u00e3o poder\u00e1 ser feita por um prazo de 120\u2026","rel":"","context":"Em &quot;Geral&quot;","block_context":{"text":"Geral","link":"https:\/\/cfcontabil.com\/cf\/category\/geral\/"},"img":{"alt_text":"","src":"https:\/\/i0.wp.com\/cfcontabil.com\/cf\/wp-content\/uploads\/2016\/03\/dinheiro-1.jpg?fit=661%2C351&ssl=1&resize=350%2C200","width":350,"height":200,"srcset":"https:\/\/i0.wp.com\/cfcontabil.com\/cf\/wp-content\/uploads\/2016\/03\/dinheiro-1.jpg?fit=661%2C351&ssl=1&resize=350%2C200 1x, https:\/\/i0.wp.com\/cfcontabil.com\/cf\/wp-content\/uploads\/2016\/03\/dinheiro-1.jpg?fit=661%2C351&ssl=1&resize=525%2C300 1.5x"},"classes":[]},{"id":1327,"url":"https:\/\/cfcontabil.com\/cf\/receita-federal-regulamenta-prestacoes-de-informacoes-no-ambito-do-prt\/","url_meta":{"origin":1230,"position":2},"title":"Receita Federal regulamenta presta\u00e7\u00f5es de informa\u00e7\u00f5es no \u00e2mbito do PRT","author":"Ab\u00edlio Gon\u00e7alves","date":"12 de junho de 2018","format":false,"excerpt":"As informa\u00e7\u00f5es s\u00e3o necess\u00e1rias \u00e0 consolida\u00e7\u00e3o dos demais d\u00e9bitos Foi\u00a0publicada, no Di\u00e1rio Oficial da Uni\u00e3o desta\u00a0segunda-feira, dia 11 de junho, a\u00a0Instru\u00e7\u00e3o Normativa RFB n\u00ba 1.809, de 2018, que disp\u00f5e sobre a presta\u00e7\u00e3o das informa\u00e7\u00f5es necess\u00e1rias \u00e0 consolida\u00e7\u00e3o dos demais d\u00e9bitos ( n\u00e3o previdenci\u00e1rios) a serem regularizados na forma do Programa\u2026","rel":"","context":"Em &quot;Departamento Fiscal&quot;","block_context":{"text":"Departamento Fiscal","link":"https:\/\/cfcontabil.com\/cf\/category\/df\/"},"img":{"alt_text":"","src":"https:\/\/i0.wp.com\/cfcontabil.com\/cf\/wp-content\/uploads\/2017\/02\/receita-federal-1-1.png?fit=702%2C325&ssl=1&resize=350%2C200","width":350,"height":200,"srcset":"https:\/\/i0.wp.com\/cfcontabil.com\/cf\/wp-content\/uploads\/2017\/02\/receita-federal-1-1.png?fit=702%2C325&ssl=1&resize=350%2C200 1x, https:\/\/i0.wp.com\/cfcontabil.com\/cf\/wp-content\/uploads\/2017\/02\/receita-federal-1-1.png?fit=702%2C325&ssl=1&resize=525%2C300 1.5x, https:\/\/i0.wp.com\/cfcontabil.com\/cf\/wp-content\/uploads\/2017\/02\/receita-federal-1-1.png?fit=702%2C325&ssl=1&resize=700%2C400 2x"},"classes":[]},{"id":1237,"url":"https:\/\/cfcontabil.com\/cf\/adesoes-ao-prt-da-pgfn-ultrapassam-o-montante-de-r-23-bilhoes-no-primeiro-mes\/","url_meta":{"origin":1230,"position":3},"title":"Ades\u00f5es ao PRT da PGFN ultrapassam o montante de R$ 2,3 bilh\u00f5es no primeiro m\u00eas","author":"Ab\u00edlio Gon\u00e7alves","date":"8 de mar\u00e7o de 2017","format":false,"excerpt":"Mais de 8 mil contribuintes aderiram ao benef\u00edcio. Atente-se para as datas. No primeiro m\u00eas de ades\u00f5es ao Programa de Regulariza\u00e7\u00e3o Tribut\u00e1ria (PRT) da Procuradoria-Geral da Fazenda Nacional (PGFN) mais de 8 mil contribuintes aderiram ao programa, o que representa um montante que supera os R$ 2,3 bilh\u00f5es. O PRT\u2026","rel":"","context":"Em &quot;Departamento Fiscal&quot;","block_context":{"text":"Departamento Fiscal","link":"https:\/\/cfcontabil.com\/cf\/category\/df\/"},"img":{"alt_text":"","src":"https:\/\/i0.wp.com\/cfcontabil.com\/cf\/wp-content\/uploads\/2017\/02\/receita-federal-1-1.png?fit=702%2C325&ssl=1&resize=350%2C200","width":350,"height":200,"srcset":"https:\/\/i0.wp.com\/cfcontabil.com\/cf\/wp-content\/uploads\/2017\/02\/receita-federal-1-1.png?fit=702%2C325&ssl=1&resize=350%2C200 1x, https:\/\/i0.wp.com\/cfcontabil.com\/cf\/wp-content\/uploads\/2017\/02\/receita-federal-1-1.png?fit=702%2C325&ssl=1&resize=525%2C300 1.5x, https:\/\/i0.wp.com\/cfcontabil.com\/cf\/wp-content\/uploads\/2017\/02\/receita-federal-1-1.png?fit=702%2C325&ssl=1&resize=700%2C400 2x"},"classes":[]},{"id":1216,"url":"https:\/\/cfcontabil.com\/cf\/entenda-como-aderir-ao-programa-de-regularizacao-tributaria\/","url_meta":{"origin":1230,"position":4},"title":"Entenda como aderir ao Programa de Regulariza\u00e7\u00e3o Tribut\u00e1ria","author":"Ab\u00edlio Gon\u00e7alves","date":"21 de fevereiro de 2017","format":false,"excerpt":"A op\u00e7\u00e3o pelo Programa \u00e9 feita no site da Receita Federal Com o intuito de facilitar a compreens\u00e3o das regras do Programa, foi publicado no s\u00edtio da Receita Federal, na Internet, documento contendo informa\u00e7\u00f5es b\u00e1sicas ao contribuinte, bem como um passo a passo com o roteiro para a ades\u00e3o. A\u2026","rel":"","context":"Em &quot;Departamento Fiscal&quot;","block_context":{"text":"Departamento Fiscal","link":"https:\/\/cfcontabil.com\/cf\/category\/df\/"},"img":{"alt_text":"","src":"https:\/\/i0.wp.com\/cfcontabil.com\/cf\/wp-content\/uploads\/2017\/02\/receita-federal-1-1.png?fit=702%2C325&ssl=1&resize=350%2C200","width":350,"height":200,"srcset":"https:\/\/i0.wp.com\/cfcontabil.com\/cf\/wp-content\/uploads\/2017\/02\/receita-federal-1-1.png?fit=702%2C325&ssl=1&resize=350%2C200 1x, https:\/\/i0.wp.com\/cfcontabil.com\/cf\/wp-content\/uploads\/2017\/02\/receita-federal-1-1.png?fit=702%2C325&ssl=1&resize=525%2C300 1.5x, https:\/\/i0.wp.com\/cfcontabil.com\/cf\/wp-content\/uploads\/2017\/02\/receita-federal-1-1.png?fit=702%2C325&ssl=1&resize=700%2C400 2x"},"classes":[]},{"id":1213,"url":"https:\/\/cfcontabil.com\/cf\/receita-divulga-orientacoes-para-adesao-ao-programa-de-regularizacao-tributaria\/","url_meta":{"origin":1230,"position":5},"title":"Receita divulga orienta\u00e7\u00f5es para ades\u00e3o ao Programa de Regulariza\u00e7\u00e3o Tribut\u00e1ria","author":"Ab\u00edlio Gon\u00e7alves","date":"15 de fevereiro de 2017","format":false,"excerpt":"A op\u00e7\u00e3o pelo Programa ocorrer\u00e1 exclusivamente no Ambiente Virtual (e-CAC) Com o intuito de facilitar a compreens\u00e3o das regras do Programa, foi publicado no s\u00edtio da Receita Federal do Brasil, na internet, documento contendo informa\u00e7\u00f5es b\u00e1sicas ao contribuinte, bem como um passo a passo com o roteiro para a ades\u00e3o.\u2026","rel":"","context":"Em &quot;Departamento Fiscal&quot;","block_context":{"text":"Departamento Fiscal","link":"https:\/\/cfcontabil.com\/cf\/category\/df\/"},"img":{"alt_text":"","src":"https:\/\/i0.wp.com\/cfcontabil.com\/cf\/wp-content\/uploads\/2017\/01\/Moedas-1-real-1.jpg?fit=810%2C455&ssl=1&resize=350%2C200","width":350,"height":200,"srcset":"https:\/\/i0.wp.com\/cfcontabil.com\/cf\/wp-content\/uploads\/2017\/01\/Moedas-1-real-1.jpg?fit=810%2C455&ssl=1&resize=350%2C200 1x, https:\/\/i0.wp.com\/cfcontabil.com\/cf\/wp-content\/uploads\/2017\/01\/Moedas-1-real-1.jpg?fit=810%2C455&ssl=1&resize=525%2C300 1.5x, https:\/\/i0.wp.com\/cfcontabil.com\/cf\/wp-content\/uploads\/2017\/01\/Moedas-1-real-1.jpg?fit=810%2C455&ssl=1&resize=700%2C400 2x"},"classes":[]}],"jetpack_likes_enabled":true,"_links":{"self":[{"href":"https:\/\/cfcontabil.com\/cf\/wp-json\/wp\/v2\/posts\/1230","targetHints":{"allow":["GET"]}}],"collection":[{"href":"https:\/\/cfcontabil.com\/cf\/wp-json\/wp\/v2\/posts"}],"about":[{"href":"https:\/\/cfcontabil.com\/cf\/wp-json\/wp\/v2\/types\/post"}],"author":[{"embeddable":true,"href":"https:\/\/cfcontabil.com\/cf\/wp-json\/wp\/v2\/users\/3"}],"replies":[{"embeddable":true,"href":"https:\/\/cfcontabil.com\/cf\/wp-json\/wp\/v2\/comments?post=1230"}],"version-history":[{"count":0,"href":"https:\/\/cfcontabil.com\/cf\/wp-json\/wp\/v2\/posts\/1230\/revisions"}],"wp:featuredmedia":[{"embeddable":true,"href":"https:\/\/cfcontabil.com\/cf\/wp-json\/wp\/v2\/media\/1495"}],"wp:attachment":[{"href":"https:\/\/cfcontabil.com\/cf\/wp-json\/wp\/v2\/media?parent=1230"}],"wp:term":[{"taxonomy":"category","embeddable":true,"href":"https:\/\/cfcontabil.com\/cf\/wp-json\/wp\/v2\/categories?post=1230"},{"taxonomy":"post_tag","embeddable":true,"href":"https:\/\/cfcontabil.com\/cf\/wp-json\/wp\/v2\/tags?post=1230"}],"curies":[{"name":"wp","href":"https:\/\/api.w.org\/{rel}","templated":true}]}}