{"id":1233,"date":"2017-03-07T05:00:22","date_gmt":"2017-03-07T08:00:22","guid":{"rendered":"http:\/\/cfcontabil.com\/cf\/?p=1019"},"modified":"2017-03-07T05:00:22","modified_gmt":"2017-03-07T08:00:22","slug":"confira-os-dez-erros-mais-comuns-na-declaracao-do-ir","status":"publish","type":"post","link":"https:\/\/cfcontabil.com\/cf\/confira-os-dez-erros-mais-comuns-na-declaracao-do-ir\/","title":{"rendered":"Confira os dez erros mais comuns na declara\u00e7\u00e3o do IR"},"content":{"rendered":"<p style=\"text-align: justify;\">Os erros mais comuns s\u00e3o com dedu\u00e7\u00e3o de algumas despesas, como sa\u00fade e educa\u00e7\u00e3o, segundo a Receita Federal. Tire suas d\u00favidas e evite a malha fina<\/p>\n<p>Declarar o imposto de renda, sobretudo para quem n\u00e3o faz o modelo simplificado, pode gerar algumas d\u00favidas. Caso o contribuinte cometa algum erro, mesmo de digita\u00e7\u00e3o, pode ter a declara\u00e7\u00e3o levada para a malha fina \u2013 sistema que avalia se houve uma fraude e se \u00e9 preciso mais explica\u00e7\u00f5es.<\/p>\n<p>Segundo a Receita Federal, os erros mais comuns nas declara\u00e7\u00f5es s\u00e3o relacionados \u00e0 dedu\u00e7\u00e3o de algumas despesas, como sa\u00fade e educa\u00e7\u00e3o. O lan\u00e7amento de algumas informa\u00e7\u00f5es de dependentes tamb\u00e9m pode gerar problemas para o contribuinte caso ele n\u00e3o fique atento.<\/p>\n<p>Para ajudar na hora de prestar contas ao Fisco, confira esta lista elaborada pelo Portal Brasil, onde reuniu os dez erros mais comuns nas declara\u00e7\u00f5es:<!--more--><\/p>\n<p style=\"text-align: justify;\">\n1) Abatimento de despesas m\u00e9dicas n\u00e3o dedut\u00edveis<\/p>\n<p>As despesas m\u00e9dicas n\u00e3o t\u00eam limites na declara\u00e7\u00e3o, mas \u00e9 preciso cuidado para n\u00e3o inflar os valores. A Receita Federal tem um controle eficiente para cruzar informa\u00e7\u00f5es entre a nota lan\u00e7ada pelo declarante e os registros do profissional de sa\u00fade. Tamb\u00e9m \u00e9 necess\u00e1rio cuidado com o lan\u00e7amento das informa\u00e7\u00f5es m\u00e9dicas dos dependentes. Um erro comum \u00e9 declarar como dependente algu\u00e9m que n\u00e3o se enquadra nesse perfil. Os gastos com rem\u00e9dios tamb\u00e9m n\u00e3o podem ser colocados, a n\u00e3o ser que eles j\u00e1 estejam na nota fiscal do hospital.<\/p>\n<p>2) Inclus\u00e3o de despesas com educa\u00e7\u00e3o n\u00e3o dedut\u00edveis<\/p>\n<p>Nem todas as despesas com educa\u00e7\u00e3o s\u00e3o dedut\u00edveis. Os cursos classificados como extracurriculares, como l\u00ednguas, cursos preparat\u00f3rios e outros n\u00e3o podem entrar na declara\u00e7\u00e3o como forma de aumentar o valor dedut\u00edvel. Podem ser declarados as mensalidades com curso fundamental, m\u00e9dio e superior (gradua\u00e7\u00e3o, p\u00f3s, mestrado e doutorado). Tamb\u00e9m podem ser declarados os gastos com educa\u00e7\u00e3o infantil e educa\u00e7\u00e3o profissional, compreendendo o ensino t\u00e9cnico e o tecnol\u00f3gico. O limite para essas despesas \u00e9 de R$ 3.561,50.<\/p>\n<p>3) Omiss\u00e3o de renda do dependente<\/p>\n<p>Para poder deduzir despesas com dependentes, \u00e9 preciso declarar o nome e, a partir dos 12 anos, o CPF \u2013 at\u00e9 o ano passado, essa idade era de 14 anos. Al\u00e9m do nome e do CPF, a renda obtida pelo dependente com bolsas ou pens\u00f5es tamb\u00e9m tem de entrar na declara\u00e7\u00e3o, j\u00e1 que esses valores s\u00e3o considerados como se fossem sal\u00e1rios.<\/p>\n<p>4) Omiss\u00e3o de sal\u00e1rio de antigos empregadores<\/p>\n<p>Se voc\u00ea mudou de emprego ou foi demitido em 2016, v\u00e1 at\u00e9 o seu antigo empregador e pegue o comprovante de rendimentos. Esse documento cont\u00e9m todas as informa\u00e7\u00f5es que precisam ser declaradas relacionadas ao emprego antigo. Profissionais liberais, que t\u00eam mais de uma fonte de renda, precisam declarar todas elas.<\/p>\n<p>5) Informa\u00e7\u00f5es de valores errados<\/p>\n<p>N\u00e3o se esque\u00e7a dos centavos. Os valores precisam ser digitados integralmente para que o declarante n\u00e3o caia na malha fina. Fique atento tamb\u00e9m ao local onde os valores ser\u00e3o preenchidos, esses erros podem atrasar a devolu\u00e7\u00e3o do seu imposto de renda.<\/p>\n<p>6) Omitir pens\u00e3o aliment\u00edcia<\/p>\n<p>O contribuinte n\u00e3o pode deixar de declarar a pens\u00e3o aliment\u00edcia. Para quem paga a pens\u00e3o acordada judicialmente, \u00e9 poss\u00edvel deduzir at\u00e9 100% do valor da renda tribut\u00e1vel. Quem recebe os valores, deve acrescentar como renda tribut\u00e1vel.<\/p>\n<p>7) Omiss\u00e3o de recebimento de alugu\u00e9is<\/p>\n<p>Os alugu\u00e9is tamb\u00e9m s\u00e3o considerados rendimentos tribut\u00e1veis. Se o inquilino \u00e9 pessoa jur\u00eddica, a tributa\u00e7\u00e3o ser\u00e1 na fonte. Caso seja pessoa f\u00edsica, o recolhimento \u00e9 mensal, via carn\u00ea-le\u00e3o. Quem recebe o aluguel precisa declarar.<\/p>\n<p>8) Pessoa inclu\u00edda em duas declara\u00e7\u00f5es ao mesmo tempo<\/p>\n<p>Uma pessoa pode ser dependente apenas de um contribuinte. Se as despesas de filhos, pais, av\u00f3s ou outro tipo de dependente \u00e9 paga por mais de uma pessoa, \u00e9 preciso chegar a um acordo sobre quem vai lan\u00e7ar as despesas.<\/p>\n<p>9) N\u00e3o declarar ou deixar de recolher imposto sobre ganhos com a\u00e7\u00f5es<\/p>\n<p>Ganhos com a\u00e7\u00f5es, acima de R$ 20 mil, precisam ser declarados e o imposto recolhido.<\/p>\n<p>10) Pedir dedu\u00e7\u00e3o do plano de previd\u00eancia errado<\/p>\n<p>\u00c9 preciso cuidado par n\u00e3o declarar planos de previd\u00eancia complementar na modalidade VGBL como dedut\u00edveis. A legisla\u00e7\u00e3o permite a dedu\u00e7\u00e3o apenas de planos de previd\u00eancia complementar na modalidade PGBL e limitadas em 12% do rendimento tribut\u00e1vel declarado.<\/p>\n<p style=\"text-align: justify;\">Fonte:\u00a0Portal Brasil<\/p>\n","protected":false},"excerpt":{"rendered":"<p>Os erros mais comuns s\u00e3o com dedu\u00e7\u00e3o de algumas despesas, como sa\u00fade e educa\u00e7\u00e3o, segundo a Receita Federal. Tire suas d\u00favidas e evite a malha fina Declarar o imposto de renda, sobretudo para quem n\u00e3o faz o modelo simplificado, pode gerar algumas d\u00favidas. Caso o contribuinte cometa algum erro, mesmo de digita\u00e7\u00e3o, pode ter a [&hellip;]<\/p>\n","protected":false},"author":3,"featured_media":1502,"comment_status":"open","ping_status":"open","sticky":false,"template":"","format":"standard","meta":{"jetpack_post_was_ever_published":false,"_jetpack_newsletter_access":"","_jetpack_dont_email_post_to_subs":false,"_jetpack_newsletter_tier_id":0,"_jetpack_memberships_contains_paywalled_content":false,"_jetpack_memberships_contains_paid_content":false,"footnotes":"","jetpack_publicize_message":"Confira os dez erros mais comuns na declara\u00e7\u00e3o do IR","jetpack_publicize_feature_enabled":true,"jetpack_social_post_already_shared":true,"jetpack_social_options":{"image_generator_settings":{"template":"highway","default_image_id":0,"font":"","enabled":false},"version":2}},"categories":[46],"tags":[106,434,280,435,436,71,107,108,229,115,437,110,74,111,118],"class_list":["post-1233","post","type-post","status-publish","format-standard","has-post-thumbnail","hentry","category-df","tag-declaracao","tag-despesa","tag-dirpf","tag-educacao","tag-erros","tag-federal","tag-fisica","tag-imposto","tag-ir","tag-irpf","tag-medica","tag-pessoa","tag-receita","tag-renda","tag-retencao"],"jetpack_publicize_connections":[],"jetpack_featured_media_url":"https:\/\/i0.wp.com\/cfcontabil.com\/cf\/wp-content\/uploads\/2017\/03\/apagandoerro-1.jpg?fit=420%2C240&ssl=1","jetpack_sharing_enabled":true,"jetpack_shortlink":"https:\/\/wp.me\/p2wklX-jT","jetpack-related-posts":[{"id":1296,"url":"https:\/\/cfcontabil.com\/cf\/imposto-de-renda-2018-veja-13-erros-mais-comuns-na-declaracao-e-evite-cair-na-malha-fina\/","url_meta":{"origin":1233,"position":0},"title":"Imposto de Renda 2018: Veja 13 erros mais comuns na declara\u00e7\u00e3o e evite cair na malha fina","author":"Ab\u00edlio Gon\u00e7alves","date":"3 de mar\u00e7o de 2018","format":false,"excerpt":"Reportagem do G1 Esquecer de informar pens\u00e3o aliment\u00edcia, colocar cursos n\u00e3o autorizados como despesas de educa\u00e7\u00e3o para deduzir imposto e at\u00e9 erros de digita\u00e7\u00e3o s\u00e3o comuns; prazo para declarar at\u00e9 30 de abril Os motivos que levam algu\u00e9m a cair na malha fina s\u00e3o v\u00e1rios e v\u00e3o desde a omiss\u00e3o\u2026","rel":"","context":"Em &quot;Geral&quot;","block_context":{"text":"Geral","link":"https:\/\/cfcontabil.com\/cf\/category\/geral\/"},"img":{"alt_text":"","src":"https:\/\/i0.wp.com\/cfcontabil.com\/cf\/wp-content\/uploads\/2016\/04\/leao_do_imposto_de_renda-1.jpg?fit=620%2C345&ssl=1&resize=350%2C200","width":350,"height":200,"srcset":"https:\/\/i0.wp.com\/cfcontabil.com\/cf\/wp-content\/uploads\/2016\/04\/leao_do_imposto_de_renda-1.jpg?fit=620%2C345&ssl=1&resize=350%2C200 1x, https:\/\/i0.wp.com\/cfcontabil.com\/cf\/wp-content\/uploads\/2016\/04\/leao_do_imposto_de_renda-1.jpg?fit=620%2C345&ssl=1&resize=525%2C300 1.5x"},"classes":[]},{"id":1132,"url":"https:\/\/cfcontabil.com\/cf\/ajuda-profissional-evita-problemas-com-o-leao\/","url_meta":{"origin":1233,"position":1},"title":"Ajuda profissional evita problemas com o Le\u00e3o","author":"Ab\u00edlio Gon\u00e7alves","date":"20 de abril de 2017","format":false,"excerpt":"Quem se sente inseguro para declarar o IR ou tem grande patrim\u00f4nio, por exemplo, pode recorrer a um contador. Quem entregou o documento com algum erro ou informa\u00e7\u00e3o incompleta pode enviar uma declara\u00e7\u00e3o retificadora at\u00e9 o dia 28 de abril. A cada ano, a Receita Federal vem aprimorando o programa\u2026","rel":"","context":"Em &quot;Departamento Fiscal&quot;","block_context":{"text":"Departamento Fiscal","link":"https:\/\/cfcontabil.com\/cf\/category\/df\/"},"img":{"alt_text":"","src":"https:\/\/i0.wp.com\/cfcontabil.com\/cf\/wp-content\/uploads\/2016\/05\/Imposto_Renda_IR_Prazo-1.jpg?fit=620%2C412&ssl=1&resize=350%2C200","width":350,"height":200,"srcset":"https:\/\/i0.wp.com\/cfcontabil.com\/cf\/wp-content\/uploads\/2016\/05\/Imposto_Renda_IR_Prazo-1.jpg?fit=620%2C412&ssl=1&resize=350%2C200 1x, https:\/\/i0.wp.com\/cfcontabil.com\/cf\/wp-content\/uploads\/2016\/05\/Imposto_Renda_IR_Prazo-1.jpg?fit=620%2C412&ssl=1&resize=525%2C300 1.5x"},"classes":[]},{"id":1234,"url":"https:\/\/cfcontabil.com\/cf\/contribuintes-devem-estar-atentos-aos-termos-do-ir\/","url_meta":{"origin":1233,"position":2},"title":"Contribuintes devem estar atentos aos termos do IR","author":"Ab\u00edlio Gon\u00e7alves","date":"8 de mar\u00e7o de 2017","format":false,"excerpt":"Na retifica\u00e7\u00e3o \u00e9 poss\u00edvel corrigir erros da declara\u00e7\u00e3o enviada Na hora de preencher a declara\u00e7\u00e3o de Imposto de Renda, a quantidade de termos cont\u00e1beis pode confundir quem deve informar os rendimentos \u00e0 Receita Federal. \u00c9 preciso estar atento a esses conceitos para evitar erros e multas por inconsist\u00eancias. Confira alguns\u2026","rel":"","context":"Em &quot;Departamento Fiscal&quot;","block_context":{"text":"Departamento Fiscal","link":"https:\/\/cfcontabil.com\/cf\/category\/df\/"},"img":{"alt_text":"","src":"https:\/\/i0.wp.com\/cfcontabil.com\/cf\/wp-content\/uploads\/2017\/03\/ir-2016-declaracao-retificadora_615x300.png?resize=350%2C200","width":350,"height":200,"srcset":"https:\/\/i0.wp.com\/cfcontabil.com\/cf\/wp-content\/uploads\/2017\/03\/ir-2016-declaracao-retificadora_615x300.png?resize=350%2C200 1x, https:\/\/i0.wp.com\/cfcontabil.com\/cf\/wp-content\/uploads\/2017\/03\/ir-2016-declaracao-retificadora_615x300.png?resize=525%2C300 1.5x"},"classes":[]},{"id":466,"url":"https:\/\/cfcontabil.com\/cf\/imposto-de-renda-2014-1o-de-marco-a-30-de-abril\/","url_meta":{"origin":1233,"position":3},"title":"Imposto de Renda 2014 ~ Regras e Esclarecimentos","author":"Vin\u00edcius Moizinho","date":"20 de fevereiro de 2014","format":false,"excerpt":"Boa tarde, prezados. Como deve ser de seu conhecimento, estamos em \u00e9poca de elabora\u00e7\u00e3o das Declara\u00e7\u00f5es de Imposto de Renda - Pessoa F\u00edsica 2014, per\u00edodo compreendido entre 06\u00a0de Mar\u00e7o e 30 de Abril, de acordo com os rendimentos referentes ao ano-calend\u00e1rio 2013. Est\u00e1 com d\u00favidas? Quer saber mais a respeito?\u2026","rel":"","context":"Em &quot;Departamento Fiscal&quot;","block_context":{"text":"Departamento Fiscal","link":"https:\/\/cfcontabil.com\/cf\/category\/df\/"},"img":{"alt_text":"","src":"https:\/\/i0.wp.com\/cfcontabil.com\/cf\/wp-content\/uploads\/2013\/10\/IMPOSTO-597x245-2.jpg?fit=597%2C245&ssl=1&resize=350%2C200","width":350,"height":200,"srcset":"https:\/\/i0.wp.com\/cfcontabil.com\/cf\/wp-content\/uploads\/2013\/10\/IMPOSTO-597x245-2.jpg?fit=597%2C245&ssl=1&resize=350%2C200 1x, https:\/\/i0.wp.com\/cfcontabil.com\/cf\/wp-content\/uploads\/2013\/10\/IMPOSTO-597x245-2.jpg?fit=597%2C245&ssl=1&resize=525%2C300 1.5x"},"classes":[]},{"id":1205,"url":"https:\/\/cfcontabil.com\/cf\/os-dedos-duros-do-ir-que-te-fazem-cair-na-malha-fina\/","url_meta":{"origin":1233,"position":4},"title":"Os dedos-duros do IR que te fazem cair na malha fina","author":"Ab\u00edlio Gon\u00e7alves","date":"12 de abril de 2016","format":false,"excerpt":"O contribuinte que est\u00e1 obrigado a declarar o Imposto de Renda (IR) 2016 precisa ter aten\u00e7\u00e3o redobrada ao preencher alguns dados da declara\u00e7\u00e3o que \"deduram\" ao Fisco eventuais omiss\u00f5es ou inconsist\u00eancias. A cada ano, a Receita Federal exige que mais empresas e entidades enviem informa\u00e7\u00f5es sobre as movimenta\u00e7\u00f5es dos contribuintes\u2026","rel":"","context":"Em &quot;Geral&quot;","block_context":{"text":"Geral","link":"https:\/\/cfcontabil.com\/cf\/category\/geral\/"},"img":{"alt_text":"","src":"","width":0,"height":0},"classes":[]},{"id":709,"url":"https:\/\/cfcontabil.com\/cf\/patroes-devem-redobrar-a-atencao-para-deduzir-o-imposto-de-renda-dos-domesticos\/","url_meta":{"origin":1233,"position":5},"title":"Patr\u00f5es devem redobrar a aten\u00e7\u00e3o para deduzir o Imposto de Renda dos dom\u00e9sticos","author":"Ab\u00edlio Gon\u00e7alves","date":"30 de mar\u00e7o de 2016","format":false,"excerpt":"Sob pol\u00eamica, o benef\u00edcio que o contribuinte tem ao lan\u00e7ar na declara\u00e7\u00e3o do Imposto de Renda os gastos com empregado dom\u00e9stico \u00e9 limitado. Para obter o desconto que pode levar \u00e0 redu\u00e7\u00e3o do IR a pagar ou ao aumento da restitui\u00e7\u00e3o, \u00e9 preciso ter muito cuidado no preenchimento dos dados\u2026","rel":"","context":"Em &quot;Geral&quot;","block_context":{"text":"Geral","link":"https:\/\/cfcontabil.com\/cf\/category\/geral\/"},"img":{"alt_text":"","src":"https:\/\/i0.wp.com\/cfcontabil.com\/cf\/wp-content\/uploads\/2016\/03\/domestica-1.jpeg?fit=600%2C315&ssl=1&resize=350%2C200","width":350,"height":200,"srcset":"https:\/\/i0.wp.com\/cfcontabil.com\/cf\/wp-content\/uploads\/2016\/03\/domestica-1.jpeg?fit=600%2C315&ssl=1&resize=350%2C200 1x, https:\/\/i0.wp.com\/cfcontabil.com\/cf\/wp-content\/uploads\/2016\/03\/domestica-1.jpeg?fit=600%2C315&ssl=1&resize=525%2C300 1.5x"},"classes":[]}],"jetpack_likes_enabled":true,"_links":{"self":[{"href":"https:\/\/cfcontabil.com\/cf\/wp-json\/wp\/v2\/posts\/1233","targetHints":{"allow":["GET"]}}],"collection":[{"href":"https:\/\/cfcontabil.com\/cf\/wp-json\/wp\/v2\/posts"}],"about":[{"href":"https:\/\/cfcontabil.com\/cf\/wp-json\/wp\/v2\/types\/post"}],"author":[{"embeddable":true,"href":"https:\/\/cfcontabil.com\/cf\/wp-json\/wp\/v2\/users\/3"}],"replies":[{"embeddable":true,"href":"https:\/\/cfcontabil.com\/cf\/wp-json\/wp\/v2\/comments?post=1233"}],"version-history":[{"count":0,"href":"https:\/\/cfcontabil.com\/cf\/wp-json\/wp\/v2\/posts\/1233\/revisions"}],"wp:featuredmedia":[{"embeddable":true,"href":"https:\/\/cfcontabil.com\/cf\/wp-json\/wp\/v2\/media\/1502"}],"wp:attachment":[{"href":"https:\/\/cfcontabil.com\/cf\/wp-json\/wp\/v2\/media?parent=1233"}],"wp:term":[{"taxonomy":"category","embeddable":true,"href":"https:\/\/cfcontabil.com\/cf\/wp-json\/wp\/v2\/categories?post=1233"},{"taxonomy":"post_tag","embeddable":true,"href":"https:\/\/cfcontabil.com\/cf\/wp-json\/wp\/v2\/tags?post=1233"}],"curies":[{"name":"wp","href":"https:\/\/api.w.org\/{rel}","templated":true}]}}