{"id":1234,"date":"2017-03-08T05:00:37","date_gmt":"2017-03-08T08:00:37","guid":{"rendered":"http:\/\/cfcontabil.com\/cf\/?p=1022"},"modified":"2017-03-08T05:00:37","modified_gmt":"2017-03-08T08:00:37","slug":"contribuintes-devem-estar-atentos-aos-termos-do-ir","status":"publish","type":"post","link":"https:\/\/cfcontabil.com\/cf\/contribuintes-devem-estar-atentos-aos-termos-do-ir\/","title":{"rendered":"Contribuintes devem estar atentos aos termos do IR"},"content":{"rendered":"<p style=\"text-align: justify;\">Na retifica\u00e7\u00e3o \u00e9 poss\u00edvel corrigir erros da declara\u00e7\u00e3o enviada<\/p>\n<p style=\"text-align: justify;\"><a href=\"https:\/\/i0.wp.com\/cfcontabil.com\/cf\/wp-content\/uploads\/2017\/03\/ir-2016-declaracao-retificadora_615x300.png\"><img data-recalc-dims=\"1\" fetchpriority=\"high\" decoding=\"async\" class=\"aligncenter size-full wp-image-1023\" src=\"https:\/\/i0.wp.com\/cfcontabil.com\/cf\/wp-content\/uploads\/2017\/03\/ir-2016-declaracao-retificadora_615x300.png?resize=615%2C300\" alt=\"\" width=\"615\" height=\"300\" \/><\/a><\/p>\n<p>Na hora de preencher a declara\u00e7\u00e3o de Imposto de Renda, a quantidade de termos cont\u00e1beis pode confundir quem deve informar os rendimentos \u00e0 Receita Federal. \u00c9 preciso estar atento a esses conceitos para evitar erros e multas por inconsist\u00eancias.<\/p>\n<p style=\"text-align: justify;\">Confira alguns desses termos antes de iniciar o preenchimento ou consulte um profissional cont\u00e1bil para auxiliar neste servi\u00e7o:<\/p>\n<p style=\"text-align: justify;\"><!--more--><\/p>\n<p>Aliena\u00e7\u00e3o de bens: quando pessoas f\u00edsicas obt\u00eam lucro em opera\u00e7\u00f5es envolvendo bens e direitos, devem declarar o ganho. A aliena\u00e7\u00e3o se refere a qualquer opera\u00e7\u00e3o de compra e venda, permuta, concess\u00e3o, desapropria\u00e7\u00e3o, da\u00e7\u00e3o em pagamento, doa\u00e7\u00e3o, procura\u00e7\u00e3o em causa pr\u00f3pria, promessa de compra e venda, cess\u00e3o de direitos ou promessa de cess\u00e3o de direitos e contratos<\/p>\n<p>Alimentando: \u00c9 a pessoa que recebe pens\u00e3o aliment\u00edcia paga pelo contribuinte, que podem ser os filhos e ex-c\u00f4njuges<\/p>\n<p>Ano-calend\u00e1rio: \u00c9 o ano anterior ao ano atual e sobre o qual deve ser calculado o rendimento m\u00ednimo a ser tributado. Neste ano, quem recebeu mais de R$ 28.559,70 em 2016, precisa declarar os rendimentos<\/p>\n<p>Aplica\u00e7\u00e3o financeira: Representa o dinheiro depositado em uma institui\u00e7\u00e3o financeira e sobre a qual h\u00e1 a gera\u00e7\u00e3o de rendimentos<\/p>\n<p>Carn\u00ea Le\u00e3o: \u00c9 o imposto mensal obrigat\u00f3rio para a pessoa f\u00edsica que recebem rendimentos de outras pessoas f\u00edsicas<\/p>\n<p>Comprovante de rendimentos: \u00c9 um dos documentos usados para preencher a declara\u00e7\u00e3o de Imposto de Renda e legitima os rendimentos anuais do trabalhador<\/p>\n<p>Contribui\u00e7\u00e3o patronal: Se refere ao pagamento depositado pelo empregador \u00e0 Previd\u00eancia Social calculado sobre o sal\u00e1rio dos empregados<\/p>\n<p>Contribuinte: \u00c9 a pessoa que acumulou o valor m\u00ednimo em rendimentos que ser\u00e3o tributados pela Receita Federal<\/p>\n<p>DARF: \u00c9 a abreviatura para Documento de Arrecada\u00e7\u00e3o de Receitas Federais utilizado pelas pessoas f\u00edsicas e jur\u00eddicas para pagamentos de impostos, contribui\u00e7\u00f5es e taxas, no \u00e2mbito federal. A guia descreve a cobran\u00e7a mensal sobre os rendimentos do contribuinte<\/p>\n<p>Declara\u00e7\u00e3o retificadora: Se a declara\u00e7\u00e3o de imposto de renda for transmitida com alguma informa\u00e7\u00e3o incorreta, o contribuinte pode corrigir os dados inconsistentes pela retifica\u00e7\u00e3o e evitar cair na malha-fina e pode ser feita no mesmo software da declara\u00e7\u00e3o de Imposto de Renda<\/p>\n<p>Dedu\u00e7\u00f5es: S\u00e3o os valores que podem ser abatidos sobre o c\u00e1lculo do Imposto de Renda devido. Nessa conta, entram despesas m\u00e9dicas, com educa\u00e7\u00e3o e pens\u00e3o aliment\u00edcia<\/p>\n<p>Dependente: Pessoa que n\u00e3o disp\u00f5e de recursos suficientes para assegurar sua subsist\u00eancia e \u00e9 mantida pelo contribuinte<\/p>\n<p>Emolumento: \u00c9 o ganho a mais que o contribuinte acumula em fun\u00e7\u00e3o do cargo que exerce, al\u00e9m do sal\u00e1rio fixo<\/p>\n<p>Ganho de capital: \u00c9 a diferen\u00e7a entre o valor de venda de bens e direitos e o valor pelo qual ele foi comprado<\/p>\n<p>Malha-fina: Quando o contribuinte cai na malha-fina quer dizer que a Receita Federal encontrou inconsist\u00eancias na declara\u00e7\u00e3o de renda submetida. Nesses casos, at\u00e9 a retifica\u00e7\u00e3o da declara\u00e7\u00e3o, o Fisco suspende a restitui\u00e7\u00e3o<\/p>\n<p>Restitui\u00e7\u00e3o: Corresponde aos valores liberados pela Receita Federal aos contribuintes que declararam despesas dedut\u00edveis e que s\u00e3o devolvidos aos contribuintes em sete lotes entre junho e dezembro.<\/p>\n<p>Fonte: Portal Brasil<\/p>\n","protected":false},"excerpt":{"rendered":"<p>Na retifica\u00e7\u00e3o \u00e9 poss\u00edvel corrigir erros da declara\u00e7\u00e3o enviada Na hora de preencher a declara\u00e7\u00e3o de Imposto de Renda, a quantidade de termos cont\u00e1beis pode confundir quem deve informar os rendimentos \u00e0 Receita Federal. \u00c9 preciso estar atento a esses conceitos para evitar erros e multas por inconsist\u00eancias. Confira alguns desses termos antes de iniciar [&hellip;]<\/p>\n","protected":false},"author":3,"featured_media":0,"comment_status":"open","ping_status":"open","sticky":false,"template":"","format":"standard","meta":{"jetpack_post_was_ever_published":false,"_jetpack_newsletter_access":"","_jetpack_dont_email_post_to_subs":false,"_jetpack_newsletter_tier_id":0,"_jetpack_memberships_contains_paywalled_content":false,"_jetpack_memberships_contains_paid_content":false,"footnotes":"","jetpack_publicize_message":"","jetpack_publicize_feature_enabled":true,"jetpack_social_post_already_shared":true,"jetpack_social_options":{"image_generator_settings":{"template":"highway","default_image_id":0,"font":"","enabled":false},"version":2}},"categories":[46],"tags":[106,438,280,71,225,220,108,229,115,226,74,111,117,439],"class_list":["post-1234","post","type-post","status-publish","format-standard","hentry","category-df","tag-declaracao","tag-deducoes","tag-dirpf","tag-federal","tag-fina","tag-ganho","tag-imposto","tag-ir","tag-irpf","tag-malha","tag-receita","tag-renda","tag-restituicao","tag-retificacao"],"jetpack_publicize_connections":[],"jetpack_featured_media_url":"","jetpack_sharing_enabled":true,"jetpack_shortlink":"https:\/\/wp.me\/p2wklX-jU","jetpack-related-posts":[{"id":745,"url":"https:\/\/cfcontabil.com\/cf\/cuidados-na-declaracao-irpf-operacoes-imobiliarias\/","url_meta":{"origin":1234,"position":0},"title":"Cuidados na Declara\u00e7\u00e3o IRPF \u2013 Opera\u00e7\u00f5es Imobili\u00e1rias","author":"Ab\u00edlio Gon\u00e7alves","date":"18 de abril de 2016","format":false,"excerpt":"O\u00a0fim do prazo para a entrega da Declara\u00e7\u00e3o de Imposto de Renda se aproxima e a\u00a0Receita Federal recebeu 35.253 declara\u00e7\u00f5es at\u00e9 o dia 13\/04\u00a0(quarta passada). Ainda faltam por volta de 55% das declara\u00e7\u00f5es para IRPF 2016 e o prazo para entrega de declara\u00e7\u00f5es termina no dia 29 de abril. N\u00e3o\u2026","rel":"","context":"Em &quot;Geral&quot;","block_context":{"text":"Geral","link":"https:\/\/cfcontabil.com\/cf\/category\/geral\/"},"img":{"alt_text":"","src":"https:\/\/i0.wp.com\/cfcontabil.com\/cf\/wp-content\/uploads\/2016\/04\/trocaimovel-1.jpg?fit=1181%2C782&ssl=1&resize=350%2C200","width":350,"height":200,"srcset":"https:\/\/i0.wp.com\/cfcontabil.com\/cf\/wp-content\/uploads\/2016\/04\/trocaimovel-1.jpg?fit=1181%2C782&ssl=1&resize=350%2C200 1x, https:\/\/i0.wp.com\/cfcontabil.com\/cf\/wp-content\/uploads\/2016\/04\/trocaimovel-1.jpg?fit=1181%2C782&ssl=1&resize=525%2C300 1.5x, https:\/\/i0.wp.com\/cfcontabil.com\/cf\/wp-content\/uploads\/2016\/04\/trocaimovel-1.jpg?fit=1181%2C782&ssl=1&resize=700%2C400 2x, https:\/\/i0.wp.com\/cfcontabil.com\/cf\/wp-content\/uploads\/2016\/04\/trocaimovel-1.jpg?fit=1181%2C782&ssl=1&resize=1050%2C600 3x"},"classes":[]},{"id":1296,"url":"https:\/\/cfcontabil.com\/cf\/imposto-de-renda-2018-veja-13-erros-mais-comuns-na-declaracao-e-evite-cair-na-malha-fina\/","url_meta":{"origin":1234,"position":1},"title":"Imposto de Renda 2018: Veja 13 erros mais comuns na declara\u00e7\u00e3o e evite cair na malha fina","author":"Ab\u00edlio Gon\u00e7alves","date":"3 de mar\u00e7o de 2018","format":false,"excerpt":"Reportagem do G1 Esquecer de informar pens\u00e3o aliment\u00edcia, colocar cursos n\u00e3o autorizados como despesas de educa\u00e7\u00e3o para deduzir imposto e at\u00e9 erros de digita\u00e7\u00e3o s\u00e3o comuns; prazo para declarar at\u00e9 30 de abril Os motivos que levam algu\u00e9m a cair na malha fina s\u00e3o v\u00e1rios e v\u00e3o desde a omiss\u00e3o\u2026","rel":"","context":"Em &quot;Geral&quot;","block_context":{"text":"Geral","link":"https:\/\/cfcontabil.com\/cf\/category\/geral\/"},"img":{"alt_text":"","src":"https:\/\/i0.wp.com\/cfcontabil.com\/cf\/wp-content\/uploads\/2016\/04\/leao_do_imposto_de_renda-1.jpg?fit=620%2C345&ssl=1&resize=350%2C200","width":350,"height":200,"srcset":"https:\/\/i0.wp.com\/cfcontabil.com\/cf\/wp-content\/uploads\/2016\/04\/leao_do_imposto_de_renda-1.jpg?fit=620%2C345&ssl=1&resize=350%2C200 1x, https:\/\/i0.wp.com\/cfcontabil.com\/cf\/wp-content\/uploads\/2016\/04\/leao_do_imposto_de_renda-1.jpg?fit=620%2C345&ssl=1&resize=525%2C300 1.5x"},"classes":[]},{"id":741,"url":"https:\/\/cfcontabil.com\/cf\/mei-deve-declarar-imposto-de-renda\/","url_meta":{"origin":1234,"position":2},"title":"MEI Deve Declarar Imposto de Renda?","author":"Ab\u00edlio Gon\u00e7alves","date":"13 de abril de 2016","format":false,"excerpt":"O Microempreendedor Individual (MEI) deve declarar imposto de renda em seu CPF pr\u00f3prio se estiver sujeito \u00e0 obrigatoriedade de entrega. Est\u00e1 obrigada a apresentar a Declara\u00e7\u00e3o de Ajuste Anual referente ao exerc\u00edcio de 2015, a pessoa f\u00edsica residente no Brasil que, no ano-calend\u00e1rio de 2014: I \u2013 recebeu rendimentos tribut\u00e1veis,\u2026","rel":"","context":"Em &quot;Consultoria Empresarial&quot;","block_context":{"text":"Consultoria Empresarial","link":"https:\/\/cfcontabil.com\/cf\/category\/consultoria\/"},"img":{"alt_text":"","src":"https:\/\/i0.wp.com\/cfcontabil.com\/cf\/wp-content\/uploads\/2016\/04\/leao_do_imposto_de_renda-1.jpg?fit=620%2C345&ssl=1&resize=350%2C200","width":350,"height":200,"srcset":"https:\/\/i0.wp.com\/cfcontabil.com\/cf\/wp-content\/uploads\/2016\/04\/leao_do_imposto_de_renda-1.jpg?fit=620%2C345&ssl=1&resize=350%2C200 1x, https:\/\/i0.wp.com\/cfcontabil.com\/cf\/wp-content\/uploads\/2016\/04\/leao_do_imposto_de_renda-1.jpg?fit=620%2C345&ssl=1&resize=525%2C300 1.5x"},"classes":[]},{"id":2137,"url":"https:\/\/cfcontabil.com\/cf\/mais-de-16-mi-de-contribuintes-ja-entregaram-declaracao-do-ir\/","url_meta":{"origin":1234,"position":3},"title":"Mais de 1,6 mi de contribuintes j\u00e1 entregaram declara\u00e7\u00e3o do IR","author":"Ab\u00edlio Gon\u00e7alves","date":"6 de mar\u00e7o de 2020","format":false,"excerpt":"Receita Federal espera receber 32 milh\u00f5es de declara\u00e7\u00f5es em 2020 No quarto dia de entrega da declara\u00e7\u00e3o do Imposto de Renda Pessoa F\u00edsica (IRPF) 2020, pouco mais de 1,6 milh\u00e3o de contribuintes acertaram as contas com o Le\u00e3o. Esse \u00e9 o n\u00famero de documentos enviados desde a \u00faltima\u00a0segunda-feira (2) at\u00e9\u2026","rel":"","context":"Em &quot;Departamento Fiscal&quot;","block_context":{"text":"Departamento Fiscal","link":"https:\/\/cfcontabil.com\/cf\/category\/df\/"},"img":{"alt_text":"","src":"https:\/\/i0.wp.com\/cfcontabil.com\/cf\/wp-content\/uploads\/2020\/03\/IRPF-CELULAR-NOT.jpg?fit=1170%2C700&ssl=1&resize=350%2C200","width":350,"height":200,"srcset":"https:\/\/i0.wp.com\/cfcontabil.com\/cf\/wp-content\/uploads\/2020\/03\/IRPF-CELULAR-NOT.jpg?fit=1170%2C700&ssl=1&resize=350%2C200 1x, https:\/\/i0.wp.com\/cfcontabil.com\/cf\/wp-content\/uploads\/2020\/03\/IRPF-CELULAR-NOT.jpg?fit=1170%2C700&ssl=1&resize=525%2C300 1.5x, https:\/\/i0.wp.com\/cfcontabil.com\/cf\/wp-content\/uploads\/2020\/03\/IRPF-CELULAR-NOT.jpg?fit=1170%2C700&ssl=1&resize=700%2C400 2x, https:\/\/i0.wp.com\/cfcontabil.com\/cf\/wp-content\/uploads\/2020\/03\/IRPF-CELULAR-NOT.jpg?fit=1170%2C700&ssl=1&resize=1050%2C600 3x"},"classes":[]},{"id":1214,"url":"https:\/\/cfcontabil.com\/cf\/contribuinte-que-aderiu-ao-rerct-e-retificou-a-dirpf-esta-dispensado-da-multa-de-mora\/","url_meta":{"origin":1234,"position":4},"title":"Contribuinte que aderiu ao RERCT e retificou a DIRPF est\u00e1 dispensado da multa de mora","author":"Ab\u00edlio Gon\u00e7alves","date":"20 de fevereiro de 2017","format":false,"excerpt":"A Receita Federal esclarece que adotou provid\u00eancias para cancelar eventuais cobran\u00e7as indevidas da multa de mora neste caso, n\u00e3o havendo necessidade de qualquer manifesta\u00e7\u00e3o do contribuinte O contribuinte que aderiu ao Regime Especial de Regulariza\u00e7\u00e3o Cambial e Tribut\u00e1ria (RERCT) e retificou a sua declara\u00e7\u00e3o do imposto de renda para incluir\u2026","rel":"","context":"Em &quot;Geral&quot;","block_context":{"text":"Geral","link":"https:\/\/cfcontabil.com\/cf\/category\/geral\/"},"img":{"alt_text":"","src":"https:\/\/i0.wp.com\/cfcontabil.com\/cf\/wp-content\/uploads\/2017\/02\/irpfrfb-1.jpg?fit=640%2C340&ssl=1&resize=350%2C200","width":350,"height":200,"srcset":"https:\/\/i0.wp.com\/cfcontabil.com\/cf\/wp-content\/uploads\/2017\/02\/irpfrfb-1.jpg?fit=640%2C340&ssl=1&resize=350%2C200 1x, https:\/\/i0.wp.com\/cfcontabil.com\/cf\/wp-content\/uploads\/2017\/02\/irpfrfb-1.jpg?fit=640%2C340&ssl=1&resize=525%2C300 1.5x"},"classes":[]},{"id":1235,"url":"https:\/\/cfcontabil.com\/cf\/saiba-como-alterar-o-banco-para-ressarcimento-de-impostos\/","url_meta":{"origin":1234,"position":5},"title":"Saiba como alterar o banco para ressarcimento de impostos","author":"Ab\u00edlio Gon\u00e7alves","date":"9 de mar\u00e7o de 2017","format":false,"excerpt":"Contribuintes devem atualizar dados na retifica\u00e7\u00e3o do Imposto de Renda Quem pretende alterar a conta banc\u00e1ria na qual deve receber a restitui\u00e7\u00e3o do Imposto de Renda precisa ficar atento para garantir o cr\u00e9dito dos valores. Depois de preencher e enviar a declara\u00e7\u00e3o do IR, cujo prazo teve\u00a0in\u00edcio na quinta-feira (2),\u2026","rel":"","context":"Em &quot;Departamento Fiscal&quot;","block_context":{"text":"Departamento Fiscal","link":"https:\/\/cfcontabil.com\/cf\/category\/df\/"},"img":{"alt_text":"","src":"https:\/\/i0.wp.com\/cfcontabil.com\/cf\/wp-content\/uploads\/2017\/02\/imposto-de-renda-2017-1.jpg?fit=640%2C365&ssl=1&resize=350%2C200","width":350,"height":200,"srcset":"https:\/\/i0.wp.com\/cfcontabil.com\/cf\/wp-content\/uploads\/2017\/02\/imposto-de-renda-2017-1.jpg?fit=640%2C365&ssl=1&resize=350%2C200 1x, https:\/\/i0.wp.com\/cfcontabil.com\/cf\/wp-content\/uploads\/2017\/02\/imposto-de-renda-2017-1.jpg?fit=640%2C365&ssl=1&resize=525%2C300 1.5x"},"classes":[]}],"jetpack_likes_enabled":true,"_links":{"self":[{"href":"https:\/\/cfcontabil.com\/cf\/wp-json\/wp\/v2\/posts\/1234","targetHints":{"allow":["GET"]}}],"collection":[{"href":"https:\/\/cfcontabil.com\/cf\/wp-json\/wp\/v2\/posts"}],"about":[{"href":"https:\/\/cfcontabil.com\/cf\/wp-json\/wp\/v2\/types\/post"}],"author":[{"embeddable":true,"href":"https:\/\/cfcontabil.com\/cf\/wp-json\/wp\/v2\/users\/3"}],"replies":[{"embeddable":true,"href":"https:\/\/cfcontabil.com\/cf\/wp-json\/wp\/v2\/comments?post=1234"}],"version-history":[{"count":0,"href":"https:\/\/cfcontabil.com\/cf\/wp-json\/wp\/v2\/posts\/1234\/revisions"}],"wp:attachment":[{"href":"https:\/\/cfcontabil.com\/cf\/wp-json\/wp\/v2\/media?parent=1234"}],"wp:term":[{"taxonomy":"category","embeddable":true,"href":"https:\/\/cfcontabil.com\/cf\/wp-json\/wp\/v2\/categories?post=1234"},{"taxonomy":"post_tag","embeddable":true,"href":"https:\/\/cfcontabil.com\/cf\/wp-json\/wp\/v2\/tags?post=1234"}],"curies":[{"name":"wp","href":"https:\/\/api.w.org\/{rel}","templated":true}]}}