{"id":1235,"date":"2017-03-09T05:00:11","date_gmt":"2017-03-09T08:00:11","guid":{"rendered":"http:\/\/cfcontabil.com\/cf\/?p=1026"},"modified":"2017-03-09T05:00:11","modified_gmt":"2017-03-09T08:00:11","slug":"saiba-como-alterar-o-banco-para-ressarcimento-de-impostos","status":"publish","type":"post","link":"https:\/\/cfcontabil.com\/cf\/saiba-como-alterar-o-banco-para-ressarcimento-de-impostos\/","title":{"rendered":"Saiba como alterar o banco para ressarcimento de impostos"},"content":{"rendered":"<p style=\"text-align: justify;\">Contribuintes devem atualizar dados na retifica\u00e7\u00e3o do Imposto de Renda<\/p>\n<p>Quem pretende alterar a conta banc\u00e1ria na qual deve receber a restitui\u00e7\u00e3o do Imposto de Renda precisa ficar atento para garantir o cr\u00e9dito dos valores. Depois de preencher e enviar a declara\u00e7\u00e3o do IR, cujo prazo teve\u00a0in\u00edcio na quinta-feira (2), os contribuintes ainda podem atualizar as informa\u00e7\u00f5es do banco se avaliarem necess\u00e1rio.<\/p>\n<p>Contudo, \u00e9 importante prestar aten\u00e7\u00e3o \u00e0s datas da libera\u00e7\u00e3o dos lotes de restitui\u00e7\u00e3o. Para mudar os dados da conta em que o ressarcimento deve ser depositado, o contribuinte precisa retificar a declara\u00e7\u00e3o antes da libera\u00e7\u00e3o do lote de restitui\u00e7\u00e3o.<\/p>\n<p style=\"text-align: justify;\"><!--more--><br \/>\nA a\u00e7\u00e3o tamb\u00e9m \u00e9 recomendada para os contribuintes que encerraram as contas indicadas \u00e0 Receita para receber os valores. Mas h\u00e1 ainda outra alternativa, que tamb\u00e9m \u00e9 v\u00e1lida para os que alteraram a conta. \u00c9 preciso esperar at\u00e9 a data da libera\u00e7\u00e3o das restitui\u00e7\u00f5es, que ocorrem em sete lotes entre junho e dezembro, para informar a nova conta. A mudan\u00e7a pode ser feita pela Central de Atendimento do Banco do Brasil ou em uma das ag\u00eancias da institui\u00e7\u00e3o.<\/p>\n<p>O cr\u00e9dito da restitui\u00e7\u00e3o pode ser depositado tanto em conta corrente quanto poupan\u00e7a em qualquer banco. Na hora de preencher a declara\u00e7\u00e3o, o pr\u00f3prio programa da Receita calcula o montante que ser\u00e1 restitu\u00eddo. Em geral, os contribuintes que acumularam v\u00e1rias dedu\u00e7\u00f5es durante o ano ser\u00e3o ressarcidos por despesas m\u00e9dicas, gastos com educa\u00e7\u00e3o e despesas com dependentes.<\/p>\n<p>A partir de junho, as restitui\u00e7\u00f5es come\u00e7am a ser liberadas pelo Fisco e os \u00faltimos lotes devem ser pagos em dezembro. Se os valores n\u00e3o forem depositados, \u00e9 preciso entrar em contato com o Banco do Brasil para solucionar o problema.<\/p>\n<p>Servi\u00e7o<\/p>\n<p>Central de Atendimento do Banco do Brasil &#8211; telefones; 4004-0001 (capitais), 0800-729-0001 (demais localidades) e 0800-729-0088 (telefone especial exclusivo para deficientes f\u00edsicos)<\/p>\n","protected":false},"excerpt":{"rendered":"<p>Contribuintes devem atualizar dados na retifica\u00e7\u00e3o do Imposto de Renda Quem pretende alterar a conta banc\u00e1ria na qual deve receber a restitui\u00e7\u00e3o do Imposto de Renda precisa ficar atento para garantir o cr\u00e9dito dos valores. Depois de preencher e enviar a declara\u00e7\u00e3o do IR, cujo prazo teve\u00a0in\u00edcio na quinta-feira (2), os contribuintes ainda podem atualizar [&hellip;]<\/p>\n","protected":false},"author":3,"featured_media":940,"comment_status":"open","ping_status":"open","sticky":false,"template":"","format":"standard","meta":{"jetpack_post_was_ever_published":false,"_jetpack_newsletter_access":"","_jetpack_dont_email_post_to_subs":false,"_jetpack_newsletter_tier_id":0,"_jetpack_memberships_contains_paywalled_content":false,"_jetpack_memberships_contains_paid_content":false,"footnotes":"","jetpack_publicize_message":"","jetpack_publicize_feature_enabled":true,"jetpack_social_post_already_shared":true,"jetpack_social_options":{"image_generator_settings":{"template":"highway","default_image_id":0,"font":"","enabled":false},"version":2}},"categories":[46],"tags":[440,106,280,71,108,229,115,74,111,117,439],"class_list":["post-1235","post","type-post","status-publish","format-standard","has-post-thumbnail","hentry","category-df","tag-banco","tag-declaracao","tag-dirpf","tag-federal","tag-imposto","tag-ir","tag-irpf","tag-receita","tag-renda","tag-restituicao","tag-retificacao"],"jetpack_publicize_connections":[],"jetpack_featured_media_url":"https:\/\/i0.wp.com\/cfcontabil.com\/cf\/wp-content\/uploads\/2017\/02\/imposto-de-renda-2017-1.jpg?fit=640%2C365&ssl=1","jetpack_sharing_enabled":true,"jetpack_shortlink":"https:\/\/wp.me\/p2wklX-jV","jetpack-related-posts":[{"id":1164,"url":"https:\/\/cfcontabil.com\/cf\/receita-paga-hoje-restituicao-residual-do-imposto-de-renda-pessoa-fisica\/","url_meta":{"origin":1235,"position":0},"title":"Receita paga hoje restitui\u00e7\u00e3o residual do Imposto de Renda Pessoa F\u00edsica","author":"Ab\u00edlio Gon\u00e7alves","date":"16 de maio de 2017","format":false,"excerpt":"A Receita Federal paga hoje (15) restitui\u00e7\u00e3o residual do Imposto de Renda da Pessoa F\u00edsica (IRPF), referente aos exerc\u00edcios de 2008 a 2016. O cr\u00e9dito banc\u00e1rio para 128.232 contribuintes totaliza R$ 213,4 milh\u00f5es, dos quais R$ 74,7 milh\u00f5es se referem aos contribuintes com direito a prioridade no recebimento: 22.107 idosos\u2026","rel":"","context":"Em &quot;Departamento Fiscal&quot;","block_context":{"text":"Departamento Fiscal","link":"https:\/\/cfcontabil.com\/cf\/category\/df\/"},"img":{"alt_text":"","src":"https:\/\/i0.wp.com\/cfcontabil.com\/cf\/wp-content\/uploads\/2017\/02\/irpfrfb-1.jpg?fit=640%2C340&ssl=1&resize=350%2C200","width":350,"height":200,"srcset":"https:\/\/i0.wp.com\/cfcontabil.com\/cf\/wp-content\/uploads\/2017\/02\/irpfrfb-1.jpg?fit=640%2C340&ssl=1&resize=350%2C200 1x, https:\/\/i0.wp.com\/cfcontabil.com\/cf\/wp-content\/uploads\/2017\/02\/irpfrfb-1.jpg?fit=640%2C340&ssl=1&resize=525%2C300 1.5x"},"classes":[]},{"id":1252,"url":"https:\/\/cfcontabil.com\/cf\/receita-abre-hoje-segunda-feira-consulta-ao-segundo-lote-de-restituicao-do-irpf-de-2017\/","url_meta":{"origin":1235,"position":1},"title":"Receita abre hoje (segunda-feira) consulta ao segundo lote de restitui\u00e7\u00e3o do IRPF de 2017","author":"Ab\u00edlio Gon\u00e7alves","date":"10 de julho de 2017","format":false,"excerpt":"O segundo lote de restitui\u00e7\u00e3o do IRPF 2017 contempla 1.347.761 contribuintes. A partir das 9 horas de segunda-feira, 10 de julho, estar\u00e1 dispon\u00edvel para consulta o segundo lote de restitui\u00e7\u00e3o do IRPF 2017 que contempla 1.347.761 contribuintes, totalizando mais de R$2,5 bilh\u00f5es. O lote multiexerc\u00edcio de restitui\u00e7\u00e3o do Imposto sobre\u2026","rel":"","context":"Em &quot;Departamento Fiscal&quot;","block_context":{"text":"Departamento Fiscal","link":"https:\/\/cfcontabil.com\/cf\/category\/df\/"},"img":{"alt_text":"","src":"https:\/\/i0.wp.com\/cfcontabil.com\/cf\/wp-content\/uploads\/2017\/02\/irpfrfb-1.jpg?fit=640%2C340&ssl=1&resize=350%2C200","width":350,"height":200,"srcset":"https:\/\/i0.wp.com\/cfcontabil.com\/cf\/wp-content\/uploads\/2017\/02\/irpfrfb-1.jpg?fit=640%2C340&ssl=1&resize=350%2C200 1x, https:\/\/i0.wp.com\/cfcontabil.com\/cf\/wp-content\/uploads\/2017\/02\/irpfrfb-1.jpg?fit=640%2C340&ssl=1&resize=525%2C300 1.5x"},"classes":[]},{"id":1234,"url":"https:\/\/cfcontabil.com\/cf\/contribuintes-devem-estar-atentos-aos-termos-do-ir\/","url_meta":{"origin":1235,"position":2},"title":"Contribuintes devem estar atentos aos termos do IR","author":"Ab\u00edlio Gon\u00e7alves","date":"8 de mar\u00e7o de 2017","format":false,"excerpt":"Na retifica\u00e7\u00e3o \u00e9 poss\u00edvel corrigir erros da declara\u00e7\u00e3o enviada Na hora de preencher a declara\u00e7\u00e3o de Imposto de Renda, a quantidade de termos cont\u00e1beis pode confundir quem deve informar os rendimentos \u00e0 Receita Federal. \u00c9 preciso estar atento a esses conceitos para evitar erros e multas por inconsist\u00eancias. Confira alguns\u2026","rel":"","context":"Em &quot;Departamento Fiscal&quot;","block_context":{"text":"Departamento Fiscal","link":"https:\/\/cfcontabil.com\/cf\/category\/df\/"},"img":{"alt_text":"","src":"https:\/\/i0.wp.com\/cfcontabil.com\/cf\/wp-content\/uploads\/2017\/03\/ir-2016-declaracao-retificadora_615x300.png?resize=350%2C200","width":350,"height":200,"srcset":"https:\/\/i0.wp.com\/cfcontabil.com\/cf\/wp-content\/uploads\/2017\/03\/ir-2016-declaracao-retificadora_615x300.png?resize=350%2C200 1x, https:\/\/i0.wp.com\/cfcontabil.com\/cf\/wp-content\/uploads\/2017\/03\/ir-2016-declaracao-retificadora_615x300.png?resize=525%2C300 1.5x"},"classes":[]},{"id":1043,"url":"https:\/\/cfcontabil.com\/cf\/receita-abre-na-quarta-feira-83-a-consulta-ao-lote-residual-de-restituicao-multiexercicio-do-irpf-do-mes-de-marco2017\/","url_meta":{"origin":1235,"position":3},"title":"Receita abre na quarta-feira (8\/3) a consulta ao lote residual de restitui\u00e7\u00e3o multiexerc\u00edcio do IRPF do m\u00eas de Mar\u00e7o\/2017","author":"Ab\u00edlio Gon\u00e7alves","date":"8 de mar\u00e7o de 2017","format":false,"excerpt":"O cr\u00e9dito banc\u00e1rio para 156.307 contribuintes ser\u00e1 realizado no dia 15 de mar\u00e7o. A partir das 9 horas de quarta-feira, 8 de mar\u00e7o, estar\u00e1 dispon\u00edvel para consulta o lote multiexerc\u00edcio de restitui\u00e7\u00e3o do Imposto sobre a Renda da Pessoa F\u00edsica, contemplando as restitui\u00e7\u00f5es residuais, referentes aos exerc\u00edcios de 2008 a\u2026","rel":"","context":"Em &quot;Departamento Fiscal&quot;","block_context":{"text":"Departamento Fiscal","link":"https:\/\/cfcontabil.com\/cf\/category\/df\/"},"img":{"alt_text":"","src":"https:\/\/i0.wp.com\/cfcontabil.com\/cf\/wp-content\/uploads\/2017\/02\/irpfrfb-1.jpg?fit=640%2C340&ssl=1&resize=350%2C200","width":350,"height":200,"srcset":"https:\/\/i0.wp.com\/cfcontabil.com\/cf\/wp-content\/uploads\/2017\/02\/irpfrfb-1.jpg?fit=640%2C340&ssl=1&resize=350%2C200 1x, https:\/\/i0.wp.com\/cfcontabil.com\/cf\/wp-content\/uploads\/2017\/02\/irpfrfb-1.jpg?fit=640%2C340&ssl=1&resize=525%2C300 1.5x"},"classes":[]},{"id":934,"url":"https:\/\/cfcontabil.com\/cf\/receita-abriu-na-quarta-feira-82-a-consulta-ao-lote-residual-de-restituicao-multiexercicio-do-irpf-do-mes-de-fev2017\/","url_meta":{"origin":1235,"position":4},"title":"Receita abriu na quarta-feira (8\/2) a consulta ao lote residual de restitui\u00e7\u00e3o multiexerc\u00edcio do IRPF do m\u00eas de FEV\/2017","author":"Ab\u00edlio Gon\u00e7alves","date":"10 de fevereiro de 2017","format":false,"excerpt":"A partir das 9 horas de quarta-feira, 8 de fevereiro, estar\u00e1 dispon\u00edvel para consulta o lote multiexerc\u00edcio de restitui\u00e7\u00e3o do Imposto sobre a Renda da Pessoa F\u00edsica, contemplando as restitui\u00e7\u00f5es residuais, referentes aos exerc\u00edcios de 2008 a 2016. O cr\u00e9dito banc\u00e1rio para 115.831 contribuintes ser\u00e1 realizado no dia 15 de\u2026","rel":"","context":"Em &quot;Departamento Fiscal&quot;","block_context":{"text":"Departamento Fiscal","link":"https:\/\/cfcontabil.com\/cf\/category\/df\/"},"img":{"alt_text":"","src":"https:\/\/i0.wp.com\/cfcontabil.com\/cf\/wp-content\/uploads\/2017\/02\/restituicao-imposto-de-renda-1.jpg?fit=600%2C300&ssl=1&resize=350%2C200","width":350,"height":200,"srcset":"https:\/\/i0.wp.com\/cfcontabil.com\/cf\/wp-content\/uploads\/2017\/02\/restituicao-imposto-de-renda-1.jpg?fit=600%2C300&ssl=1&resize=350%2C200 1x, https:\/\/i0.wp.com\/cfcontabil.com\/cf\/wp-content\/uploads\/2017\/02\/restituicao-imposto-de-renda-1.jpg?fit=600%2C300&ssl=1&resize=525%2C300 1.5x"},"classes":[]},{"id":2133,"url":"https:\/\/cfcontabil.com\/cf\/antecipacao-de-irpf-ofertas-dos-bancos-atraem-contribuintes-atencao-as-regras\/","url_meta":{"origin":1235,"position":5},"title":"Antecipa\u00e7\u00e3o de IRPF: ofertas dos Bancos atraem contribuintes, aten\u00e7\u00e3o as regras!","author":"Ab\u00edlio Gon\u00e7alves","date":"6 de mar\u00e7o de 2020","format":false,"excerpt":"Com juros mais baixos que o normal,\u00a0 muitos contribuintes contratam empr\u00e9stimo para antecipar a devolu\u00e7\u00e3o do IR. Sem planejamento e estudo, na maioria dos casos n\u00e3o \u00e9 muito vantajoso. No geral, s\u00f3 vale a pena se houver urg\u00eancia para receber o dinheiro. Os principais bancos em opera\u00e7\u00e3o no Brasil anunciaram\u2026","rel":"","context":"Em &quot;Departamento Fiscal&quot;","block_context":{"text":"Departamento Fiscal","link":"https:\/\/cfcontabil.com\/cf\/category\/df\/"},"img":{"alt_text":"","src":"https:\/\/i0.wp.com\/cfcontabil.com\/cf\/wp-content\/uploads\/2020\/03\/IRPF-ANTECIPA%C3%87%C3%83O-RESTITUI%C3%87%C3%83O.jpeg?fit=1200%2C675&ssl=1&resize=350%2C200","width":350,"height":200,"srcset":"https:\/\/i0.wp.com\/cfcontabil.com\/cf\/wp-content\/uploads\/2020\/03\/IRPF-ANTECIPA%C3%87%C3%83O-RESTITUI%C3%87%C3%83O.jpeg?fit=1200%2C675&ssl=1&resize=350%2C200 1x, https:\/\/i0.wp.com\/cfcontabil.com\/cf\/wp-content\/uploads\/2020\/03\/IRPF-ANTECIPA%C3%87%C3%83O-RESTITUI%C3%87%C3%83O.jpeg?fit=1200%2C675&ssl=1&resize=525%2C300 1.5x, https:\/\/i0.wp.com\/cfcontabil.com\/cf\/wp-content\/uploads\/2020\/03\/IRPF-ANTECIPA%C3%87%C3%83O-RESTITUI%C3%87%C3%83O.jpeg?fit=1200%2C675&ssl=1&resize=700%2C400 2x, https:\/\/i0.wp.com\/cfcontabil.com\/cf\/wp-content\/uploads\/2020\/03\/IRPF-ANTECIPA%C3%87%C3%83O-RESTITUI%C3%87%C3%83O.jpeg?fit=1200%2C675&ssl=1&resize=1050%2C600 3x"},"classes":[]}],"jetpack_likes_enabled":true,"_links":{"self":[{"href":"https:\/\/cfcontabil.com\/cf\/wp-json\/wp\/v2\/posts\/1235","targetHints":{"allow":["GET"]}}],"collection":[{"href":"https:\/\/cfcontabil.com\/cf\/wp-json\/wp\/v2\/posts"}],"about":[{"href":"https:\/\/cfcontabil.com\/cf\/wp-json\/wp\/v2\/types\/post"}],"author":[{"embeddable":true,"href":"https:\/\/cfcontabil.com\/cf\/wp-json\/wp\/v2\/users\/3"}],"replies":[{"embeddable":true,"href":"https:\/\/cfcontabil.com\/cf\/wp-json\/wp\/v2\/comments?post=1235"}],"version-history":[{"count":0,"href":"https:\/\/cfcontabil.com\/cf\/wp-json\/wp\/v2\/posts\/1235\/revisions"}],"wp:featuredmedia":[{"embeddable":true,"href":"https:\/\/cfcontabil.com\/cf\/wp-json\/wp\/v2\/media\/940"}],"wp:attachment":[{"href":"https:\/\/cfcontabil.com\/cf\/wp-json\/wp\/v2\/media?parent=1235"}],"wp:term":[{"taxonomy":"category","embeddable":true,"href":"https:\/\/cfcontabil.com\/cf\/wp-json\/wp\/v2\/categories?post=1235"},{"taxonomy":"post_tag","embeddable":true,"href":"https:\/\/cfcontabil.com\/cf\/wp-json\/wp\/v2\/tags?post=1235"}],"curies":[{"name":"wp","href":"https:\/\/api.w.org\/{rel}","templated":true}]}}