{"id":1236,"date":"2017-03-07T12:00:32","date_gmt":"2017-03-07T15:00:32","guid":{"rendered":"http:\/\/cfcontabil.com\/cf\/?p=1028"},"modified":"2017-03-07T12:00:32","modified_gmt":"2017-03-07T15:00:32","slug":"mei-deve-prestar-contas-a-receita-federal-atraves-da-declaracao-anual-do-simples-nacional","status":"publish","type":"post","link":"https:\/\/cfcontabil.com\/cf\/mei-deve-prestar-contas-a-receita-federal-atraves-da-declaracao-anual-do-simples-nacional\/","title":{"rendered":"MEI deve prestar contas \u00e0 Receita Federal atrav\u00e9s da Declara\u00e7\u00e3o Anual do Simples Nacional"},"content":{"rendered":"<p style=\"text-align: justify;\">Documento \u00e9 feito de forma gratuita nos postos de atendimento do Sebrae e \u00e9 obriga\u00e7\u00e3o do empres\u00e1rio para que seus direitos sejam assegurados.<\/p>\n<p>O Microempreendedor Individual (MEI) j\u00e1 pode procurar um dos postos de atendimento do Sebrae em Alagoas ou uma das Salas do Empreendedor no estado para realizar a Declara\u00e7\u00e3o Anual do Simples Nacional (DASN) referente ao exerc\u00edcio financeiro de 2016. A presta\u00e7\u00e3o de contas deve ser feita atrav\u00e9s do Portal do Simples Nacional (www8.receita.fazenda.gov.br\/SimplesNacional) e \u00e9 obriga\u00e7\u00e3o do empres\u00e1rio para que seus direitos sejam mantidos.<\/p>\n<p>Fonte: Portal do Empreendedor de 01.03.2017<\/p>\n","protected":false},"excerpt":{"rendered":"<p>Documento \u00e9 feito de forma gratuita nos postos de atendimento do Sebrae e \u00e9 obriga\u00e7\u00e3o do empres\u00e1rio para que seus direitos sejam assegurados. O Microempreendedor Individual (MEI) j\u00e1 pode procurar um dos postos de atendimento do Sebrae em Alagoas ou uma das Salas do Empreendedor no estado para realizar a Declara\u00e7\u00e3o Anual do Simples Nacional [&hellip;]<\/p>\n","protected":false},"author":3,"featured_media":1504,"comment_status":"open","ping_status":"open","sticky":false,"template":"","format":"standard","meta":{"jetpack_post_was_ever_published":false,"_jetpack_newsletter_access":"","_jetpack_dont_email_post_to_subs":false,"_jetpack_newsletter_tier_id":0,"_jetpack_memberships_contains_paywalled_content":false,"_jetpack_memberships_contains_paid_content":false,"footnotes":"","jetpack_publicize_message":"","jetpack_publicize_feature_enabled":true,"jetpack_social_post_already_shared":true,"jetpack_social_options":{"image_generator_settings":{"template":"highway","default_image_id":0,"font":"","enabled":false},"version":2}},"categories":[46],"tags":[],"class_list":["post-1236","post","type-post","status-publish","format-standard","has-post-thumbnail","hentry","category-df"],"jetpack_publicize_connections":[],"jetpack_featured_media_url":"https:\/\/i0.wp.com\/cfcontabil.com\/cf\/wp-content\/uploads\/2017\/03\/mei-micro-empreendedor-individual-696x287-1.jpg?fit=696%2C287&ssl=1","jetpack_sharing_enabled":true,"jetpack_shortlink":"https:\/\/wp.me\/p2wklX-jW","jetpack-related-posts":[{"id":1174,"url":"https:\/\/cfcontabil.com\/cf\/prazo-para-entrega-da-declaracao-anual-do-mei-termina-quarta-feira-31\/","url_meta":{"origin":1236,"position":0},"title":"Prazo para entrega da declara\u00e7\u00e3o anual do MEI termina quarta-feira (31)","author":"Ab\u00edlio Gon\u00e7alves","date":"31 de maio de 2017","format":false,"excerpt":"Procurar ajuda de um empres\u00e1rio cont\u00e1bil pode facilitar, destaca o presidente da Fenacon.\u00a0Microempreendedor Individual que enviar o documento ap\u00f3s a data paga multa m\u00ednima de R$ 50. O prazo para entrega da Declara\u00e7\u00e3o Anual Simplificada para o Microempreendedor Individual 2017 (DASN-SIMEI) termina na quarta-feira (31). Todos os MEIs com registro\u2026","rel":"","context":"Em &quot;Departamento Fiscal&quot;","block_context":{"text":"Departamento Fiscal","link":"https:\/\/cfcontabil.com\/cf\/category\/df\/"},"img":{"alt_text":"","src":"https:\/\/i0.wp.com\/cfcontabil.com\/cf\/wp-content\/uploads\/2017\/03\/mei-micro-empreendedor-individual-696x287-1.jpg?fit=696%2C287&ssl=1&resize=350%2C200","width":350,"height":200,"srcset":"https:\/\/i0.wp.com\/cfcontabil.com\/cf\/wp-content\/uploads\/2017\/03\/mei-micro-empreendedor-individual-696x287-1.jpg?fit=696%2C287&ssl=1&resize=350%2C200 1x, https:\/\/i0.wp.com\/cfcontabil.com\/cf\/wp-content\/uploads\/2017\/03\/mei-micro-empreendedor-individual-696x287-1.jpg?fit=696%2C287&ssl=1&resize=525%2C300 1.5x"},"classes":[]},{"id":2404,"url":"https:\/\/cfcontabil.com\/cf\/mei-que-ultrapassou-limite-de-faturamento-em-2020-deve-mudar-de-categoria\/","url_meta":{"origin":1236,"position":1},"title":"MEI que ultrapassou limite de faturamento em 2020 deve mudar de categoria","author":"Ab\u00edlio Gon\u00e7alves","date":"18 de janeiro de 2021","format":false,"excerpt":"Vale procurar um contador a fim de fazer a migra\u00e7\u00e3o e evitar recolhimentos retroativos Fonte: Estad\u00e3o Conte\u00fado O microempreendedor individual (MEI) que em 2020 excedeu o limite de faturamento em at\u00e9 20%, n\u00e3o ultrapassando R$ 97,2 mil, deve ficar atento para a mudan\u00e7a de categoria, se encaixando em microempresa. Vale\u2026","rel":"","context":"Em &quot;Consultoria Empresarial&quot;","block_context":{"text":"Consultoria Empresarial","link":"https:\/\/cfcontabil.com\/cf\/category\/consultoria\/"},"img":{"alt_text":"","src":"https:\/\/i0.wp.com\/cfcontabil.com\/cf\/wp-content\/uploads\/2021\/01\/faturamento-1280x720-1.jpg?fit=1200%2C675&ssl=1&resize=350%2C200","width":350,"height":200,"srcset":"https:\/\/i0.wp.com\/cfcontabil.com\/cf\/wp-content\/uploads\/2021\/01\/faturamento-1280x720-1.jpg?fit=1200%2C675&ssl=1&resize=350%2C200 1x, https:\/\/i0.wp.com\/cfcontabil.com\/cf\/wp-content\/uploads\/2021\/01\/faturamento-1280x720-1.jpg?fit=1200%2C675&ssl=1&resize=525%2C300 1.5x, https:\/\/i0.wp.com\/cfcontabil.com\/cf\/wp-content\/uploads\/2021\/01\/faturamento-1280x720-1.jpg?fit=1200%2C675&ssl=1&resize=700%2C400 2x, https:\/\/i0.wp.com\/cfcontabil.com\/cf\/wp-content\/uploads\/2021\/01\/faturamento-1280x720-1.jpg?fit=1200%2C675&ssl=1&resize=1050%2C600 3x"},"classes":[]},{"id":2396,"url":"https:\/\/cfcontabil.com\/cf\/mei-precisa-ficar-atento-as-obrigacoes-de-inicio-de-ano\/","url_meta":{"origin":1236,"position":2},"title":"MEI precisa ficar atento \u00e0s obriga\u00e7\u00f5es de in\u00edcio de ano","author":"Ab\u00edlio Gon\u00e7alves","date":"8 de janeiro de 2021","format":false,"excerpt":"A cada final de ano o governo federal informa quais ocupa\u00e7\u00f5es poder\u00e3o recolher impostos como MEI O prazo para a declara\u00e7\u00e3o anual de rendimento do MEI (DASN-SIMEI) j\u00e1 come\u00e7ou e vai at\u00e9 o dia 31 de maio de 2021. O Microempreendedor Individual tamb\u00e9m deve observar as mudan\u00e7as no Portal do\u2026","rel":"","context":"Em &quot;Consultoria Empresarial&quot;","block_context":{"text":"Consultoria Empresarial","link":"https:\/\/cfcontabil.com\/cf\/category\/consultoria\/"},"img":{"alt_text":"","src":"https:\/\/i0.wp.com\/cfcontabil.com\/cf\/wp-content\/uploads\/2020\/04\/MEI-1200x675-1.png?fit=1200%2C675&ssl=1&resize=350%2C200","width":350,"height":200,"srcset":"https:\/\/i0.wp.com\/cfcontabil.com\/cf\/wp-content\/uploads\/2020\/04\/MEI-1200x675-1.png?fit=1200%2C675&ssl=1&resize=350%2C200 1x, https:\/\/i0.wp.com\/cfcontabil.com\/cf\/wp-content\/uploads\/2020\/04\/MEI-1200x675-1.png?fit=1200%2C675&ssl=1&resize=525%2C300 1.5x, https:\/\/i0.wp.com\/cfcontabil.com\/cf\/wp-content\/uploads\/2020\/04\/MEI-1200x675-1.png?fit=1200%2C675&ssl=1&resize=700%2C400 2x, https:\/\/i0.wp.com\/cfcontabil.com\/cf\/wp-content\/uploads\/2020\/04\/MEI-1200x675-1.png?fit=1200%2C675&ssl=1&resize=1050%2C600 3x"},"classes":[]},{"id":1135,"url":"https:\/\/cfcontabil.com\/cf\/microempreendedor-individual-tambem-precisa-declarar-ir\/","url_meta":{"origin":1236,"position":3},"title":"Microempreendedor individual tamb\u00e9m precisa declarar IR","author":"Ab\u00edlio Gon\u00e7alves","date":"26 de abril de 2017","format":false,"excerpt":"Mesmo que n\u00e3o tenha emitido nota fiscal, profissional enquadrado como MEI tamb\u00e9m deve prestar contas Com o crescente saldo negativo de postos de trabalho, a sa\u00edda para muitos brasileiros foi virar um Microempreendedor Individual, o MEI. At\u00e9 a \u00faltima semana, o Pa\u00eds tinha 6,8 milh\u00f5es de pessoas registradas com atividade\u2026","rel":"","context":"Em &quot;Departamento Fiscal&quot;","block_context":{"text":"Departamento Fiscal","link":"https:\/\/cfcontabil.com\/cf\/category\/df\/"},"img":{"alt_text":"","src":"https:\/\/i0.wp.com\/cfcontabil.com\/cf\/wp-content\/uploads\/2017\/03\/mei-micro-empreendedor-individual-696x287-1.jpg?fit=696%2C287&ssl=1&resize=350%2C200","width":350,"height":200,"srcset":"https:\/\/i0.wp.com\/cfcontabil.com\/cf\/wp-content\/uploads\/2017\/03\/mei-micro-empreendedor-individual-696x287-1.jpg?fit=696%2C287&ssl=1&resize=350%2C200 1x, https:\/\/i0.wp.com\/cfcontabil.com\/cf\/wp-content\/uploads\/2017\/03\/mei-micro-empreendedor-individual-696x287-1.jpg?fit=696%2C287&ssl=1&resize=525%2C300 1.5x"},"classes":[]},{"id":849,"url":"https:\/\/cfcontabil.com\/cf\/governo-vai-liberar-r-82-bi-para-pequenos-empresarios-nos-proximos-dois-anos\/","url_meta":{"origin":1236,"position":4},"title":"Governo vai liberar R$ 8,2 bi para pequenos empres\u00e1rios nos pr\u00f3ximos dois anos","author":"Ab\u00edlio Gon\u00e7alves","date":"21 de janeiro de 2017","format":false,"excerpt":"O governo federal vai disponibilizar R$ 8,2 bilh\u00f5es em cr\u00e9dito para pequenos empres\u00e1rios nos pr\u00f3ximos dois anos. Os recursos liberados s\u00e3o do Fundo de Amparo ao Trabalhador (FAT) e do Banco Nacional do Desenvolvimento Econ\u00f4mico e Social (BNDES). O objetivo \u00e9 reduzir a inadimpl\u00eancia das empresas de menor porte e\u2026","rel":"","context":"Em &quot;Geral&quot;","block_context":{"text":"Geral","link":"https:\/\/cfcontabil.com\/cf\/category\/geral\/"},"img":{"alt_text":"","src":"https:\/\/i0.wp.com\/cfcontabil.com\/cf\/wp-content\/uploads\/2017\/01\/Moedas-1-real-1.jpg?fit=810%2C455&ssl=1&resize=350%2C200","width":350,"height":200,"srcset":"https:\/\/i0.wp.com\/cfcontabil.com\/cf\/wp-content\/uploads\/2017\/01\/Moedas-1-real-1.jpg?fit=810%2C455&ssl=1&resize=350%2C200 1x, https:\/\/i0.wp.com\/cfcontabil.com\/cf\/wp-content\/uploads\/2017\/01\/Moedas-1-real-1.jpg?fit=810%2C455&ssl=1&resize=525%2C300 1.5x, https:\/\/i0.wp.com\/cfcontabil.com\/cf\/wp-content\/uploads\/2017\/01\/Moedas-1-real-1.jpg?fit=810%2C455&ssl=1&resize=700%2C400 2x"},"classes":[]},{"id":1050,"url":"https:\/\/cfcontabil.com\/cf\/imposto-de-renda-2017-mei-como-declarar-os-rendimentos\/","url_meta":{"origin":1236,"position":5},"title":"Imposto de Renda 2017: MEI, como declarar os rendimentos?","author":"Ab\u00edlio Gon\u00e7alves","date":"11 de mar\u00e7o de 2017","format":false,"excerpt":"Com o in\u00edcio do per\u00edodo de entrega do do Imposto de Renda de 2017 - de 2 de mar\u00e7o a 28 de abril -, d\u00favidas come\u00e7am a surgir sobre o processo de declara\u00e7\u00e3o. Atrav\u00e9s do servi\u00e7o tira-d\u00favidas lan\u00e7ado por O GLOBO e Extra, leitores enviaram perguntas sobre como deve ser\u2026","rel":"","context":"Em &quot;Departamento Fiscal&quot;","block_context":{"text":"Departamento Fiscal","link":"https:\/\/cfcontabil.com\/cf\/category\/df\/"},"img":{"alt_text":"","src":"https:\/\/i0.wp.com\/cfcontabil.com\/cf\/wp-content\/uploads\/2017\/02\/irpfrfb-1.jpg?fit=640%2C340&ssl=1&resize=350%2C200","width":350,"height":200,"srcset":"https:\/\/i0.wp.com\/cfcontabil.com\/cf\/wp-content\/uploads\/2017\/02\/irpfrfb-1.jpg?fit=640%2C340&ssl=1&resize=350%2C200 1x, https:\/\/i0.wp.com\/cfcontabil.com\/cf\/wp-content\/uploads\/2017\/02\/irpfrfb-1.jpg?fit=640%2C340&ssl=1&resize=525%2C300 1.5x"},"classes":[]}],"jetpack_likes_enabled":true,"_links":{"self":[{"href":"https:\/\/cfcontabil.com\/cf\/wp-json\/wp\/v2\/posts\/1236","targetHints":{"allow":["GET"]}}],"collection":[{"href":"https:\/\/cfcontabil.com\/cf\/wp-json\/wp\/v2\/posts"}],"about":[{"href":"https:\/\/cfcontabil.com\/cf\/wp-json\/wp\/v2\/types\/post"}],"author":[{"embeddable":true,"href":"https:\/\/cfcontabil.com\/cf\/wp-json\/wp\/v2\/users\/3"}],"replies":[{"embeddable":true,"href":"https:\/\/cfcontabil.com\/cf\/wp-json\/wp\/v2\/comments?post=1236"}],"version-history":[{"count":0,"href":"https:\/\/cfcontabil.com\/cf\/wp-json\/wp\/v2\/posts\/1236\/revisions"}],"wp:featuredmedia":[{"embeddable":true,"href":"https:\/\/cfcontabil.com\/cf\/wp-json\/wp\/v2\/media\/1504"}],"wp:attachment":[{"href":"https:\/\/cfcontabil.com\/cf\/wp-json\/wp\/v2\/media?parent=1236"}],"wp:term":[{"taxonomy":"category","embeddable":true,"href":"https:\/\/cfcontabil.com\/cf\/wp-json\/wp\/v2\/categories?post=1236"},{"taxonomy":"post_tag","embeddable":true,"href":"https:\/\/cfcontabil.com\/cf\/wp-json\/wp\/v2\/tags?post=1236"}],"curies":[{"name":"wp","href":"https:\/\/api.w.org\/{rel}","templated":true}]}}