{"id":1237,"date":"2017-03-08T12:00:06","date_gmt":"2017-03-08T15:00:06","guid":{"rendered":"http:\/\/cfcontabil.com\/cf\/?p=1031"},"modified":"2017-03-08T12:00:06","modified_gmt":"2017-03-08T15:00:06","slug":"adesoes-ao-prt-da-pgfn-ultrapassam-o-montante-de-r-23-bilhoes-no-primeiro-mes","status":"publish","type":"post","link":"https:\/\/cfcontabil.com\/cf\/adesoes-ao-prt-da-pgfn-ultrapassam-o-montante-de-r-23-bilhoes-no-primeiro-mes\/","title":{"rendered":"Ades\u00f5es ao PRT da PGFN ultrapassam o montante de R$ 2,3 bilh\u00f5es no primeiro m\u00eas"},"content":{"rendered":"<p style=\"text-align: justify;\">Mais de 8 mil contribuintes aderiram ao benef\u00edcio. Atente-se para as datas.<\/p>\n<p>No primeiro m\u00eas de ades\u00f5es ao Programa de Regulariza\u00e7\u00e3o Tribut\u00e1ria (PRT) da Procuradoria-Geral da Fazenda Nacional (PGFN) mais de 8 mil contribuintes aderiram ao programa, o que representa um montante que supera os R$ 2,3 bilh\u00f5es. O PRT foi institu\u00eddo por meio da Medida Provis\u00f3ria n\u00b0 766, de janeiro de 2017.<\/p>\n<p>Importante destacar que desse total, mais de R$ 1,5 bilh\u00e3o representam parcelamentos deferidos e j\u00e1 consolidados no programa. Isto porque, diferentemente de outros parcelamentos especiais, a PGFN conseguiu desenvolver um sistema que, no pr\u00f3prio m\u00eas de ades\u00e3o, j\u00e1 faz a consolida\u00e7\u00e3o dos d\u00e9bitos. Isso significa que os contribuintes j\u00e1 passam a pagar o valor efetivamente devido desde a ades\u00e3o. Outros R$ 800 milh\u00f5es em pedidos de ades\u00e3o ainda aguardam deferimento.<\/p>\n<p>Vale lembrar que as ades\u00f5es \u00e0s modalidades n\u00e3o previdenci\u00e1rias do PRT da PGFN se iniciaram no dia 06\/02\/2017 e ir\u00e3o at\u00e9 o dia 05\/06\/2017. A partir da pr\u00f3xima segunda-feira (6), os contribuintes poder\u00e3o aderir \u00e0s modalidades de d\u00e9bitos previdenci\u00e1rios no e-CAC da PGFN e \u00e0s modalidades de d\u00e9bitos relativos \u00e0 contribui\u00e7\u00e3o social da Lei Complementar 110\/2001.<\/p>\n<p style=\"text-align: justify;\"><!--more--><\/p>\n<p style=\"text-align: justify;\">Fonte:\u00a0PGFN de 02.03.2017<\/p>\n","protected":false},"excerpt":{"rendered":"<p>Mais de 8 mil contribuintes aderiram ao benef\u00edcio. Atente-se para as datas. No primeiro m\u00eas de ades\u00f5es ao Programa de Regulariza\u00e7\u00e3o Tribut\u00e1ria (PRT) da Procuradoria-Geral da Fazenda Nacional (PGFN) mais de 8 mil contribuintes aderiram ao programa, o que representa um montante que supera os R$ 2,3 bilh\u00f5es. O PRT foi institu\u00eddo por meio da [&hellip;]<\/p>\n","protected":false},"author":3,"featured_media":1495,"comment_status":"open","ping_status":"open","sticky":false,"template":"","format":"standard","meta":{"jetpack_post_was_ever_published":false,"_jetpack_newsletter_access":"","_jetpack_dont_email_post_to_subs":false,"_jetpack_newsletter_tier_id":0,"_jetpack_memberships_contains_paywalled_content":false,"_jetpack_memberships_contains_paid_content":false,"footnotes":"","jetpack_publicize_message":"","jetpack_publicize_feature_enabled":true,"jetpack_social_post_already_shared":true,"jetpack_social_options":{"image_generator_settings":{"template":"highway","default_image_id":0,"font":"","enabled":false},"version":2}},"categories":[46],"tags":[123,113,441,188,399,296,297],"class_list":["post-1237","post","type-post","status-publish","format-standard","has-post-thumbnail","hentry","category-df","tag-debitos","tag-parcelamento","tag-pgfn","tag-programa","tag-prt","tag-regularizacao","tag-tributaria"],"jetpack_publicize_connections":[],"jetpack_featured_media_url":"https:\/\/i0.wp.com\/cfcontabil.com\/cf\/wp-content\/uploads\/2017\/02\/receita-federal-1-1.png?fit=702%2C325&ssl=1","jetpack_sharing_enabled":true,"jetpack_shortlink":"https:\/\/wp.me\/p2wklX-jX","jetpack-related-posts":[{"id":1230,"url":"https:\/\/cfcontabil.com\/cf\/programa-de-regularizacao-tributaria-prt-e-oportunidade-para-retomada-de-negocios\/","url_meta":{"origin":1237,"position":0},"title":"Programa de Regulariza\u00e7\u00e3o Tribut\u00e1ria (PRT) \u00e9 oportunidade para retomada de neg\u00f3cios","author":"Ab\u00edlio Gon\u00e7alves","date":"6 de mar\u00e7o de 2017","format":false,"excerpt":"O PRT estabeleceu condi\u00e7\u00f5es especiais para pagamento de d\u00edvidas de empresas e pessoas f\u00edsicas Com os objetivos de reduzir lit\u00edgios tribut\u00e1rios e promover a regulariza\u00e7\u00e3o fiscal, o Governo Federal lan\u00e7ou, por meio da Medida Provis\u00f3ria 766, de 2017, o Programa de Regulariza\u00e7\u00e3o Tribut\u00e1ria (PRT), por meio do qual poder\u00e3o ser\u2026","rel":"","context":"Em &quot;Departamento Fiscal&quot;","block_context":{"text":"Departamento Fiscal","link":"https:\/\/cfcontabil.com\/cf\/category\/df\/"},"img":{"alt_text":"","src":"https:\/\/i0.wp.com\/cfcontabil.com\/cf\/wp-content\/uploads\/2017\/02\/receita-federal-1-1.png?fit=702%2C325&ssl=1&resize=350%2C200","width":350,"height":200,"srcset":"https:\/\/i0.wp.com\/cfcontabil.com\/cf\/wp-content\/uploads\/2017\/02\/receita-federal-1-1.png?fit=702%2C325&ssl=1&resize=350%2C200 1x, https:\/\/i0.wp.com\/cfcontabil.com\/cf\/wp-content\/uploads\/2017\/02\/receita-federal-1-1.png?fit=702%2C325&ssl=1&resize=525%2C300 1.5x, https:\/\/i0.wp.com\/cfcontabil.com\/cf\/wp-content\/uploads\/2017\/02\/receita-federal-1-1.png?fit=702%2C325&ssl=1&resize=700%2C400 2x"},"classes":[]},{"id":925,"url":"https:\/\/cfcontabil.com\/cf\/empresas-pessoas-fisicas-e-orgaos-publicos-poderao-pagar-dividas-vencidas-ate-30-11-2016-usando-creditos-de-prejuizo-fiscal-inclusive-com-a-previdencia\/","url_meta":{"origin":1237,"position":1},"title":"Empresas, pessoas f\u00edsicas e \u00f3rg\u00e3os p\u00fablicos poder\u00e3o pagar d\u00edvidas vencidas at\u00e9 30.11.2016 usando cr\u00e9ditos de preju\u00edzo fiscal, inclusive com a Previd\u00eancia","author":"Ab\u00edlio Gon\u00e7alves","date":"9 de fevereiro de 2017","format":false,"excerpt":"A partir de quarta (01\/02) os contribuintes - tanto pessoas f\u00edsicas quanto jur\u00eddicas e \u00f3rg\u00e3os do poder p\u00fablico - poder\u00e3o regularizar sua situa\u00e7\u00e3o tribut\u00e1ria perante a Receita Federal do Brasil, seguindo as condi\u00e7\u00f5es especiais determinadas pelo Programa de Regulariza\u00e7\u00e3o Tribut\u00e1ria(PRT). A ades\u00e3o poder\u00e1 ser feita por um prazo de 120\u2026","rel":"","context":"Em &quot;Geral&quot;","block_context":{"text":"Geral","link":"https:\/\/cfcontabil.com\/cf\/category\/geral\/"},"img":{"alt_text":"","src":"https:\/\/i0.wp.com\/cfcontabil.com\/cf\/wp-content\/uploads\/2016\/03\/dinheiro-1.jpg?fit=661%2C351&ssl=1&resize=350%2C200","width":350,"height":200,"srcset":"https:\/\/i0.wp.com\/cfcontabil.com\/cf\/wp-content\/uploads\/2016\/03\/dinheiro-1.jpg?fit=661%2C351&ssl=1&resize=350%2C200 1x, https:\/\/i0.wp.com\/cfcontabil.com\/cf\/wp-content\/uploads\/2016\/03\/dinheiro-1.jpg?fit=661%2C351&ssl=1&resize=525%2C300 1.5x"},"classes":[]},{"id":1216,"url":"https:\/\/cfcontabil.com\/cf\/entenda-como-aderir-ao-programa-de-regularizacao-tributaria\/","url_meta":{"origin":1237,"position":2},"title":"Entenda como aderir ao Programa de Regulariza\u00e7\u00e3o Tribut\u00e1ria","author":"Ab\u00edlio Gon\u00e7alves","date":"21 de fevereiro de 2017","format":false,"excerpt":"A op\u00e7\u00e3o pelo Programa \u00e9 feita no site da Receita Federal Com o intuito de facilitar a compreens\u00e3o das regras do Programa, foi publicado no s\u00edtio da Receita Federal, na Internet, documento contendo informa\u00e7\u00f5es b\u00e1sicas ao contribuinte, bem como um passo a passo com o roteiro para a ades\u00e3o. A\u2026","rel":"","context":"Em &quot;Departamento Fiscal&quot;","block_context":{"text":"Departamento Fiscal","link":"https:\/\/cfcontabil.com\/cf\/category\/df\/"},"img":{"alt_text":"","src":"https:\/\/i0.wp.com\/cfcontabil.com\/cf\/wp-content\/uploads\/2017\/02\/receita-federal-1-1.png?fit=702%2C325&ssl=1&resize=350%2C200","width":350,"height":200,"srcset":"https:\/\/i0.wp.com\/cfcontabil.com\/cf\/wp-content\/uploads\/2017\/02\/receita-federal-1-1.png?fit=702%2C325&ssl=1&resize=350%2C200 1x, https:\/\/i0.wp.com\/cfcontabil.com\/cf\/wp-content\/uploads\/2017\/02\/receita-federal-1-1.png?fit=702%2C325&ssl=1&resize=525%2C300 1.5x, https:\/\/i0.wp.com\/cfcontabil.com\/cf\/wp-content\/uploads\/2017\/02\/receita-federal-1-1.png?fit=702%2C325&ssl=1&resize=700%2C400 2x"},"classes":[]},{"id":1282,"url":"https:\/\/cfcontabil.com\/cf\/receita-federal-encaminhara-debitos-para-inscricao-em-divida-ativa-da-uniao-em-setembro\/","url_meta":{"origin":1237,"position":3},"title":"Receita Federal encaminhar\u00e1 d\u00e9bitos para inscri\u00e7\u00e3o em D\u00edvida Ativa da Uni\u00e3o em setembro","author":"Ab\u00edlio Gon\u00e7alves","date":"29 de agosto de 2017","format":false,"excerpt":"A inscri\u00e7\u00e3o em d\u00edvida ativa implica a incid\u00eancias de encargos legais no \u00e2mbito da execu\u00e7\u00e3o fiscal A Receita Federal informa que no in\u00edcio de setembro de 2017 encaminhar\u00e1 para inscri\u00e7\u00e3o em D\u00edvida Ativa da Uni\u00e3o os d\u00e9bitos para os quais j\u00e1 se encerraram as a\u00e7\u00f5es administrativas de cobran\u00e7a e que\u2026","rel":"","context":"Em &quot;Departamento Fiscal&quot;","block_context":{"text":"Departamento Fiscal","link":"https:\/\/cfcontabil.com\/cf\/category\/df\/"},"img":{"alt_text":"","src":"https:\/\/i0.wp.com\/cfcontabil.com\/cf\/wp-content\/uploads\/2017\/02\/receita-federal-1-1.png?fit=702%2C325&ssl=1&resize=350%2C200","width":350,"height":200,"srcset":"https:\/\/i0.wp.com\/cfcontabil.com\/cf\/wp-content\/uploads\/2017\/02\/receita-federal-1-1.png?fit=702%2C325&ssl=1&resize=350%2C200 1x, https:\/\/i0.wp.com\/cfcontabil.com\/cf\/wp-content\/uploads\/2017\/02\/receita-federal-1-1.png?fit=702%2C325&ssl=1&resize=525%2C300 1.5x, https:\/\/i0.wp.com\/cfcontabil.com\/cf\/wp-content\/uploads\/2017\/02\/receita-federal-1-1.png?fit=702%2C325&ssl=1&resize=700%2C400 2x"},"classes":[]},{"id":1327,"url":"https:\/\/cfcontabil.com\/cf\/receita-federal-regulamenta-prestacoes-de-informacoes-no-ambito-do-prt\/","url_meta":{"origin":1237,"position":4},"title":"Receita Federal regulamenta presta\u00e7\u00f5es de informa\u00e7\u00f5es no \u00e2mbito do PRT","author":"Ab\u00edlio Gon\u00e7alves","date":"12 de junho de 2018","format":false,"excerpt":"As informa\u00e7\u00f5es s\u00e3o necess\u00e1rias \u00e0 consolida\u00e7\u00e3o dos demais d\u00e9bitos Foi\u00a0publicada, no Di\u00e1rio Oficial da Uni\u00e3o desta\u00a0segunda-feira, dia 11 de junho, a\u00a0Instru\u00e7\u00e3o Normativa RFB n\u00ba 1.809, de 2018, que disp\u00f5e sobre a presta\u00e7\u00e3o das informa\u00e7\u00f5es necess\u00e1rias \u00e0 consolida\u00e7\u00e3o dos demais d\u00e9bitos ( n\u00e3o previdenci\u00e1rios) a serem regularizados na forma do Programa\u2026","rel":"","context":"Em &quot;Departamento Fiscal&quot;","block_context":{"text":"Departamento Fiscal","link":"https:\/\/cfcontabil.com\/cf\/category\/df\/"},"img":{"alt_text":"","src":"https:\/\/i0.wp.com\/cfcontabil.com\/cf\/wp-content\/uploads\/2017\/02\/receita-federal-1-1.png?fit=702%2C325&ssl=1&resize=350%2C200","width":350,"height":200,"srcset":"https:\/\/i0.wp.com\/cfcontabil.com\/cf\/wp-content\/uploads\/2017\/02\/receita-federal-1-1.png?fit=702%2C325&ssl=1&resize=350%2C200 1x, https:\/\/i0.wp.com\/cfcontabil.com\/cf\/wp-content\/uploads\/2017\/02\/receita-federal-1-1.png?fit=702%2C325&ssl=1&resize=525%2C300 1.5x, https:\/\/i0.wp.com\/cfcontabil.com\/cf\/wp-content\/uploads\/2017\/02\/receita-federal-1-1.png?fit=702%2C325&ssl=1&resize=700%2C400 2x"},"classes":[]},{"id":1045,"url":"https:\/\/cfcontabil.com\/cf\/adesao-ao-parcelamento-especial-de-debitos-do-simples-nacional-se-encerra-no-proximo-dia-10\/","url_meta":{"origin":1237,"position":5},"title":"Ades\u00e3o ao parcelamento especial de d\u00e9bitos do Simples Nacional se encerra no pr\u00f3ximo dia 10","author":"Ab\u00edlio Gon\u00e7alves","date":"9 de mar\u00e7o de 2017","format":false,"excerpt":"O contribuinte que pretende aderir ao parcelamento especial de d\u00e9bitos do Simples Nacional inscritos em D\u00edvida Ativa da Uni\u00e3o (DAU) precisa estar atento. O prazo para ades\u00e3o a essa modalidade de parcelamento se encerra no pr\u00f3ximo dia 10 de mar\u00e7o. O parcelamento foi regulamentado pela Portaria PGFN n\u00b0 1.110 de\u2026","rel":"","context":"Em &quot;Departamento Fiscal&quot;","block_context":{"text":"Departamento Fiscal","link":"https:\/\/cfcontabil.com\/cf\/category\/df\/"},"img":{"alt_text":"","src":"https:\/\/i0.wp.com\/cfcontabil.com\/cf\/wp-content\/uploads\/2017\/01\/simples-1.jpg?fit=520%2C271&ssl=1&resize=350%2C200","width":350,"height":200},"classes":[]}],"jetpack_likes_enabled":true,"_links":{"self":[{"href":"https:\/\/cfcontabil.com\/cf\/wp-json\/wp\/v2\/posts\/1237","targetHints":{"allow":["GET"]}}],"collection":[{"href":"https:\/\/cfcontabil.com\/cf\/wp-json\/wp\/v2\/posts"}],"about":[{"href":"https:\/\/cfcontabil.com\/cf\/wp-json\/wp\/v2\/types\/post"}],"author":[{"embeddable":true,"href":"https:\/\/cfcontabil.com\/cf\/wp-json\/wp\/v2\/users\/3"}],"replies":[{"embeddable":true,"href":"https:\/\/cfcontabil.com\/cf\/wp-json\/wp\/v2\/comments?post=1237"}],"version-history":[{"count":0,"href":"https:\/\/cfcontabil.com\/cf\/wp-json\/wp\/v2\/posts\/1237\/revisions"}],"wp:featuredmedia":[{"embeddable":true,"href":"https:\/\/cfcontabil.com\/cf\/wp-json\/wp\/v2\/media\/1495"}],"wp:attachment":[{"href":"https:\/\/cfcontabil.com\/cf\/wp-json\/wp\/v2\/media?parent=1237"}],"wp:term":[{"taxonomy":"category","embeddable":true,"href":"https:\/\/cfcontabil.com\/cf\/wp-json\/wp\/v2\/categories?post=1237"},{"taxonomy":"post_tag","embeddable":true,"href":"https:\/\/cfcontabil.com\/cf\/wp-json\/wp\/v2\/tags?post=1237"}],"curies":[{"name":"wp","href":"https:\/\/api.w.org\/{rel}","templated":true}]}}