{"id":1238,"date":"2017-06-26T16:34:55","date_gmt":"2017-06-26T19:34:55","guid":{"rendered":"http:\/\/cfcontabil.com\/cf\/?p=1201"},"modified":"2017-06-26T16:34:55","modified_gmt":"2017-06-26T19:34:55","slug":"resolucao-cfc-n-14452013-passara-por-mudancas","status":"publish","type":"post","link":"https:\/\/cfcontabil.com\/cf\/resolucao-cfc-n-14452013-passara-por-mudancas\/","title":{"rendered":"Resolu\u00e7\u00e3o CFC n\u00b0 1445\/2013 passar\u00e1 por mudan\u00e7as"},"content":{"rendered":"<p>Integrantes da comiss\u00e3o constitu\u00edda para capacita\u00e7\u00e3o e acompanhamento dos procedimentos a serem observados pelos profissionais e organiza\u00e7\u00f5es cont\u00e1beis, para cumprimento das obriga\u00e7\u00f5es previstas na Resolu\u00e7\u00e3o CFC n\u00b0 1445\/2013, est\u00e3o reunidos na sede do CFC, em Bras\u00edlia (DF).<\/p>\n<p>A pauta prev\u00ea a discuss\u00e3o das mudan\u00e7as sugeridas na Resolu\u00e7\u00e3o que esteve em audi\u00eancia restrita entre os membros da Comiss\u00e3o, Conselhos Regionais de Contabilidade (CRCs), Fenacon e Ibracon.<\/p>\n<p>Segundo o vice-presidente de \u00c9tica, Fiscaliza\u00e7\u00e3o e Disciplina do CFC, Luiz Fernando N\u00f3brega, \u201cas mudan\u00e7as sugeridas na Resolu\u00e7\u00e3o ir\u00e3o simplificar a interpreta\u00e7\u00e3o, por parte dos profissionais, para a aplica\u00e7\u00e3o da norma\u201d.<\/p>\n<p>Aprovada no Plen\u00e1rio do CFC, em 2013, a Resolu\u00e7\u00e3o, que disciplina como os profissionais e as organiza\u00e7\u00f5es cont\u00e1beis dever\u00e3o informar ao Conselho de Controle de Atividades Financeiras (Coaf), tem por objetivo estabelecer normas gerais de preven\u00e7\u00e3o \u00e0 lavagem de dinheiro e ao financiamento do terrorismo. Profissionais e organiza\u00e7\u00f5es cont\u00e1beis que prestem, mesmo que eventualmente, servi\u00e7os de assessoria, consultoria, contadoria, auditoria, aconselhamento ou assist\u00eancia, de qualquer natureza est\u00e3o sujeitos ao devido cumprimento do dispositivo.<\/p>\n<p>A Resolu\u00e7\u00e3o CFC n\u00b0 1.445\/2013 transformou a Lei n\u00b0 12.683\/2012 em um instrumento de valoriza\u00e7\u00e3o profissional, cuja classe se afasta do mau cliente e cria uma nova cultura de valores e conduta profissional pautados na legalidade.<\/p>\n<p>Em dezembro de 2013, o CFC e o Coaf firmaram conv\u00eanio de coopera\u00e7\u00e3o t\u00e9cnica que prev\u00ea que as entidades troquem informa\u00e7\u00f5es sobre profissionais e organiza\u00e7\u00f5es cont\u00e1beis obrigados nos termos da Resolu\u00e7\u00e3o CFC n\u00b0 1.445\/2013. O Coaf tem acesso \u00e0 rela\u00e7\u00e3o de CPF e CNPJ das pessoas f\u00edsicas e jur\u00eddicas cadastradas no CFC.<\/p>\n<p>As mudan\u00e7as sugeridas na Resolu\u00e7\u00e3o ser\u00e3o levadas para aprova\u00e7\u00e3o do Plen\u00e1rio do CFC em agosto. A Comiss\u00e3o \u00e9 integrada por Luiz Fernando N\u00f3brega, Jo\u00e3o Alfredo de Souza Ramos, Marco Aur\u00e9lio Fuchida, Ricardo Roberto Monello, Enory Luiz Spinelli, Ricardo da Silva Carvalho e Rodrigo Magalh\u00e3es.<\/p>\n<p>Fonte: CFC<\/p>\n","protected":false},"excerpt":{"rendered":"<p>Integrantes da comiss\u00e3o constitu\u00edda para capacita\u00e7\u00e3o e acompanhamento dos procedimentos a serem observados pelos profissionais e organiza\u00e7\u00f5es cont\u00e1beis, para cumprimento das obriga\u00e7\u00f5es previstas na Resolu\u00e7\u00e3o CFC n\u00b0 1445\/2013, est\u00e3o reunidos na sede do CFC, em Bras\u00edlia (DF). A pauta prev\u00ea a discuss\u00e3o das mudan\u00e7as sugeridas na Resolu\u00e7\u00e3o que esteve em audi\u00eancia restrita entre os membros [&hellip;]<\/p>\n","protected":false},"author":3,"featured_media":663,"comment_status":"open","ping_status":"open","sticky":false,"template":"","format":"standard","meta":{"jetpack_post_was_ever_published":false,"_jetpack_newsletter_access":"","_jetpack_dont_email_post_to_subs":false,"_jetpack_newsletter_tier_id":0,"_jetpack_memberships_contains_paywalled_content":false,"_jetpack_memberships_contains_paid_content":false,"footnotes":"","jetpack_publicize_message":"","jetpack_publicize_feature_enabled":true,"jetpack_social_post_already_shared":true,"jetpack_social_options":{"image_generator_settings":{"template":"highway","default_image_id":0,"font":"","enabled":false},"version":2}},"categories":[22],"tags":[320,331,198,525],"class_list":["post-1238","post","type-post","status-publish","format-standard","has-post-thumbnail","hentry","category-geral","tag-cfc","tag-coaf","tag-convenio","tag-resolucao"],"jetpack_publicize_connections":[],"jetpack_featured_media_url":"https:\/\/i0.wp.com\/cfcontabil.com\/cf\/wp-content\/uploads\/2013\/01\/contabilidade-online-2.png?fit=500%2C325&ssl=1","jetpack_sharing_enabled":true,"jetpack_shortlink":"https:\/\/wp.me\/p2wklX-jY","jetpack-related-posts":[{"id":873,"url":"https:\/\/cfcontabil.com\/cf\/declaracao-negativa-referente-ao-exercicio-de-2016\/","url_meta":{"origin":1238,"position":0},"title":"&#8220;Declara\u00e7\u00e3o Negativa&#8221; referente ao exerc\u00edcio de 2016","author":"Ab\u00edlio Gon\u00e7alves","date":"25 de janeiro de 2017","format":false,"excerpt":"O prazo para os profissionais e organiza\u00e7\u00f5es cont\u00e1beis \u00e9 at\u00e9 o dia 31.01.17 Conforme estabelecido na Lei no 9.613\/98 e regulamentado atrav\u00e9s da Resolu\u00e7\u00e3o CFC n.\u00b0 1.445\/2013,\u00a0profissionais e organiza\u00e7\u00f5es cont\u00e1beis\u00a0que prestem, mesmo que eventualmente, servi\u00e7os de assessoria, consultoria, contadoria, auditoria, aconselhamento ou assist\u00eancia que qualquer natureza, que\u00a0n\u00e3o efetuaram comunica\u00e7\u00e3o de\u2026","rel":"","context":"Em &quot;Consultoria Empresarial&quot;","block_context":{"text":"Consultoria Empresarial","link":"https:\/\/cfcontabil.com\/cf\/category\/consultoria\/"},"img":{"alt_text":"","src":"","width":0,"height":0},"classes":[]},{"id":1061,"url":"https:\/\/cfcontabil.com\/cf\/prova-para-peritos-contabeis-abrangera-todas-as-areas-de-atuacao\/","url_meta":{"origin":1238,"position":1},"title":"Prova para peritos cont\u00e1beis abranger\u00e1 todas as \u00e1reas de atua\u00e7\u00e3o","author":"Ab\u00edlio Gon\u00e7alves","date":"14 de mar\u00e7o de 2017","format":false,"excerpt":"Comiss\u00e3o organizadora da prova est\u00e1 reunida para definir as quest\u00f5es. A Comiss\u00e3o Administradora do Exame de Qualidade T\u00e9cnica - Peritos Cont\u00e1beis (CAE-EQT-PC) reuniu-se nesta quinta (9) e sexta-feira (10), na sede do Conselho Federal de Contabilidade (CFC), em Bras\u00edlia, para elaborar e validar as quest\u00f5es do primeiro exame, que ser\u00e1\u2026","rel":"","context":"Em &quot;Geral&quot;","block_context":{"text":"Geral","link":"https:\/\/cfcontabil.com\/cf\/category\/geral\/"},"img":{"alt_text":"","src":"https:\/\/i0.wp.com\/cfcontabil.com\/cf\/wp-content\/uploads\/2017\/03\/perito-contabil-1.jpg?fit=424%2C283&ssl=1&resize=350%2C200","width":350,"height":200},"classes":[]},{"id":877,"url":"https:\/\/cfcontabil.com\/cf\/atraso-em-liberacao-de-programa-da-dirf-pode-comprometer-a-declaracao-de-imposto-de-renda\/","url_meta":{"origin":1238,"position":2},"title":"Atraso em libera\u00e7\u00e3o de programa da Dirf pode comprometer a declara\u00e7\u00e3o de imposto de renda","author":"Ab\u00edlio Gon\u00e7alves","date":"26 de janeiro de 2017","format":false,"excerpt":"CFC encaminhou\u00a0of\u00edcio para Receita solicitando a imediata disponibiliza\u00e7\u00e3o de programa de transmiss\u00e3o da DIRF O Conselho Federal de Contabilidade (CFC) enviou, nesta ter\u00e7a-feira (24), of\u00edcio ao secret\u00e1rio da Receita Federal, Jorge Rachid, pedindo a prorroga\u00e7\u00e3o do prazo de entrega da Declara\u00e7\u00e3o do Imposto de Renda Retido na Fonte (Dirf), previsto\u2026","rel":"","context":"Em &quot;Departamento Pessoal&quot;","block_context":{"text":"Departamento Pessoal","link":"https:\/\/cfcontabil.com\/cf\/category\/dp\/"},"img":{"alt_text":"","src":"https:\/\/i0.wp.com\/cfcontabil.com\/cf\/wp-content\/uploads\/2017\/01\/DIRF_698x57613-1.jpg?fit=1000%2C826&ssl=1&resize=350%2C200","width":350,"height":200,"srcset":"https:\/\/i0.wp.com\/cfcontabil.com\/cf\/wp-content\/uploads\/2017\/01\/DIRF_698x57613-1.jpg?fit=1000%2C826&ssl=1&resize=350%2C200 1x, https:\/\/i0.wp.com\/cfcontabil.com\/cf\/wp-content\/uploads\/2017\/01\/DIRF_698x57613-1.jpg?fit=1000%2C826&ssl=1&resize=525%2C300 1.5x, https:\/\/i0.wp.com\/cfcontabil.com\/cf\/wp-content\/uploads\/2017\/01\/DIRF_698x57613-1.jpg?fit=1000%2C826&ssl=1&resize=700%2C400 2x"},"classes":[]},{"id":840,"url":"https:\/\/cfcontabil.com\/cf\/vice-presidente-do-cfc-alerta-contribuinte-ja-pode-se-preparar-para-novo-refis\/","url_meta":{"origin":1238,"position":3},"title":"Vice-presidente do CFC alerta: Contribuinte j\u00e1 pode se preparar para \u201cnovo Refis\u201d","author":"Ab\u00edlio Gon\u00e7alves","date":"20 de janeiro de 2017","format":false,"excerpt":"Separar d\u00e9bitos at\u00e9 a data estipulada pelo governo \u00e9 o primeiro passo para quem pretende aderir ao Programa Ap\u00f3s o an\u00fancio pelo governo da Medida Provis\u00f3ria (MP) 766, que institui o Programa de Regulariza\u00e7\u00e3o Tribut\u00e1ria (PRT), os contribuintes - pessoas f\u00edsicas e empresas - j\u00e1 podem se preparar para regularizar\u2026","rel":"","context":"Em &quot;Consultoria Empresarial&quot;","block_context":{"text":"Consultoria Empresarial","link":"https:\/\/cfcontabil.com\/cf\/category\/consultoria\/"},"img":{"alt_text":"","src":"https:\/\/i0.wp.com\/cfcontabil.com\/cf\/wp-content\/uploads\/2017\/01\/PLANEJAMENTO_ESTRATGICO_2-1.jpg?fit=580%2C400&ssl=1&resize=350%2C200","width":350,"height":200,"srcset":"https:\/\/i0.wp.com\/cfcontabil.com\/cf\/wp-content\/uploads\/2017\/01\/PLANEJAMENTO_ESTRATGICO_2-1.jpg?fit=580%2C400&ssl=1&resize=350%2C200 1x, https:\/\/i0.wp.com\/cfcontabil.com\/cf\/wp-content\/uploads\/2017\/01\/PLANEJAMENTO_ESTRATGICO_2-1.jpg?fit=580%2C400&ssl=1&resize=525%2C300 1.5x"},"classes":[]},{"id":923,"url":"https:\/\/cfcontabil.com\/cf\/em-2017-numero-de-declaracoes-de-nao-ocorrencia-de-operacoes-ao-coaf-supera-o-de-2016\/","url_meta":{"origin":1238,"position":4},"title":"Em 2017, n\u00famero de Declara\u00e7\u00f5es de N\u00e3o Ocorr\u00eancia de Opera\u00e7\u00f5es ao Coaf supera o de 2016","author":"Ab\u00edlio Gon\u00e7alves","date":"7 de fevereiro de 2017","format":false,"excerpt":"A vice-presid\u00eancia de Fiscaliza\u00e7\u00e3o, \u00c9tica e Disciplina do Conselho Federal de Contabilidade (CFC) divulgou, nesta semana, o n\u00famero de Comunica\u00e7\u00e3o de N\u00e3o Ocorr\u00eancia de Opera\u00e7\u00f5es ao Conselho de Atividades Financeiras (Coaf), realizada durante todo o m\u00eas de janeiro. O total de Declara\u00e7\u00e3o foi de 150.184 mil, 20.97% maior que 2016.\u2026","rel":"","context":"Em &quot;Departamento Fiscal&quot;","block_context":{"text":"Departamento Fiscal","link":"https:\/\/cfcontabil.com\/cf\/category\/df\/"},"img":{"alt_text":"","src":"https:\/\/i0.wp.com\/cfcontabil.com\/cf\/wp-content\/uploads\/2016\/04\/notebook-1.jpg?fit=627%2C400&ssl=1&resize=350%2C200","width":350,"height":200,"srcset":"https:\/\/i0.wp.com\/cfcontabil.com\/cf\/wp-content\/uploads\/2016\/04\/notebook-1.jpg?fit=627%2C400&ssl=1&resize=350%2C200 1x, https:\/\/i0.wp.com\/cfcontabil.com\/cf\/wp-content\/uploads\/2016\/04\/notebook-1.jpg?fit=627%2C400&ssl=1&resize=525%2C300 1.5x"},"classes":[]},{"id":2293,"url":"https:\/\/cfcontabil.com\/cf\/dia-do-trabalho-pandemia-da-covid-19-trouxe-mudancas-na-rotina-dos-profissionais-da-contabilidade\/","url_meta":{"origin":1238,"position":5},"title":"Dia do Trabalho: Pandemia da Covid-19 trouxe mudan\u00e7as na rotina dos profissionais da contabilidade","author":"Ab\u00edlio Gon\u00e7alves","date":"5 de maio de 2020","format":false,"excerpt":"A limita\u00e7\u00e3o do contato social e da circula\u00e7\u00e3o de pessoas, como forma de combate e controle \u00e0 pandemia da Covid-19, e a crise econ\u00f4mica gerada pela doen\u00e7a impactaram diretamente na vida do trabalhador. Como um elo importante da cadeia econ\u00f4mica dos pa\u00edses, os profissionais da contabilidade sentem os efeitos da\u2026","rel":"","context":"Em &quot;Geral&quot;","block_context":{"text":"Geral","link":"https:\/\/cfcontabil.com\/cf\/category\/geral\/"},"img":{"alt_text":"","src":"https:\/\/i0.wp.com\/cfcontabil.com\/cf\/wp-content\/uploads\/2020\/04\/coronavirus-continentes-mundo.jpeg?resize=350%2C200","width":350,"height":200,"srcset":"https:\/\/i0.wp.com\/cfcontabil.com\/cf\/wp-content\/uploads\/2020\/04\/coronavirus-continentes-mundo.jpeg?resize=350%2C200 1x, https:\/\/i0.wp.com\/cfcontabil.com\/cf\/wp-content\/uploads\/2020\/04\/coronavirus-continentes-mundo.jpeg?resize=525%2C300 1.5x"},"classes":[]}],"jetpack_likes_enabled":true,"_links":{"self":[{"href":"https:\/\/cfcontabil.com\/cf\/wp-json\/wp\/v2\/posts\/1238","targetHints":{"allow":["GET"]}}],"collection":[{"href":"https:\/\/cfcontabil.com\/cf\/wp-json\/wp\/v2\/posts"}],"about":[{"href":"https:\/\/cfcontabil.com\/cf\/wp-json\/wp\/v2\/types\/post"}],"author":[{"embeddable":true,"href":"https:\/\/cfcontabil.com\/cf\/wp-json\/wp\/v2\/users\/3"}],"replies":[{"embeddable":true,"href":"https:\/\/cfcontabil.com\/cf\/wp-json\/wp\/v2\/comments?post=1238"}],"version-history":[{"count":0,"href":"https:\/\/cfcontabil.com\/cf\/wp-json\/wp\/v2\/posts\/1238\/revisions"}],"wp:featuredmedia":[{"embeddable":true,"href":"https:\/\/cfcontabil.com\/cf\/wp-json\/wp\/v2\/media\/663"}],"wp:attachment":[{"href":"https:\/\/cfcontabil.com\/cf\/wp-json\/wp\/v2\/media?parent=1238"}],"wp:term":[{"taxonomy":"category","embeddable":true,"href":"https:\/\/cfcontabil.com\/cf\/wp-json\/wp\/v2\/categories?post=1238"},{"taxonomy":"post_tag","embeddable":true,"href":"https:\/\/cfcontabil.com\/cf\/wp-json\/wp\/v2\/tags?post=1238"}],"curies":[{"name":"wp","href":"https:\/\/api.w.org\/{rel}","templated":true}]}}