{"id":1239,"date":"2017-06-27T14:46:57","date_gmt":"2017-06-27T17:46:57","guid":{"rendered":"http:\/\/cfcontabil.com\/cf\/?p=1203"},"modified":"2017-06-27T14:46:57","modified_gmt":"2017-06-27T17:46:57","slug":"lei-autoriza-diferenciacao-de-preco-para-compras-em-dinheiro-e-cartao","status":"publish","type":"post","link":"https:\/\/cfcontabil.com\/cf\/lei-autoriza-diferenciacao-de-preco-para-compras-em-dinheiro-e-cartao\/","title":{"rendered":"Lei autoriza diferencia\u00e7\u00e3o de pre\u00e7o para compras em dinheiro e cart\u00e3o"},"content":{"rendered":"<p>A partir desta ter\u00e7a-feira (27), comerciantes est\u00e3o autorizados a oferecer pre\u00e7os diferenciados para pagamentos em dinheiro ou cart\u00e3o de cr\u00e9dito ou d\u00e9bito. O texto foi sancionado sem vetos nesta segunda-feira (26) em cerim\u00f4nia no Pal\u00e1cio do Planalto pelo presidente da Rep\u00fablica, Michel Temer, e vai entrar em vigor amanh\u00e3, com a publica\u00e7\u00e3o da lei no Di\u00e1rio Oficial da Uni\u00e3o.<\/p>\n<p>A nova lei tem origem no Projeto de Lei de Convers\u00e3o 6\/2017, decorrente da Medida Provis\u00f3ria (MP) 764\/2016 e aprovado no Senado no \u00faltimo dia 31.<\/p>\n<p>O texto tamb\u00e9m obriga o fornecedor a informar, em local vis\u00edvel ao consumidor, os descontos oferecidos em fun\u00e7\u00e3o do meio e do prazo de pagamento. Se ele n\u00e3o cumprir a determina\u00e7\u00e3o, ficar\u00e1 sujeito a multas previstas no C\u00f3digo de Defesa do Consumidor (Lei 8.078\/1990).<\/p>\n<p>Apesar de proibida em lei, a pr\u00e1tica j\u00e1 era adotada por muitos comerciantes, que ofereciam descontos para quem pagasse com dinheiro. Com a diferencia\u00e7\u00e3o na cobran\u00e7a, eles buscavam evitar as taxas cobradas pelos cart\u00f5es e a demora para receber o dinheiro.<\/p>\n<p>A proposta n\u00e3o obriga a diferencia\u00e7\u00e3o de pre\u00e7os, somente oferece essa possibilidade ao com\u00e9rcio. No entendimento do relator da medida provis\u00f3ria, deputado Marco Tebaldi (PSDB-SC), o est\u00edmulo ao pagamento \u00e0 vista e em dinheiro pode criar uma situa\u00e7\u00e3o de concorr\u00eancia que leve as administradoras de cart\u00e3o a baixar as taxas cobradas dos estabelecimentos comerciais.<\/p>\n<p>Segundo o Executivo, a diferencia\u00e7\u00e3o de pre\u00e7os beneficia empresas e consumidores e estimula queda no valor m\u00e9dio dos produtos. A medida tamb\u00e9m evitaria a pr\u00e1tica do chamado subs\u00eddio cruzado \u2014 quando os consumidores que n\u00e3o utilizam cart\u00e3o pagam o mesmo pre\u00e7o que os consumidores que utilizam esse sistema de pagamento, sobre o qual incidem taxas.<\/p>\n<p>Fonte:\u00a0Portal do Senado Federal<\/p>\n","protected":false},"excerpt":{"rendered":"<p>A partir desta ter\u00e7a-feira (27), comerciantes est\u00e3o autorizados a oferecer pre\u00e7os diferenciados para pagamentos em dinheiro ou cart\u00e3o de cr\u00e9dito ou d\u00e9bito. O texto foi sancionado sem vetos nesta segunda-feira (26) em cerim\u00f4nia no Pal\u00e1cio do Planalto pelo presidente da Rep\u00fablica, Michel Temer, e vai entrar em vigor amanh\u00e3, com a publica\u00e7\u00e3o da lei no [&hellip;]<\/p>\n","protected":false},"author":3,"featured_media":850,"comment_status":"open","ping_status":"open","sticky":false,"template":"","format":"standard","meta":{"jetpack_post_was_ever_published":false,"_jetpack_newsletter_access":"","_jetpack_dont_email_post_to_subs":false,"_jetpack_newsletter_tier_id":0,"_jetpack_memberships_contains_paywalled_content":false,"_jetpack_memberships_contains_paid_content":false,"footnotes":"","jetpack_publicize_message":"","jetpack_publicize_feature_enabled":true,"jetpack_social_post_already_shared":true,"jetpack_social_options":{"image_generator_settings":{"template":"highway","default_image_id":0,"font":"","enabled":false},"version":2}},"categories":[22],"tags":[526,527,528,342,529],"class_list":["post-1239","post","type-post","status-publish","format-standard","has-post-thumbnail","hentry","category-geral","tag-cartao","tag-compra","tag-dinheiro","tag-lei","tag-preco"],"jetpack_publicize_connections":[],"jetpack_featured_media_url":"https:\/\/i0.wp.com\/cfcontabil.com\/cf\/wp-content\/uploads\/2017\/01\/Moedas-1-real-1.jpg?fit=810%2C455&ssl=1","jetpack_sharing_enabled":true,"jetpack_shortlink":"https:\/\/wp.me\/p2wklX-jZ","jetpack-related-posts":[{"id":2617,"url":"https:\/\/cfcontabil.com\/cf\/empresas-oferecem-opcao-de-parcelar-boletos-bom-negocio-ou-cilada\/","url_meta":{"origin":1239,"position":0},"title":"Empresas oferecem op\u00e7\u00e3o de parcelar boletos: bom neg\u00f3cio ou cilada?","author":"Ab\u00edlio Gon\u00e7alves","date":"12 de agosto de 2021","format":false,"excerpt":"Empresas como o PicPay e o Nubank, por exemplo, oferecem fun\u00e7\u00e3o de parcelamento. Veja se vale a pena. Aquela antiga e famosa m\u00fasica da cantora pop Kelly Key, que diz: \"mais uma noite chega, e com ela, a depress\u00e3o\", frequentemente aparece como trilha sonora de memes, por refletir bem a\u2026","rel":"","context":"Em &quot;Geral&quot;","block_context":{"text":"Geral","link":"https:\/\/cfcontabil.com\/cf\/category\/geral\/"},"img":{"alt_text":"crop cheerful asian woman using ticket machine","src":"https:\/\/i0.wp.com\/cfcontabil.com\/cf\/wp-content\/uploads\/2021\/08\/pexels-photo-5225428.jpeg?fit=1200%2C800&ssl=1&resize=350%2C200","width":350,"height":200,"srcset":"https:\/\/i0.wp.com\/cfcontabil.com\/cf\/wp-content\/uploads\/2021\/08\/pexels-photo-5225428.jpeg?fit=1200%2C800&ssl=1&resize=350%2C200 1x, https:\/\/i0.wp.com\/cfcontabil.com\/cf\/wp-content\/uploads\/2021\/08\/pexels-photo-5225428.jpeg?fit=1200%2C800&ssl=1&resize=525%2C300 1.5x, https:\/\/i0.wp.com\/cfcontabil.com\/cf\/wp-content\/uploads\/2021\/08\/pexels-photo-5225428.jpeg?fit=1200%2C800&ssl=1&resize=700%2C400 2x, https:\/\/i0.wp.com\/cfcontabil.com\/cf\/wp-content\/uploads\/2021\/08\/pexels-photo-5225428.jpeg?fit=1200%2C800&ssl=1&resize=1050%2C600 3x"},"classes":[]},{"id":1105,"url":"https:\/\/cfcontabil.com\/cf\/sancionada-lei-que-estende-prazo-para-repatriacao-de-recursos\/","url_meta":{"origin":1239,"position":1},"title":"Sancionada lei que estende prazo para repatria\u00e7\u00e3o de recursos","author":"Ab\u00edlio Gon\u00e7alves","date":"4 de abril de 2017","format":false,"excerpt":"Foi sancionada sem vetos a lei que reabre o prazo para repatria\u00e7\u00e3o e regulariza\u00e7\u00e3o de ativos (bens, valores, cr\u00e9ditos e direitos) mantidos no exterior e n\u00e3o declarados. A Lei 13.428\/2017 foi sancionada na quinta-feira (30) pelo presidente Michel Temer e publicada nesta sexta-feira (31) no Di\u00e1rio Oficial da Uni\u00e3o. A\u2026","rel":"","context":"Em &quot;Departamento Fiscal&quot;","block_context":{"text":"Departamento Fiscal","link":"https:\/\/cfcontabil.com\/cf\/category\/df\/"},"img":{"alt_text":"","src":"https:\/\/i0.wp.com\/cfcontabil.com\/cf\/wp-content\/uploads\/2017\/02\/receita-federal-1-1.png?fit=702%2C325&ssl=1&resize=350%2C200","width":350,"height":200,"srcset":"https:\/\/i0.wp.com\/cfcontabil.com\/cf\/wp-content\/uploads\/2017\/02\/receita-federal-1-1.png?fit=702%2C325&ssl=1&resize=350%2C200 1x, https:\/\/i0.wp.com\/cfcontabil.com\/cf\/wp-content\/uploads\/2017\/02\/receita-federal-1-1.png?fit=702%2C325&ssl=1&resize=525%2C300 1.5x, https:\/\/i0.wp.com\/cfcontabil.com\/cf\/wp-content\/uploads\/2017\/02\/receita-federal-1-1.png?fit=702%2C325&ssl=1&resize=700%2C400 2x"},"classes":[]},{"id":856,"url":"https:\/\/cfcontabil.com\/cf\/tire-suas-duvidas-sobre-o-reajuste-do-seguro-desemprego\/","url_meta":{"origin":1239,"position":2},"title":"Tire suas d\u00favidas sobre o reajuste do seguro-desemprego","author":"Ab\u00edlio Gon\u00e7alves","date":"25 de janeiro de 2017","format":false,"excerpt":"Benef\u00edcio do seguro-desemprego come\u00e7ou a ser pago com reajuste a partir de\u00a0ter\u00e7a-feira (17) O Minist\u00e9rio do Trabalho liberou o lote de pagamento do Seguro-Desemprego com o reajuste das parcelas. Os novos valores levam em conta o sal\u00e1rio m\u00ednimo a partir de 1\u00b0 de janeiro de 2017 e a varia\u00e7\u00e3o do\u2026","rel":"","context":"Em &quot;Departamento Pessoal&quot;","block_context":{"text":"Departamento Pessoal","link":"https:\/\/cfcontabil.com\/cf\/category\/dp\/"},"img":{"alt_text":"","src":"https:\/\/i0.wp.com\/cfcontabil.com\/cf\/wp-content\/uploads\/2017\/01\/CTPStrabalho-1.jpg?fit=1200%2C781&ssl=1&resize=350%2C200","width":350,"height":200,"srcset":"https:\/\/i0.wp.com\/cfcontabil.com\/cf\/wp-content\/uploads\/2017\/01\/CTPStrabalho-1.jpg?fit=1200%2C781&ssl=1&resize=350%2C200 1x, https:\/\/i0.wp.com\/cfcontabil.com\/cf\/wp-content\/uploads\/2017\/01\/CTPStrabalho-1.jpg?fit=1200%2C781&ssl=1&resize=525%2C300 1.5x, https:\/\/i0.wp.com\/cfcontabil.com\/cf\/wp-content\/uploads\/2017\/01\/CTPStrabalho-1.jpg?fit=1200%2C781&ssl=1&resize=700%2C400 2x, https:\/\/i0.wp.com\/cfcontabil.com\/cf\/wp-content\/uploads\/2017\/01\/CTPStrabalho-1.jpg?fit=1200%2C781&ssl=1&resize=1050%2C600 3x"},"classes":[]},{"id":2189,"url":"https:\/\/cfcontabil.com\/cf\/bancos-anunciam-novos-horarios-de-funcionamento-das-agencias\/","url_meta":{"origin":1239,"position":3},"title":"Bancos anunciam novos hor\u00e1rios de funcionamento das ag\u00eancias","author":"Ab\u00edlio Gon\u00e7alves","date":"25 de mar\u00e7o de 2020","format":false,"excerpt":"Alguns oferecer\u00e3o atendimento exclusivo para grupos de risco Diante do avan\u00e7o da pandemia do novo coronav\u00edrus (Covid-2019) no pa\u00eds, Banco do Brasil, Caixa Econ\u00f4mica Federal, Santander e Bradesco est\u00e3o anunciando novos hor\u00e1rios de funcionamento tempor\u00e1rios para suas ag\u00eancias banc\u00e1rias de todo pa\u00eds. A partir dessa ter\u00e7a-feira (24), as ag\u00eancias do\u2026","rel":"","context":"Em &quot;Geral&quot;","block_context":{"text":"Geral","link":"https:\/\/cfcontabil.com\/cf\/category\/geral\/"},"img":{"alt_text":"","src":"https:\/\/i0.wp.com\/cfcontabil.com\/cf\/wp-content\/uploads\/2020\/03\/horariodefuncionamento.jpeg?fit=783%2C391&ssl=1&resize=350%2C200","width":350,"height":200,"srcset":"https:\/\/i0.wp.com\/cfcontabil.com\/cf\/wp-content\/uploads\/2020\/03\/horariodefuncionamento.jpeg?fit=783%2C391&ssl=1&resize=350%2C200 1x, https:\/\/i0.wp.com\/cfcontabil.com\/cf\/wp-content\/uploads\/2020\/03\/horariodefuncionamento.jpeg?fit=783%2C391&ssl=1&resize=525%2C300 1.5x, https:\/\/i0.wp.com\/cfcontabil.com\/cf\/wp-content\/uploads\/2020\/03\/horariodefuncionamento.jpeg?fit=783%2C391&ssl=1&resize=700%2C400 2x"},"classes":[]},{"id":3522,"url":"https:\/\/cfcontabil.com\/cf\/reforma-tributaria-por-que-fazer-um-diagnostico-do-seu-negocio-agora\/","url_meta":{"origin":1239,"position":4},"title":"Reforma Tribut\u00e1ria: por que fazer um diagn\u00f3stico do seu neg\u00f3cio agora?","author":"Ab\u00edlio Gon\u00e7alves","date":"18 de mar\u00e7o de 2026","format":false,"excerpt":"A Reforma Tribut\u00e1ria j\u00e1 saiu do papel e come\u00e7a a impactar o dia a dia das empresas brasileiras nos pr\u00f3ximos anos, com a cria\u00e7\u00e3o do IBS, da CBS e do Imposto Seletivo, que substituem uma s\u00e9rie de tributos atuais sobre consumo como ICMS, ISS, PIS e Cofins.Na pr\u00e1tica, isso significa\u2026","rel":"","context":"Em &quot;Geral&quot;","block_context":{"text":"Geral","link":"https:\/\/cfcontabil.com\/cf\/category\/geral\/"},"img":{"alt_text":"","src":"https:\/\/i0.wp.com\/cfcontabil.com\/cf\/wp-content\/uploads\/2026\/03\/reformatrabalhistacapa-scaled.jpg?fit=1200%2C674&ssl=1&resize=350%2C200","width":350,"height":200,"srcset":"https:\/\/i0.wp.com\/cfcontabil.com\/cf\/wp-content\/uploads\/2026\/03\/reformatrabalhistacapa-scaled.jpg?fit=1200%2C674&ssl=1&resize=350%2C200 1x, https:\/\/i0.wp.com\/cfcontabil.com\/cf\/wp-content\/uploads\/2026\/03\/reformatrabalhistacapa-scaled.jpg?fit=1200%2C674&ssl=1&resize=525%2C300 1.5x, https:\/\/i0.wp.com\/cfcontabil.com\/cf\/wp-content\/uploads\/2026\/03\/reformatrabalhistacapa-scaled.jpg?fit=1200%2C674&ssl=1&resize=700%2C400 2x, https:\/\/i0.wp.com\/cfcontabil.com\/cf\/wp-content\/uploads\/2026\/03\/reformatrabalhistacapa-scaled.jpg?fit=1200%2C674&ssl=1&resize=1050%2C600 3x"},"classes":[]},{"id":250,"url":"https:\/\/cfcontabil.com\/cf\/substituicao-tributaria-como-afeta-sua-empresa\/","url_meta":{"origin":1239,"position":5},"title":"Substitui\u00e7\u00e3o tribut\u00e1ria: como afeta sua empresa?","author":"Vin\u00edcius Moizinho","date":"6 de dezembro de 2012","format":false,"excerpt":"O Brasil \u00e9 um dos pa\u00edses com maior carga tribut\u00e1ria do mundo - e tamb\u00e9m com uma das mais complexas estruturas de arrecada\u00e7\u00e3o de impostos, tanto federais, quanto estaduais e municipais. Ao abrir novos neg\u00f3cios ou diversificar os j\u00e1 existentes, os empreendedores devem ficar atentos ao Imposto sobre Circula\u00e7\u00e3o de\u2026","rel":"","context":"Em &quot;Geral&quot;","block_context":{"text":"Geral","link":"https:\/\/cfcontabil.com\/cf\/category\/geral\/"},"img":{"alt_text":"","src":"https:\/\/i0.wp.com\/www.ajegoias.com.br\/wp-content\/uploads\/2012\/03\/imposto-581x326.jpg?resize=350%2C200","width":350,"height":200,"srcset":"https:\/\/i0.wp.com\/www.ajegoias.com.br\/wp-content\/uploads\/2012\/03\/imposto-581x326.jpg?resize=350%2C200 1x, https:\/\/i0.wp.com\/www.ajegoias.com.br\/wp-content\/uploads\/2012\/03\/imposto-581x326.jpg?resize=525%2C300 1.5x"},"classes":[]}],"jetpack_likes_enabled":true,"_links":{"self":[{"href":"https:\/\/cfcontabil.com\/cf\/wp-json\/wp\/v2\/posts\/1239","targetHints":{"allow":["GET"]}}],"collection":[{"href":"https:\/\/cfcontabil.com\/cf\/wp-json\/wp\/v2\/posts"}],"about":[{"href":"https:\/\/cfcontabil.com\/cf\/wp-json\/wp\/v2\/types\/post"}],"author":[{"embeddable":true,"href":"https:\/\/cfcontabil.com\/cf\/wp-json\/wp\/v2\/users\/3"}],"replies":[{"embeddable":true,"href":"https:\/\/cfcontabil.com\/cf\/wp-json\/wp\/v2\/comments?post=1239"}],"version-history":[{"count":0,"href":"https:\/\/cfcontabil.com\/cf\/wp-json\/wp\/v2\/posts\/1239\/revisions"}],"wp:featuredmedia":[{"embeddable":true,"href":"https:\/\/cfcontabil.com\/cf\/wp-json\/wp\/v2\/media\/850"}],"wp:attachment":[{"href":"https:\/\/cfcontabil.com\/cf\/wp-json\/wp\/v2\/media?parent=1239"}],"wp:term":[{"taxonomy":"category","embeddable":true,"href":"https:\/\/cfcontabil.com\/cf\/wp-json\/wp\/v2\/categories?post=1239"},{"taxonomy":"post_tag","embeddable":true,"href":"https:\/\/cfcontabil.com\/cf\/wp-json\/wp\/v2\/tags?post=1239"}],"curies":[{"name":"wp","href":"https:\/\/api.w.org\/{rel}","templated":true}]}}