{"id":1240,"date":"2017-06-28T16:00:32","date_gmt":"2017-06-28T19:00:32","guid":{"rendered":"http:\/\/cfcontabil.com\/cf\/?p=1206"},"modified":"2017-06-28T16:00:32","modified_gmt":"2017-06-28T19:00:32","slug":"novas-regras-para-aderir-ao-pert","status":"publish","type":"post","link":"https:\/\/cfcontabil.com\/cf\/novas-regras-para-aderir-ao-pert\/","title":{"rendered":"Novas regras para aderir ao PERT"},"content":{"rendered":"<p>A\u00a0<strong>Receita Federal do Brasil e a Procuradoria Geral da Fazenda Nacional<\/strong>\u00a0publicaram na \u00faltima semana as regras para ades\u00e3o ao seu\u00a0<strong>Programa de Parcelamento de D\u00edvidas Tribut\u00e1rias<\/strong>, conhecido como\u00a0<strong>PERT<\/strong>. O intuito destes \u00f3rg\u00e3os \u00e9\u00a0<strong>aumentar a arrecada\u00e7\u00e3o<\/strong>\u00a0ao\u00a0<strong>facilitar o pagamento<\/strong>\u00a0de d\u00e9bitos dos contribuintes. Sendo assim, o papel do Contador nesta hist\u00f3ria \u00e9 ajudar o seu cliente a decidir se vale a pena ou n\u00e3o aderir aos programas.<\/p>\n<p>Antes de tudo \u00e9 necess\u00e1rio ressaltar um fato:\u00a0<strong>d\u00edvida parcelada n\u00e3o \u00e9 d\u00edvida paga<\/strong>. Isso quer dizer que \u00e9 preciso conscientizar o seu cliente que, ap\u00f3s parcelar as suas d\u00edvidas com a RFB, as parcelas chegar\u00e3o todos os meses e, junto com elas, os impostos atuais. E \u2013 por mais que diversas empresas tenham feito isso nos \u00faltimos anos \u2013 n\u00e3o \u00e9 uma boa ideia deixar de pagar os tributos atuais para quitar os j\u00e1 negociados:\u00a0<strong>\u00e9 preciso arcar com os dois gastos<\/strong>.<\/p>\n<h2>Veja as Condi\u00e7\u00f5es do REFIS:<\/h2>\n<p><!--more--><\/p>\n<h3>Prazo para ades\u00e3o ao Parcelamento de D\u00edvidas Tribut\u00e1rias<\/h3>\n<p>A Receita Federal explica que a ades\u00e3o ao Pert poder\u00e1 ser efetuada do\u00a0<strong>dia 3 de julho ao dia 31 de agosto<\/strong>. Isso para as d\u00edvidas com o \u00f3rg\u00e3o. Os d\u00e9bitos com a\u00a0<strong>PGFN<\/strong>, no entanto, ter\u00e3o um prazo mais apertado,\u00a0<strong>indo de 3 a 31 de julho<\/strong>. De acordo com a Receita Federal, o contribuinte que j\u00e1 estiver em outros programas de refinanciamento, poder\u00e1, \u00e0 sua op\u00e7\u00e3o, continuar naqueles programas e aderir ao programa, ou ainda migrar os d\u00e9bitos dos outros programas para o Refis atual.<\/p>\n<h3>Para a negocia\u00e7\u00e3o com a Refeita Federal, poder\u00e3o participar do programa os seguintes d\u00e9bitos:<\/h3>\n<ul>\n<li>Vencidos at\u00e9 30 de abril de 2017, constitu\u00eddos ou n\u00e3o, provenientes de parcelamentos anteriores rescindidos ou ativos ou em discuss\u00e3o administrativa ou judicial, devidos por pessoa f\u00edsica ou pessoa jur\u00eddica de direito p\u00fablico ou privado, inclusive a que se encontrar em recupera\u00e7\u00e3o judicial;<\/li>\n<li>Provenientes de lan\u00e7amentos de of\u00edcio efetuados ap\u00f3s 31 de maio de 2017, desde que o requerimento de ades\u00e3o se d\u00ea no prazo de que trata o art. 4\u00ba e o tributo lan\u00e7ado tenha vencimento legal at\u00e9 30 de abril de 2017; e<\/li>\n<li>Relativos \u00e0 Contribui\u00e7\u00e3o Provis\u00f3ria sobre Movimenta\u00e7\u00e3o ou Transmiss\u00e3o de Valores e de Cr\u00e9ditos e Direitos de Natureza Financeira (CPMF), aos quais n\u00e3o se aplica a veda\u00e7\u00e3o contida no art. 15 da Lei n\u00ba 9.311, de 24 de outubro de 1996.<\/li>\n<\/ul>\n<h3>Por sua vez, ficam fora do programa as d\u00edvidas:<\/h3>\n<ul>\n<li>Apuradas na forma do Regime Especial Unificado de Arrecada\u00e7\u00e3o de Tributos e Contribui\u00e7\u00f5es devidos pelas Microempresas e Empresas de Pequeno Porte \u2013 Simples Nacional;<\/li>\n<li>Apurados na forma do regime unificado de pagamento de tributos, de contribui\u00e7\u00f5es e dos demais encargos do empregador dom\u00e9stico \u2013 Simples Dom\u00e9stico;<\/li>\n<li>Provenientes de tributos pass\u00edveis de reten\u00e7\u00e3o na fonte, de desconto de terceiros ou de sub-roga\u00e7\u00e3o;<\/li>\n<li>Devidas por pessoa jur\u00eddica com fal\u00eancia decretada ou por pessoa f\u00edsica com insolv\u00eancia civil decretada;<br \/>\nDevidas pela incorporadora optante do Regime Especial Tribut\u00e1rio do Patrim\u00f4nio de Afeta\u00e7\u00e3o; e<\/li>\n<li>Constitu\u00eddas mediante lan\u00e7amento de of\u00edcio efetuado em decorr\u00eancia da constata\u00e7\u00e3o da pr\u00e1tica de crime de sonega\u00e7\u00e3o, fraude ou conluio.<\/li>\n<\/ul>\n<p>J\u00e1 para quitar as contas com a Procuradoria Geral da Fazenda Nacional, o \u00f3rg\u00e3o estabeleceu que o pedido de parcelamento de d\u00e9bitos das autarquias e das funda\u00e7\u00f5es p\u00fablicas ser\u00e1 efetuado em nome do ente federativo a que estiverem vinculadas. O pedido de parcelamento dever\u00e1 ser formalizado em\u00a0<strong>modelo pr\u00f3prio<\/strong>\u00a0e\u00a0<strong>assinado pelo representante legal<\/strong>\u00a0com poderes para a pr\u00e1tica do ato.<\/p>\n<h3>Documentos necess\u00e1rios<\/h3>\n<ul>\n<li>Documento de identifica\u00e7\u00e3o e demonstra\u00e7\u00e3o de compet\u00eancia do representante legal do ente federativo para firmar o parcelamento, nos termos da legisla\u00e7\u00e3o correlata;<\/li>\n<li>Formul\u00e1rio de Discrimina\u00e7\u00e3o de D\u00e9bitos a Parcelar;<\/li>\n<li>Quando se tratar de d\u00e9bitos objeto de discuss\u00e3o judicial, segunda via da peti\u00e7\u00e3o de ren\u00fancia ao direito sobre o qual se funda a a\u00e7\u00e3o, protocolada no respectivo Cart\u00f3rio Judicial, ou c\u00f3pia da certid\u00e3o do Cart\u00f3rio que ateste o estado do processo;<\/li>\n<li>Demonstrativo de apura\u00e7\u00e3o da receita corrente l\u00edquida (RCL) do ente federativo, na forma do inciso I do caput do art. 53 da Lei Complementar n\u00ba 101, de 4 de maio de 2000 \u2013 Lei de Responsabilidade Fiscal (LRF), referente ao ano-calend\u00e1rio anterior ao da publica\u00e7\u00e3o desta Portaria;<\/li>\n<li>Termo de desist\u00eancia de parcelamentos anteriores, na forma do Anexo III, quando cab\u00edvel; e<\/li>\n<li>Declara\u00e7\u00e3o, assinada pelo representante legal da autarquia ou funda\u00e7\u00e3o p\u00fablica, autorizando que o ente federativo a que se vincula inclua seus d\u00e9bitos no parcelamento de que trata o art. 1o, na forma do Anexo IV, quando cab\u00edvel.<\/li>\n<\/ul>\n<p>A portaria tamb\u00e9m institui que o deferimento do pedido de ades\u00e3o\u00a0<strong>suspende a exigibilidade dos d\u00e9bitos<\/strong>inclu\u00eddos no parcelamento.<\/p>\n<p>Por isso, analisar bem o caso da empresa e ver se \u00e9 vantajoso ou n\u00e3o para aderir ao programa. Se participar do PERT for uma boa op\u00e7\u00e3o, comece a preparar a documenta\u00e7\u00e3o e fazer os c\u00e1lculos de quanto de imposto \u2013 totalizando o parcelado e o atual \u2013 a empresa ter\u00e1 de pagar por m\u00eas e se tem como arcar com essa despesa dobrada.<\/p>\n","protected":false},"excerpt":{"rendered":"<p>A\u00a0Receita Federal do Brasil e a Procuradoria Geral da Fazenda Nacional\u00a0publicaram na \u00faltima semana as regras para ades\u00e3o ao seu\u00a0Programa de Parcelamento de D\u00edvidas Tribut\u00e1rias, conhecido como\u00a0PERT. O intuito destes \u00f3rg\u00e3os \u00e9\u00a0aumentar a arrecada\u00e7\u00e3o\u00a0ao\u00a0facilitar o pagamento\u00a0de d\u00e9bitos dos contribuintes. Sendo assim, o papel do Contador nesta hist\u00f3ria \u00e9 ajudar o seu cliente a decidir se [&hellip;]<\/p>\n","protected":false},"author":3,"featured_media":1505,"comment_status":"open","ping_status":"open","sticky":false,"template":"","format":"standard","meta":{"jetpack_post_was_ever_published":false,"_jetpack_newsletter_access":"","_jetpack_dont_email_post_to_subs":false,"_jetpack_newsletter_tier_id":0,"_jetpack_memberships_contains_paywalled_content":false,"_jetpack_memberships_contains_paid_content":false,"footnotes":"","jetpack_publicize_message":"","jetpack_publicize_feature_enabled":true,"jetpack_social_post_already_shared":true,"jetpack_social_options":{"image_generator_settings":{"template":"highway","default_image_id":0,"font":"","enabled":false},"version":2}},"categories":[46],"tags":[530,373,374,71,211,113,520,116,531,188,74,532],"class_list":["post-1240","post","type-post","status-publish","format-standard","has-post-thumbnail","hentry","category-df","tag-condicoes","tag-dividas","tag-fazenda","tag-federal","tag-nacional","tag-parcelamento","tag-pert","tag-prazo","tag-procuradoria","tag-programa","tag-receita","tag-tributarias"],"jetpack_publicize_connections":[],"jetpack_featured_media_url":"https:\/\/i0.wp.com\/cfcontabil.com\/cf\/wp-content\/uploads\/2017\/06\/parcelamento-1.png?fit=%2C&ssl=1","jetpack_sharing_enabled":true,"jetpack_shortlink":"https:\/\/wp.me\/p2wklX-k0","jetpack-related-posts":[{"id":1195,"url":"https:\/\/cfcontabil.com\/cf\/receita-federal-regulamenta-o-programa-especial-de-regularizacao-tributaria-pert\/","url_meta":{"origin":1240,"position":0},"title":"Receita Federal regulamenta o Programa Especial de Regulariza\u00e7\u00e3o Tribut\u00e1ria (PERT)","author":"Ab\u00edlio Gon\u00e7alves","date":"22 de junho de 2017","format":false,"excerpt":"O PERT permite que quaisquer d\u00edvidas para com a Fazenda Nacional, vencidas at\u00e9 30 de abril de 2017, de pessoas f\u00edsicas ou jur\u00eddicas, sejam negociadas em condi\u00e7\u00f5es especiais Foi publicada hoje no Di\u00e1rio Oficial da Uni\u00e3o a Instru\u00e7\u00e3o Normativa RFB n\u00b0 1711\/2017 que trata da renegocia\u00e7\u00e3o de d\u00edvidas lan\u00e7ada pela\u2026","rel":"","context":"Em &quot;Departamento Fiscal&quot;","block_context":{"text":"Departamento Fiscal","link":"https:\/\/cfcontabil.com\/cf\/category\/df\/"},"img":{"alt_text":"","src":"https:\/\/i0.wp.com\/cfcontabil.com\/cf\/wp-content\/uploads\/2016\/03\/dinheiro-1.jpg?fit=661%2C351&ssl=1&resize=350%2C200","width":350,"height":200,"srcset":"https:\/\/i0.wp.com\/cfcontabil.com\/cf\/wp-content\/uploads\/2016\/03\/dinheiro-1.jpg?fit=661%2C351&ssl=1&resize=350%2C200 1x, https:\/\/i0.wp.com\/cfcontabil.com\/cf\/wp-content\/uploads\/2016\/03\/dinheiro-1.jpg?fit=661%2C351&ssl=1&resize=525%2C300 1.5x"},"classes":[]},{"id":1230,"url":"https:\/\/cfcontabil.com\/cf\/programa-de-regularizacao-tributaria-prt-e-oportunidade-para-retomada-de-negocios\/","url_meta":{"origin":1240,"position":1},"title":"Programa de Regulariza\u00e7\u00e3o Tribut\u00e1ria (PRT) \u00e9 oportunidade para retomada de neg\u00f3cios","author":"Ab\u00edlio Gon\u00e7alves","date":"6 de mar\u00e7o de 2017","format":false,"excerpt":"O PRT estabeleceu condi\u00e7\u00f5es especiais para pagamento de d\u00edvidas de empresas e pessoas f\u00edsicas Com os objetivos de reduzir lit\u00edgios tribut\u00e1rios e promover a regulariza\u00e7\u00e3o fiscal, o Governo Federal lan\u00e7ou, por meio da Medida Provis\u00f3ria 766, de 2017, o Programa de Regulariza\u00e7\u00e3o Tribut\u00e1ria (PRT), por meio do qual poder\u00e3o ser\u2026","rel":"","context":"Em &quot;Departamento Fiscal&quot;","block_context":{"text":"Departamento Fiscal","link":"https:\/\/cfcontabil.com\/cf\/category\/df\/"},"img":{"alt_text":"","src":"https:\/\/i0.wp.com\/cfcontabil.com\/cf\/wp-content\/uploads\/2017\/02\/receita-federal-1-1.png?fit=702%2C325&ssl=1&resize=350%2C200","width":350,"height":200,"srcset":"https:\/\/i0.wp.com\/cfcontabil.com\/cf\/wp-content\/uploads\/2017\/02\/receita-federal-1-1.png?fit=702%2C325&ssl=1&resize=350%2C200 1x, https:\/\/i0.wp.com\/cfcontabil.com\/cf\/wp-content\/uploads\/2017\/02\/receita-federal-1-1.png?fit=702%2C325&ssl=1&resize=525%2C300 1.5x, https:\/\/i0.wp.com\/cfcontabil.com\/cf\/wp-content\/uploads\/2017\/02\/receita-federal-1-1.png?fit=702%2C325&ssl=1&resize=700%2C400 2x"},"classes":[]},{"id":1282,"url":"https:\/\/cfcontabil.com\/cf\/receita-federal-encaminhara-debitos-para-inscricao-em-divida-ativa-da-uniao-em-setembro\/","url_meta":{"origin":1240,"position":2},"title":"Receita Federal encaminhar\u00e1 d\u00e9bitos para inscri\u00e7\u00e3o em D\u00edvida Ativa da Uni\u00e3o em setembro","author":"Ab\u00edlio Gon\u00e7alves","date":"29 de agosto de 2017","format":false,"excerpt":"A inscri\u00e7\u00e3o em d\u00edvida ativa implica a incid\u00eancias de encargos legais no \u00e2mbito da execu\u00e7\u00e3o fiscal A Receita Federal informa que no in\u00edcio de setembro de 2017 encaminhar\u00e1 para inscri\u00e7\u00e3o em D\u00edvida Ativa da Uni\u00e3o os d\u00e9bitos para os quais j\u00e1 se encerraram as a\u00e7\u00f5es administrativas de cobran\u00e7a e que\u2026","rel":"","context":"Em &quot;Departamento Fiscal&quot;","block_context":{"text":"Departamento Fiscal","link":"https:\/\/cfcontabil.com\/cf\/category\/df\/"},"img":{"alt_text":"","src":"https:\/\/i0.wp.com\/cfcontabil.com\/cf\/wp-content\/uploads\/2017\/02\/receita-federal-1-1.png?fit=702%2C325&ssl=1&resize=350%2C200","width":350,"height":200,"srcset":"https:\/\/i0.wp.com\/cfcontabil.com\/cf\/wp-content\/uploads\/2017\/02\/receita-federal-1-1.png?fit=702%2C325&ssl=1&resize=350%2C200 1x, https:\/\/i0.wp.com\/cfcontabil.com\/cf\/wp-content\/uploads\/2017\/02\/receita-federal-1-1.png?fit=702%2C325&ssl=1&resize=525%2C300 1.5x, https:\/\/i0.wp.com\/cfcontabil.com\/cf\/wp-content\/uploads\/2017\/02\/receita-federal-1-1.png?fit=702%2C325&ssl=1&resize=700%2C400 2x"},"classes":[]},{"id":925,"url":"https:\/\/cfcontabil.com\/cf\/empresas-pessoas-fisicas-e-orgaos-publicos-poderao-pagar-dividas-vencidas-ate-30-11-2016-usando-creditos-de-prejuizo-fiscal-inclusive-com-a-previdencia\/","url_meta":{"origin":1240,"position":3},"title":"Empresas, pessoas f\u00edsicas e \u00f3rg\u00e3os p\u00fablicos poder\u00e3o pagar d\u00edvidas vencidas at\u00e9 30.11.2016 usando cr\u00e9ditos de preju\u00edzo fiscal, inclusive com a Previd\u00eancia","author":"Ab\u00edlio Gon\u00e7alves","date":"9 de fevereiro de 2017","format":false,"excerpt":"A partir de quarta (01\/02) os contribuintes - tanto pessoas f\u00edsicas quanto jur\u00eddicas e \u00f3rg\u00e3os do poder p\u00fablico - poder\u00e3o regularizar sua situa\u00e7\u00e3o tribut\u00e1ria perante a Receita Federal do Brasil, seguindo as condi\u00e7\u00f5es especiais determinadas pelo Programa de Regulariza\u00e7\u00e3o Tribut\u00e1ria(PRT). A ades\u00e3o poder\u00e1 ser feita por um prazo de 120\u2026","rel":"","context":"Em &quot;Geral&quot;","block_context":{"text":"Geral","link":"https:\/\/cfcontabil.com\/cf\/category\/geral\/"},"img":{"alt_text":"","src":"https:\/\/i0.wp.com\/cfcontabil.com\/cf\/wp-content\/uploads\/2016\/03\/dinheiro-1.jpg?fit=661%2C351&ssl=1&resize=350%2C200","width":350,"height":200,"srcset":"https:\/\/i0.wp.com\/cfcontabil.com\/cf\/wp-content\/uploads\/2016\/03\/dinheiro-1.jpg?fit=661%2C351&ssl=1&resize=350%2C200 1x, https:\/\/i0.wp.com\/cfcontabil.com\/cf\/wp-content\/uploads\/2016\/03\/dinheiro-1.jpg?fit=661%2C351&ssl=1&resize=525%2C300 1.5x"},"classes":[]},{"id":1950,"url":"https:\/\/cfcontabil.com\/cf\/pequenos-devem-regularizar-debitos-com-a-receita\/","url_meta":{"origin":1240,"position":4},"title":"Pequenos devem regularizar d\u00e9bitos com a Receita","author":"Ab\u00edlio Gon\u00e7alves","date":"27 de novembro de 2019","format":false,"excerpt":"Empresas optantes pelo Simples Nacional com irregularidades t\u00eam at\u00e9 30 dias para quitar d\u00edvidas. Exclus\u00e3o ter\u00e1 efeitos a partir de 2020 A Receita Federal notifica micro e pequenas empresas optantes pelo Simples Nacional com d\u00e9bitos junto \u00e0 Secretaria Especial da Receita Federal ou \u00e0 Procuradoria-Geral da Fazenda Nacional. Ap\u00f3s conhecimento\u2026","rel":"","context":"Em &quot;Departamento Fiscal&quot;","block_context":{"text":"Departamento Fiscal","link":"https:\/\/cfcontabil.com\/cf\/category\/df\/"},"img":{"alt_text":"","src":"https:\/\/i0.wp.com\/cfcontabil.com\/cf\/wp-content\/uploads\/2019\/11\/simples-nacional-empresa.jpg?fit=660%2C350&ssl=1&resize=350%2C200","width":350,"height":200,"srcset":"https:\/\/i0.wp.com\/cfcontabil.com\/cf\/wp-content\/uploads\/2019\/11\/simples-nacional-empresa.jpg?fit=660%2C350&ssl=1&resize=350%2C200 1x, https:\/\/i0.wp.com\/cfcontabil.com\/cf\/wp-content\/uploads\/2019\/11\/simples-nacional-empresa.jpg?fit=660%2C350&ssl=1&resize=525%2C300 1.5x"},"classes":[]},{"id":2653,"url":"https:\/\/cfcontabil.com\/cf\/mei-precisa-pagar-suas-dividas-ate-o-final-de-agosto\/","url_meta":{"origin":1240,"position":5},"title":"MEI precisa pagar suas d\u00edvidas at\u00e9 o final de agosto","author":"Ab\u00edlio Gon\u00e7alves","date":"23 de agosto de 2021","format":false,"excerpt":"A partir de setembro, a Receita Federal encaminhar\u00e1 os d\u00e9bitos n\u00e3o regularizados para a D\u00edvida Ativa, e elas ser\u00e3o cobradas com juros. Os microempreendedores individuais (MEI) que est\u00e3o devendo impostos poder\u00e3o regularizar suas d\u00edvidas at\u00e9 o final deste m\u00eas. A situa\u00e7\u00e3o pode ser resolvida pelo pagamento dos d\u00e9bitos, utilizando o\u2026","rel":"","context":"Em &quot;Departamento Fiscal&quot;","block_context":{"text":"Departamento Fiscal","link":"https:\/\/cfcontabil.com\/cf\/category\/df\/"},"img":{"alt_text":"","src":"https:\/\/i0.wp.com\/cfcontabil.com\/cf\/wp-content\/uploads\/2020\/04\/MEI-1200x675-1.png?fit=1200%2C675&ssl=1&resize=350%2C200","width":350,"height":200,"srcset":"https:\/\/i0.wp.com\/cfcontabil.com\/cf\/wp-content\/uploads\/2020\/04\/MEI-1200x675-1.png?fit=1200%2C675&ssl=1&resize=350%2C200 1x, https:\/\/i0.wp.com\/cfcontabil.com\/cf\/wp-content\/uploads\/2020\/04\/MEI-1200x675-1.png?fit=1200%2C675&ssl=1&resize=525%2C300 1.5x, https:\/\/i0.wp.com\/cfcontabil.com\/cf\/wp-content\/uploads\/2020\/04\/MEI-1200x675-1.png?fit=1200%2C675&ssl=1&resize=700%2C400 2x, https:\/\/i0.wp.com\/cfcontabil.com\/cf\/wp-content\/uploads\/2020\/04\/MEI-1200x675-1.png?fit=1200%2C675&ssl=1&resize=1050%2C600 3x"},"classes":[]}],"jetpack_likes_enabled":true,"_links":{"self":[{"href":"https:\/\/cfcontabil.com\/cf\/wp-json\/wp\/v2\/posts\/1240","targetHints":{"allow":["GET"]}}],"collection":[{"href":"https:\/\/cfcontabil.com\/cf\/wp-json\/wp\/v2\/posts"}],"about":[{"href":"https:\/\/cfcontabil.com\/cf\/wp-json\/wp\/v2\/types\/post"}],"author":[{"embeddable":true,"href":"https:\/\/cfcontabil.com\/cf\/wp-json\/wp\/v2\/users\/3"}],"replies":[{"embeddable":true,"href":"https:\/\/cfcontabil.com\/cf\/wp-json\/wp\/v2\/comments?post=1240"}],"version-history":[{"count":0,"href":"https:\/\/cfcontabil.com\/cf\/wp-json\/wp\/v2\/posts\/1240\/revisions"}],"wp:featuredmedia":[{"embeddable":true,"href":"https:\/\/cfcontabil.com\/cf\/wp-json\/wp\/v2\/media\/1505"}],"wp:attachment":[{"href":"https:\/\/cfcontabil.com\/cf\/wp-json\/wp\/v2\/media?parent=1240"}],"wp:term":[{"taxonomy":"category","embeddable":true,"href":"https:\/\/cfcontabil.com\/cf\/wp-json\/wp\/v2\/categories?post=1240"},{"taxonomy":"post_tag","embeddable":true,"href":"https:\/\/cfcontabil.com\/cf\/wp-json\/wp\/v2\/tags?post=1240"}],"curies":[{"name":"wp","href":"https:\/\/api.w.org\/{rel}","templated":true}]}}